{"id":65074,"date":"2021-11-18T13:01:35","date_gmt":"2021-11-18T13:01:35","guid":{"rendered":"http:\/\/www.noticiasradioreflejos.com.ar\/2021\/?p=65074"},"modified":"2021-11-18T13:01:35","modified_gmt":"2021-11-18T13:01:35","slug":"informe-sesion-ordinaria-del-16-11-21-en-el-concejo-deliberante","status":"publish","type":"post","link":"https:\/\/www.noticiasradioreflejos.com.ar\/2021\/informe-sesion-ordinaria-del-16-11-21-en-el-concejo-deliberante\/","title":{"rendered":"Informe sesi\u00f3n ordinaria del 16-11-21  en el Concejo Deliberante."},"content":{"rendered":"<p><u>Comunicaciones Oficiales y Dict\u00e1menes de las Comisiones<\/u><!--more--><\/p>\n<p><strong><u>Expte. <\/u><\/strong><strong><u>N\u00ba 052\/21:<\/u><\/strong> \u201c- D.E. &#8211; Incremento Salarial Ejercicio 2021\u201d.<\/p>\n<p>Se solicita tratamiento sobre Tablas.<\/p>\n<p>Se aprueba por unanimidad la Ordenanza N\u00ba 3407\/21 por la que se otorga \u00a0un incremento salarial del 5% (cinco por ciento) a partir del 1 de Noviembre de 2021, para todas las categor\u00edas de los sueldos del personal municipal.-<\/p>\n<p>Se otorga una BONIFICACI\u00d3N ESPECIAL de car\u00e1cter remunerativa de $5.000 (pesos cinco mil), por el mes de Noviembre de 2021. La misma alcanza a todo el personal municipal, excepto Concejales, Secretario del Honorable Concejo Deliberante y Personal Superior.-<\/p>\n<p>&nbsp;<\/p>\n<p><strong><u>Expte. <\/u><\/strong><strong><u>N\u00ba 266\/21:<\/u><\/strong> \u201c- N.P. \u2013 Comisi\u00f3n Directiva de la Asociaci\u00f3n de Bomberos Voluntarios de Sierra de la Ventana a los fines de solicitar se otorgue la concesi\u00f3n del predio de \u201cPiletas Municipales\u201d de la localidad de Sierra de la Ventana.\u201d<\/p>\n<p>Se solicita tratamiento sobre Tablas.<\/p>\n<p>Se aprueba por unanimidad la Ordenanza N\u00ba 3408\/21 por la que se autoriza \u00a0la firma del Contrato de Permiso de Uso entre el Sr. Intendente Municipal Sergio Fabi\u00e1n BORDONI en representaci\u00f3n de la Municipalidad de Tornquist y la Asociaci\u00f3n del Cuerpo de Bomberos Voluntarios de Sierra de la Ventana representada por el Sr. Juan Manuel GONZALEZ SAENZ, Horacio An\u00edbal GRANCI y la Sra. Sara Ester BATELLI. \u201cUnidad Fiscal Piletas Municipales de la localidad de Sierra de la Ventana. Autoriza tambi\u00e9n a la Asociaci\u00f3n del Cuerpo de Bomberos Voluntarios de Sierra de la Ventana a cobrar las tarifas temporada 2021-2022 de acuerdo a la cl\u00e1usula Tercera del Contrato, que dice:<\/p>\n<ul>\n<li>Menores de 3 a\u00f1os: gratis.-<\/li>\n<li>De 3 a 12 a\u00f1os: residentes $150, no residentes $200.<\/li>\n<li>Mayores de 12 a\u00f1os residentes $250, no residentes $300.<\/li>\n<li>Bomberos de Sierra de la Ventana $150, Bomberos no residentes $200.<\/li>\n<li>Municipales Sierra de la Ventana $200<\/li>\n<li>Jubilados $150.<\/li>\n<li>Personas con discapacidad gratis<\/li>\n<\/ul>\n<p>&nbsp;<\/p>\n<p><strong><u>Expte. <\/u><\/strong><strong><u>N\u00ba 283\/21:<\/u><\/strong> \u201c- D.E. \u2013 Designa sede donde funciona la Escuela Folkl\u00f3rica Municipal\u201d.<\/p>\n<p>Se solicita tratamiento sobre Tablas.<\/p>\n<p>Se aprueba por unanimidad la Ordenanza N\u00ba 3409\/21 por la que se designa la planta alta del edificio ubicado en la calle Gral. Paz N\u00ba 61 de la localidad de Tornquist, perteneciente a la Municipalidad de Tornquist, cuya Nomenclatura Catastral es: Circ. I \u2013 Secc. B \u2013 Mz.: 149 \u2013 Pla. 4 &#8211; Pda. 1056, como sede permanente de la Escuela Folkl\u00f3rica Municipal perteneciente a la Direcci\u00f3n de Cultura de la Municipalidad de Tornquist.<\/p>\n<p>&nbsp;<\/p>\n<p><strong><u>Expte. <\/u><\/strong><strong><u>N\u00ba 293\/21:<\/u><\/strong> \u201c- N.P. \u2013 Bruno Zacconi: Ref. donaci\u00f3n bienes muebles al Municipio\u201d.<\/p>\n<p>Se solicita tratamiento sobre Tablas.<\/p>\n<p>Se aprueba por unanimidad la Ordenanza N\u00ba 3410\/21 por la que se acepta la donaci\u00f3n de una Cajonera TEMPO de cuatro cajones, un Fichero de oficina PIRO 943 Classic, un Horno Microondas ATMA MR172ON y una Cafetera el\u00e9ctrica RANSER CARA23DA, realizada por el Sr. Bruno Zacconi, con destino a la Subsecretaria de Juventudes, Pol\u00edticas de Genero y Diversidades.- Estos bienes se\u00a0 incorporan \u00a0al Patrimonio Municipal.-<\/p>\n<p>&nbsp;<\/p>\n<p><strong><u>Expte. <\/u><\/strong><strong><u>N\u00ba 7303\/21:<\/u><\/strong> \u201c- N.P. \u2013 Mariela Montero \u2013 Responsable de la Escuela Folkl\u00f3rica Municipal: Solicita Ordenanza que establezca de manera permanente el edificio donde funciona actualmente la Instituci\u00f3n\u201d.<\/p>\n<p>Expediente que pasa a las Comisiones de Asuntos Municipales, y Cultura, Educaci\u00f3n, Ciencia y Tecnolog\u00eda.-<\/p>\n<p>&nbsp;<\/p>\n<p><strong><u>Expte. <\/u><\/strong><strong><u>N\u00ba 7347\/21:<\/u><\/strong> \u201c- N.P. \u2013 Hugo A Rodr\u00edguez: Solicita Aumento Cuadro Tarifario P\/Temporada 2021\/2022 Del Balneario \u201cParque Norte\u201d\u201d.<\/p>\n<p>Expediente que pasa a las Comisiones de Asuntos Municipales e Interpretaci\u00f3n y Reglamento.-<\/p>\n<p><strong><u>\u00a0<\/u><\/strong><\/p>\n<p><strong><u>Expte. <\/u><\/strong><strong><u>N\u00ba 7353\/21:<\/u><\/strong> \u201c- Bloques Frente de Todos y Frente Justicialista Cumplir \u2013 Proyecto de Resoluci\u00f3n: Instalaci\u00f3n de sem\u00e1foro o rotonda en intersecci\u00f3n Ruta Provincial N\u00ba 72 y Avda. Sarmiento en Sierra de la Ventana\u201d.<\/p>\n<p>De acuerdo al dictamen de las Comisiones de OBRAS P\u00daBLICAS y\u00a0 ASUNTOS MUNICIPALES<strong>, <\/strong>se aprueba por unanimidad la Resoluci\u00f3n N\u00ba 38\/21 por la que solicita al Departamento Ejecutivo que gestione ante la Direcci\u00f3n Provincial de Vialidad, el estudio correspondiente a fin de instalar un sem\u00e1foro o una rotonda, en la intersecci\u00f3n de la Ruta Provincial N\u00ba 72 y Avda. Sarmiento de la localidad de Sierra de la Ventana.-<\/p>\n<p>&nbsp;<\/p>\n<p>#<strong><u>Expte. <\/u><\/strong><strong><u>N\u00ba 7354\/21:<\/u><\/strong> \u201c- N.P. \u2013 Sociedad de Fomento y vecinos de San Andr\u00e9s de Las Sierras: Plantean diferentes problem\u00e1ticas referentes al barrio\u201d.<\/p>\n<p>Se aprueba por unanimidad el dictamen de las Comisiones de OBRAS P\u00daBLICAS y\u00a0 ASUNTOS MUNICIPALES<strong>, <\/strong>que aconseja coordinar una reuni\u00f3n con el Departamento Ejecutivo para dar respuesta a los vecinos de San Andr\u00e9s de las Sierras.-<\/p>\n<p><strong>\u00a0<\/strong><\/p>\n<p><strong><u>Proyectos Presentados<\/u><\/strong><\/p>\n<p><strong><u>\u00a0<\/u><\/strong><\/p>\n<p><strong><u>Bloques Cambiemos Bs. As. Y Juntos por el Cambio- Proyecto de Resoluci\u00f3n:<\/u><\/strong> Solicita a la C\u00e1mara de Diputados de la Provincia de Buenos Aires el tratamiento y aprobaci\u00f3n\u00a0\u00a0 Expediente N\u00ba E273\/2020-2021 ref. creaci\u00f3n\u00a0 Corredor Tur\u00edstico.-<\/p>\n<p>Se requiere formaci\u00f3n de Expediente y tratamiento sobre Tablas.<\/p>\n<p>Se forma el Expediente N\u00ba 7356\/21 y se aprueba por unanimidad la Resoluci\u00f3n N\u00ba 39\/21 por la que se solicita a la C\u00e1mara de Diputados de la Provincia de Buenos Aires el tratamiento y aprobaci\u00f3n del\u00a0 Expediente N\u00ba E273\/2020-2021 que tiene como objetivo \u201cCrear el Corredor Tur\u00edstico Termas, Sierras y Lagunas en el \u00e1mbito geogr\u00e1fico de los Partidos de Guamin\u00ed, Adolfo Alsina, Puan, Saavedra, Tornquist, Bah\u00eda Blanca y Villarino\u201d.-<\/p>\n<p><strong>\u00a0<\/strong><\/p>\n<p><strong><u>Bloques Cambiemos Bs. As. Y Juntos por el Cambio- Pedido de Informe:<\/u><\/strong> Solicita al Departamento Ejecutivo informe a trav\u00e9s del \u00e1rea que corresponda sobre lo sucedido en el Hospital menor Dr. Emilio Aldaya de Sierra de la Ventana.-<\/p>\n<p>Se pide formaci\u00f3n de Expediente y tratamiento sobre Tablas.<\/p>\n<p>Se forma el Expediente\u00a0 N\u00ba 7355\/21 y se aprueba por unanimidad enviar el mismo al Departamento Ejecutivo para que se d\u00e9 respuesta a lo solicitado.<\/p>\n<p>&nbsp;<\/p>\n<p><strong><u>Bloques Frente Justicialista Cumplir\u00a0 y Frente de Todos\u00a0 &#8211; Minuta de Comunicaci\u00f3n:<\/u><\/strong> En referencia a colocaci\u00f3n de carteler\u00eda\u00a0 en Villa Serrana La Gruta.<\/p>\n<p>Se solicita \u00a0formaci\u00f3n de Expediente y tratamiento sobre Tablas.<\/p>\n<p>Se forma el Expediente N\u00ba 7357\/21 y se aprueba por unanimidad la Minuta de Comunicaci\u00f3n por la cual se solicita al Departamento Ejecutivo colocaci\u00f3n de carteler\u00eda preventiva, que refuerce la delimitaci\u00f3n de la zona urbana y velocidades permitidas en Villa Serrana La Gruta.<\/p>\n<p><strong>\u00a0<\/strong><\/p>\n<p><strong><u>Bloques Frente Justicialista Cumplir y Frente de Todos &#8211; Proyecto de Resoluci\u00f3n:<\/u><\/strong> En referencia a gesti\u00f3n \u00a0ante la Direcci\u00f3n Provincial de Vialidad colocaci\u00f3n de carteler\u00eda en Villa Serrana La Gruta y San Andr\u00e9s de las Sierras.-<\/p>\n<p>Se solicita formaci\u00f3n de Expediente y tratamiento sobre Tablas.-<\/p>\n<p>Se forma el Expediente N\u00ba 7358\/21 y se aprueba por unanimidad la Resoluci\u00f3n N\u00ba 40\/21 por la que se solicita al Departamento Ejecutivo que gestione ante la Direcci\u00f3n Provincial de Vialidad, lo que a continuaci\u00f3n se detalla:<\/p>\n<ul>\n<li>Colocaci\u00f3n de carteler\u00eda que refuerce la delimitaci\u00f3n de la zona urbana en el tramo de la Ruta Provincial N\u00ba 76, frente a Villa Serrana La Gruta y San Andr\u00e9s de la Sierra.<\/li>\n<li>Se demarquen claramente\u00a0 los accesos, las velocidades permitidas, y se instalen\u00a0 cintas refractarias para los cruces entre ambos barrios.-<\/li>\n<\/ul>\n<p><strong>\u00a0<\/strong><\/p>\n<p><strong><u>Bloques Frente de Todos y Frente Justicialista Cumplir- Proyecto de Resoluci\u00f3n:<\/u><\/strong> En referencia a \u00a0\u00a0construcci\u00f3n de d\u00e1rsenas de giro en Sierra de la Ventana.-<\/p>\n<p>Se solicita \u00a0formaci\u00f3n de Expediente y tratamiento sobre Tablas.-<\/p>\n<p>Se forma el Expediente N\u00ba 7359\/21 y se aprueba por unanimidad la Resoluci\u00f3n N\u00ba 41\/21 por la que se solicita al Departamento Ejecutivo que gestione ante la Direcci\u00f3n Provincial de Vialidad, la construcci\u00f3n de d\u00e1rsenas de giro en los accesos a los Barrios: El Mirador\/San Bernardo y Valle Hermoso\/La Cumbre, sobre ambas m\u00e1rgenes de la Ruta Provincial\u00a0 N\u00ba 72, en la localidad de Sierra de la Ventana. Se solicita tambi\u00e9n al Departamento Ejecutivo que gestione ante la Direcci\u00f3n Provincial de Vialidad, la colocaci\u00f3n de carteler\u00eda y limitadores de velocidad en el acceso a Sierra de la Ventana por Ruta Provincial N\u00ba 72, tramo barrios Valle Hermoso\/La Cumbre\/El Mirador.-<\/p>\n<p><strong>\u00a0<\/strong><\/p>\n<p><strong><u>Asuntos Particulares <\/u><\/strong><\/p>\n<ol>\n<li><strong><u> P. N\u00ba 060\/21- Ignacio E. Bucchi- <\/u><\/strong>Plantea inquietud referida al pago de la patente de su camioneta recientemente adquirida, que por su antig\u00fcedad es municipalizada.-<\/li>\n<\/ol>\n<p>Se solicita formaci\u00f3n de Expediente y pase a Comisi\u00f3n.-<\/p>\n<p>&nbsp;<\/p>\n<p><strong><u>N.P. N\u00ba 062\/21- Grupo para Los Sin Voz- Ru\u00edz M. Florencia, N\u00fa\u00f1ez Natalia- <\/u><\/strong>Solicitan permiso para colocar carteler\u00eda en los espacios p\u00fablico del Distrito\u00a0 referente al cuidado y preservaci\u00f3n\u00a0 del espacio y las especies que habitan los espacios verdes.-<\/p>\n<p>El Presidente del H.C.D. expresa que se est\u00e1 \u00a0en conocimiento que distintas \u00e1reas del Ejecutivo cuentan con esta nota, las cuales son las responsables de dar respuesta a la misma.-<\/p>\n<p><strong>\u00a0<\/strong><\/p>\n<p>Alocuciones de los Concejales:<\/p>\n<p>&nbsp;<\/p>\n<p>Concejal Roc\u00edo V\u00e1zquez:<\/p>\n<p>\u201cBueno, en primera instancia quer\u00eda felicitar a los espacios que tenemos ac\u00e1, en el Distrito, a Juntos por el triunfo, y al vecinalismo porque tambi\u00e9n supo achicar diferencias. Tambi\u00e9n agradecer particularmente a los militantes que nos acompa\u00f1aron, a los j\u00f3venes de la J.P. que se pusieron la campa\u00f1a al hombro, y sinceramente creo que una vez finalizado este per\u00edodo de campa\u00f1a, todos debemos trabajar por cuidar y merecer la confianza de cada uno de los votantes que deposit\u00f3 en nosotros. Elijo e invito a todos a hacerlo desde la capacitaci\u00f3n diaria, desde el manejo responsable de la informaci\u00f3n, y desde el entender de cada uno. Primero, que somos funcionarios p\u00fablicos y que luego pertenecemos a un partido. Como funcionaria hoy voy a cumplir con lo prometido en la \u00faltima Sesi\u00f3n, donde me compromet\u00ed a traer informaci\u00f3n en relaci\u00f3n a la inversi\u00f3n que est\u00e1 haciendo la Provincia de Buenos Aires, traje parte, despu\u00e9s si alguien necesita m\u00e1s informaci\u00f3n se la puedo ir pasando. Desde la Provincia, con Provincia en Marcha, hay 41 obras en 32 municipios, con una inversi\u00f3n total de setecientos veinticinco millones, que en eso se incluye asfalto, cord\u00f3n cunetas entre otros. En el \u00e1rea de Salud, hay 125 obras entre la intervenci\u00f3n de\u00a0 Hospitales, guardias de Hospitales, y CAPS, 1500 camas, 1221 respiradores nuevos, 56 laboratorios, m\u00e1s de ochenta y seis millones en insumos para COVID, se incorporaron personal de salud m\u00e1s de ocho mil, 22 ambulancias entregadas en toda la Provincia de Buenos Aires. El programa de Preservaci\u00f3n del Trabajo, con una inversi\u00f3n de quinientos millones de pesos, Programa de Asistencia Financiera, tambi\u00e9n para aplacar un poco lo que fue la crisis del COVID. Cr\u00e9ditos para financiar el capital de trabajo, con un per\u00edodo de gracia de tres meses, ese fondo fue de cinco mil millones de pesos, y despu\u00e9s la gesti\u00f3n de Vialidad en la Provincia, que tiene previsto una inversi\u00f3n de treinta millones. El 17 de junio de este a\u00f1o se firmaron 17 contratos que van a beneficiar a las bonaerenses y los bonaerenses, y hay un plan estrat\u00e9gico de infraestructura, muy interesante desde el 2020 hasta el 2024, donde no solo prev\u00e9n toda la inversi\u00f3n en infraestructura, que sino tambi\u00e9n hay unos cuadros de comparaci\u00f3n, entre el a\u00f1o 2019 y el a\u00f1o 2020 donde se puede ver claramente, en muchos casos est\u00e1 duplicando la inversi\u00f3n en esos sectores, principalmente en la parte productiva, y la infraestructura que ayuda a esa parte productiva. Y por \u00faltimo, una vez m\u00e1s muchas gracias a todos los que nos acompa\u00f1aron en estas elecciones, que se desarrollaron en una forma muy pac\u00edfica y democr\u00e1tica, y por eso estamos sumamente agradecidos y felices de poder vivir en democracia. Nada m\u00e1s se\u00f1or Presidente.\u201d<\/p>\n<p>&nbsp;<\/p>\n<p>Mar\u00eda Rosa Romero:<\/p>\n<p>\u201cBueno, yo tambi\u00e9n me sumo a las palabras de agradecimiento de mi compa\u00f1era V\u00e1zquez, hacia todos los vecinos del Distrito, que el domingo se acercaron a cada uno de los establecimientos educativos para acompa\u00f1arnos con el voto, felicitar a las distintas fuerzas. Es cierto que se vivi\u00f3 una jornada de armon\u00eda, de alegr\u00eda en los colegios, entre todos los que asistieron, y me quiero referir a lo expresado por el se\u00f1or Intendente, que estaba muy molesto con los vecinos de Sierra de la Ventana, con nosotros, enojado porque no lo acompa\u00f1aron con el voto, no recibi\u00f3 el acompa\u00f1amiento que \u00e9l esperaba. Y en cierta forma como en un tono de altaner\u00eda expres\u00f3 que si llegaban obras las iba a tratar de llevar para otro lugar, dijo exactamente que \u201ccuando vengan obras habr\u00e1 que tratar de llevarlas a otro lugar\u201d, exactamente. NO creo que sea ese el camino, no creo que sea esa la forma, creo que tenemos que construir, y sumar. Entiendo que las obras y las mejoras que se realicen en cada distrito es lo que merece cada distrito por igual, no solo en las localidades que cree que los van a acompa\u00f1ar con el voto. Yo no me olvido que con el gobierno de Gustavo Trankels se\u00a0 realizaron infinitas obras en Sierra de la Ventana, en el 2015 perdimos, y as\u00ed mismo el ex intendente sigue trabajando, sigue apostando al Distrito, a todos los vecinos, as\u00ed que ser\u00eda bueno que recapacite sobre su actitud hacia nosotros, hacia los vecinos de Sierra de la Ventana, que molest\u00f3 mucho, sus, sus palabras. Nada m\u00e1s se\u00f1or Presidente\u201d.<\/p>\n<p>&nbsp;<\/p>\n<p>Concejal Elisabet Nori:<\/p>\n<p>\u201cYo tambi\u00e9n en principio mi alocuci\u00f3n va a tener dos partes: una de agradecimiento y otro de un llamado de atenci\u00f3n. En principio, s\u00ed, agradecer a todos aquellos simpatizantes y afiliados de nuestro espacio pol\u00edtico Juntos, y de la fuerza que lo componen, por habernos acompa\u00f1ado y todos los que realmente hicieron un gran esfuerzo en la log\u00edstica de la campa\u00f1a, y en la fiscalizaci\u00f3n. Un agradecimiento grande, que tambi\u00e9n se va a extender a todos, porque yo hoy quiero agradecer a toda la ciudadan\u00eda que se acerc\u00f3 a votar. \u00bfPor qu\u00e9? Porque no solamente cumplieron un deber instituida por la Constituci\u00f3n Nacional, sino que ejercieron su derecho, su derecho a la expresi\u00f3n ciudadana. Ac\u00e1 muchas veces hemos estado hablando de los espacios de participaci\u00f3n, pues el voto es el espacio de participaci\u00f3n por excelencia, donde el ciudadano hace escuchar su voz, es la oportunidad. Y voy a relacionar esto con lo que acaba de decir la Concejal Romero. Porque he escuchado muchos funcionarios p\u00fablicos de varios estamentos, distrital, provincial y nacional, poner en tela de juicio el voto popular. \u00bfC\u00f3mo se puede juzgar la expresi\u00f3n de un ciudadano?\u00bfDesde qu\u00e9 lugar podemos juzgar esto? Cabe que un funcionario p\u00fablico juzgue lo que vot\u00f3 tal o cual jurisdicci\u00f3n, no importa de d\u00f3nde sea? Yo quiero recordarles a todos que en una naci\u00f3n republicana el pueblo es el soberano, Nada m\u00e1s se\u00f1or Presidente\u201d.<\/p>\n<p>&nbsp;<\/p>\n<p>Concejal Viviana Montibeller:<\/p>\n<p>\u201cBueno, primeramente saludar a quienes van a asumir la responsabilidad de representar en este Honorable Concejo Deliberante la voluntad de todos los habitantes del Distrito de Tornquist. Tambi\u00e9n agradecer a todos y a cada uno de los que colaboraron en las elecciones pasadas legislativas. A partir de ah\u00ed, decir que las campa\u00f1as ya terminaron, lo que hay que ponerse ahora es a trabajar. El dijo, me dijo, las redes sociales, y dem\u00e1s creo que ya aburrieron, nos dimos cuenta todos y creo que en estas elecciones est\u00e1 a la vista. Ponerse a trabajar y honrar este Concejo Deliberante, a trav\u00e9s de los proyectos, a trav\u00e9s de las ideas, a trav\u00e9s del consenso, de sentarnos a hablar y a poner en funcionamiento este maravilloso Distrito. Creo que si al Pa\u00eds le va bien, a la Provincia de va bien, y al Distrito le va bien, nos va a ir bien a todos. Empezar a dejar de utilizar los medios de comunicaci\u00f3n para ofendernos todo el tiempo, y de poner en primera plana que es lo que hizo uno, y que es lo que no\u00a0 hizo el otro, porque la verdad lo \u00fanico que hacemos es seguir con el resentimiento. Me parece que ya es momento de ponernos a trabajar. Particularmente voy cerrando un ciclo, y creo que muchos de los que estamos ac\u00e1 lo mismo, pero seguimos trabajando y sin necesidades a veces de las redes y dem\u00e1s. As\u00ed que eso simplemente. De ponernos a trabajar en conjunto, que es lo que hace falta. Nada m\u00e1s se\u00f1or Presidente\u201d.<\/p>\n<p>&nbsp;<\/p>\n<p>Concejal Laura Rosatelli:<\/p>\n<p>\u201cBueno, me sumo a las palabras de mis compa\u00f1eros, felicitar a Juntos por el triunfo que obtuvieron el domingo, y tambi\u00e9n a las dem\u00e1s fuerzas pol\u00edticas. Agradecer a toda aquella persona que se acerc\u00f3 a votar. Y bueno, yo creo que cada uno desde el lugar donde nos toque estar, en un lugar, en un puesto pol\u00edtico o en cualquier otro lugar, tenemos que hacer y tenemos que trabajar y seguir trabajando por nuestro Distrito. Dejar, como dec\u00eda la Concejal Montibeller, dejar las grietas de lado, y construir, me parece que es hora que tenemos que unirnos en el trabajo. Obviamente que siempre vamos a tener diferentes formas de pensar, por diferentes ideolog\u00edas pol\u00edticas, pero bueno, me sumo a las palabras de todos mis compa\u00f1eros, vuelvo a felicitarlos por el domingo, y a construir, y trabajar por nuestro querido Distrito. Nada m\u00e1s se\u00f1or Presidente\u201d.<\/p>\n<p>&nbsp;<\/p>\n<p>Concejal Claudio Iribarren:<\/p>\n<p>\u201cBueno, a ver, varios temas. En primer t\u00e9rmino, el domingo vivimos y disfrutamos de una jornada realmente ejemplar, magn\u00edfica. Una fiesta de la democracia, de la convivencia de la democracia. Felicitar a todas las fuerzas que compitieron, y en particular a todos los Concejales ingresantes, desde ya a toda la ciudadan\u00eda por el comportamiento, y en especial a toda la militancia. S\u00ed hay algunas cuestiones que me han hecho ruido, un poco se contrapone con la ejemplaridad del momento, \u00bfno?, fueron algunas declaraciones de algunos candidatos a nivel local, o en el caso de Macri, y Milei a nivel nacional, hablando de cuestiones binarias, que la griete es moral, y que ellos representan la moralidad, y partiendo desde esa base medio complicado, porque el resto ser\u00eda lo amoral, la corrupci\u00f3n, la mentira, la delincuencia, y nos vamos a tener que sentar en una misma mesa a dialogar, cuando vos le est\u00e1s diciendo al otro que es corrupto, que es delincuente. Ese tipo de situaciones binarias, lo vengo diciendo hace mucho tiempo, descalificaciones que complican mucho despu\u00e9s sentarse a hablar con el otro en una misma mesa, no te da esa opci\u00f3n. O si lo hac\u00e9s, cuesta much\u00edsimo, digamos, porque ten\u00e9s que ir remontando todo un improperio que te adjudican. Por eso me parece, me parecieron atinadas las palabras de la Concejal Montibeller, y en el caso de la Concejal compa\u00f1era Lali Rosatelli, me parece que es hora de que este tipo de declaraciones la dejemos de lado, las obviemos. Tampoco me gust\u00f3, bueno, en el caso de Milei y de Macri, porque en el fondo lo que estamos haciendo es fogonear o agitar toda la anti pol\u00edtica, si entre los pol\u00edticos nos tratamos as\u00ed, y la sociedad es la espectadora de eso, \u00bfqu\u00e9\u00a0 imagen puede llegar a tener? Yo creo que el porcentaje de pol\u00edticos que son corruptos, que son delincuentes, y que es horizontal, y transversal, y atraviesa a todos los partidos pol\u00edticos, es minoritario, pero yo no creo que la gran mayor\u00eda de los que estamos ac\u00e1 seamos chorros, o delincuentes, narcotraficantes, corruptos, amorales, no creo en nada de eso, debe haber algunos en pol\u00edtica, s\u00ed, pero\u00a0 no es global, no podemos globalizar esos t\u00e9rminos. Tampoco ayudaron las palabras desacertadas de Sergio, hoy a la ma\u00f1ana. Hablando de gobernar, en base a premios y castigos, de acuerdo a c\u00f3mo vota tal o cual poblaci\u00f3n. No ayuda, evidentemente es algo, una barbaridad, si se lo pone a pensar sabe que es una barbaridad, no se puede admitir eso. Bueno, y por otro lado referirme a los proyectos que presentamos respecto a demandas hist\u00f3ricas recurrentes que tenemos en el ordenamiento del tr\u00e1nsito en el acceso a Sierra de la Ventana, b\u00e1sicamente, un estudio para instalar una rotonda, un distribuidor o un sem\u00e1foro en la intersecci\u00f3n de la Ruta 72 y la Avenida Sarmiento, o sea, frente a la estaci\u00f3n de servicio YPF, creo que es una demanda compartida por todos. Contemplar la instalaci\u00f3n de d\u00e1rsenas de giro, lo tratamos, en los accesos a Valle Hermoso, el Mirador, La Cumbre, san Bernardo. Tambi\u00e9n es algo que es bastante recurrente, el incremento del parque automotor, y de la afluencia tur\u00edstica es notable, y cada vez son m\u00e1s los inconvenientes que tenemos. Tambi\u00e9n dotar al lugar de carteler\u00eda limitadores de velocidad. Es un acceso que se transita a gran velocidad, por m\u00e1s que diga carteles de m\u00e1xima 40, que no se respetan, y viven familias a ambos lados de la ruta, es un sitio muy concurrido por las familias ventanenses, est\u00e1 la bici senda, o sea, es un espacio de esparcimiento, y lo mismo ocurre con el caso de Villa Serrana La Gruta, y San Andr\u00e9s de las Sierras, donde tenemos la misma problem\u00e1tica, se ha incrementado mucho tambi\u00e9n\u00a0 las visitas al lugar, ha crecido, y estamos en una recta, con la complejidad que tiene de acceder al lugar, y m\u00e1s que estamos en un \u00e1mbito de turismo donde la gente no siempre est\u00e1 con toda las luces encendidas en cuanto a la atenci\u00f3n en el transito, sino que se dispersan mirando el paisaje, creo que esas son las cuestiones que me quer\u00eda referir, y bueno, invitar a todos digamos, a tener un comportamiento mucho m\u00e1s fluido, m\u00e1s din\u00e1mico entre nosotros, y sin agredirnos gratuitamente, no tiene sentido lo que se hizo. Nada m\u00e1s se\u00f1or Presidente\u201d.<\/p>\n<p>&nbsp;<\/p>\n<p>Concejal Laura Rosatelli:<\/p>\n<p>\u201cSi, me qued\u00f3 pendiente, disculpe que vuelva a solicitar la palabra, me qued\u00f3 pendiente el proyecto que presentaron del Corredor Tur\u00edstico, la verdad que celebro que haya sido presentado ese proyecto porque si mal no recuerdo, en el a\u00f1o 2013 o 2014 se trabaj\u00f3 mucho desde el \u00e1rea de turismo, cuando era Secretaria Yanina Torres, y bueno, despu\u00e9s con el cambio de gobierno no se sigui\u00f3, no s\u00e9 porque motivo, la verdad, no se sigui\u00f3, por eso quiero hacer hincapi\u00e9 y celebrar que se presente el proyecto y que se pueda llevar a cabo. Nada m\u00e1s se\u00f1or Presidente\u201d.<\/p>\n<p>&nbsp;<\/p>\n<p>Concejal Sebasti\u00e1n Bassi:<\/p>\n<p>\u201cBueno, me tomo el atrevimiento en nombre de todo el espacio presentar las felicitaciones y agradecerla, los representantes de los otros partidos pol\u00edticos, ll\u00e1mese Frente de Todos, o el vecinalismo, y bueno, y retribuirles ese mismo agradecimiento, y que lo hagan extensivos a\u00a0 sus simpatizantes. En tren de, tambi\u00e9n, de agradecimientos y felicitaciones, quiero sumar a la gente que trabaj\u00f3 durante muchas horas, ll\u00e1mese personal de seguridad, responsables delegados de escuelas, docentes, bueno, autoridades de mesa, adem\u00e1s de los que ya han mencionado todos mis compa\u00f1eros de Bancada de este Recinto, que fueron los que hicieron esta elecci\u00f3n, que hicieron los que pudieron llevar adelante algo tan importante que los que estamos ac\u00e1 y los que no est\u00e1n tambi\u00e9n, lo celebramos cada dos a\u00f1os, eso es importante destacarlo, transmitirlo y bueno, y no perderlo nunca, obviamente. Trabajar para eso en base a lo que han propuesto la Concejal Montibeller, Lali, el Concejal Iribarren, y todos. A ser m\u00e1s prudentes, m\u00e1s moderados, el aprender de los errores, creo que estamos en otros tiempos y bueno, y tambi\u00e9n debemos reflexionar y hacer otro tipo de pol\u00edtica. Y cerrando mi alocuci\u00f3n, bueno, no puedo dejar de hacer menci\u00f3n a las declaraciones que ha hecho el actual Intendente, la cual luego de haber trabajado varios a\u00f1os al lado de \u00e9l, lamento profundamente, porque bueno, yo algo lo he conocido, nos hemos conocido, y bueno, considero que han sido inoportunas, e innecesarias a los tiempos que corren. Posiblemente las reflexione y fiel a su personalidad, bueno, vuelva a hacer otras que enmienden estas. Esto ha generado, como sabemos, mucho malestar en, principalmente en Sierra de la Ventana, y bueno, como dije anteriormente, para no generar m\u00e1s pol\u00e9mica ni debate, que no es mi esp\u00edritu, simplemente decir que, reiterar esto, fueron innecesarias e inoportunas. Nada m\u00e1s se\u00f1or Presidente\u201d.<\/p>\n<p>&nbsp;<\/p>\n<p>HONORABLE CONCEJO DELIBERANTE<\/p>\n<p>&nbsp;<\/p>\n<p>&nbsp;<\/p>\n<p>&nbsp;<\/p>\n","protected":false},"excerpt":{"rendered":"<p>Comunicaciones Oficiales y Dict\u00e1menes de las Comisiones<\/p>\n","protected":false},"author":3,"featured_media":0,"comment_status":"closed","ping_status":"closed","sticky":false,"template":"","format":"standard","meta":{"footnotes":""},"categories":[28],"tags":[],"class_list":["post-65074","post","type-post","status-publish","format-standard","hentry","category-municipales"],"yoast_head":"<!-- This site is optimized with the Yoast SEO plugin v25.9 - https:\/\/yoast.com\/wordpress\/plugins\/seo\/ -->\n<title>Informe sesi\u00f3n ordinaria del 16-11-21 en el Concejo Deliberante. - Noticias Radio Reflejos<\/title>\n<meta name=\"robots\" content=\"index, follow, max-snippet:-1, max-image-preview:large, max-video-preview:-1\" \/>\n<link rel=\"canonical\" href=\"https:\/\/www.noticiasradioreflejos.com.ar\/2021\/informe-sesion-ordinaria-del-16-11-21-en-el-concejo-deliberante\/\" \/>\n<meta property=\"og:locale\" content=\"es_ES\" \/>\n<meta property=\"og:type\" content=\"article\" \/>\n<meta property=\"og:title\" content=\"Informe sesi\u00f3n ordinaria del 16-11-21 en el Concejo Deliberante. - Noticias Radio Reflejos\" \/>\n<meta property=\"og:description\" content=\"Comunicaciones Oficiales y Dict\u00e1menes de las Comisiones\" \/>\n<meta property=\"og:url\" content=\"https:\/\/www.noticiasradioreflejos.com.ar\/2021\/informe-sesion-ordinaria-del-16-11-21-en-el-concejo-deliberante\/\" \/>\n<meta property=\"og:site_name\" content=\"Noticias Radio Reflejos\" \/>\n<meta property=\"article:published_time\" content=\"2021-11-18T13:01:35+00:00\" \/>\n<meta property=\"og:image\" content=\"https:\/\/www.noticiasradioreflejos.com.ar\/2021\/wp-content\/uploads\/2021\/07\/logosol300x200.png\" \/>\n\t<meta property=\"og:image:width\" content=\"300\" \/>\n\t<meta property=\"og:image:height\" content=\"200\" \/>\n\t<meta property=\"og:image:type\" content=\"image\/png\" \/>\n<meta name=\"author\" content=\"Arnaldo Botto\" \/>\n<meta name=\"twitter:card\" content=\"summary_large_image\" \/>\n<script type=\"application\/ld+json\" class=\"yoast-schema-graph\">{\"@context\":\"https:\/\/schema.org\",\"@graph\":[{\"@type\":\"WebPage\",\"@id\":\"https:\/\/www.noticiasradioreflejos.com.ar\/2021\/informe-sesion-ordinaria-del-16-11-21-en-el-concejo-deliberante\/\",\"url\":\"https:\/\/www.noticiasradioreflejos.com.ar\/2021\/informe-sesion-ordinaria-del-16-11-21-en-el-concejo-deliberante\/\",\"name\":\"Informe sesi\u00f3n ordinaria del 16-11-21 en el Concejo Deliberante. - Noticias Radio Reflejos\",\"isPartOf\":{\"@id\":\"https:\/\/www.noticiasradioreflejos.com.ar\/2021\/#website\"},\"datePublished\":\"2021-11-18T13:01:35+00:00\",\"author\":{\"@id\":\"https:\/\/www.noticiasradioreflejos.com.ar\/2021\/#\/schema\/person\/ad82545263dcc5ec0996818884fd5fb1\"},\"breadcrumb\":{\"@id\":\"https:\/\/www.noticiasradioreflejos.com.ar\/2021\/informe-sesion-ordinaria-del-16-11-21-en-el-concejo-deliberante\/#breadcrumb\"},\"inLanguage\":\"es\",\"potentialAction\":[{\"@type\":\"ReadAction\",\"target\":[\"https:\/\/www.noticiasradioreflejos.com.ar\/2021\/informe-sesion-ordinaria-del-16-11-21-en-el-concejo-deliberante\/\"]}]},{\"@type\":\"BreadcrumbList\",\"@id\":\"https:\/\/www.noticiasradioreflejos.com.ar\/2021\/informe-sesion-ordinaria-del-16-11-21-en-el-concejo-deliberante\/#breadcrumb\",\"itemListElement\":[{\"@type\":\"ListItem\",\"position\":1,\"name\":\"Portada\",\"item\":\"https:\/\/www.noticiasradioreflejos.com.ar\/2021\/\"},{\"@type\":\"ListItem\",\"position\":2,\"name\":\"Informe sesi\u00f3n ordinaria del 16-11-21 en el Concejo Deliberante.\"}]},{\"@type\":\"WebSite\",\"@id\":\"https:\/\/www.noticiasradioreflejos.com.ar\/2021\/#website\",\"url\":\"https:\/\/www.noticiasradioreflejos.com.ar\/2021\/\",\"name\":\"Noticias Radio Reflejos\",\"description\":\"Las noticias de mi comarca\",\"potentialAction\":[{\"@type\":\"SearchAction\",\"target\":{\"@type\":\"EntryPoint\",\"urlTemplate\":\"https:\/\/www.noticiasradioreflejos.com.ar\/2021\/?s={search_term_string}\"},\"query-input\":{\"@type\":\"PropertyValueSpecification\",\"valueRequired\":true,\"valueName\":\"search_term_string\"}}],\"inLanguage\":\"es\"},{\"@type\":\"Person\",\"@id\":\"https:\/\/www.noticiasradioreflejos.com.ar\/2021\/#\/schema\/person\/ad82545263dcc5ec0996818884fd5fb1\",\"name\":\"Arnaldo Botto\",\"image\":{\"@type\":\"ImageObject\",\"inLanguage\":\"es\",\"@id\":\"https:\/\/www.noticiasradioreflejos.com.ar\/2021\/#\/schema\/person\/image\/\",\"url\":\"https:\/\/secure.gravatar.com\/avatar\/55cb5e37c1efa326397366e6974cb338056df65cb50e7d64d1cf314e87504837?s=96&d=mm&r=g\",\"contentUrl\":\"https:\/\/secure.gravatar.com\/avatar\/55cb5e37c1efa326397366e6974cb338056df65cb50e7d64d1cf314e87504837?s=96&d=mm&r=g\",\"caption\":\"Arnaldo Botto\"},\"url\":\"https:\/\/www.noticiasradioreflejos.com.ar\/2021\/author\/arnaldo\/\"}]}<\/script>\n<!-- \/ Yoast SEO plugin. -->","yoast_head_json":{"title":"Informe sesi\u00f3n ordinaria del 16-11-21 en el Concejo Deliberante. - Noticias Radio Reflejos","robots":{"index":"index","follow":"follow","max-snippet":"max-snippet:-1","max-image-preview":"max-image-preview:large","max-video-preview":"max-video-preview:-1"},"canonical":"https:\/\/www.noticiasradioreflejos.com.ar\/2021\/informe-sesion-ordinaria-del-16-11-21-en-el-concejo-deliberante\/","og_locale":"es_ES","og_type":"article","og_title":"Informe sesi\u00f3n ordinaria del 16-11-21 en el Concejo Deliberante. - Noticias Radio Reflejos","og_description":"Comunicaciones Oficiales y Dict\u00e1menes de las Comisiones","og_url":"https:\/\/www.noticiasradioreflejos.com.ar\/2021\/informe-sesion-ordinaria-del-16-11-21-en-el-concejo-deliberante\/","og_site_name":"Noticias Radio Reflejos","article_published_time":"2021-11-18T13:01:35+00:00","og_image":[{"width":300,"height":200,"url":"https:\/\/www.noticiasradioreflejos.com.ar\/2021\/wp-content\/uploads\/2021\/07\/logosol300x200.png","type":"image\/png"}],"author":"Arnaldo Botto","twitter_card":"summary_large_image","schema":{"@context":"https:\/\/schema.org","@graph":[{"@type":"WebPage","@id":"https:\/\/www.noticiasradioreflejos.com.ar\/2021\/informe-sesion-ordinaria-del-16-11-21-en-el-concejo-deliberante\/","url":"https:\/\/www.noticiasradioreflejos.com.ar\/2021\/informe-sesion-ordinaria-del-16-11-21-en-el-concejo-deliberante\/","name":"Informe sesi\u00f3n ordinaria del 16-11-21 en el Concejo Deliberante. - Noticias Radio Reflejos","isPartOf":{"@id":"https:\/\/www.noticiasradioreflejos.com.ar\/2021\/#website"},"datePublished":"2021-11-18T13:01:35+00:00","author":{"@id":"https:\/\/www.noticiasradioreflejos.com.ar\/2021\/#\/schema\/person\/ad82545263dcc5ec0996818884fd5fb1"},"breadcrumb":{"@id":"https:\/\/www.noticiasradioreflejos.com.ar\/2021\/informe-sesion-ordinaria-del-16-11-21-en-el-concejo-deliberante\/#breadcrumb"},"inLanguage":"es","potentialAction":[{"@type":"ReadAction","target":["https:\/\/www.noticiasradioreflejos.com.ar\/2021\/informe-sesion-ordinaria-del-16-11-21-en-el-concejo-deliberante\/"]}]},{"@type":"BreadcrumbList","@id":"https:\/\/www.noticiasradioreflejos.com.ar\/2021\/informe-sesion-ordinaria-del-16-11-21-en-el-concejo-deliberante\/#breadcrumb","itemListElement":[{"@type":"ListItem","position":1,"name":"Portada","item":"https:\/\/www.noticiasradioreflejos.com.ar\/2021\/"},{"@type":"ListItem","position":2,"name":"Informe sesi\u00f3n ordinaria del 16-11-21 en el Concejo Deliberante."}]},{"@type":"WebSite","@id":"https:\/\/www.noticiasradioreflejos.com.ar\/2021\/#website","url":"https:\/\/www.noticiasradioreflejos.com.ar\/2021\/","name":"Noticias Radio Reflejos","description":"Las noticias de mi comarca","potentialAction":[{"@type":"SearchAction","target":{"@type":"EntryPoint","urlTemplate":"https:\/\/www.noticiasradioreflejos.com.ar\/2021\/?s={search_term_string}"},"query-input":{"@type":"PropertyValueSpecification","valueRequired":true,"valueName":"search_term_string"}}],"inLanguage":"es"},{"@type":"Person","@id":"https:\/\/www.noticiasradioreflejos.com.ar\/2021\/#\/schema\/person\/ad82545263dcc5ec0996818884fd5fb1","name":"Arnaldo Botto","image":{"@type":"ImageObject","inLanguage":"es","@id":"https:\/\/www.noticiasradioreflejos.com.ar\/2021\/#\/schema\/person\/image\/","url":"https:\/\/secure.gravatar.com\/avatar\/55cb5e37c1efa326397366e6974cb338056df65cb50e7d64d1cf314e87504837?s=96&d=mm&r=g","contentUrl":"https:\/\/secure.gravatar.com\/avatar\/55cb5e37c1efa326397366e6974cb338056df65cb50e7d64d1cf314e87504837?s=96&d=mm&r=g","caption":"Arnaldo Botto"},"url":"https:\/\/www.noticiasradioreflejos.com.ar\/2021\/author\/arnaldo\/"}]}},"_links":{"self":[{"href":"https:\/\/www.noticiasradioreflejos.com.ar\/2021\/wp-json\/wp\/v2\/posts\/65074","targetHints":{"allow":["GET"]}}],"collection":[{"href":"https:\/\/www.noticiasradioreflejos.com.ar\/2021\/wp-json\/wp\/v2\/posts"}],"about":[{"href":"https:\/\/www.noticiasradioreflejos.com.ar\/2021\/wp-json\/wp\/v2\/types\/post"}],"author":[{"embeddable":true,"href":"https:\/\/www.noticiasradioreflejos.com.ar\/2021\/wp-json\/wp\/v2\/users\/3"}],"replies":[{"embeddable":true,"href":"https:\/\/www.noticiasradioreflejos.com.ar\/2021\/wp-json\/wp\/v2\/comments?post=65074"}],"version-history":[{"count":1,"href":"https:\/\/www.noticiasradioreflejos.com.ar\/2021\/wp-json\/wp\/v2\/posts\/65074\/revisions"}],"predecessor-version":[{"id":65075,"href":"https:\/\/www.noticiasradioreflejos.com.ar\/2021\/wp-json\/wp\/v2\/posts\/65074\/revisions\/65075"}],"wp:attachment":[{"href":"https:\/\/www.noticiasradioreflejos.com.ar\/2021\/wp-json\/wp\/v2\/media?parent=65074"}],"wp:term":[{"taxonomy":"category","embeddable":true,"href":"https:\/\/www.noticiasradioreflejos.com.ar\/2021\/wp-json\/wp\/v2\/categories?post=65074"},{"taxonomy":"post_tag","embeddable":true,"href":"https:\/\/www.noticiasradioreflejos.com.ar\/2021\/wp-json\/wp\/v2\/tags?post=65074"}],"curies":[{"name":"wp","href":"https:\/\/api.w.org\/{rel}","templated":true}]}}