{"id":65064,"date":"2021-11-18T11:01:20","date_gmt":"2021-11-18T11:01:20","guid":{"rendered":"http:\/\/www.noticiasradioreflejos.com.ar\/2021\/?p=65064"},"modified":"2021-11-18T11:01:20","modified_gmt":"2021-11-18T11:01:20","slug":"investigan-a-exdirector-del-garrahan-por-usar-fondos-del-hospital-para-gastos-personales","status":"publish","type":"post","link":"https:\/\/www.noticiasradioreflejos.com.ar\/2021\/investigan-a-exdirector-del-garrahan-por-usar-fondos-del-hospital-para-gastos-personales\/","title":{"rendered":"Investigan a exdirector del Garrahan por usar fondos del hospital para gastos personales"},"content":{"rendered":"<div class=\"wrapper-header\">\n<div class=\"container-xl\">\n<div class=\"row\">\n<div class=\"col-12\">\n<div class=\"head-content mb-4\">\n<p class=\"speak\"><strong>Carlos Kambourian,<\/strong> a cargo del centro de salud durante el gobierno de Cambiemos, fue denunciado por la Procuradur\u00eda de Investigaciones Administrativas por usar una unidad de traslado como auto particular y por consumos de m\u00e1s de un mill\u00f3n de pesos y 11 mil d\u00f3lares realizados con una tarjeta de cr\u00e9dito corporativa.<\/p>\n<\/div>\n<\/div>\n<\/div>\n<\/div>\n<\/div>\n<div class=\"wrapper-editable-content\">\n<div>\n<div class=\"wrapper-editable-content\">\n<div class=\"row\">\n<div class=\"container-md\">\n<div class=\"row\">\n<div class=\"col-md-10 offset-md-1 speak\">\n<div class=\"paragraph\">\n<figure class=\"mb-3\"><img decoding=\"async\" src=\"https:\/\/www.telam.com.ar\/thumbs\/bluesteel\/advf\/imagenes\/2018\/03\/5aa96a58d22e9_900.jpg\" alt=\"Carlos Kambourian neg las acusaciones y manifest haber recibido amenazas por sus crticas al Gobierno nacional\" \/><\/p>\n<div class=\"media-icons\"><\/div><figcaption>Carlos Kambourian neg\u00f3 las acusaciones y manifest\u00f3 haber recibido amenazas por sus cr\u00edticas al Gobierno nacional.<\/figcaption><\/figure>\n<p><strong>Carlos Kambourian, quien fue director del hospital pedi\u00e1trico Garrahan<\/strong>\u00a0durante la presidencia de Mauricio Macri,\u00a0<strong>fue sumariado y denunciado por usar dinero de ese centro de salud para gastos personales<\/strong>, as\u00ed como por utilizar una unidad de traslado para pacientes como auto particular.<\/p>\n<p>As\u00ed lo confirm\u00f3 este mi\u00e9rcoles a T\u00e9lam el m\u00e9dico Oscar Trotta, uno de los cinco integrantes del Consejo de Administraci\u00f3n del Garrahan, quien adem\u00e1s detall\u00f3 que se trata de \u00abdos denuncias penales\u00bb, la primera \u00abpor usar una unidad de traslado pedi\u00e1trico como auto particular\u00bb y la otra \u00abpor consumos realizados con una tarjeta de cr\u00e9dito corporativa, por m\u00e1s de 1 mill\u00f3n de pesos y 11 mil d\u00f3lares que (Kambourian) gast\u00f3 en el Exterior\u00bb.<\/p>\n<p>Trotta explic\u00f3 que la unidad de traslado es una camioneta utilitaria modelo Berlingo que pertenece al Garrahan \u00abque se utiliza para trasladar a los chicos que no van en camilla\u00bb o para llevar alg\u00fan insumo sanitario al domicilio del paciente.<\/p>\n<p>Las denuncias contra Kambourian, exdirector del Garrahan entre mayo de 2017 y enero de 2020, fueron realizadas por la Procuradur\u00eda de Investigaciones Administrativas (PIA), que actu\u00f3 luego de recibir dos sumarios por parte del hospital.<\/p>\n<p>Al respecto, Trotta cont\u00f3 que\u00a0<strong>los sumarios administrativos se iniciaron en marzo de 2020 \u00aba partir de informaci\u00f3n que presentaron algunos trabajadores<\/strong>\u00ab.<\/p>\n<p>Luego,\u00a0<strong>tras \u00abun a\u00f1o medio de investigaci\u00f3n\u00bb<\/strong>, mediante declaraciones de empleados y recolecci\u00f3n de evidencia, l<strong>a direcci\u00f3n jur\u00eddica del hospital \u00abremiti\u00f3 los sumarios a la PIA\u00bb<\/strong>.<\/p>\n<p>\u00abSe llam\u00f3 cuatro veces a declarar al doctor Kambourian para que haga los descargos, nunca se present\u00f3. Luego, en agosto de 2021 se ofreci\u00f3 toda la informaci\u00f3n a la PIA, y ellos hicieron la denuncia penal\u00bb, manifest\u00f3 Trotta.<\/p>\n<p>Y agreg\u00f3: \u00abEn 35 a\u00f1os, el hospital nunca tuvo ni tarjeta corporativa para gastos personales ni autos para uso particular\u00bb.<\/p>\n<h2 class=\"\">El descargo del m\u00e9dico<\/h2>\n<p>Por su parte, Kambourian, en declaraciones a T\u00e9lam, dijo que las denuncias\u00a0<strong>tienen motivaciones \u00abpol\u00edticas\u00bb<\/strong>\u00a0y que espera con \u00abtranquilidad\u00bb el momento de responder ante la Justicia.<\/p>\n<p>\u00abEl hospital habla de notificaciones que nunca me llegaron, ahora en la Justicia responder\u00e9 sin ning\u00fan tipo de problema\u00bb, afirm\u00f3.<\/p>\n<p>Y sobre el origen de la denuncia, a\u00f1adi\u00f3: \u00abEsto surge un a\u00f1o atr\u00e1s, hoy hay una intenci\u00f3n clara de politizar el tema. El hecho de que yo haya sido candidato en Malvinas Argentinas y tenga una presencia hacia el 2023 inquieta a las autoridades actuales, tanto del hospital como del Gobierno nacional\u00bb.<\/p>\n<p>En las \u00faltimas elecciones, Kambourian fue candidato a concejal por Juntos por el Cambio en el municipio bonaerense de Malvinas Argentinas, aunque no result\u00f3 electo.<\/p>\n<p>Al responder sobre las dos denuncias, el excandidato dijo que antes de su llegada \u00ablos gastos de representaci\u00f3n del hospital se hac\u00edan en efectivo y con un sistema de tickets de muy dif\u00edcil comprobaci\u00f3n\u00bb.<\/p>\n<p>Por otro lado,\u00a0<strong>Kambourian asegur\u00f3 haber recibido amenazas en los \u00faltimos meses<\/strong>, y sostuvo que se debieron a sus cr\u00edticas hacia el Gobierno nacional.<\/p>\n<blockquote class=\"twitter-tweet\" data-width=\"500\" data-dnt=\"true\">\n<p lang=\"es\" dir=\"ltr\">Probaron amenazandome. Probaron amenazando a mis hijos. Probaron silenci\u00e1ndome. Y armando una causa. Ahora prueban con la tapa de un diario oficialista. Y si prueban haciendo algo por la gente que NO los voto? Quiz\u00e1s funcione. Es cara la tapa no? Un honor.<\/p>\n<p>&mdash; Carlos Kambourian (@DrCKambourian) <a href=\"https:\/\/twitter.com\/DrCKambourian\/status\/1460957501625667591?ref_src=twsrc%5Etfw\">November 17, 2021<\/a><\/p><\/blockquote>\n<p><script async src=\"https:\/\/platform.twitter.com\/widgets.js\" charset=\"utf-8\"><\/script><\/p>\n<p>\u00abEmpec\u00e9 a recibir amenazas cuando habl\u00e9 en los medios del mal manejo de la pandemia. Dos personas, desde un auto, amedrentaron a mis hijos en la puerta de mi casa, con frases dirigidas desde el hospital Garrahan y el Ministerio de Salud\u00bb, sostuvo.<\/p>\n<p>Y agreg\u00f3: \u00ab<strong>Mis hijos, menores de edad, recibieron en sus tel\u00e9fonos im\u00e1genes de mi vida personal<\/strong>. Por la gravedad de esta situaci\u00f3n, por supuesto que inici\u00e9 la denuncia\u00bb.<\/p>\n<p>&nbsp;<\/p>\n<figure class=\"mb-3\"><img decoding=\"async\" class=\" lazy \" src=\"https:\/\/www.telam.com.ar\/thumbs\/bluesteel\/advf\/imagenes\/2021\/08\/6113d9fd4e275_900.jpg\" alt=\"Los fondos del hospital son aportados en un 80 por el Estado nacional y en un 20 por la Ciudad de Buenos Aires\" \/><\/p>\n<div class=\"media-icons\"><\/div><figcaption>Los fondos del hospital son aportados en un 80% por el Estado nacional y en un 20% por la Ciudad de Buenos Aires.<\/figcaption><\/figure>\n<p>El hospital de pediatr\u00eda Garrahan, ubicado en barrio porte\u00f1o de Parque Patricios, es referente a nivel nacional en el sistema de salud p\u00fablica de alta complejidad destinado a la poblaci\u00f3n infantil.<\/p>\n<p>Sus fondos son aportados en un 80% por el Estado nacional, mientras que el 20% restante proviene de la Ciudad de Buenos Aires.<\/p>\n<p>De acuerdo a la informaci\u00f3n oficial de su sitio web, cada a\u00f1o se realizan all\u00ed \u00abm\u00e1s de 600 mil consultas y 10 mil cirug\u00edas, y egresan m\u00e1s de 28 mil pacientes\u00bb.<\/p>\n<\/div>\n<\/div>\n<\/div>\n<\/div>\n<\/div>\n<\/div>\n<\/div>\n<\/div>\n","protected":false},"excerpt":{"rendered":"<p>Carlos Kambourian, a cargo del centro de salud durante el gobierno de Cambiemos, fue denunciado por la Procuradur\u00eda de Investigaciones Administrativas por usar una unidad de traslado como auto particular y por consumos de m\u00e1s de un mill\u00f3n de pesos y 11 mil d\u00f3lares realizados con una tarjeta de cr\u00e9dito corporativa. Carlos Kambourian neg\u00f3 las [&hellip;]<\/p>\n","protected":false},"author":3,"featured_media":0,"comment_status":"closed","ping_status":"closed","sticky":false,"template":"","format":"standard","meta":{"footnotes":""},"categories":[29,24,26],"tags":[],"class_list":["post-65064","post","type-post","status-publish","format-standard","hentry","category-policiales","category-politica","category-sociedad"],"yoast_head":"<!-- This site is optimized with the Yoast SEO plugin v25.9 - https:\/\/yoast.com\/wordpress\/plugins\/seo\/ -->\n<title>Investigan a exdirector del Garrahan por usar fondos del hospital para gastos personales - Noticias Radio Reflejos<\/title>\n<meta name=\"robots\" content=\"index, follow, max-snippet:-1, max-image-preview:large, max-video-preview:-1\" \/>\n<link rel=\"canonical\" href=\"https:\/\/www.noticiasradioreflejos.com.ar\/2021\/investigan-a-exdirector-del-garrahan-por-usar-fondos-del-hospital-para-gastos-personales\/\" \/>\n<meta property=\"og:locale\" content=\"es_ES\" \/>\n<meta property=\"og:type\" content=\"article\" \/>\n<meta property=\"og:title\" content=\"Investigan a exdirector del Garrahan por usar fondos del hospital para gastos personales - Noticias Radio Reflejos\" \/>\n<meta property=\"og:description\" content=\"Carlos Kambourian, a cargo del centro de salud durante el gobierno de Cambiemos, fue denunciado por la Procuradur\u00eda de Investigaciones Administrativas por usar una unidad de traslado como auto particular y por consumos de m\u00e1s de un mill\u00f3n de pesos y 11 mil d\u00f3lares realizados con una tarjeta de cr\u00e9dito corporativa. Carlos Kambourian neg\u00f3 las [&hellip;]\" \/>\n<meta property=\"og:url\" content=\"https:\/\/www.noticiasradioreflejos.com.ar\/2021\/investigan-a-exdirector-del-garrahan-por-usar-fondos-del-hospital-para-gastos-personales\/\" \/>\n<meta property=\"og:site_name\" content=\"Noticias Radio Reflejos\" \/>\n<meta property=\"article:published_time\" content=\"2021-11-18T11:01:20+00:00\" \/>\n<meta property=\"og:image\" content=\"https:\/\/www.telam.com.ar\/thumbs\/bluesteel\/advf\/imagenes\/2018\/03\/5aa96a58d22e9_900.jpg\" \/>\n<meta name=\"author\" content=\"Arnaldo Botto\" \/>\n<meta name=\"twitter:card\" content=\"summary_large_image\" \/>\n<script type=\"application\/ld+json\" class=\"yoast-schema-graph\">{\"@context\":\"https:\/\/schema.org\",\"@graph\":[{\"@type\":\"WebPage\",\"@id\":\"https:\/\/www.noticiasradioreflejos.com.ar\/2021\/investigan-a-exdirector-del-garrahan-por-usar-fondos-del-hospital-para-gastos-personales\/\",\"url\":\"https:\/\/www.noticiasradioreflejos.com.ar\/2021\/investigan-a-exdirector-del-garrahan-por-usar-fondos-del-hospital-para-gastos-personales\/\",\"name\":\"Investigan a exdirector del Garrahan por usar fondos del hospital para gastos personales - Noticias Radio Reflejos\",\"isPartOf\":{\"@id\":\"https:\/\/www.noticiasradioreflejos.com.ar\/2021\/#website\"},\"primaryImageOfPage\":{\"@id\":\"https:\/\/www.noticiasradioreflejos.com.ar\/2021\/investigan-a-exdirector-del-garrahan-por-usar-fondos-del-hospital-para-gastos-personales\/#primaryimage\"},\"image\":{\"@id\":\"https:\/\/www.noticiasradioreflejos.com.ar\/2021\/investigan-a-exdirector-del-garrahan-por-usar-fondos-del-hospital-para-gastos-personales\/#primaryimage\"},\"thumbnailUrl\":\"https:\/\/www.telam.com.ar\/thumbs\/bluesteel\/advf\/imagenes\/2018\/03\/5aa96a58d22e9_900.jpg\",\"datePublished\":\"2021-11-18T11:01:20+00:00\",\"author\":{\"@id\":\"https:\/\/www.noticiasradioreflejos.com.ar\/2021\/#\/schema\/person\/ad82545263dcc5ec0996818884fd5fb1\"},\"breadcrumb\":{\"@id\":\"https:\/\/www.noticiasradioreflejos.com.ar\/2021\/investigan-a-exdirector-del-garrahan-por-usar-fondos-del-hospital-para-gastos-personales\/#breadcrumb\"},\"inLanguage\":\"es\",\"potentialAction\":[{\"@type\":\"ReadAction\",\"target\":[\"https:\/\/www.noticiasradioreflejos.com.ar\/2021\/investigan-a-exdirector-del-garrahan-por-usar-fondos-del-hospital-para-gastos-personales\/\"]}]},{\"@type\":\"ImageObject\",\"inLanguage\":\"es\",\"@id\":\"https:\/\/www.noticiasradioreflejos.com.ar\/2021\/investigan-a-exdirector-del-garrahan-por-usar-fondos-del-hospital-para-gastos-personales\/#primaryimage\",\"url\":\"https:\/\/www.telam.com.ar\/thumbs\/bluesteel\/advf\/imagenes\/2018\/03\/5aa96a58d22e9_900.jpg\",\"contentUrl\":\"https:\/\/www.telam.com.ar\/thumbs\/bluesteel\/advf\/imagenes\/2018\/03\/5aa96a58d22e9_900.jpg\"},{\"@type\":\"BreadcrumbList\",\"@id\":\"https:\/\/www.noticiasradioreflejos.com.ar\/2021\/investigan-a-exdirector-del-garrahan-por-usar-fondos-del-hospital-para-gastos-personales\/#breadcrumb\",\"itemListElement\":[{\"@type\":\"ListItem\",\"position\":1,\"name\":\"Portada\",\"item\":\"https:\/\/www.noticiasradioreflejos.com.ar\/2021\/\"},{\"@type\":\"ListItem\",\"position\":2,\"name\":\"Investigan a exdirector del Garrahan por usar fondos del hospital para gastos personales\"}]},{\"@type\":\"WebSite\",\"@id\":\"https:\/\/www.noticiasradioreflejos.com.ar\/2021\/#website\",\"url\":\"https:\/\/www.noticiasradioreflejos.com.ar\/2021\/\",\"name\":\"Noticias Radio Reflejos\",\"description\":\"Las noticias de mi comarca\",\"potentialAction\":[{\"@type\":\"SearchAction\",\"target\":{\"@type\":\"EntryPoint\",\"urlTemplate\":\"https:\/\/www.noticiasradioreflejos.com.ar\/2021\/?s={search_term_string}\"},\"query-input\":{\"@type\":\"PropertyValueSpecification\",\"valueRequired\":true,\"valueName\":\"search_term_string\"}}],\"inLanguage\":\"es\"},{\"@type\":\"Person\",\"@id\":\"https:\/\/www.noticiasradioreflejos.com.ar\/2021\/#\/schema\/person\/ad82545263dcc5ec0996818884fd5fb1\",\"name\":\"Arnaldo Botto\",\"image\":{\"@type\":\"ImageObject\",\"inLanguage\":\"es\",\"@id\":\"https:\/\/www.noticiasradioreflejos.com.ar\/2021\/#\/schema\/person\/image\/\",\"url\":\"https:\/\/secure.gravatar.com\/avatar\/55cb5e37c1efa326397366e6974cb338056df65cb50e7d64d1cf314e87504837?s=96&d=mm&r=g\",\"contentUrl\":\"https:\/\/secure.gravatar.com\/avatar\/55cb5e37c1efa326397366e6974cb338056df65cb50e7d64d1cf314e87504837?s=96&d=mm&r=g\",\"caption\":\"Arnaldo Botto\"},\"url\":\"https:\/\/www.noticiasradioreflejos.com.ar\/2021\/author\/arnaldo\/\"}]}<\/script>\n<!-- \/ Yoast SEO plugin. -->","yoast_head_json":{"title":"Investigan a exdirector del Garrahan por usar fondos del hospital para gastos personales - Noticias Radio Reflejos","robots":{"index":"index","follow":"follow","max-snippet":"max-snippet:-1","max-image-preview":"max-image-preview:large","max-video-preview":"max-video-preview:-1"},"canonical":"https:\/\/www.noticiasradioreflejos.com.ar\/2021\/investigan-a-exdirector-del-garrahan-por-usar-fondos-del-hospital-para-gastos-personales\/","og_locale":"es_ES","og_type":"article","og_title":"Investigan a exdirector del Garrahan por usar fondos del hospital para gastos personales - Noticias Radio Reflejos","og_description":"Carlos Kambourian, a cargo del centro de salud durante el gobierno de Cambiemos, fue denunciado por la Procuradur\u00eda de Investigaciones Administrativas por usar una unidad de traslado como auto particular y por consumos de m\u00e1s de un mill\u00f3n de pesos y 11 mil d\u00f3lares realizados con una tarjeta de cr\u00e9dito corporativa. Carlos Kambourian neg\u00f3 las [&hellip;]","og_url":"https:\/\/www.noticiasradioreflejos.com.ar\/2021\/investigan-a-exdirector-del-garrahan-por-usar-fondos-del-hospital-para-gastos-personales\/","og_site_name":"Noticias Radio Reflejos","article_published_time":"2021-11-18T11:01:20+00:00","og_image":[{"url":"https:\/\/www.telam.com.ar\/thumbs\/bluesteel\/advf\/imagenes\/2018\/03\/5aa96a58d22e9_900.jpg","type":"","width":"","height":""}],"author":"Arnaldo Botto","twitter_card":"summary_large_image","schema":{"@context":"https:\/\/schema.org","@graph":[{"@type":"WebPage","@id":"https:\/\/www.noticiasradioreflejos.com.ar\/2021\/investigan-a-exdirector-del-garrahan-por-usar-fondos-del-hospital-para-gastos-personales\/","url":"https:\/\/www.noticiasradioreflejos.com.ar\/2021\/investigan-a-exdirector-del-garrahan-por-usar-fondos-del-hospital-para-gastos-personales\/","name":"Investigan a exdirector del Garrahan por usar fondos del hospital para gastos personales - Noticias Radio Reflejos","isPartOf":{"@id":"https:\/\/www.noticiasradioreflejos.com.ar\/2021\/#website"},"primaryImageOfPage":{"@id":"https:\/\/www.noticiasradioreflejos.com.ar\/2021\/investigan-a-exdirector-del-garrahan-por-usar-fondos-del-hospital-para-gastos-personales\/#primaryimage"},"image":{"@id":"https:\/\/www.noticiasradioreflejos.com.ar\/2021\/investigan-a-exdirector-del-garrahan-por-usar-fondos-del-hospital-para-gastos-personales\/#primaryimage"},"thumbnailUrl":"https:\/\/www.telam.com.ar\/thumbs\/bluesteel\/advf\/imagenes\/2018\/03\/5aa96a58d22e9_900.jpg","datePublished":"2021-11-18T11:01:20+00:00","author":{"@id":"https:\/\/www.noticiasradioreflejos.com.ar\/2021\/#\/schema\/person\/ad82545263dcc5ec0996818884fd5fb1"},"breadcrumb":{"@id":"https:\/\/www.noticiasradioreflejos.com.ar\/2021\/investigan-a-exdirector-del-garrahan-por-usar-fondos-del-hospital-para-gastos-personales\/#breadcrumb"},"inLanguage":"es","potentialAction":[{"@type":"ReadAction","target":["https:\/\/www.noticiasradioreflejos.com.ar\/2021\/investigan-a-exdirector-del-garrahan-por-usar-fondos-del-hospital-para-gastos-personales\/"]}]},{"@type":"ImageObject","inLanguage":"es","@id":"https:\/\/www.noticiasradioreflejos.com.ar\/2021\/investigan-a-exdirector-del-garrahan-por-usar-fondos-del-hospital-para-gastos-personales\/#primaryimage","url":"https:\/\/www.telam.com.ar\/thumbs\/bluesteel\/advf\/imagenes\/2018\/03\/5aa96a58d22e9_900.jpg","contentUrl":"https:\/\/www.telam.com.ar\/thumbs\/bluesteel\/advf\/imagenes\/2018\/03\/5aa96a58d22e9_900.jpg"},{"@type":"BreadcrumbList","@id":"https:\/\/www.noticiasradioreflejos.com.ar\/2021\/investigan-a-exdirector-del-garrahan-por-usar-fondos-del-hospital-para-gastos-personales\/#breadcrumb","itemListElement":[{"@type":"ListItem","position":1,"name":"Portada","item":"https:\/\/www.noticiasradioreflejos.com.ar\/2021\/"},{"@type":"ListItem","position":2,"name":"Investigan a exdirector del Garrahan por usar fondos del hospital para gastos personales"}]},{"@type":"WebSite","@id":"https:\/\/www.noticiasradioreflejos.com.ar\/2021\/#website","url":"https:\/\/www.noticiasradioreflejos.com.ar\/2021\/","name":"Noticias Radio Reflejos","description":"Las noticias de mi comarca","potentialAction":[{"@type":"SearchAction","target":{"@type":"EntryPoint","urlTemplate":"https:\/\/www.noticiasradioreflejos.com.ar\/2021\/?s={search_term_string}"},"query-input":{"@type":"PropertyValueSpecification","valueRequired":true,"valueName":"search_term_string"}}],"inLanguage":"es"},{"@type":"Person","@id":"https:\/\/www.noticiasradioreflejos.com.ar\/2021\/#\/schema\/person\/ad82545263dcc5ec0996818884fd5fb1","name":"Arnaldo Botto","image":{"@type":"ImageObject","inLanguage":"es","@id":"https:\/\/www.noticiasradioreflejos.com.ar\/2021\/#\/schema\/person\/image\/","url":"https:\/\/secure.gravatar.com\/avatar\/55cb5e37c1efa326397366e6974cb338056df65cb50e7d64d1cf314e87504837?s=96&d=mm&r=g","contentUrl":"https:\/\/secure.gravatar.com\/avatar\/55cb5e37c1efa326397366e6974cb338056df65cb50e7d64d1cf314e87504837?s=96&d=mm&r=g","caption":"Arnaldo Botto"},"url":"https:\/\/www.noticiasradioreflejos.com.ar\/2021\/author\/arnaldo\/"}]}},"_links":{"self":[{"href":"https:\/\/www.noticiasradioreflejos.com.ar\/2021\/wp-json\/wp\/v2\/posts\/65064","targetHints":{"allow":["GET"]}}],"collection":[{"href":"https:\/\/www.noticiasradioreflejos.com.ar\/2021\/wp-json\/wp\/v2\/posts"}],"about":[{"href":"https:\/\/www.noticiasradioreflejos.com.ar\/2021\/wp-json\/wp\/v2\/types\/post"}],"author":[{"embeddable":true,"href":"https:\/\/www.noticiasradioreflejos.com.ar\/2021\/wp-json\/wp\/v2\/users\/3"}],"replies":[{"embeddable":true,"href":"https:\/\/www.noticiasradioreflejos.com.ar\/2021\/wp-json\/wp\/v2\/comments?post=65064"}],"version-history":[{"count":1,"href":"https:\/\/www.noticiasradioreflejos.com.ar\/2021\/wp-json\/wp\/v2\/posts\/65064\/revisions"}],"predecessor-version":[{"id":65066,"href":"https:\/\/www.noticiasradioreflejos.com.ar\/2021\/wp-json\/wp\/v2\/posts\/65064\/revisions\/65066"}],"wp:attachment":[{"href":"https:\/\/www.noticiasradioreflejos.com.ar\/2021\/wp-json\/wp\/v2\/media?parent=65064"}],"wp:term":[{"taxonomy":"category","embeddable":true,"href":"https:\/\/www.noticiasradioreflejos.com.ar\/2021\/wp-json\/wp\/v2\/categories?post=65064"},{"taxonomy":"post_tag","embeddable":true,"href":"https:\/\/www.noticiasradioreflejos.com.ar\/2021\/wp-json\/wp\/v2\/tags?post=65064"}],"curies":[{"name":"wp","href":"https:\/\/api.w.org\/{rel}","templated":true}]}}