{"id":65056,"date":"2021-11-18T00:35:24","date_gmt":"2021-11-18T00:35:24","guid":{"rendered":"http:\/\/www.noticiasradioreflejos.com.ar\/2021\/?p=65056"},"modified":"2021-11-18T00:35:24","modified_gmt":"2021-11-18T00:35:24","slug":"demanda-de-usucapion-como-cuando-y-de-que-manera-se-tramita","status":"publish","type":"post","link":"https:\/\/www.noticiasradioreflejos.com.ar\/2021\/demanda-de-usucapion-como-cuando-y-de-que-manera-se-tramita\/","title":{"rendered":"Demanda de usucapi\u00f3n: Como, cuando y de que manera se tramita."},"content":{"rendered":"<p>Durante su espacio de asesoramiento legal, nos informa\u00a0 sobre juicios y tramites de la usucapi\u00f3n. <!--more--><\/p>\n<p>\u00abEl usucapi\u00f3n es un tr\u00e1mite que se acredita una vez que se puede probar hay 20 a\u00f1os ininterrumpidos de posesi\u00f3n de un terreno, posesi\u00f3n continua y pac\u00edfica\u00bb explic\u00f3 de qu\u00e9 se trata el tema en cuesti\u00f3n.<\/p>\n<p>Leandro coment\u00f3 que la persona calificada como due\u00f1a del terreno, puede tener los servicios con una informaci\u00f3n sumaria, es decir, con la acreditaci\u00f3n de los a\u00f1os respectivos. \u00abLo que pasa es que, hace unos a\u00f1os atr\u00e1s, esto no estaba tan regulado, entonces se daba la posibilidad de que cualquier persona acceda a los servicios simplemente mostrando un boleto de compra-venta\u00bb.<\/p>\n<p>Le preguntamos a Leandro qu\u00e9 sucede si, en una sucesi\u00f3n, alguien se encuentra con personas usurpando el terreno correspondiente: \u00abPrimero, el terreno tiene que estar declarado en la sucesi\u00f3n. Tambi\u00e9n tiene que estar adjudicado a nombre de la persona que va a reclamar la acci\u00f3n reivindicatoria, donde uno acredita que no han pasado los 20 a\u00f1os que exigen las leyes\u00bb.<\/p>\n<p>Leandro tambi\u00e9n explic\u00f3, a grandes rasgos, de qu\u00e9 se trata el juicio de usucapi\u00f3n: \u00abSe hace el juicio de usucapi\u00f3n, se llama a un agrimensor, se acredita el pago de los boletos y testigos. Con eso armamos una demanda con los antecedentes y pedimos que se adjudique a la persona que inici\u00f3 la demanda\u00bb.<\/p>\n<p>Finalmente, Leandro mencion\u00f3 que recibe varias consultas referidas al tema, y que la gente repite \u00abquiero que ese terreno sea mio\u00bb. El jurista menciona que a partir del estudio de las carpetas de los terrenos se ven qu\u00e9 probabilidades hay.<\/p>\n<p>Nota completa a continuaci\u00f3n:<br \/>\n<iframe loading=\"lazy\" src=\"https:\/\/w.soundcloud.com\/player\/?url=https%3A\/\/api.soundcloud.com\/tracks\/1161856099&amp;color=%23ff5500&amp;auto_play=false&amp;hide_related=false&amp;show_comments=true&amp;show_user=true&amp;show_reposts=false&amp;show_teaser=true\" width=\"100%\" height=\"166\" frameborder=\"no\" scrolling=\"no\"><\/iframe><\/p>\n<div style=\"font-size: 10px; color: #cccccc; line-break: anywhere; word-break: normal; overflow: hidden; white-space: nowrap; text-overflow: ellipsis; font-family: Interstate,Lucida Grande,Lucida Sans Unicode,Lucida Sans,Garuda,Verdana,Tahoma,sans-serif; font-weight: 100;\"><a style=\"color: #cccccc; text-decoration: none;\" title=\"fmreflejos 103.7\" href=\"https:\/\/soundcloud.com\/fmreflejos-103-7\" target=\"_blank\" rel=\"noopener\">fmreflejos 103.7<\/a> \u00b7 <a style=\"color: #cccccc; text-decoration: none;\" title=\"Leandro Picardi\" href=\"https:\/\/soundcloud.com\/fmreflejos-103-7\/leandro-picardi-3\" target=\"_blank\" rel=\"noopener\">Leandro Picardi<\/a><\/div>\n","protected":false},"excerpt":{"rendered":"<p>Durante su espacio de asesoramiento legal, nos informa\u00a0 sobre juicios y tramites de la usucapi\u00f3n.<\/p>\n","protected":false},"author":3,"featured_media":65060,"comment_status":"closed","ping_status":"closed","sticky":false,"template":"","format":"standard","meta":{"footnotes":""},"categories":[24,26],"tags":[48],"class_list":["post-65056","post","type-post","status-publish","format-standard","has-post-thumbnail","hentry","category-politica","category-sociedad","tag-destacada"],"yoast_head":"<!-- This site is optimized with the Yoast SEO plugin v25.9 - https:\/\/yoast.com\/wordpress\/plugins\/seo\/ -->\n<title>Demanda de usucapi\u00f3n: Como, cuando y de que manera se tramita. - Noticias Radio Reflejos<\/title>\n<meta name=\"robots\" content=\"index, follow, max-snippet:-1, max-image-preview:large, max-video-preview:-1\" \/>\n<link rel=\"canonical\" href=\"https:\/\/www.noticiasradioreflejos.com.ar\/2021\/demanda-de-usucapion-como-cuando-y-de-que-manera-se-tramita\/\" \/>\n<meta property=\"og:locale\" content=\"es_ES\" \/>\n<meta property=\"og:type\" content=\"article\" \/>\n<meta property=\"og:title\" content=\"Demanda de usucapi\u00f3n: Como, cuando y de que manera se tramita. - Noticias Radio Reflejos\" \/>\n<meta property=\"og:description\" content=\"Durante su espacio de asesoramiento legal, nos informa\u00a0 sobre juicios y tramites de la usucapi\u00f3n.\" \/>\n<meta property=\"og:url\" content=\"https:\/\/www.noticiasradioreflejos.com.ar\/2021\/demanda-de-usucapion-como-cuando-y-de-que-manera-se-tramita\/\" \/>\n<meta property=\"og:site_name\" content=\"Noticias Radio Reflejos\" \/>\n<meta property=\"article:published_time\" content=\"2021-11-18T00:35:24+00:00\" \/>\n<meta property=\"og:image\" content=\"https:\/\/www.noticiasradioreflejos.com.ar\/2021\/wp-content\/uploads\/2021\/11\/usucapion.jpg\" \/>\n\t<meta property=\"og:image:width\" content=\"663\" \/>\n\t<meta property=\"og:image:height\" content=\"378\" \/>\n\t<meta property=\"og:image:type\" content=\"image\/jpeg\" \/>\n<meta name=\"author\" content=\"Arnaldo Botto\" \/>\n<meta name=\"twitter:card\" content=\"summary_large_image\" \/>\n<script type=\"application\/ld+json\" class=\"yoast-schema-graph\">{\"@context\":\"https:\/\/schema.org\",\"@graph\":[{\"@type\":\"WebPage\",\"@id\":\"https:\/\/www.noticiasradioreflejos.com.ar\/2021\/demanda-de-usucapion-como-cuando-y-de-que-manera-se-tramita\/\",\"url\":\"https:\/\/www.noticiasradioreflejos.com.ar\/2021\/demanda-de-usucapion-como-cuando-y-de-que-manera-se-tramita\/\",\"name\":\"Demanda de usucapi\u00f3n: Como, cuando y de que manera se tramita. - Noticias Radio Reflejos\",\"isPartOf\":{\"@id\":\"https:\/\/www.noticiasradioreflejos.com.ar\/2021\/#website\"},\"primaryImageOfPage\":{\"@id\":\"https:\/\/www.noticiasradioreflejos.com.ar\/2021\/demanda-de-usucapion-como-cuando-y-de-que-manera-se-tramita\/#primaryimage\"},\"image\":{\"@id\":\"https:\/\/www.noticiasradioreflejos.com.ar\/2021\/demanda-de-usucapion-como-cuando-y-de-que-manera-se-tramita\/#primaryimage\"},\"thumbnailUrl\":\"https:\/\/www.noticiasradioreflejos.com.ar\/2021\/wp-content\/uploads\/2021\/11\/usucapion.jpg\",\"datePublished\":\"2021-11-18T00:35:24+00:00\",\"author\":{\"@id\":\"https:\/\/www.noticiasradioreflejos.com.ar\/2021\/#\/schema\/person\/ad82545263dcc5ec0996818884fd5fb1\"},\"breadcrumb\":{\"@id\":\"https:\/\/www.noticiasradioreflejos.com.ar\/2021\/demanda-de-usucapion-como-cuando-y-de-que-manera-se-tramita\/#breadcrumb\"},\"inLanguage\":\"es\",\"potentialAction\":[{\"@type\":\"ReadAction\",\"target\":[\"https:\/\/www.noticiasradioreflejos.com.ar\/2021\/demanda-de-usucapion-como-cuando-y-de-que-manera-se-tramita\/\"]}]},{\"@type\":\"ImageObject\",\"inLanguage\":\"es\",\"@id\":\"https:\/\/www.noticiasradioreflejos.com.ar\/2021\/demanda-de-usucapion-como-cuando-y-de-que-manera-se-tramita\/#primaryimage\",\"url\":\"https:\/\/www.noticiasradioreflejos.com.ar\/2021\/wp-content\/uploads\/2021\/11\/usucapion.jpg\",\"contentUrl\":\"https:\/\/www.noticiasradioreflejos.com.ar\/2021\/wp-content\/uploads\/2021\/11\/usucapion.jpg\",\"width\":663,\"height\":378},{\"@type\":\"BreadcrumbList\",\"@id\":\"https:\/\/www.noticiasradioreflejos.com.ar\/2021\/demanda-de-usucapion-como-cuando-y-de-que-manera-se-tramita\/#breadcrumb\",\"itemListElement\":[{\"@type\":\"ListItem\",\"position\":1,\"name\":\"Portada\",\"item\":\"https:\/\/www.noticiasradioreflejos.com.ar\/2021\/\"},{\"@type\":\"ListItem\",\"position\":2,\"name\":\"Demanda de usucapi\u00f3n: Como, cuando y de que manera se tramita.\"}]},{\"@type\":\"WebSite\",\"@id\":\"https:\/\/www.noticiasradioreflejos.com.ar\/2021\/#website\",\"url\":\"https:\/\/www.noticiasradioreflejos.com.ar\/2021\/\",\"name\":\"Noticias Radio Reflejos\",\"description\":\"Las noticias de mi comarca\",\"potentialAction\":[{\"@type\":\"SearchAction\",\"target\":{\"@type\":\"EntryPoint\",\"urlTemplate\":\"https:\/\/www.noticiasradioreflejos.com.ar\/2021\/?s={search_term_string}\"},\"query-input\":{\"@type\":\"PropertyValueSpecification\",\"valueRequired\":true,\"valueName\":\"search_term_string\"}}],\"inLanguage\":\"es\"},{\"@type\":\"Person\",\"@id\":\"https:\/\/www.noticiasradioreflejos.com.ar\/2021\/#\/schema\/person\/ad82545263dcc5ec0996818884fd5fb1\",\"name\":\"Arnaldo Botto\",\"image\":{\"@type\":\"ImageObject\",\"inLanguage\":\"es\",\"@id\":\"https:\/\/www.noticiasradioreflejos.com.ar\/2021\/#\/schema\/person\/image\/\",\"url\":\"https:\/\/secure.gravatar.com\/avatar\/55cb5e37c1efa326397366e6974cb338056df65cb50e7d64d1cf314e87504837?s=96&d=mm&r=g\",\"contentUrl\":\"https:\/\/secure.gravatar.com\/avatar\/55cb5e37c1efa326397366e6974cb338056df65cb50e7d64d1cf314e87504837?s=96&d=mm&r=g\",\"caption\":\"Arnaldo Botto\"},\"url\":\"https:\/\/www.noticiasradioreflejos.com.ar\/2021\/author\/arnaldo\/\"}]}<\/script>\n<!-- \/ Yoast SEO plugin. -->","yoast_head_json":{"title":"Demanda de usucapi\u00f3n: Como, cuando y de que manera se tramita. - Noticias Radio Reflejos","robots":{"index":"index","follow":"follow","max-snippet":"max-snippet:-1","max-image-preview":"max-image-preview:large","max-video-preview":"max-video-preview:-1"},"canonical":"https:\/\/www.noticiasradioreflejos.com.ar\/2021\/demanda-de-usucapion-como-cuando-y-de-que-manera-se-tramita\/","og_locale":"es_ES","og_type":"article","og_title":"Demanda de usucapi\u00f3n: Como, cuando y de que manera se tramita. - Noticias Radio Reflejos","og_description":"Durante su espacio de asesoramiento legal, nos informa\u00a0 sobre juicios y tramites de la usucapi\u00f3n.","og_url":"https:\/\/www.noticiasradioreflejos.com.ar\/2021\/demanda-de-usucapion-como-cuando-y-de-que-manera-se-tramita\/","og_site_name":"Noticias Radio Reflejos","article_published_time":"2021-11-18T00:35:24+00:00","og_image":[{"width":663,"height":378,"url":"https:\/\/www.noticiasradioreflejos.com.ar\/2021\/wp-content\/uploads\/2021\/11\/usucapion.jpg","type":"image\/jpeg"}],"author":"Arnaldo Botto","twitter_card":"summary_large_image","schema":{"@context":"https:\/\/schema.org","@graph":[{"@type":"WebPage","@id":"https:\/\/www.noticiasradioreflejos.com.ar\/2021\/demanda-de-usucapion-como-cuando-y-de-que-manera-se-tramita\/","url":"https:\/\/www.noticiasradioreflejos.com.ar\/2021\/demanda-de-usucapion-como-cuando-y-de-que-manera-se-tramita\/","name":"Demanda de usucapi\u00f3n: Como, cuando y de que manera se tramita. - Noticias Radio Reflejos","isPartOf":{"@id":"https:\/\/www.noticiasradioreflejos.com.ar\/2021\/#website"},"primaryImageOfPage":{"@id":"https:\/\/www.noticiasradioreflejos.com.ar\/2021\/demanda-de-usucapion-como-cuando-y-de-que-manera-se-tramita\/#primaryimage"},"image":{"@id":"https:\/\/www.noticiasradioreflejos.com.ar\/2021\/demanda-de-usucapion-como-cuando-y-de-que-manera-se-tramita\/#primaryimage"},"thumbnailUrl":"https:\/\/www.noticiasradioreflejos.com.ar\/2021\/wp-content\/uploads\/2021\/11\/usucapion.jpg","datePublished":"2021-11-18T00:35:24+00:00","author":{"@id":"https:\/\/www.noticiasradioreflejos.com.ar\/2021\/#\/schema\/person\/ad82545263dcc5ec0996818884fd5fb1"},"breadcrumb":{"@id":"https:\/\/www.noticiasradioreflejos.com.ar\/2021\/demanda-de-usucapion-como-cuando-y-de-que-manera-se-tramita\/#breadcrumb"},"inLanguage":"es","potentialAction":[{"@type":"ReadAction","target":["https:\/\/www.noticiasradioreflejos.com.ar\/2021\/demanda-de-usucapion-como-cuando-y-de-que-manera-se-tramita\/"]}]},{"@type":"ImageObject","inLanguage":"es","@id":"https:\/\/www.noticiasradioreflejos.com.ar\/2021\/demanda-de-usucapion-como-cuando-y-de-que-manera-se-tramita\/#primaryimage","url":"https:\/\/www.noticiasradioreflejos.com.ar\/2021\/wp-content\/uploads\/2021\/11\/usucapion.jpg","contentUrl":"https:\/\/www.noticiasradioreflejos.com.ar\/2021\/wp-content\/uploads\/2021\/11\/usucapion.jpg","width":663,"height":378},{"@type":"BreadcrumbList","@id":"https:\/\/www.noticiasradioreflejos.com.ar\/2021\/demanda-de-usucapion-como-cuando-y-de-que-manera-se-tramita\/#breadcrumb","itemListElement":[{"@type":"ListItem","position":1,"name":"Portada","item":"https:\/\/www.noticiasradioreflejos.com.ar\/2021\/"},{"@type":"ListItem","position":2,"name":"Demanda de usucapi\u00f3n: Como, cuando y de que manera se tramita."}]},{"@type":"WebSite","@id":"https:\/\/www.noticiasradioreflejos.com.ar\/2021\/#website","url":"https:\/\/www.noticiasradioreflejos.com.ar\/2021\/","name":"Noticias Radio Reflejos","description":"Las noticias de mi comarca","potentialAction":[{"@type":"SearchAction","target":{"@type":"EntryPoint","urlTemplate":"https:\/\/www.noticiasradioreflejos.com.ar\/2021\/?s={search_term_string}"},"query-input":{"@type":"PropertyValueSpecification","valueRequired":true,"valueName":"search_term_string"}}],"inLanguage":"es"},{"@type":"Person","@id":"https:\/\/www.noticiasradioreflejos.com.ar\/2021\/#\/schema\/person\/ad82545263dcc5ec0996818884fd5fb1","name":"Arnaldo Botto","image":{"@type":"ImageObject","inLanguage":"es","@id":"https:\/\/www.noticiasradioreflejos.com.ar\/2021\/#\/schema\/person\/image\/","url":"https:\/\/secure.gravatar.com\/avatar\/55cb5e37c1efa326397366e6974cb338056df65cb50e7d64d1cf314e87504837?s=96&d=mm&r=g","contentUrl":"https:\/\/secure.gravatar.com\/avatar\/55cb5e37c1efa326397366e6974cb338056df65cb50e7d64d1cf314e87504837?s=96&d=mm&r=g","caption":"Arnaldo Botto"},"url":"https:\/\/www.noticiasradioreflejos.com.ar\/2021\/author\/arnaldo\/"}]}},"_links":{"self":[{"href":"https:\/\/www.noticiasradioreflejos.com.ar\/2021\/wp-json\/wp\/v2\/posts\/65056","targetHints":{"allow":["GET"]}}],"collection":[{"href":"https:\/\/www.noticiasradioreflejos.com.ar\/2021\/wp-json\/wp\/v2\/posts"}],"about":[{"href":"https:\/\/www.noticiasradioreflejos.com.ar\/2021\/wp-json\/wp\/v2\/types\/post"}],"author":[{"embeddable":true,"href":"https:\/\/www.noticiasradioreflejos.com.ar\/2021\/wp-json\/wp\/v2\/users\/3"}],"replies":[{"embeddable":true,"href":"https:\/\/www.noticiasradioreflejos.com.ar\/2021\/wp-json\/wp\/v2\/comments?post=65056"}],"version-history":[{"count":2,"href":"https:\/\/www.noticiasradioreflejos.com.ar\/2021\/wp-json\/wp\/v2\/posts\/65056\/revisions"}],"predecessor-version":[{"id":65061,"href":"https:\/\/www.noticiasradioreflejos.com.ar\/2021\/wp-json\/wp\/v2\/posts\/65056\/revisions\/65061"}],"wp:featuredmedia":[{"embeddable":true,"href":"https:\/\/www.noticiasradioreflejos.com.ar\/2021\/wp-json\/wp\/v2\/media\/65060"}],"wp:attachment":[{"href":"https:\/\/www.noticiasradioreflejos.com.ar\/2021\/wp-json\/wp\/v2\/media?parent=65056"}],"wp:term":[{"taxonomy":"category","embeddable":true,"href":"https:\/\/www.noticiasradioreflejos.com.ar\/2021\/wp-json\/wp\/v2\/categories?post=65056"},{"taxonomy":"post_tag","embeddable":true,"href":"https:\/\/www.noticiasradioreflejos.com.ar\/2021\/wp-json\/wp\/v2\/tags?post=65056"}],"curies":[{"name":"wp","href":"https:\/\/api.w.org\/{rel}","templated":true}]}}