{"id":65048,"date":"2021-11-18T00:26:31","date_gmt":"2021-11-18T00:26:31","guid":{"rendered":"http:\/\/www.noticiasradioreflejos.com.ar\/2021\/?p=65048"},"modified":"2021-11-18T00:27:03","modified_gmt":"2021-11-18T00:27:03","slug":"tratamos-de-generar-propuestas-que-lleve-todo-al-estudio-de-mercado-al-estudio-de-costos-oportunidades-dentro-del-contexto-productivo-local","status":"publish","type":"post","link":"https:\/\/www.noticiasradioreflejos.com.ar\/2021\/tratamos-de-generar-propuestas-que-lleve-todo-al-estudio-de-mercado-al-estudio-de-costos-oportunidades-dentro-del-contexto-productivo-local\/","title":{"rendered":"\u00abTratamos de generar propuestas que lleve todo al estudio de mercado, al estudio de costos, oportunidades dentro del contexto productivo local\u00bb"},"content":{"rendered":"<p>El licenciado en administraci\u00f3n de empresas y docente, estar\u00e1 al frente del <strong>Curso de Dise\u00f1o y Elaboraci\u00f3n de Proyectos Productivos<\/strong> que inicia este <strong>viernes 19 de noviembre en Sierra de la Ventana<\/strong>. Esta ma\u00f1ana, lo entrevistamos para que nos informe acerca de los detalles.<!--more--><\/p>\n<p><a title=\"WhatsApp Image 2021-10-28 at 16.26.44\" href=\"https:\/\/www.flickr.com\/photos\/182279889@N02\/51636051611\/in\/dateposted-public\/\" data-flickr-embed=\"true\"><img loading=\"lazy\" decoding=\"async\" src=\"https:\/\/live.staticflickr.com\/65535\/51636051611_58e0e15f67_z.jpg\" alt=\"WhatsApp Image 2021-10-28 at 16.26.44\" width=\"640\" height=\"640\" \/><\/a><script async src=\"\/\/embedr.flickr.com\/assets\/client-code.js\" charset=\"utf-8\"><\/script><\/p>\n<p>Santiago es nacido y criado en Tornquist. Fue a estudiar a Bah\u00eda Blanca y se recibi\u00f3 de Licenciado en Administraci\u00f3n de Empresas. Luego de trabajar en el \u00e1mbito privado, realiz\u00f3 el tramo de formaci\u00f3n pedag\u00f3gico-profesional en la Unidad Acad\u00e9mica de Tornquist.<\/p>\n<p>\u00abEste curso se da en el marco de la educaci\u00f3n no formal de la Escuela Agraria N\u00b0 1 de Tornquist. Est\u00e1 abierto a todo el p\u00fablico y es gratuito\u00bb present\u00f3 el curso el docente Santiago Musso.<\/p>\n<p>\u00abTrabajamos de la idea de lo que son proyectos. Partimos de una idea, y tratamos de generar propuestas que lleve todo al estudio de mercado, al estudio de costos, oportunidades dentro del contexto productivo local, para poder darle viabilidad al proyecto que tienen\u00bb mencion\u00f3 Santiago los contenidos del curso.<\/p>\n<p><a title=\"Santiago Musso (3)\" href=\"https:\/\/www.flickr.com\/photos\/182279889@N02\/51688038974\/in\/dateposted-public\/\" data-flickr-embed=\"true\"><img loading=\"lazy\" decoding=\"async\" src=\"https:\/\/live.staticflickr.com\/65535\/51688038974_64bf269226_z.jpg\" alt=\"Santiago Musso (3)\" width=\"640\" height=\"640\" \/><\/a><script async src=\"\/\/embedr.flickr.com\/assets\/client-code.js\" charset=\"utf-8\"><\/script><\/p>\n<p>Santiago aclar\u00f3 que el curso est\u00e1 pensado tanto como para aquellos que ya tienen alguna idea en la cabeza o alg\u00fan proyecto, como para aquel que no tiene nada pensado. \u00abLa idea del curso es esa, poder potenciarte a partir de otros proyectos\u00bb. Adem\u00e1s, agreg\u00f3 que se han inscripto personas de todas las edades, hasta chicos que a\u00fan est\u00e1n cursando la secundaria.<\/p>\n<p>\u00abLa idea es que, cuando se termine el curso, adem\u00e1s de haber pasado toda la evaluaci\u00f3n y la parte de viabilidad econ\u00f3mica, tambi\u00e9n tengan armada la carpeta para poder presentarla en cualquier oportunidad que se les presente\u00bb habl\u00f3 sobre la importancia de contar una carpeta con el proyecto para sus alumnos.<\/p>\n<p><img loading=\"lazy\" decoding=\"async\" class=\"aligncenter size-full wp-image-65054\" src=\"http:\/\/www.noticiasradioreflejos.com.ar\/2021\/wp-content\/uploads\/2021\/11\/WhatsApp-Image-2021-11-17-at-10.21.07.jpeg\" alt=\"\" width=\"1080\" height=\"1080\" \/><\/p>\n<p><iframe loading=\"lazy\" src=\"https:\/\/w.soundcloud.com\/player\/?url=https%3A\/\/api.soundcloud.com\/tracks\/1161850012&amp;color=%23ff5500&amp;auto_play=false&amp;hide_related=false&amp;show_comments=true&amp;show_user=true&amp;show_reposts=false&amp;show_teaser=true\" width=\"100%\" height=\"166\" frameborder=\"no\" scrolling=\"no\"><\/iframe><\/p>\n<div style=\"font-size: 10px; color: #cccccc; line-break: anywhere; word-break: normal; overflow: hidden; white-space: nowrap; text-overflow: ellipsis; font-family: Interstate,Lucida Grande,Lucida Sans Unicode,Lucida Sans,Garuda,Verdana,Tahoma,sans-serif; font-weight: 100;\"><a style=\"color: #cccccc; text-decoration: none;\" title=\"fmreflejos 103.7\" href=\"https:\/\/soundcloud.com\/fmreflejos-103-7\" target=\"_blank\" rel=\"noopener\">fmreflejos 103.7<\/a> \u00b7 <a style=\"color: #cccccc; text-decoration: none;\" title=\"Santiago Musso\" href=\"https:\/\/soundcloud.com\/fmreflejos-103-7\/santiago-musso\" target=\"_blank\" rel=\"noopener\">Santiago Musso<\/a><\/div>\n","protected":false},"excerpt":{"rendered":"<p>El licenciado en administraci\u00f3n de empresas y docente, estar\u00e1 al frente del Curso de Dise\u00f1o y Elaboraci\u00f3n de Proyectos Productivos que inicia este viernes 19 de noviembre en Sierra de la Ventana. Esta ma\u00f1ana, lo entrevistamos para que nos informe acerca de los detalles.<\/p>\n","protected":false},"author":3,"featured_media":0,"comment_status":"closed","ping_status":"closed","sticky":false,"template":"","format":"standard","meta":{"footnotes":""},"categories":[34],"tags":[48],"class_list":["post-65048","post","type-post","status-publish","format-standard","hentry","category-educacion","tag-destacada"],"yoast_head":"<!-- This site is optimized with the Yoast SEO plugin v25.9 - https:\/\/yoast.com\/wordpress\/plugins\/seo\/ -->\n<title>&quot;Tratamos de generar propuestas que lleve todo al estudio de mercado, al estudio de costos, oportunidades dentro del contexto productivo local&quot; - Noticias Radio Reflejos<\/title>\n<meta name=\"robots\" content=\"index, follow, max-snippet:-1, max-image-preview:large, max-video-preview:-1\" \/>\n<link rel=\"canonical\" href=\"https:\/\/www.noticiasradioreflejos.com.ar\/2021\/tratamos-de-generar-propuestas-que-lleve-todo-al-estudio-de-mercado-al-estudio-de-costos-oportunidades-dentro-del-contexto-productivo-local\/\" \/>\n<meta property=\"og:locale\" content=\"es_ES\" \/>\n<meta property=\"og:type\" content=\"article\" \/>\n<meta property=\"og:title\" content=\"&quot;Tratamos de generar propuestas que lleve todo al estudio de mercado, al estudio de costos, oportunidades dentro del contexto productivo local&quot; - Noticias Radio Reflejos\" \/>\n<meta property=\"og:description\" content=\"El licenciado en administraci\u00f3n de empresas y docente, estar\u00e1 al frente del Curso de Dise\u00f1o y Elaboraci\u00f3n de Proyectos Productivos que inicia este viernes 19 de noviembre en Sierra de la Ventana. Esta ma\u00f1ana, lo entrevistamos para que nos informe acerca de los detalles.\" \/>\n<meta property=\"og:url\" content=\"https:\/\/www.noticiasradioreflejos.com.ar\/2021\/tratamos-de-generar-propuestas-que-lleve-todo-al-estudio-de-mercado-al-estudio-de-costos-oportunidades-dentro-del-contexto-productivo-local\/\" \/>\n<meta property=\"og:site_name\" content=\"Noticias Radio Reflejos\" \/>\n<meta property=\"article:published_time\" content=\"2021-11-18T00:26:31+00:00\" \/>\n<meta property=\"article:modified_time\" content=\"2021-11-18T00:27:03+00:00\" \/>\n<meta property=\"og:image\" content=\"https:\/\/live.staticflickr.com\/65535\/51636051611_58e0e15f67_z.jpg\" \/>\n<meta name=\"author\" content=\"Arnaldo Botto\" \/>\n<meta name=\"twitter:card\" content=\"summary_large_image\" \/>\n<script type=\"application\/ld+json\" class=\"yoast-schema-graph\">{\"@context\":\"https:\/\/schema.org\",\"@graph\":[{\"@type\":\"WebPage\",\"@id\":\"https:\/\/www.noticiasradioreflejos.com.ar\/2021\/tratamos-de-generar-propuestas-que-lleve-todo-al-estudio-de-mercado-al-estudio-de-costos-oportunidades-dentro-del-contexto-productivo-local\/\",\"url\":\"https:\/\/www.noticiasradioreflejos.com.ar\/2021\/tratamos-de-generar-propuestas-que-lleve-todo-al-estudio-de-mercado-al-estudio-de-costos-oportunidades-dentro-del-contexto-productivo-local\/\",\"name\":\"\\\"Tratamos de generar propuestas que lleve todo al estudio de mercado, al estudio de costos, oportunidades dentro del contexto productivo local\\\" - Noticias Radio Reflejos\",\"isPartOf\":{\"@id\":\"https:\/\/www.noticiasradioreflejos.com.ar\/2021\/#website\"},\"primaryImageOfPage\":{\"@id\":\"https:\/\/www.noticiasradioreflejos.com.ar\/2021\/tratamos-de-generar-propuestas-que-lleve-todo-al-estudio-de-mercado-al-estudio-de-costos-oportunidades-dentro-del-contexto-productivo-local\/#primaryimage\"},\"image\":{\"@id\":\"https:\/\/www.noticiasradioreflejos.com.ar\/2021\/tratamos-de-generar-propuestas-que-lleve-todo-al-estudio-de-mercado-al-estudio-de-costos-oportunidades-dentro-del-contexto-productivo-local\/#primaryimage\"},\"thumbnailUrl\":\"https:\/\/live.staticflickr.com\/65535\/51636051611_58e0e15f67_z.jpg\",\"datePublished\":\"2021-11-18T00:26:31+00:00\",\"dateModified\":\"2021-11-18T00:27:03+00:00\",\"author\":{\"@id\":\"https:\/\/www.noticiasradioreflejos.com.ar\/2021\/#\/schema\/person\/ad82545263dcc5ec0996818884fd5fb1\"},\"breadcrumb\":{\"@id\":\"https:\/\/www.noticiasradioreflejos.com.ar\/2021\/tratamos-de-generar-propuestas-que-lleve-todo-al-estudio-de-mercado-al-estudio-de-costos-oportunidades-dentro-del-contexto-productivo-local\/#breadcrumb\"},\"inLanguage\":\"es\",\"potentialAction\":[{\"@type\":\"ReadAction\",\"target\":[\"https:\/\/www.noticiasradioreflejos.com.ar\/2021\/tratamos-de-generar-propuestas-que-lleve-todo-al-estudio-de-mercado-al-estudio-de-costos-oportunidades-dentro-del-contexto-productivo-local\/\"]}]},{\"@type\":\"ImageObject\",\"inLanguage\":\"es\",\"@id\":\"https:\/\/www.noticiasradioreflejos.com.ar\/2021\/tratamos-de-generar-propuestas-que-lleve-todo-al-estudio-de-mercado-al-estudio-de-costos-oportunidades-dentro-del-contexto-productivo-local\/#primaryimage\",\"url\":\"https:\/\/live.staticflickr.com\/65535\/51636051611_58e0e15f67_z.jpg\",\"contentUrl\":\"https:\/\/live.staticflickr.com\/65535\/51636051611_58e0e15f67_z.jpg\"},{\"@type\":\"BreadcrumbList\",\"@id\":\"https:\/\/www.noticiasradioreflejos.com.ar\/2021\/tratamos-de-generar-propuestas-que-lleve-todo-al-estudio-de-mercado-al-estudio-de-costos-oportunidades-dentro-del-contexto-productivo-local\/#breadcrumb\",\"itemListElement\":[{\"@type\":\"ListItem\",\"position\":1,\"name\":\"Portada\",\"item\":\"https:\/\/www.noticiasradioreflejos.com.ar\/2021\/\"},{\"@type\":\"ListItem\",\"position\":2,\"name\":\"\u00abTratamos de generar propuestas que lleve todo al estudio de mercado, al estudio de costos, oportunidades dentro del contexto productivo local\u00bb\"}]},{\"@type\":\"WebSite\",\"@id\":\"https:\/\/www.noticiasradioreflejos.com.ar\/2021\/#website\",\"url\":\"https:\/\/www.noticiasradioreflejos.com.ar\/2021\/\",\"name\":\"Noticias Radio Reflejos\",\"description\":\"Las noticias de mi comarca\",\"potentialAction\":[{\"@type\":\"SearchAction\",\"target\":{\"@type\":\"EntryPoint\",\"urlTemplate\":\"https:\/\/www.noticiasradioreflejos.com.ar\/2021\/?s={search_term_string}\"},\"query-input\":{\"@type\":\"PropertyValueSpecification\",\"valueRequired\":true,\"valueName\":\"search_term_string\"}}],\"inLanguage\":\"es\"},{\"@type\":\"Person\",\"@id\":\"https:\/\/www.noticiasradioreflejos.com.ar\/2021\/#\/schema\/person\/ad82545263dcc5ec0996818884fd5fb1\",\"name\":\"Arnaldo Botto\",\"image\":{\"@type\":\"ImageObject\",\"inLanguage\":\"es\",\"@id\":\"https:\/\/www.noticiasradioreflejos.com.ar\/2021\/#\/schema\/person\/image\/\",\"url\":\"https:\/\/secure.gravatar.com\/avatar\/55cb5e37c1efa326397366e6974cb338056df65cb50e7d64d1cf314e87504837?s=96&d=mm&r=g\",\"contentUrl\":\"https:\/\/secure.gravatar.com\/avatar\/55cb5e37c1efa326397366e6974cb338056df65cb50e7d64d1cf314e87504837?s=96&d=mm&r=g\",\"caption\":\"Arnaldo Botto\"},\"url\":\"https:\/\/www.noticiasradioreflejos.com.ar\/2021\/author\/arnaldo\/\"}]}<\/script>\n<!-- \/ Yoast SEO plugin. -->","yoast_head_json":{"title":"\"Tratamos de generar propuestas que lleve todo al estudio de mercado, al estudio de costos, oportunidades dentro del contexto productivo local\" - Noticias Radio Reflejos","robots":{"index":"index","follow":"follow","max-snippet":"max-snippet:-1","max-image-preview":"max-image-preview:large","max-video-preview":"max-video-preview:-1"},"canonical":"https:\/\/www.noticiasradioreflejos.com.ar\/2021\/tratamos-de-generar-propuestas-que-lleve-todo-al-estudio-de-mercado-al-estudio-de-costos-oportunidades-dentro-del-contexto-productivo-local\/","og_locale":"es_ES","og_type":"article","og_title":"\"Tratamos de generar propuestas que lleve todo al estudio de mercado, al estudio de costos, oportunidades dentro del contexto productivo local\" - Noticias Radio Reflejos","og_description":"El licenciado en administraci\u00f3n de empresas y docente, estar\u00e1 al frente del Curso de Dise\u00f1o y Elaboraci\u00f3n de Proyectos Productivos que inicia este viernes 19 de noviembre en Sierra de la Ventana. Esta ma\u00f1ana, lo entrevistamos para que nos informe acerca de los detalles.","og_url":"https:\/\/www.noticiasradioreflejos.com.ar\/2021\/tratamos-de-generar-propuestas-que-lleve-todo-al-estudio-de-mercado-al-estudio-de-costos-oportunidades-dentro-del-contexto-productivo-local\/","og_site_name":"Noticias Radio Reflejos","article_published_time":"2021-11-18T00:26:31+00:00","article_modified_time":"2021-11-18T00:27:03+00:00","og_image":[{"url":"https:\/\/live.staticflickr.com\/65535\/51636051611_58e0e15f67_z.jpg","type":"","width":"","height":""}],"author":"Arnaldo Botto","twitter_card":"summary_large_image","schema":{"@context":"https:\/\/schema.org","@graph":[{"@type":"WebPage","@id":"https:\/\/www.noticiasradioreflejos.com.ar\/2021\/tratamos-de-generar-propuestas-que-lleve-todo-al-estudio-de-mercado-al-estudio-de-costos-oportunidades-dentro-del-contexto-productivo-local\/","url":"https:\/\/www.noticiasradioreflejos.com.ar\/2021\/tratamos-de-generar-propuestas-que-lleve-todo-al-estudio-de-mercado-al-estudio-de-costos-oportunidades-dentro-del-contexto-productivo-local\/","name":"\"Tratamos de generar propuestas que lleve todo al estudio de mercado, al estudio de costos, oportunidades dentro del contexto productivo local\" - Noticias Radio Reflejos","isPartOf":{"@id":"https:\/\/www.noticiasradioreflejos.com.ar\/2021\/#website"},"primaryImageOfPage":{"@id":"https:\/\/www.noticiasradioreflejos.com.ar\/2021\/tratamos-de-generar-propuestas-que-lleve-todo-al-estudio-de-mercado-al-estudio-de-costos-oportunidades-dentro-del-contexto-productivo-local\/#primaryimage"},"image":{"@id":"https:\/\/www.noticiasradioreflejos.com.ar\/2021\/tratamos-de-generar-propuestas-que-lleve-todo-al-estudio-de-mercado-al-estudio-de-costos-oportunidades-dentro-del-contexto-productivo-local\/#primaryimage"},"thumbnailUrl":"https:\/\/live.staticflickr.com\/65535\/51636051611_58e0e15f67_z.jpg","datePublished":"2021-11-18T00:26:31+00:00","dateModified":"2021-11-18T00:27:03+00:00","author":{"@id":"https:\/\/www.noticiasradioreflejos.com.ar\/2021\/#\/schema\/person\/ad82545263dcc5ec0996818884fd5fb1"},"breadcrumb":{"@id":"https:\/\/www.noticiasradioreflejos.com.ar\/2021\/tratamos-de-generar-propuestas-que-lleve-todo-al-estudio-de-mercado-al-estudio-de-costos-oportunidades-dentro-del-contexto-productivo-local\/#breadcrumb"},"inLanguage":"es","potentialAction":[{"@type":"ReadAction","target":["https:\/\/www.noticiasradioreflejos.com.ar\/2021\/tratamos-de-generar-propuestas-que-lleve-todo-al-estudio-de-mercado-al-estudio-de-costos-oportunidades-dentro-del-contexto-productivo-local\/"]}]},{"@type":"ImageObject","inLanguage":"es","@id":"https:\/\/www.noticiasradioreflejos.com.ar\/2021\/tratamos-de-generar-propuestas-que-lleve-todo-al-estudio-de-mercado-al-estudio-de-costos-oportunidades-dentro-del-contexto-productivo-local\/#primaryimage","url":"https:\/\/live.staticflickr.com\/65535\/51636051611_58e0e15f67_z.jpg","contentUrl":"https:\/\/live.staticflickr.com\/65535\/51636051611_58e0e15f67_z.jpg"},{"@type":"BreadcrumbList","@id":"https:\/\/www.noticiasradioreflejos.com.ar\/2021\/tratamos-de-generar-propuestas-que-lleve-todo-al-estudio-de-mercado-al-estudio-de-costos-oportunidades-dentro-del-contexto-productivo-local\/#breadcrumb","itemListElement":[{"@type":"ListItem","position":1,"name":"Portada","item":"https:\/\/www.noticiasradioreflejos.com.ar\/2021\/"},{"@type":"ListItem","position":2,"name":"\u00abTratamos de generar propuestas que lleve todo al estudio de mercado, al estudio de costos, oportunidades dentro del contexto productivo local\u00bb"}]},{"@type":"WebSite","@id":"https:\/\/www.noticiasradioreflejos.com.ar\/2021\/#website","url":"https:\/\/www.noticiasradioreflejos.com.ar\/2021\/","name":"Noticias Radio Reflejos","description":"Las noticias de mi comarca","potentialAction":[{"@type":"SearchAction","target":{"@type":"EntryPoint","urlTemplate":"https:\/\/www.noticiasradioreflejos.com.ar\/2021\/?s={search_term_string}"},"query-input":{"@type":"PropertyValueSpecification","valueRequired":true,"valueName":"search_term_string"}}],"inLanguage":"es"},{"@type":"Person","@id":"https:\/\/www.noticiasradioreflejos.com.ar\/2021\/#\/schema\/person\/ad82545263dcc5ec0996818884fd5fb1","name":"Arnaldo Botto","image":{"@type":"ImageObject","inLanguage":"es","@id":"https:\/\/www.noticiasradioreflejos.com.ar\/2021\/#\/schema\/person\/image\/","url":"https:\/\/secure.gravatar.com\/avatar\/55cb5e37c1efa326397366e6974cb338056df65cb50e7d64d1cf314e87504837?s=96&d=mm&r=g","contentUrl":"https:\/\/secure.gravatar.com\/avatar\/55cb5e37c1efa326397366e6974cb338056df65cb50e7d64d1cf314e87504837?s=96&d=mm&r=g","caption":"Arnaldo Botto"},"url":"https:\/\/www.noticiasradioreflejos.com.ar\/2021\/author\/arnaldo\/"}]}},"_links":{"self":[{"href":"https:\/\/www.noticiasradioreflejos.com.ar\/2021\/wp-json\/wp\/v2\/posts\/65048","targetHints":{"allow":["GET"]}}],"collection":[{"href":"https:\/\/www.noticiasradioreflejos.com.ar\/2021\/wp-json\/wp\/v2\/posts"}],"about":[{"href":"https:\/\/www.noticiasradioreflejos.com.ar\/2021\/wp-json\/wp\/v2\/types\/post"}],"author":[{"embeddable":true,"href":"https:\/\/www.noticiasradioreflejos.com.ar\/2021\/wp-json\/wp\/v2\/users\/3"}],"replies":[{"embeddable":true,"href":"https:\/\/www.noticiasradioreflejos.com.ar\/2021\/wp-json\/wp\/v2\/comments?post=65048"}],"version-history":[{"count":2,"href":"https:\/\/www.noticiasradioreflejos.com.ar\/2021\/wp-json\/wp\/v2\/posts\/65048\/revisions"}],"predecessor-version":[{"id":65059,"href":"https:\/\/www.noticiasradioreflejos.com.ar\/2021\/wp-json\/wp\/v2\/posts\/65048\/revisions\/65059"}],"wp:attachment":[{"href":"https:\/\/www.noticiasradioreflejos.com.ar\/2021\/wp-json\/wp\/v2\/media?parent=65048"}],"wp:term":[{"taxonomy":"category","embeddable":true,"href":"https:\/\/www.noticiasradioreflejos.com.ar\/2021\/wp-json\/wp\/v2\/categories?post=65048"},{"taxonomy":"post_tag","embeddable":true,"href":"https:\/\/www.noticiasradioreflejos.com.ar\/2021\/wp-json\/wp\/v2\/tags?post=65048"}],"curies":[{"name":"wp","href":"https:\/\/api.w.org\/{rel}","templated":true}]}}