{"id":64933,"date":"2021-11-16T00:19:28","date_gmt":"2021-11-16T00:19:28","guid":{"rendered":"http:\/\/www.noticiasradioreflejos.com.ar\/2021\/?p=64933"},"modified":"2021-11-16T00:19:28","modified_gmt":"2021-11-16T00:19:28","slug":"todas-las-areas-van-a-tener-que-hacer-una-autocritica-al-respecto-y-ver-que-podemos-mejorar-para-ayudarlo-al-intendente-a-llevarle-una-respuesta-a-los-vecinos","status":"publish","type":"post","link":"https:\/\/www.noticiasradioreflejos.com.ar\/2021\/todas-las-areas-van-a-tener-que-hacer-una-autocritica-al-respecto-y-ver-que-podemos-mejorar-para-ayudarlo-al-intendente-a-llevarle-una-respuesta-a-los-vecinos\/","title":{"rendered":"\u00abTodas las \u00e1reas van a tener que hacer una autocr\u00edtica al respecto y ver qu\u00e9 podemos mejorar para ayudarlo al intendente a llevarle una respuesta a los vecinos\u00bb"},"content":{"rendered":"<p>Elegido concejal representando a Acci\u00f3n por Tornquist, Bruno contesta a las declaraciones de Luis Castro en contra de determinadas acciones realizadas durante la campa\u00f1a en las que acus\u00f3 al vecinalismo de \u00abApretar empleados para obtener votos\u00bb y repartir materiales de construcci\u00f3n con el dinero de los contribuyentes. <!--more--><\/p>\n<p>Le consultamos a Bruno c\u00f3mo vivi\u00f3 la elecci\u00f3n desde el debate hasta los resultados de ayer: \u00abVivirlo, primero intensamente, porque es un momento de tensi\u00f3n total, donde uno pone en juego no solo el futuro de lo que va a venir a nivel comunitario, sino tambi\u00e9n el futuro propio. Creo que en Tornquist, hemos logrado unas elecciones limpias\u00bb. Agreg\u00f3 que est\u00e1 muy feliz con los nuevos resultados, porque son una fuerza nueva, con una boleta corta, que no tiene arrastre, y porque vinieron trabajando para ser la fuerza que m\u00e1s creci\u00f3 desde las elecciones primarias a las generales.<\/p>\n<p>\u00abA nosotros no nos capacitan para ser pol\u00edticos, sino para analizar la pol\u00edtica y a estudiar la pol\u00edtica\u00bb explic\u00f3 en relaci\u00f3n a su formaci\u00f3n como Licenciado en Ciencias Pol\u00edticas. Aunque admiti\u00f3 que \u00abes cierto que te da una cierta cantidad de herramientas para que se siente en frente un economista, un licenciado en educaci\u00f3n, y puedas entenderle de lo que est\u00e1 hablando, m\u00e1s all\u00e1 de las cuestiones t\u00e9cnicas\u00bb.<\/p>\n<p>\u00abEl 10 de diciembre voy a asumir en el Concejo Deliberante\u00bb expres\u00f3 para que la gente se quede despejada de dudas, por su cargo en el Ejecutivo municipal.<\/p>\n<p>Bruno respondi\u00f3 a las acusaciones de Luis Castro, quien denunci\u00f3 p\u00fablicamente la compra de votos con repartici\u00f3n de materiales y dem\u00e1s a los vecinos: \u00abYo creo que hoy lleg\u00f3 el momento de que los candidatos dejemos de discutir, la elecci\u00f3n ya pas\u00f3, es momento de que nos pongamos a trabajar. En nuestro caso, me quedo tranquilo de que las nuestras son propuestas concretas. En lo personal, estoy muy tranquilo con el trabajo que se hizo. La gente ya no come vidrio, a la gente no se la aprieta, nada te asegura el voto, la ciudadan\u00eda ha crecido\u00bb.<\/p>\n<p>\u00abTodos tenemos que hacer una autocr\u00edtica y llev\u00e1rsela al escritorio al intendente, que es a quien la gente vot\u00f3. Cuando uno tiene un resultado electoral adverso, es una sumatoria de errores, y todas las \u00e1reas van a tener que hacer una autocr\u00edtica al respecto y ver qu\u00e9 podemos mejorar para ayudarlo al intendente a llevarle una respuesta a los vecinos\u00bb hizo un balance sobre los resultados de las elecciones.<\/p>\n<p>\u00abDejamos una estructura funcionando gracias a la libertad y al apoyo que me dio Sergio\u00bb expres\u00f3 en relaci\u00f3n a la Subsecretar\u00eda de Juventudes, Pol\u00edticas de G\u00e9nero y Diversidades que deja a partir del 10 de diciembre para entrar a trabajar en el Honorable Concejo Deliberante.<\/p>\n<p>Nota completa a continuaci\u00f3n:<br \/>\n<iframe loading=\"lazy\" src=\"https:\/\/w.soundcloud.com\/player\/?url=https%3A\/\/api.soundcloud.com\/tracks\/1160423776&amp;color=%23ff5500&amp;auto_play=false&amp;hide_related=false&amp;show_comments=true&amp;show_user=true&amp;show_reposts=false&amp;show_teaser=true\" width=\"100%\" height=\"166\" frameborder=\"no\" scrolling=\"no\"><\/iframe><\/p>\n<div style=\"font-size: 10px; color: #cccccc; line-break: anywhere; word-break: normal; overflow: hidden; white-space: nowrap; text-overflow: ellipsis; font-family: Interstate,Lucida Grande,Lucida Sans Unicode,Lucida Sans,Garuda,Verdana,Tahoma,sans-serif; font-weight: 100;\"><a style=\"color: #cccccc; text-decoration: none;\" title=\"fmreflejos 103.7\" href=\"https:\/\/soundcloud.com\/fmreflejos-103-7\" target=\"_blank\" rel=\"noopener\">fmreflejos 103.7<\/a> \u00b7 <a style=\"color: #cccccc; text-decoration: none;\" title=\"Bruno Zaconni\" href=\"https:\/\/soundcloud.com\/fmreflejos-103-7\/bruno-zaconni-1\" target=\"_blank\" rel=\"noopener\">Bruno Zaconni<\/a><\/div>\n","protected":false},"excerpt":{"rendered":"<p>Elegido concejal representando a Acci\u00f3n por Tornquist, Bruno contesta a las declaraciones de Luis Castro en contra de determinadas acciones realizadas durante la campa\u00f1a en las que acus\u00f3 al vecinalismo de \u00abApretar empleados para obtener votos\u00bb y repartir materiales de construcci\u00f3n con el dinero de los contribuyentes.<\/p>\n","protected":false},"author":3,"featured_media":0,"comment_status":"closed","ping_status":"closed","sticky":false,"template":"","format":"standard","meta":{"footnotes":""},"categories":[24],"tags":[48],"class_list":["post-64933","post","type-post","status-publish","format-standard","hentry","category-politica","tag-destacada"],"yoast_head":"<!-- This site is optimized with the Yoast SEO plugin v25.9 - https:\/\/yoast.com\/wordpress\/plugins\/seo\/ -->\n<title>&quot;Todas las \u00e1reas van a tener que hacer una autocr\u00edtica al respecto y ver qu\u00e9 podemos mejorar para ayudarlo al intendente a llevarle una respuesta a los vecinos&quot; - Noticias Radio Reflejos<\/title>\n<meta name=\"robots\" content=\"index, follow, max-snippet:-1, max-image-preview:large, max-video-preview:-1\" \/>\n<link rel=\"canonical\" href=\"https:\/\/www.noticiasradioreflejos.com.ar\/2021\/todas-las-areas-van-a-tener-que-hacer-una-autocritica-al-respecto-y-ver-que-podemos-mejorar-para-ayudarlo-al-intendente-a-llevarle-una-respuesta-a-los-vecinos\/\" \/>\n<meta property=\"og:locale\" content=\"es_ES\" \/>\n<meta property=\"og:type\" content=\"article\" \/>\n<meta property=\"og:title\" content=\"&quot;Todas las \u00e1reas van a tener que hacer una autocr\u00edtica al respecto y ver qu\u00e9 podemos mejorar para ayudarlo al intendente a llevarle una respuesta a los vecinos&quot; - Noticias Radio Reflejos\" \/>\n<meta property=\"og:description\" content=\"Elegido concejal representando a Acci\u00f3n por Tornquist, Bruno contesta a las declaraciones de Luis Castro en contra de determinadas acciones realizadas durante la campa\u00f1a en las que acus\u00f3 al vecinalismo de \u00abApretar empleados para obtener votos\u00bb y repartir materiales de construcci\u00f3n con el dinero de los contribuyentes.\" \/>\n<meta property=\"og:url\" content=\"https:\/\/www.noticiasradioreflejos.com.ar\/2021\/todas-las-areas-van-a-tener-que-hacer-una-autocritica-al-respecto-y-ver-que-podemos-mejorar-para-ayudarlo-al-intendente-a-llevarle-una-respuesta-a-los-vecinos\/\" \/>\n<meta property=\"og:site_name\" content=\"Noticias Radio Reflejos\" \/>\n<meta property=\"article:published_time\" content=\"2021-11-16T00:19:28+00:00\" \/>\n<meta property=\"og:image\" content=\"https:\/\/www.noticiasradioreflejos.com.ar\/2021\/wp-content\/uploads\/2021\/07\/logosol300x200.png\" \/>\n\t<meta property=\"og:image:width\" content=\"300\" \/>\n\t<meta property=\"og:image:height\" content=\"200\" \/>\n\t<meta property=\"og:image:type\" content=\"image\/png\" \/>\n<meta name=\"author\" content=\"Arnaldo Botto\" \/>\n<meta name=\"twitter:card\" content=\"summary_large_image\" \/>\n<script type=\"application\/ld+json\" class=\"yoast-schema-graph\">{\"@context\":\"https:\/\/schema.org\",\"@graph\":[{\"@type\":\"WebPage\",\"@id\":\"https:\/\/www.noticiasradioreflejos.com.ar\/2021\/todas-las-areas-van-a-tener-que-hacer-una-autocritica-al-respecto-y-ver-que-podemos-mejorar-para-ayudarlo-al-intendente-a-llevarle-una-respuesta-a-los-vecinos\/\",\"url\":\"https:\/\/www.noticiasradioreflejos.com.ar\/2021\/todas-las-areas-van-a-tener-que-hacer-una-autocritica-al-respecto-y-ver-que-podemos-mejorar-para-ayudarlo-al-intendente-a-llevarle-una-respuesta-a-los-vecinos\/\",\"name\":\"\\\"Todas las \u00e1reas van a tener que hacer una autocr\u00edtica al respecto y ver qu\u00e9 podemos mejorar para ayudarlo al intendente a llevarle una respuesta a los vecinos\\\" - Noticias Radio Reflejos\",\"isPartOf\":{\"@id\":\"https:\/\/www.noticiasradioreflejos.com.ar\/2021\/#website\"},\"datePublished\":\"2021-11-16T00:19:28+00:00\",\"author\":{\"@id\":\"https:\/\/www.noticiasradioreflejos.com.ar\/2021\/#\/schema\/person\/ad82545263dcc5ec0996818884fd5fb1\"},\"breadcrumb\":{\"@id\":\"https:\/\/www.noticiasradioreflejos.com.ar\/2021\/todas-las-areas-van-a-tener-que-hacer-una-autocritica-al-respecto-y-ver-que-podemos-mejorar-para-ayudarlo-al-intendente-a-llevarle-una-respuesta-a-los-vecinos\/#breadcrumb\"},\"inLanguage\":\"es\",\"potentialAction\":[{\"@type\":\"ReadAction\",\"target\":[\"https:\/\/www.noticiasradioreflejos.com.ar\/2021\/todas-las-areas-van-a-tener-que-hacer-una-autocritica-al-respecto-y-ver-que-podemos-mejorar-para-ayudarlo-al-intendente-a-llevarle-una-respuesta-a-los-vecinos\/\"]}]},{\"@type\":\"BreadcrumbList\",\"@id\":\"https:\/\/www.noticiasradioreflejos.com.ar\/2021\/todas-las-areas-van-a-tener-que-hacer-una-autocritica-al-respecto-y-ver-que-podemos-mejorar-para-ayudarlo-al-intendente-a-llevarle-una-respuesta-a-los-vecinos\/#breadcrumb\",\"itemListElement\":[{\"@type\":\"ListItem\",\"position\":1,\"name\":\"Portada\",\"item\":\"https:\/\/www.noticiasradioreflejos.com.ar\/2021\/\"},{\"@type\":\"ListItem\",\"position\":2,\"name\":\"\u00abTodas las \u00e1reas van a tener que hacer una autocr\u00edtica al respecto y ver qu\u00e9 podemos mejorar para ayudarlo al intendente a llevarle una respuesta a los vecinos\u00bb\"}]},{\"@type\":\"WebSite\",\"@id\":\"https:\/\/www.noticiasradioreflejos.com.ar\/2021\/#website\",\"url\":\"https:\/\/www.noticiasradioreflejos.com.ar\/2021\/\",\"name\":\"Noticias Radio Reflejos\",\"description\":\"Las noticias de mi comarca\",\"potentialAction\":[{\"@type\":\"SearchAction\",\"target\":{\"@type\":\"EntryPoint\",\"urlTemplate\":\"https:\/\/www.noticiasradioreflejos.com.ar\/2021\/?s={search_term_string}\"},\"query-input\":{\"@type\":\"PropertyValueSpecification\",\"valueRequired\":true,\"valueName\":\"search_term_string\"}}],\"inLanguage\":\"es\"},{\"@type\":\"Person\",\"@id\":\"https:\/\/www.noticiasradioreflejos.com.ar\/2021\/#\/schema\/person\/ad82545263dcc5ec0996818884fd5fb1\",\"name\":\"Arnaldo Botto\",\"image\":{\"@type\":\"ImageObject\",\"inLanguage\":\"es\",\"@id\":\"https:\/\/www.noticiasradioreflejos.com.ar\/2021\/#\/schema\/person\/image\/\",\"url\":\"https:\/\/secure.gravatar.com\/avatar\/55cb5e37c1efa326397366e6974cb338056df65cb50e7d64d1cf314e87504837?s=96&d=mm&r=g\",\"contentUrl\":\"https:\/\/secure.gravatar.com\/avatar\/55cb5e37c1efa326397366e6974cb338056df65cb50e7d64d1cf314e87504837?s=96&d=mm&r=g\",\"caption\":\"Arnaldo Botto\"},\"url\":\"https:\/\/www.noticiasradioreflejos.com.ar\/2021\/author\/arnaldo\/\"}]}<\/script>\n<!-- \/ Yoast SEO plugin. -->","yoast_head_json":{"title":"\"Todas las \u00e1reas van a tener que hacer una autocr\u00edtica al respecto y ver qu\u00e9 podemos mejorar para ayudarlo al intendente a llevarle una respuesta a los vecinos\" - Noticias Radio Reflejos","robots":{"index":"index","follow":"follow","max-snippet":"max-snippet:-1","max-image-preview":"max-image-preview:large","max-video-preview":"max-video-preview:-1"},"canonical":"https:\/\/www.noticiasradioreflejos.com.ar\/2021\/todas-las-areas-van-a-tener-que-hacer-una-autocritica-al-respecto-y-ver-que-podemos-mejorar-para-ayudarlo-al-intendente-a-llevarle-una-respuesta-a-los-vecinos\/","og_locale":"es_ES","og_type":"article","og_title":"\"Todas las \u00e1reas van a tener que hacer una autocr\u00edtica al respecto y ver qu\u00e9 podemos mejorar para ayudarlo al intendente a llevarle una respuesta a los vecinos\" - Noticias Radio Reflejos","og_description":"Elegido concejal representando a Acci\u00f3n por Tornquist, Bruno contesta a las declaraciones de Luis Castro en contra de determinadas acciones realizadas durante la campa\u00f1a en las que acus\u00f3 al vecinalismo de \u00abApretar empleados para obtener votos\u00bb y repartir materiales de construcci\u00f3n con el dinero de los contribuyentes.","og_url":"https:\/\/www.noticiasradioreflejos.com.ar\/2021\/todas-las-areas-van-a-tener-que-hacer-una-autocritica-al-respecto-y-ver-que-podemos-mejorar-para-ayudarlo-al-intendente-a-llevarle-una-respuesta-a-los-vecinos\/","og_site_name":"Noticias Radio Reflejos","article_published_time":"2021-11-16T00:19:28+00:00","og_image":[{"width":300,"height":200,"url":"https:\/\/www.noticiasradioreflejos.com.ar\/2021\/wp-content\/uploads\/2021\/07\/logosol300x200.png","type":"image\/png"}],"author":"Arnaldo Botto","twitter_card":"summary_large_image","schema":{"@context":"https:\/\/schema.org","@graph":[{"@type":"WebPage","@id":"https:\/\/www.noticiasradioreflejos.com.ar\/2021\/todas-las-areas-van-a-tener-que-hacer-una-autocritica-al-respecto-y-ver-que-podemos-mejorar-para-ayudarlo-al-intendente-a-llevarle-una-respuesta-a-los-vecinos\/","url":"https:\/\/www.noticiasradioreflejos.com.ar\/2021\/todas-las-areas-van-a-tener-que-hacer-una-autocritica-al-respecto-y-ver-que-podemos-mejorar-para-ayudarlo-al-intendente-a-llevarle-una-respuesta-a-los-vecinos\/","name":"\"Todas las \u00e1reas van a tener que hacer una autocr\u00edtica al respecto y ver qu\u00e9 podemos mejorar para ayudarlo al intendente a llevarle una respuesta a los vecinos\" - Noticias Radio Reflejos","isPartOf":{"@id":"https:\/\/www.noticiasradioreflejos.com.ar\/2021\/#website"},"datePublished":"2021-11-16T00:19:28+00:00","author":{"@id":"https:\/\/www.noticiasradioreflejos.com.ar\/2021\/#\/schema\/person\/ad82545263dcc5ec0996818884fd5fb1"},"breadcrumb":{"@id":"https:\/\/www.noticiasradioreflejos.com.ar\/2021\/todas-las-areas-van-a-tener-que-hacer-una-autocritica-al-respecto-y-ver-que-podemos-mejorar-para-ayudarlo-al-intendente-a-llevarle-una-respuesta-a-los-vecinos\/#breadcrumb"},"inLanguage":"es","potentialAction":[{"@type":"ReadAction","target":["https:\/\/www.noticiasradioreflejos.com.ar\/2021\/todas-las-areas-van-a-tener-que-hacer-una-autocritica-al-respecto-y-ver-que-podemos-mejorar-para-ayudarlo-al-intendente-a-llevarle-una-respuesta-a-los-vecinos\/"]}]},{"@type":"BreadcrumbList","@id":"https:\/\/www.noticiasradioreflejos.com.ar\/2021\/todas-las-areas-van-a-tener-que-hacer-una-autocritica-al-respecto-y-ver-que-podemos-mejorar-para-ayudarlo-al-intendente-a-llevarle-una-respuesta-a-los-vecinos\/#breadcrumb","itemListElement":[{"@type":"ListItem","position":1,"name":"Portada","item":"https:\/\/www.noticiasradioreflejos.com.ar\/2021\/"},{"@type":"ListItem","position":2,"name":"\u00abTodas las \u00e1reas van a tener que hacer una autocr\u00edtica al respecto y ver qu\u00e9 podemos mejorar para ayudarlo al intendente a llevarle una respuesta a los vecinos\u00bb"}]},{"@type":"WebSite","@id":"https:\/\/www.noticiasradioreflejos.com.ar\/2021\/#website","url":"https:\/\/www.noticiasradioreflejos.com.ar\/2021\/","name":"Noticias Radio Reflejos","description":"Las noticias de mi comarca","potentialAction":[{"@type":"SearchAction","target":{"@type":"EntryPoint","urlTemplate":"https:\/\/www.noticiasradioreflejos.com.ar\/2021\/?s={search_term_string}"},"query-input":{"@type":"PropertyValueSpecification","valueRequired":true,"valueName":"search_term_string"}}],"inLanguage":"es"},{"@type":"Person","@id":"https:\/\/www.noticiasradioreflejos.com.ar\/2021\/#\/schema\/person\/ad82545263dcc5ec0996818884fd5fb1","name":"Arnaldo Botto","image":{"@type":"ImageObject","inLanguage":"es","@id":"https:\/\/www.noticiasradioreflejos.com.ar\/2021\/#\/schema\/person\/image\/","url":"https:\/\/secure.gravatar.com\/avatar\/55cb5e37c1efa326397366e6974cb338056df65cb50e7d64d1cf314e87504837?s=96&d=mm&r=g","contentUrl":"https:\/\/secure.gravatar.com\/avatar\/55cb5e37c1efa326397366e6974cb338056df65cb50e7d64d1cf314e87504837?s=96&d=mm&r=g","caption":"Arnaldo Botto"},"url":"https:\/\/www.noticiasradioreflejos.com.ar\/2021\/author\/arnaldo\/"}]}},"_links":{"self":[{"href":"https:\/\/www.noticiasradioreflejos.com.ar\/2021\/wp-json\/wp\/v2\/posts\/64933","targetHints":{"allow":["GET"]}}],"collection":[{"href":"https:\/\/www.noticiasradioreflejos.com.ar\/2021\/wp-json\/wp\/v2\/posts"}],"about":[{"href":"https:\/\/www.noticiasradioreflejos.com.ar\/2021\/wp-json\/wp\/v2\/types\/post"}],"author":[{"embeddable":true,"href":"https:\/\/www.noticiasradioreflejos.com.ar\/2021\/wp-json\/wp\/v2\/users\/3"}],"replies":[{"embeddable":true,"href":"https:\/\/www.noticiasradioreflejos.com.ar\/2021\/wp-json\/wp\/v2\/comments?post=64933"}],"version-history":[{"count":2,"href":"https:\/\/www.noticiasradioreflejos.com.ar\/2021\/wp-json\/wp\/v2\/posts\/64933\/revisions"}],"predecessor-version":[{"id":64941,"href":"https:\/\/www.noticiasradioreflejos.com.ar\/2021\/wp-json\/wp\/v2\/posts\/64933\/revisions\/64941"}],"wp:attachment":[{"href":"https:\/\/www.noticiasradioreflejos.com.ar\/2021\/wp-json\/wp\/v2\/media?parent=64933"}],"wp:term":[{"taxonomy":"category","embeddable":true,"href":"https:\/\/www.noticiasradioreflejos.com.ar\/2021\/wp-json\/wp\/v2\/categories?post=64933"},{"taxonomy":"post_tag","embeddable":true,"href":"https:\/\/www.noticiasradioreflejos.com.ar\/2021\/wp-json\/wp\/v2\/tags?post=64933"}],"curies":[{"name":"wp","href":"https:\/\/api.w.org\/{rel}","templated":true}]}}