{"id":64929,"date":"2021-11-15T23:17:06","date_gmt":"2021-11-15T23:17:06","guid":{"rendered":"http:\/\/www.noticiasradioreflejos.com.ar\/2021\/?p=64929"},"modified":"2021-11-15T23:17:06","modified_gmt":"2021-11-15T23:17:06","slug":"dia-mundial-de-la-diabetes-se-realizo-una-jornada-de-testeos-de-glucemia","status":"publish","type":"post","link":"https:\/\/www.noticiasradioreflejos.com.ar\/2021\/dia-mundial-de-la-diabetes-se-realizo-una-jornada-de-testeos-de-glucemia\/","title":{"rendered":"D\u00eda Mundial de la Diabetes: Se realiz\u00f3 una jornada de testeos de glucemia"},"content":{"rendered":"<p>En el marco del D\u00eda Mundial de la Diabetes, que se conmemora cada 14 de noviembre, este domingo la Secretar\u00eda de Salud desarroll\u00f3 una jornada de concientizaci\u00f3n en la plaza \u2018Ernesto Tornquist\u2019.<!--more--><\/p>\n<p><a data-flickr-embed=\"true\" href=\"https:\/\/www.flickr.com\/photos\/182279889@N02\/51682716581\/in\/dateposted-public\/\" title=\"Jornada Diabetes (1)\"><img loading=\"lazy\" decoding=\"async\" src=\"https:\/\/live.staticflickr.com\/65535\/51682716581_e4f0c04727_c.jpg\" width=\"732\" height=\"592\" alt=\"Jornada Diabetes (1)\"><\/a><script async src=\"\/\/embedr.flickr.com\/assets\/client-code.js\" charset=\"utf-8\"><\/script><\/p>\n<p>All\u00ed, profesionales del \u00e1rea realizaron hemoglucotest para la medici\u00f3n de glucemia a unas 50 personas. A aquellas cuyos valores resultaron elevados, se las orient\u00f3 para que lleven a cabo un seguimiento con su m\u00e9dico de cabecera. Luego, se realiz\u00f3 una caminata junto al grupo local de running.<\/p>\n<p>Desde Salud destacan que, siendo la diabetes una enfermedad silenciosa, este tipo de testeos y jornadas resultan fundamentales para una detecci\u00f3n precoz y tratamiento adecuado.<\/p>\n<p><a data-flickr-embed=\"true\" href=\"https:\/\/www.flickr.com\/photos\/182279889@N02\/51683606465\/in\/dateposted-public\/\" title=\"Jornada Diabetes (5)\"><img loading=\"lazy\" decoding=\"async\" src=\"https:\/\/live.staticflickr.com\/65535\/51683606465_51a00e54b8_c.jpg\" width=\"800\" height=\"556\" alt=\"Jornada Diabetes (5)\"><\/a><script async src=\"\/\/embedr.flickr.com\/assets\/client-code.js\" charset=\"utf-8\"><\/script><\/p>\n","protected":false},"excerpt":{"rendered":"<p>En el marco del D\u00eda Mundial de la Diabetes, que se conmemora cada 14 de noviembre, este domingo la Secretar\u00eda de Salud desarroll\u00f3 una jornada de concientizaci\u00f3n en la plaza \u2018Ernesto Tornquist\u2019.<\/p>\n","protected":false},"author":3,"featured_media":0,"comment_status":"closed","ping_status":"closed","sticky":false,"template":"","format":"standard","meta":{"footnotes":""},"categories":[28,30],"tags":[],"class_list":["post-64929","post","type-post","status-publish","format-standard","hentry","category-municipales","category-salud"],"yoast_head":"<!-- This site is optimized with the Yoast SEO plugin v25.9 - https:\/\/yoast.com\/wordpress\/plugins\/seo\/ -->\n<title>D\u00eda Mundial de la Diabetes: Se realiz\u00f3 una jornada de testeos de glucemia - Noticias Radio Reflejos<\/title>\n<meta name=\"robots\" content=\"index, follow, max-snippet:-1, max-image-preview:large, max-video-preview:-1\" \/>\n<link rel=\"canonical\" href=\"https:\/\/www.noticiasradioreflejos.com.ar\/2021\/dia-mundial-de-la-diabetes-se-realizo-una-jornada-de-testeos-de-glucemia\/\" \/>\n<meta property=\"og:locale\" content=\"es_ES\" \/>\n<meta property=\"og:type\" content=\"article\" \/>\n<meta property=\"og:title\" content=\"D\u00eda Mundial de la Diabetes: Se realiz\u00f3 una jornada de testeos de glucemia - Noticias Radio Reflejos\" \/>\n<meta property=\"og:description\" content=\"En el marco del D\u00eda Mundial de la Diabetes, que se conmemora cada 14 de noviembre, este domingo la Secretar\u00eda de Salud desarroll\u00f3 una jornada de concientizaci\u00f3n en la plaza \u2018Ernesto Tornquist\u2019.\" \/>\n<meta property=\"og:url\" content=\"https:\/\/www.noticiasradioreflejos.com.ar\/2021\/dia-mundial-de-la-diabetes-se-realizo-una-jornada-de-testeos-de-glucemia\/\" \/>\n<meta property=\"og:site_name\" content=\"Noticias Radio Reflejos\" \/>\n<meta property=\"article:published_time\" content=\"2021-11-15T23:17:06+00:00\" \/>\n<meta property=\"og:image\" content=\"https:\/\/live.staticflickr.com\/65535\/51682716581_e4f0c04727_c.jpg\" \/>\n<meta name=\"author\" content=\"Arnaldo Botto\" \/>\n<meta name=\"twitter:card\" content=\"summary_large_image\" \/>\n<script type=\"application\/ld+json\" class=\"yoast-schema-graph\">{\"@context\":\"https:\/\/schema.org\",\"@graph\":[{\"@type\":\"WebPage\",\"@id\":\"https:\/\/www.noticiasradioreflejos.com.ar\/2021\/dia-mundial-de-la-diabetes-se-realizo-una-jornada-de-testeos-de-glucemia\/\",\"url\":\"https:\/\/www.noticiasradioreflejos.com.ar\/2021\/dia-mundial-de-la-diabetes-se-realizo-una-jornada-de-testeos-de-glucemia\/\",\"name\":\"D\u00eda Mundial de la Diabetes: Se realiz\u00f3 una jornada de testeos de glucemia - Noticias Radio Reflejos\",\"isPartOf\":{\"@id\":\"https:\/\/www.noticiasradioreflejos.com.ar\/2021\/#website\"},\"primaryImageOfPage\":{\"@id\":\"https:\/\/www.noticiasradioreflejos.com.ar\/2021\/dia-mundial-de-la-diabetes-se-realizo-una-jornada-de-testeos-de-glucemia\/#primaryimage\"},\"image\":{\"@id\":\"https:\/\/www.noticiasradioreflejos.com.ar\/2021\/dia-mundial-de-la-diabetes-se-realizo-una-jornada-de-testeos-de-glucemia\/#primaryimage\"},\"thumbnailUrl\":\"https:\/\/live.staticflickr.com\/65535\/51682716581_e4f0c04727_c.jpg\",\"datePublished\":\"2021-11-15T23:17:06+00:00\",\"author\":{\"@id\":\"https:\/\/www.noticiasradioreflejos.com.ar\/2021\/#\/schema\/person\/ad82545263dcc5ec0996818884fd5fb1\"},\"breadcrumb\":{\"@id\":\"https:\/\/www.noticiasradioreflejos.com.ar\/2021\/dia-mundial-de-la-diabetes-se-realizo-una-jornada-de-testeos-de-glucemia\/#breadcrumb\"},\"inLanguage\":\"es\",\"potentialAction\":[{\"@type\":\"ReadAction\",\"target\":[\"https:\/\/www.noticiasradioreflejos.com.ar\/2021\/dia-mundial-de-la-diabetes-se-realizo-una-jornada-de-testeos-de-glucemia\/\"]}]},{\"@type\":\"ImageObject\",\"inLanguage\":\"es\",\"@id\":\"https:\/\/www.noticiasradioreflejos.com.ar\/2021\/dia-mundial-de-la-diabetes-se-realizo-una-jornada-de-testeos-de-glucemia\/#primaryimage\",\"url\":\"https:\/\/live.staticflickr.com\/65535\/51682716581_e4f0c04727_c.jpg\",\"contentUrl\":\"https:\/\/live.staticflickr.com\/65535\/51682716581_e4f0c04727_c.jpg\"},{\"@type\":\"BreadcrumbList\",\"@id\":\"https:\/\/www.noticiasradioreflejos.com.ar\/2021\/dia-mundial-de-la-diabetes-se-realizo-una-jornada-de-testeos-de-glucemia\/#breadcrumb\",\"itemListElement\":[{\"@type\":\"ListItem\",\"position\":1,\"name\":\"Portada\",\"item\":\"https:\/\/www.noticiasradioreflejos.com.ar\/2021\/\"},{\"@type\":\"ListItem\",\"position\":2,\"name\":\"D\u00eda Mundial de la Diabetes: Se realiz\u00f3 una jornada de testeos de glucemia\"}]},{\"@type\":\"WebSite\",\"@id\":\"https:\/\/www.noticiasradioreflejos.com.ar\/2021\/#website\",\"url\":\"https:\/\/www.noticiasradioreflejos.com.ar\/2021\/\",\"name\":\"Noticias Radio Reflejos\",\"description\":\"Las noticias de mi comarca\",\"potentialAction\":[{\"@type\":\"SearchAction\",\"target\":{\"@type\":\"EntryPoint\",\"urlTemplate\":\"https:\/\/www.noticiasradioreflejos.com.ar\/2021\/?s={search_term_string}\"},\"query-input\":{\"@type\":\"PropertyValueSpecification\",\"valueRequired\":true,\"valueName\":\"search_term_string\"}}],\"inLanguage\":\"es\"},{\"@type\":\"Person\",\"@id\":\"https:\/\/www.noticiasradioreflejos.com.ar\/2021\/#\/schema\/person\/ad82545263dcc5ec0996818884fd5fb1\",\"name\":\"Arnaldo Botto\",\"image\":{\"@type\":\"ImageObject\",\"inLanguage\":\"es\",\"@id\":\"https:\/\/www.noticiasradioreflejos.com.ar\/2021\/#\/schema\/person\/image\/\",\"url\":\"https:\/\/secure.gravatar.com\/avatar\/55cb5e37c1efa326397366e6974cb338056df65cb50e7d64d1cf314e87504837?s=96&d=mm&r=g\",\"contentUrl\":\"https:\/\/secure.gravatar.com\/avatar\/55cb5e37c1efa326397366e6974cb338056df65cb50e7d64d1cf314e87504837?s=96&d=mm&r=g\",\"caption\":\"Arnaldo Botto\"},\"url\":\"https:\/\/www.noticiasradioreflejos.com.ar\/2021\/author\/arnaldo\/\"}]}<\/script>\n<!-- \/ Yoast SEO plugin. -->","yoast_head_json":{"title":"D\u00eda Mundial de la Diabetes: Se realiz\u00f3 una jornada de testeos de glucemia - Noticias Radio Reflejos","robots":{"index":"index","follow":"follow","max-snippet":"max-snippet:-1","max-image-preview":"max-image-preview:large","max-video-preview":"max-video-preview:-1"},"canonical":"https:\/\/www.noticiasradioreflejos.com.ar\/2021\/dia-mundial-de-la-diabetes-se-realizo-una-jornada-de-testeos-de-glucemia\/","og_locale":"es_ES","og_type":"article","og_title":"D\u00eda Mundial de la Diabetes: Se realiz\u00f3 una jornada de testeos de glucemia - Noticias Radio Reflejos","og_description":"En el marco del D\u00eda Mundial de la Diabetes, que se conmemora cada 14 de noviembre, este domingo la Secretar\u00eda de Salud desarroll\u00f3 una jornada de concientizaci\u00f3n en la plaza \u2018Ernesto Tornquist\u2019.","og_url":"https:\/\/www.noticiasradioreflejos.com.ar\/2021\/dia-mundial-de-la-diabetes-se-realizo-una-jornada-de-testeos-de-glucemia\/","og_site_name":"Noticias Radio Reflejos","article_published_time":"2021-11-15T23:17:06+00:00","og_image":[{"url":"https:\/\/live.staticflickr.com\/65535\/51682716581_e4f0c04727_c.jpg","type":"","width":"","height":""}],"author":"Arnaldo Botto","twitter_card":"summary_large_image","schema":{"@context":"https:\/\/schema.org","@graph":[{"@type":"WebPage","@id":"https:\/\/www.noticiasradioreflejos.com.ar\/2021\/dia-mundial-de-la-diabetes-se-realizo-una-jornada-de-testeos-de-glucemia\/","url":"https:\/\/www.noticiasradioreflejos.com.ar\/2021\/dia-mundial-de-la-diabetes-se-realizo-una-jornada-de-testeos-de-glucemia\/","name":"D\u00eda Mundial de la Diabetes: Se realiz\u00f3 una jornada de testeos de glucemia - Noticias Radio Reflejos","isPartOf":{"@id":"https:\/\/www.noticiasradioreflejos.com.ar\/2021\/#website"},"primaryImageOfPage":{"@id":"https:\/\/www.noticiasradioreflejos.com.ar\/2021\/dia-mundial-de-la-diabetes-se-realizo-una-jornada-de-testeos-de-glucemia\/#primaryimage"},"image":{"@id":"https:\/\/www.noticiasradioreflejos.com.ar\/2021\/dia-mundial-de-la-diabetes-se-realizo-una-jornada-de-testeos-de-glucemia\/#primaryimage"},"thumbnailUrl":"https:\/\/live.staticflickr.com\/65535\/51682716581_e4f0c04727_c.jpg","datePublished":"2021-11-15T23:17:06+00:00","author":{"@id":"https:\/\/www.noticiasradioreflejos.com.ar\/2021\/#\/schema\/person\/ad82545263dcc5ec0996818884fd5fb1"},"breadcrumb":{"@id":"https:\/\/www.noticiasradioreflejos.com.ar\/2021\/dia-mundial-de-la-diabetes-se-realizo-una-jornada-de-testeos-de-glucemia\/#breadcrumb"},"inLanguage":"es","potentialAction":[{"@type":"ReadAction","target":["https:\/\/www.noticiasradioreflejos.com.ar\/2021\/dia-mundial-de-la-diabetes-se-realizo-una-jornada-de-testeos-de-glucemia\/"]}]},{"@type":"ImageObject","inLanguage":"es","@id":"https:\/\/www.noticiasradioreflejos.com.ar\/2021\/dia-mundial-de-la-diabetes-se-realizo-una-jornada-de-testeos-de-glucemia\/#primaryimage","url":"https:\/\/live.staticflickr.com\/65535\/51682716581_e4f0c04727_c.jpg","contentUrl":"https:\/\/live.staticflickr.com\/65535\/51682716581_e4f0c04727_c.jpg"},{"@type":"BreadcrumbList","@id":"https:\/\/www.noticiasradioreflejos.com.ar\/2021\/dia-mundial-de-la-diabetes-se-realizo-una-jornada-de-testeos-de-glucemia\/#breadcrumb","itemListElement":[{"@type":"ListItem","position":1,"name":"Portada","item":"https:\/\/www.noticiasradioreflejos.com.ar\/2021\/"},{"@type":"ListItem","position":2,"name":"D\u00eda Mundial de la Diabetes: Se realiz\u00f3 una jornada de testeos de glucemia"}]},{"@type":"WebSite","@id":"https:\/\/www.noticiasradioreflejos.com.ar\/2021\/#website","url":"https:\/\/www.noticiasradioreflejos.com.ar\/2021\/","name":"Noticias Radio Reflejos","description":"Las noticias de mi comarca","potentialAction":[{"@type":"SearchAction","target":{"@type":"EntryPoint","urlTemplate":"https:\/\/www.noticiasradioreflejos.com.ar\/2021\/?s={search_term_string}"},"query-input":{"@type":"PropertyValueSpecification","valueRequired":true,"valueName":"search_term_string"}}],"inLanguage":"es"},{"@type":"Person","@id":"https:\/\/www.noticiasradioreflejos.com.ar\/2021\/#\/schema\/person\/ad82545263dcc5ec0996818884fd5fb1","name":"Arnaldo Botto","image":{"@type":"ImageObject","inLanguage":"es","@id":"https:\/\/www.noticiasradioreflejos.com.ar\/2021\/#\/schema\/person\/image\/","url":"https:\/\/secure.gravatar.com\/avatar\/55cb5e37c1efa326397366e6974cb338056df65cb50e7d64d1cf314e87504837?s=96&d=mm&r=g","contentUrl":"https:\/\/secure.gravatar.com\/avatar\/55cb5e37c1efa326397366e6974cb338056df65cb50e7d64d1cf314e87504837?s=96&d=mm&r=g","caption":"Arnaldo Botto"},"url":"https:\/\/www.noticiasradioreflejos.com.ar\/2021\/author\/arnaldo\/"}]}},"_links":{"self":[{"href":"https:\/\/www.noticiasradioreflejos.com.ar\/2021\/wp-json\/wp\/v2\/posts\/64929","targetHints":{"allow":["GET"]}}],"collection":[{"href":"https:\/\/www.noticiasradioreflejos.com.ar\/2021\/wp-json\/wp\/v2\/posts"}],"about":[{"href":"https:\/\/www.noticiasradioreflejos.com.ar\/2021\/wp-json\/wp\/v2\/types\/post"}],"author":[{"embeddable":true,"href":"https:\/\/www.noticiasradioreflejos.com.ar\/2021\/wp-json\/wp\/v2\/users\/3"}],"replies":[{"embeddable":true,"href":"https:\/\/www.noticiasradioreflejos.com.ar\/2021\/wp-json\/wp\/v2\/comments?post=64929"}],"version-history":[{"count":1,"href":"https:\/\/www.noticiasradioreflejos.com.ar\/2021\/wp-json\/wp\/v2\/posts\/64929\/revisions"}],"predecessor-version":[{"id":64931,"href":"https:\/\/www.noticiasradioreflejos.com.ar\/2021\/wp-json\/wp\/v2\/posts\/64929\/revisions\/64931"}],"wp:attachment":[{"href":"https:\/\/www.noticiasradioreflejos.com.ar\/2021\/wp-json\/wp\/v2\/media?parent=64929"}],"wp:term":[{"taxonomy":"category","embeddable":true,"href":"https:\/\/www.noticiasradioreflejos.com.ar\/2021\/wp-json\/wp\/v2\/categories?post=64929"},{"taxonomy":"post_tag","embeddable":true,"href":"https:\/\/www.noticiasradioreflejos.com.ar\/2021\/wp-json\/wp\/v2\/tags?post=64929"}],"curies":[{"name":"wp","href":"https:\/\/api.w.org\/{rel}","templated":true}]}}