{"id":64928,"date":"2021-11-15T23:37:04","date_gmt":"2021-11-15T23:37:04","guid":{"rendered":"http:\/\/www.noticiasradioreflejos.com.ar\/2021\/?p=64928"},"modified":"2021-11-16T00:01:33","modified_gmt":"2021-11-16T00:01:33","slug":"fue-el-espacio-de-accion-por-tornquist-el-que-quemo-todas-las-naves-se-quemaron-con-el-dinero-de-los-contribuyentes","status":"publish","type":"post","link":"https:\/\/www.noticiasradioreflejos.com.ar\/2021\/fue-el-espacio-de-accion-por-tornquist-el-que-quemo-todas-las-naves-se-quemaron-con-el-dinero-de-los-contribuyentes\/","title":{"rendered":"\u00abEl espacio de Juntos sale totalmente fortalecido\u00bb"},"content":{"rendered":"<p>Muy cr\u00edtico a las campa\u00f1as realizadas por sus opositores electorales, el ganador de las elecciones del 14 de noviembre y concejal representante de Juntos en nuestro distrito, realiz\u00f3 en nuestra radio el an\u00e1lisis del resultado de las elecciones del pasado domingo.<!--more--><\/p>\n<p><a title=\"Castro\" href=\"https:\/\/www.flickr.com\/photos\/182279889@N02\/51683058923\/in\/dateposted-public\/\" data-flickr-embed=\"true\"><img loading=\"lazy\" decoding=\"async\" src=\"https:\/\/live.staticflickr.com\/65535\/51683058923_ba06ef3181_z.jpg\" alt=\"Castro\" width=\"640\" height=\"409\" \/><\/a><script async src=\"\/\/embedr.flickr.com\/assets\/client-code.js\" charset=\"utf-8\"><\/script><\/p>\n<p>\u00abLa elecci\u00f3n de la PASO es siempre m\u00e1s intensa porque todos los espacios pol\u00edticos dejan todo en la cancha, porque se define mucho de c\u00f3mo estamos en el distrito. Las generales, fue un poco m\u00e1s tranquilo en cuanto a la campa\u00f1a. Ahora ser\u00e1 momento de empezar a trabajar\u00bb fue el an\u00e1lisis de Luis sobre las elecciones de noviembre.<\/p>\n<p>\u00abLamentablemente, hubo espacios pol\u00edticos que tuvo pr\u00e1cticas que son del pasado; de apretar a la gente, de repartir materiales en plena campa\u00f1a y de participar de discusiones que no suman la \u00faltima semana de campa\u00f1a. En este caso, fue el espacio de Acci\u00f3n por Tornquist el que quem\u00f3 todas las naves, se quemaron con el dinero de los contribuyentes\u00bb denunci\u00f3 acerca del vecinalismo.<\/p>\n<p>Le pedimos una opini\u00f3n acerca de la situaci\u00f3n nacional y provincial: \u00abEl espacio de Juntos sale totalmente fortalecido. Creo que lo mejor que puede hacer Juntos es que cada partido pol\u00edtico que compone la alianza, que tenga su candidato y la gente elija. Creo que eso es lo que va a pasar en el 2023\u00bb.<\/p>\n<p>Luis tambi\u00e9n estuvo emitiendo opini\u00f3n sobre Milei y los liberales: \u00abCreo que no son buenos los extremos. Creo que eso no suma, los discursos extremos y violentos\u00bb.<\/p>\n<p>\u00abAgradecerle nuevamente a la gente que nos volvi\u00f3 a acompa\u00f1ar, creo que eso es algo que tenemos que cuidar\u00bb expres\u00f3 finalmente.<\/p>\n<p>Nota completa a continuaci\u00f3n:<br \/>\n<iframe loading=\"lazy\" src=\"https:\/\/w.soundcloud.com\/player\/?url=https%3A\/\/api.soundcloud.com\/tracks\/1160373994&amp;color=%23ff5500&amp;auto_play=false&amp;hide_related=false&amp;show_comments=true&amp;show_user=true&amp;show_reposts=false&amp;show_teaser=true\" width=\"100%\" height=\"166\" frameborder=\"no\" scrolling=\"no\"><\/iframe><\/p>\n<div style=\"font-size: 10px; color: #cccccc; line-break: anywhere; word-break: normal; overflow: hidden; white-space: nowrap; text-overflow: ellipsis; font-family: Interstate,Lucida Grande,Lucida Sans Unicode,Lucida Sans,Garuda,Verdana,Tahoma,sans-serif; font-weight: 100;\"><a style=\"color: #cccccc; text-decoration: none;\" title=\"fmreflejos 103.7\" href=\"https:\/\/soundcloud.com\/fmreflejos-103-7\" target=\"_blank\" rel=\"noopener\">fmreflejos 103.7<\/a> \u00b7 <a style=\"color: #cccccc; text-decoration: none;\" title=\"Luis Castro\" href=\"https:\/\/soundcloud.com\/fmreflejos-103-7\/luis-castro-5\" target=\"_blank\" rel=\"noopener\">Luis Castro<\/a><\/div>\n<p><a data-flickr-embed=\"true\" href=\"https:\/\/www.flickr.com\/photos\/182279889@N02\/51682801456\/in\/dateposted-public\/\" title=\"Juntos tras el triunfo\"><img loading=\"lazy\" decoding=\"async\" src=\"https:\/\/live.staticflickr.com\/65535\/51682801456_d25a4cb9bb_c.jpg\" width=\"800\" height=\"412\" alt=\"Juntos tras el triunfo\"><\/a><script async src=\"\/\/embedr.flickr.com\/assets\/client-code.js\" charset=\"utf-8\"><\/script><\/p>\n","protected":false},"excerpt":{"rendered":"<p>Muy cr\u00edtico a las campa\u00f1as realizadas por sus opositores electorales, el ganador de las elecciones del 14 de noviembre y concejal representante de Juntos en nuestro distrito, realiz\u00f3 en nuestra radio el an\u00e1lisis del resultado de las elecciones del pasado domingo.<\/p>\n","protected":false},"author":3,"featured_media":0,"comment_status":"closed","ping_status":"closed","sticky":false,"template":"","format":"standard","meta":{"footnotes":""},"categories":[24],"tags":[48],"class_list":["post-64928","post","type-post","status-publish","format-standard","hentry","category-politica","tag-destacada"],"yoast_head":"<!-- This site is optimized with the Yoast SEO plugin v25.9 - https:\/\/yoast.com\/wordpress\/plugins\/seo\/ -->\n<title>&quot;El espacio de Juntos sale totalmente fortalecido&quot; - Noticias Radio Reflejos<\/title>\n<meta name=\"robots\" content=\"index, follow, max-snippet:-1, max-image-preview:large, max-video-preview:-1\" \/>\n<link rel=\"canonical\" href=\"https:\/\/www.noticiasradioreflejos.com.ar\/2021\/fue-el-espacio-de-accion-por-tornquist-el-que-quemo-todas-las-naves-se-quemaron-con-el-dinero-de-los-contribuyentes\/\" \/>\n<meta property=\"og:locale\" content=\"es_ES\" \/>\n<meta property=\"og:type\" content=\"article\" \/>\n<meta property=\"og:title\" content=\"&quot;El espacio de Juntos sale totalmente fortalecido&quot; - Noticias Radio Reflejos\" \/>\n<meta property=\"og:description\" content=\"Muy cr\u00edtico a las campa\u00f1as realizadas por sus opositores electorales, el ganador de las elecciones del 14 de noviembre y concejal representante de Juntos en nuestro distrito, realiz\u00f3 en nuestra radio el an\u00e1lisis del resultado de las elecciones del pasado domingo.\" \/>\n<meta property=\"og:url\" content=\"https:\/\/www.noticiasradioreflejos.com.ar\/2021\/fue-el-espacio-de-accion-por-tornquist-el-que-quemo-todas-las-naves-se-quemaron-con-el-dinero-de-los-contribuyentes\/\" \/>\n<meta property=\"og:site_name\" content=\"Noticias Radio Reflejos\" \/>\n<meta property=\"article:published_time\" content=\"2021-11-15T23:37:04+00:00\" \/>\n<meta property=\"article:modified_time\" content=\"2021-11-16T00:01:33+00:00\" \/>\n<meta property=\"og:image\" content=\"https:\/\/live.staticflickr.com\/65535\/51683058923_ba06ef3181_z.jpg\" \/>\n<meta name=\"author\" content=\"Arnaldo Botto\" \/>\n<meta name=\"twitter:card\" content=\"summary_large_image\" \/>\n<script type=\"application\/ld+json\" class=\"yoast-schema-graph\">{\"@context\":\"https:\/\/schema.org\",\"@graph\":[{\"@type\":\"WebPage\",\"@id\":\"https:\/\/www.noticiasradioreflejos.com.ar\/2021\/fue-el-espacio-de-accion-por-tornquist-el-que-quemo-todas-las-naves-se-quemaron-con-el-dinero-de-los-contribuyentes\/\",\"url\":\"https:\/\/www.noticiasradioreflejos.com.ar\/2021\/fue-el-espacio-de-accion-por-tornquist-el-que-quemo-todas-las-naves-se-quemaron-con-el-dinero-de-los-contribuyentes\/\",\"name\":\"\\\"El espacio de Juntos sale totalmente fortalecido\\\" - Noticias Radio Reflejos\",\"isPartOf\":{\"@id\":\"https:\/\/www.noticiasradioreflejos.com.ar\/2021\/#website\"},\"primaryImageOfPage\":{\"@id\":\"https:\/\/www.noticiasradioreflejos.com.ar\/2021\/fue-el-espacio-de-accion-por-tornquist-el-que-quemo-todas-las-naves-se-quemaron-con-el-dinero-de-los-contribuyentes\/#primaryimage\"},\"image\":{\"@id\":\"https:\/\/www.noticiasradioreflejos.com.ar\/2021\/fue-el-espacio-de-accion-por-tornquist-el-que-quemo-todas-las-naves-se-quemaron-con-el-dinero-de-los-contribuyentes\/#primaryimage\"},\"thumbnailUrl\":\"https:\/\/live.staticflickr.com\/65535\/51683058923_ba06ef3181_z.jpg\",\"datePublished\":\"2021-11-15T23:37:04+00:00\",\"dateModified\":\"2021-11-16T00:01:33+00:00\",\"author\":{\"@id\":\"https:\/\/www.noticiasradioreflejos.com.ar\/2021\/#\/schema\/person\/ad82545263dcc5ec0996818884fd5fb1\"},\"breadcrumb\":{\"@id\":\"https:\/\/www.noticiasradioreflejos.com.ar\/2021\/fue-el-espacio-de-accion-por-tornquist-el-que-quemo-todas-las-naves-se-quemaron-con-el-dinero-de-los-contribuyentes\/#breadcrumb\"},\"inLanguage\":\"es\",\"potentialAction\":[{\"@type\":\"ReadAction\",\"target\":[\"https:\/\/www.noticiasradioreflejos.com.ar\/2021\/fue-el-espacio-de-accion-por-tornquist-el-que-quemo-todas-las-naves-se-quemaron-con-el-dinero-de-los-contribuyentes\/\"]}]},{\"@type\":\"ImageObject\",\"inLanguage\":\"es\",\"@id\":\"https:\/\/www.noticiasradioreflejos.com.ar\/2021\/fue-el-espacio-de-accion-por-tornquist-el-que-quemo-todas-las-naves-se-quemaron-con-el-dinero-de-los-contribuyentes\/#primaryimage\",\"url\":\"https:\/\/live.staticflickr.com\/65535\/51683058923_ba06ef3181_z.jpg\",\"contentUrl\":\"https:\/\/live.staticflickr.com\/65535\/51683058923_ba06ef3181_z.jpg\"},{\"@type\":\"BreadcrumbList\",\"@id\":\"https:\/\/www.noticiasradioreflejos.com.ar\/2021\/fue-el-espacio-de-accion-por-tornquist-el-que-quemo-todas-las-naves-se-quemaron-con-el-dinero-de-los-contribuyentes\/#breadcrumb\",\"itemListElement\":[{\"@type\":\"ListItem\",\"position\":1,\"name\":\"Portada\",\"item\":\"https:\/\/www.noticiasradioreflejos.com.ar\/2021\/\"},{\"@type\":\"ListItem\",\"position\":2,\"name\":\"\u00abEl espacio de Juntos sale totalmente fortalecido\u00bb\"}]},{\"@type\":\"WebSite\",\"@id\":\"https:\/\/www.noticiasradioreflejos.com.ar\/2021\/#website\",\"url\":\"https:\/\/www.noticiasradioreflejos.com.ar\/2021\/\",\"name\":\"Noticias Radio Reflejos\",\"description\":\"Las noticias de mi comarca\",\"potentialAction\":[{\"@type\":\"SearchAction\",\"target\":{\"@type\":\"EntryPoint\",\"urlTemplate\":\"https:\/\/www.noticiasradioreflejos.com.ar\/2021\/?s={search_term_string}\"},\"query-input\":{\"@type\":\"PropertyValueSpecification\",\"valueRequired\":true,\"valueName\":\"search_term_string\"}}],\"inLanguage\":\"es\"},{\"@type\":\"Person\",\"@id\":\"https:\/\/www.noticiasradioreflejos.com.ar\/2021\/#\/schema\/person\/ad82545263dcc5ec0996818884fd5fb1\",\"name\":\"Arnaldo Botto\",\"image\":{\"@type\":\"ImageObject\",\"inLanguage\":\"es\",\"@id\":\"https:\/\/www.noticiasradioreflejos.com.ar\/2021\/#\/schema\/person\/image\/\",\"url\":\"https:\/\/secure.gravatar.com\/avatar\/55cb5e37c1efa326397366e6974cb338056df65cb50e7d64d1cf314e87504837?s=96&d=mm&r=g\",\"contentUrl\":\"https:\/\/secure.gravatar.com\/avatar\/55cb5e37c1efa326397366e6974cb338056df65cb50e7d64d1cf314e87504837?s=96&d=mm&r=g\",\"caption\":\"Arnaldo Botto\"},\"url\":\"https:\/\/www.noticiasradioreflejos.com.ar\/2021\/author\/arnaldo\/\"}]}<\/script>\n<!-- \/ Yoast SEO plugin. -->","yoast_head_json":{"title":"\"El espacio de Juntos sale totalmente fortalecido\" - Noticias Radio Reflejos","robots":{"index":"index","follow":"follow","max-snippet":"max-snippet:-1","max-image-preview":"max-image-preview:large","max-video-preview":"max-video-preview:-1"},"canonical":"https:\/\/www.noticiasradioreflejos.com.ar\/2021\/fue-el-espacio-de-accion-por-tornquist-el-que-quemo-todas-las-naves-se-quemaron-con-el-dinero-de-los-contribuyentes\/","og_locale":"es_ES","og_type":"article","og_title":"\"El espacio de Juntos sale totalmente fortalecido\" - Noticias Radio Reflejos","og_description":"Muy cr\u00edtico a las campa\u00f1as realizadas por sus opositores electorales, el ganador de las elecciones del 14 de noviembre y concejal representante de Juntos en nuestro distrito, realiz\u00f3 en nuestra radio el an\u00e1lisis del resultado de las elecciones del pasado domingo.","og_url":"https:\/\/www.noticiasradioreflejos.com.ar\/2021\/fue-el-espacio-de-accion-por-tornquist-el-que-quemo-todas-las-naves-se-quemaron-con-el-dinero-de-los-contribuyentes\/","og_site_name":"Noticias Radio Reflejos","article_published_time":"2021-11-15T23:37:04+00:00","article_modified_time":"2021-11-16T00:01:33+00:00","og_image":[{"url":"https:\/\/live.staticflickr.com\/65535\/51683058923_ba06ef3181_z.jpg","type":"","width":"","height":""}],"author":"Arnaldo Botto","twitter_card":"summary_large_image","schema":{"@context":"https:\/\/schema.org","@graph":[{"@type":"WebPage","@id":"https:\/\/www.noticiasradioreflejos.com.ar\/2021\/fue-el-espacio-de-accion-por-tornquist-el-que-quemo-todas-las-naves-se-quemaron-con-el-dinero-de-los-contribuyentes\/","url":"https:\/\/www.noticiasradioreflejos.com.ar\/2021\/fue-el-espacio-de-accion-por-tornquist-el-que-quemo-todas-las-naves-se-quemaron-con-el-dinero-de-los-contribuyentes\/","name":"\"El espacio de Juntos sale totalmente fortalecido\" - Noticias Radio Reflejos","isPartOf":{"@id":"https:\/\/www.noticiasradioreflejos.com.ar\/2021\/#website"},"primaryImageOfPage":{"@id":"https:\/\/www.noticiasradioreflejos.com.ar\/2021\/fue-el-espacio-de-accion-por-tornquist-el-que-quemo-todas-las-naves-se-quemaron-con-el-dinero-de-los-contribuyentes\/#primaryimage"},"image":{"@id":"https:\/\/www.noticiasradioreflejos.com.ar\/2021\/fue-el-espacio-de-accion-por-tornquist-el-que-quemo-todas-las-naves-se-quemaron-con-el-dinero-de-los-contribuyentes\/#primaryimage"},"thumbnailUrl":"https:\/\/live.staticflickr.com\/65535\/51683058923_ba06ef3181_z.jpg","datePublished":"2021-11-15T23:37:04+00:00","dateModified":"2021-11-16T00:01:33+00:00","author":{"@id":"https:\/\/www.noticiasradioreflejos.com.ar\/2021\/#\/schema\/person\/ad82545263dcc5ec0996818884fd5fb1"},"breadcrumb":{"@id":"https:\/\/www.noticiasradioreflejos.com.ar\/2021\/fue-el-espacio-de-accion-por-tornquist-el-que-quemo-todas-las-naves-se-quemaron-con-el-dinero-de-los-contribuyentes\/#breadcrumb"},"inLanguage":"es","potentialAction":[{"@type":"ReadAction","target":["https:\/\/www.noticiasradioreflejos.com.ar\/2021\/fue-el-espacio-de-accion-por-tornquist-el-que-quemo-todas-las-naves-se-quemaron-con-el-dinero-de-los-contribuyentes\/"]}]},{"@type":"ImageObject","inLanguage":"es","@id":"https:\/\/www.noticiasradioreflejos.com.ar\/2021\/fue-el-espacio-de-accion-por-tornquist-el-que-quemo-todas-las-naves-se-quemaron-con-el-dinero-de-los-contribuyentes\/#primaryimage","url":"https:\/\/live.staticflickr.com\/65535\/51683058923_ba06ef3181_z.jpg","contentUrl":"https:\/\/live.staticflickr.com\/65535\/51683058923_ba06ef3181_z.jpg"},{"@type":"BreadcrumbList","@id":"https:\/\/www.noticiasradioreflejos.com.ar\/2021\/fue-el-espacio-de-accion-por-tornquist-el-que-quemo-todas-las-naves-se-quemaron-con-el-dinero-de-los-contribuyentes\/#breadcrumb","itemListElement":[{"@type":"ListItem","position":1,"name":"Portada","item":"https:\/\/www.noticiasradioreflejos.com.ar\/2021\/"},{"@type":"ListItem","position":2,"name":"\u00abEl espacio de Juntos sale totalmente fortalecido\u00bb"}]},{"@type":"WebSite","@id":"https:\/\/www.noticiasradioreflejos.com.ar\/2021\/#website","url":"https:\/\/www.noticiasradioreflejos.com.ar\/2021\/","name":"Noticias Radio Reflejos","description":"Las noticias de mi comarca","potentialAction":[{"@type":"SearchAction","target":{"@type":"EntryPoint","urlTemplate":"https:\/\/www.noticiasradioreflejos.com.ar\/2021\/?s={search_term_string}"},"query-input":{"@type":"PropertyValueSpecification","valueRequired":true,"valueName":"search_term_string"}}],"inLanguage":"es"},{"@type":"Person","@id":"https:\/\/www.noticiasradioreflejos.com.ar\/2021\/#\/schema\/person\/ad82545263dcc5ec0996818884fd5fb1","name":"Arnaldo Botto","image":{"@type":"ImageObject","inLanguage":"es","@id":"https:\/\/www.noticiasradioreflejos.com.ar\/2021\/#\/schema\/person\/image\/","url":"https:\/\/secure.gravatar.com\/avatar\/55cb5e37c1efa326397366e6974cb338056df65cb50e7d64d1cf314e87504837?s=96&d=mm&r=g","contentUrl":"https:\/\/secure.gravatar.com\/avatar\/55cb5e37c1efa326397366e6974cb338056df65cb50e7d64d1cf314e87504837?s=96&d=mm&r=g","caption":"Arnaldo Botto"},"url":"https:\/\/www.noticiasradioreflejos.com.ar\/2021\/author\/arnaldo\/"}]}},"_links":{"self":[{"href":"https:\/\/www.noticiasradioreflejos.com.ar\/2021\/wp-json\/wp\/v2\/posts\/64928","targetHints":{"allow":["GET"]}}],"collection":[{"href":"https:\/\/www.noticiasradioreflejos.com.ar\/2021\/wp-json\/wp\/v2\/posts"}],"about":[{"href":"https:\/\/www.noticiasradioreflejos.com.ar\/2021\/wp-json\/wp\/v2\/types\/post"}],"author":[{"embeddable":true,"href":"https:\/\/www.noticiasradioreflejos.com.ar\/2021\/wp-json\/wp\/v2\/users\/3"}],"replies":[{"embeddable":true,"href":"https:\/\/www.noticiasradioreflejos.com.ar\/2021\/wp-json\/wp\/v2\/comments?post=64928"}],"version-history":[{"count":4,"href":"https:\/\/www.noticiasradioreflejos.com.ar\/2021\/wp-json\/wp\/v2\/posts\/64928\/revisions"}],"predecessor-version":[{"id":64935,"href":"https:\/\/www.noticiasradioreflejos.com.ar\/2021\/wp-json\/wp\/v2\/posts\/64928\/revisions\/64935"}],"wp:attachment":[{"href":"https:\/\/www.noticiasradioreflejos.com.ar\/2021\/wp-json\/wp\/v2\/media?parent=64928"}],"wp:term":[{"taxonomy":"category","embeddable":true,"href":"https:\/\/www.noticiasradioreflejos.com.ar\/2021\/wp-json\/wp\/v2\/categories?post=64928"},{"taxonomy":"post_tag","embeddable":true,"href":"https:\/\/www.noticiasradioreflejos.com.ar\/2021\/wp-json\/wp\/v2\/tags?post=64928"}],"curies":[{"name":"wp","href":"https:\/\/api.w.org\/{rel}","templated":true}]}}