{"id":64917,"date":"2021-11-15T10:27:42","date_gmt":"2021-11-15T10:27:42","guid":{"rendered":"http:\/\/www.noticiasradioreflejos.com.ar\/2021\/?p=64917"},"modified":"2021-11-15T10:27:42","modified_gmt":"2021-11-15T10:27:42","slug":"el-pj-le-arrebato-la-mayoria-a-juntos-en-el-senado-de-la-provincia","status":"publish","type":"post","link":"https:\/\/www.noticiasradioreflejos.com.ar\/2021\/el-pj-le-arrebato-la-mayoria-a-juntos-en-el-senado-de-la-provincia\/","title":{"rendered":"El PJ le arrebat\u00f3 la mayor\u00eda a Juntos en el Senado de la Provincia"},"content":{"rendered":"<header id=\"mvp-post-head\" class=\"left relative\">\n<div class=\"mvp-author-info-wrap left relative\">\n<div class=\"mvp-author-info-text left relative\">\n<div class=\"mvp-author-info-name left relative\">La definici\u00f3n por la bancas en la Legislatura era una moneda en el aire. Y a\u00fan as\u00ed, lo que parec\u00eda menos probable, ocurri\u00f3: <strong>el Frente de Todos, pese a caer derrotado a nivel provincial, le termin\u00f3 arrebatando a Juntos la mayor\u00eda que la oposici\u00f3n ten\u00eda en el Senado.<\/strong><\/div>\n<\/div>\n<\/div>\n<\/header>\n<p><!--more--><\/p>\n<div class=\"mvp-post-main-out left relative\">\n<div class=\"mvp-post-main-in\">\n<div id=\"mvp-post-content\" class=\"left relative\">\n<div id=\"mvp-content-wrap\" class=\"left relative\">\n<div class=\"mvp-post-soc-out right relative\">\n<div class=\"mvp-post-soc-in\">\n<div id=\"mvp-content-body\" class=\"left relative\">\n<div id=\"mvp-content-body-top\" class=\"left relative\">\n<div id=\"mvp-content-main\" class=\"left relative\">\n<div id=\"textbody\">\n<p>Con 26 representantes contra 20 del oficialismo, Juntos control\u00f3 desde el arranque de la gesti\u00f3n de Axel Kicillof la estrat\u00e9gica C\u00e1mara alta. Pero a partir del 10 de diciembre se dar\u00e1 vuelta la taba, ya que\u00a0<strong>con los resultados de ayer, ambas bancadas quedar\u00e1n en 23 representantes. Ese escenario beneficia claramente al Frente de Todos, ya que en el caso de empate, la que deber\u00e1 inclinar la balanza es la vicegobernadora Ver\u00f3nica Magario.<\/strong><\/p>\n<div class=\"code-block code-block-11\"><\/div>\n<p>Este cambio de escenario se debe a que\u00a0<strong>el Frente de Todos mejor\u00f3 en tres de las cuatro secciones donde se eligen senadores. Tanto en la Primera (norte y oeste del Conurbano), Cuarta (noroeste) y S\u00e9ptima (centro bonaerense), el oficialismo logr\u00f3 arrebatarle bancas a Juntos.<\/strong><\/p>\n<p><strong>En la Primera<\/strong>, con los resultados de las Primarias se anticipaba un reparto de 5-3 en favor de Juntos. Pero de acuerdo al conteo provisorio, de las 8 bancas a repartir quedar\u00e1n 4 para Juntos y 4 para el Frente de Todos.<\/p>\n<div class=\"code-block code-block-1\"><\/div>\n<p><strong>En la S\u00e9ptima<\/strong>, en tanto, el Frente de Todos alcanz\u00f3 a superar por muy poco el 33,33% exigido como piso para colar uno de los 3 senadores que elige la secci\u00f3n. Juntos, que aspiraba a quedarse con los tres legisladores en juego, deber\u00e1 contentarse con 2 bancas. La restante quedar\u00e1 para el peronista ex intendente de Bol\u00edvar, Eduardo Bali Bucca.<\/p>\n<p><strong>En la Cuarta<\/strong>, en tanto, se mantiene el mismo reparto que hab\u00edan anticipado las Primarias, con 4 senadores para Juntos y 3 para el Frente de Todos. De todos modos, respecto a las elecciones de hace cuatro a\u00f1os, la oposici\u00f3n pierde una banca, ya que pon\u00eda en juego 5 contra dos del oficialismo.<\/p>\n<p><strong>En el caso de la Quinta<\/strong>\u00a0(sudeste bonaerense), Juntos se quedar\u00e1 con 3 de los 5 senadores en juego, y el Frente de Todos con los otros dos. De esta forma, no cambia la distribuci\u00f3n que se hab\u00eda registrado hace cuatro a\u00f1os.<\/p>\n<p><strong>De esta forma, el Frente de Todos quedar\u00e1 con 23 senadores y los otros 23 ser\u00e1n de Juntos.<\/strong><\/p>\n<div class=\"code-block code-block-6\"><\/div>\n<h3><strong>Qu\u00e9 pasa en Diputados<\/strong><\/h3>\n<p><strong>Respecto de la C\u00e1mara de Diputados<\/strong>, Juntos se transformar\u00e1 en primera minor\u00eda luego de que se registraran algunos resultados sorpresivos, con 43 diputados contra los 42 de Frente de Todos.<\/p>\n<p>El economista Jos\u00e9 Luis Espert colaba tres diputados y dos el Frente de Izquierda. De esta forma, el peronismo se ver\u00e1 obligado a negociar para conservar la presidencia de la C\u00e1mara<\/p>\n<p><strong>Uno de las sorpresas se registr\u00f3 en la Tercera secci\u00f3n electoral donde Avanza Libertad, el sector de Jos\u00e9 Luis Espert se qued\u00f3 con dos diputados. Como pas\u00f3 el piso del 5,5 por ciento de los votos, se los termin\u00f3 quitando al Frente de Todos.<\/strong><\/p>\n<p>El dato saliente es que se qued\u00f3 afuera el vicepresidente de la C\u00e1mara, Facundo Tignanelli, uno de los lugartenientes de M\u00e1ximo Kirchner.<\/p>\n<p>En la Tercera la distribuci\u00f3n ser\u00eda 8 bancas para el oficialismo, 6 para Juntos, dos para Avanza Libertad y dos para la Izquierda.<\/p>\n<p>El otro resultado que no aparec\u00eda en los planes fue el que se registr\u00f3 en La Plata. Juntos analizaba quedarse con cuatro de los seis diputados en juego, pero en Frente de Todos pas\u00f3 el 33,66 por ciento de los votos y termin\u00f3 qued\u00e1ndose con el tercer legislador.<\/p>\n<p>La tercera sorpresa lleg\u00f3 desde la Sexta secci\u00f3n (sudoeste bonaerense), donde Avanza Libertad lleg\u00f3 al piso y le termin\u00f3 quitando un diputado a Juntos. El que ingres\u00f3 por el sector del Espert fue el ex diputado provincial Guillermo Castello, quien pasara por las filas de Lilita Carri\u00f3.<\/p>\n<p>En el caso de la secci\u00f3n Segunda (distritos del noroeste provincial), Juntos ratific\u00f3 supremac\u00edas y obtuvo 7 de las 11 bancas que estaban en juego. Las cuatro restantes quedaron para el Frente de Todos.<\/p>\n<p><strong>De esta forma, la Legislatura quedar\u00e1 con un poder repartido.<\/strong><\/p>\n<p>En el caso del Senado, si bien mejor\u00f3 la situaci\u00f3n del Frente de Todos, no tendr\u00e1 qu\u00f3rum para sesionar y deber\u00e1 negociarlo con la oposici\u00f3n.<\/p>\n<p>En relaci\u00f3n a la C\u00e1mara de Diputados, el Frente de Todos quedar\u00e1 expuesto a negociar. Con 42 diputados propios, podr\u00eda sumar a sus aliados de los bloques 17 de Noviembre y del Partido Fe. Pero ni a\u00fan s\u00ed estar\u00eda en condiciones de llegar a los 47 requeridos para formar qu\u00f3rum.<\/p>\n<p>La otra inc\u00f3gnita que sobrevuela ahora el escenario de la C\u00e1mara baja es si Juntos buscar\u00e1 acuerdos para quedarse con la presidencia por ser la primera minor\u00eda con 43 representantes. Es un debate interno que empezar\u00e1 esta semana y que la oposici\u00f3n todav\u00eda no se dio.<\/p>\n<p>En ese fuerte equilibrio, habr\u00e1 que ver qu\u00e9 posiciones adopta la nueva bancada de Jos\u00e9 Luis Espert que, con tres representantes, podr\u00eda ser determinante en medio de tan fuerte paridad.<\/p>\n<p>De una u otra forma, la Legislatura qued\u00f3 con un fuerte poder repartido y frente a un escenario en el que se requerir\u00e1 arribar a consensos para sacar leyes.<\/p>\n<p>En la C\u00e1mara alta el peronismo avanzar\u00e1 y le quitar\u00e1 la mayor\u00eda a la oposici\u00f3n<\/p>\n<p>En la C\u00e1mara de Diputados, la oposici\u00f3n de Juntos se quedar\u00e1 con la primera minor\u00eda<\/p>\n<p>Fuente: El D\u00eda<\/p>\n<\/div>\n<\/div>\n<\/div>\n<\/div>\n<\/div>\n<\/div>\n<\/div>\n<\/div>\n<\/div>\n<\/div>\n","protected":false},"excerpt":{"rendered":"<p>La definici\u00f3n por la bancas en la Legislatura era una moneda en el aire. Y a\u00fan as\u00ed, lo que parec\u00eda menos probable, ocurri\u00f3: el Frente de Todos, pese a caer derrotado a nivel provincial, le termin\u00f3 arrebatando a Juntos la mayor\u00eda que la oposici\u00f3n ten\u00eda en el Senado.<\/p>\n","protected":false},"author":3,"featured_media":0,"comment_status":"closed","ping_status":"closed","sticky":false,"template":"","format":"standard","meta":{"footnotes":""},"categories":[24],"tags":[],"class_list":["post-64917","post","type-post","status-publish","format-standard","hentry","category-politica"],"yoast_head":"<!-- This site is optimized with the Yoast SEO plugin v25.9 - https:\/\/yoast.com\/wordpress\/plugins\/seo\/ -->\n<title>El PJ le arrebat\u00f3 la mayor\u00eda a Juntos en el Senado de la Provincia - Noticias Radio Reflejos<\/title>\n<meta name=\"robots\" content=\"index, follow, max-snippet:-1, max-image-preview:large, max-video-preview:-1\" \/>\n<link rel=\"canonical\" href=\"https:\/\/www.noticiasradioreflejos.com.ar\/2021\/el-pj-le-arrebato-la-mayoria-a-juntos-en-el-senado-de-la-provincia\/\" \/>\n<meta property=\"og:locale\" content=\"es_ES\" \/>\n<meta property=\"og:type\" content=\"article\" \/>\n<meta property=\"og:title\" content=\"El PJ le arrebat\u00f3 la mayor\u00eda a Juntos en el Senado de la Provincia - Noticias Radio Reflejos\" \/>\n<meta property=\"og:description\" content=\"La definici\u00f3n por la bancas en la Legislatura era una moneda en el aire. Y a\u00fan as\u00ed, lo que parec\u00eda menos probable, ocurri\u00f3: el Frente de Todos, pese a caer derrotado a nivel provincial, le termin\u00f3 arrebatando a Juntos la mayor\u00eda que la oposici\u00f3n ten\u00eda en el Senado.\" \/>\n<meta property=\"og:url\" content=\"https:\/\/www.noticiasradioreflejos.com.ar\/2021\/el-pj-le-arrebato-la-mayoria-a-juntos-en-el-senado-de-la-provincia\/\" \/>\n<meta property=\"og:site_name\" content=\"Noticias Radio Reflejos\" \/>\n<meta property=\"article:published_time\" content=\"2021-11-15T10:27:42+00:00\" \/>\n<meta property=\"og:image\" content=\"https:\/\/www.noticiasradioreflejos.com.ar\/2021\/wp-content\/uploads\/2021\/07\/logosol300x200.png\" \/>\n\t<meta property=\"og:image:width\" content=\"300\" \/>\n\t<meta property=\"og:image:height\" content=\"200\" \/>\n\t<meta property=\"og:image:type\" content=\"image\/png\" \/>\n<meta name=\"author\" content=\"Arnaldo Botto\" \/>\n<meta name=\"twitter:card\" content=\"summary_large_image\" \/>\n<script type=\"application\/ld+json\" class=\"yoast-schema-graph\">{\"@context\":\"https:\/\/schema.org\",\"@graph\":[{\"@type\":\"WebPage\",\"@id\":\"https:\/\/www.noticiasradioreflejos.com.ar\/2021\/el-pj-le-arrebato-la-mayoria-a-juntos-en-el-senado-de-la-provincia\/\",\"url\":\"https:\/\/www.noticiasradioreflejos.com.ar\/2021\/el-pj-le-arrebato-la-mayoria-a-juntos-en-el-senado-de-la-provincia\/\",\"name\":\"El PJ le arrebat\u00f3 la mayor\u00eda a Juntos en el Senado de la Provincia - Noticias Radio Reflejos\",\"isPartOf\":{\"@id\":\"https:\/\/www.noticiasradioreflejos.com.ar\/2021\/#website\"},\"datePublished\":\"2021-11-15T10:27:42+00:00\",\"author\":{\"@id\":\"https:\/\/www.noticiasradioreflejos.com.ar\/2021\/#\/schema\/person\/ad82545263dcc5ec0996818884fd5fb1\"},\"breadcrumb\":{\"@id\":\"https:\/\/www.noticiasradioreflejos.com.ar\/2021\/el-pj-le-arrebato-la-mayoria-a-juntos-en-el-senado-de-la-provincia\/#breadcrumb\"},\"inLanguage\":\"es\",\"potentialAction\":[{\"@type\":\"ReadAction\",\"target\":[\"https:\/\/www.noticiasradioreflejos.com.ar\/2021\/el-pj-le-arrebato-la-mayoria-a-juntos-en-el-senado-de-la-provincia\/\"]}]},{\"@type\":\"BreadcrumbList\",\"@id\":\"https:\/\/www.noticiasradioreflejos.com.ar\/2021\/el-pj-le-arrebato-la-mayoria-a-juntos-en-el-senado-de-la-provincia\/#breadcrumb\",\"itemListElement\":[{\"@type\":\"ListItem\",\"position\":1,\"name\":\"Portada\",\"item\":\"https:\/\/www.noticiasradioreflejos.com.ar\/2021\/\"},{\"@type\":\"ListItem\",\"position\":2,\"name\":\"El PJ le arrebat\u00f3 la mayor\u00eda a Juntos en el Senado de la Provincia\"}]},{\"@type\":\"WebSite\",\"@id\":\"https:\/\/www.noticiasradioreflejos.com.ar\/2021\/#website\",\"url\":\"https:\/\/www.noticiasradioreflejos.com.ar\/2021\/\",\"name\":\"Noticias Radio Reflejos\",\"description\":\"Las noticias de mi comarca\",\"potentialAction\":[{\"@type\":\"SearchAction\",\"target\":{\"@type\":\"EntryPoint\",\"urlTemplate\":\"https:\/\/www.noticiasradioreflejos.com.ar\/2021\/?s={search_term_string}\"},\"query-input\":{\"@type\":\"PropertyValueSpecification\",\"valueRequired\":true,\"valueName\":\"search_term_string\"}}],\"inLanguage\":\"es\"},{\"@type\":\"Person\",\"@id\":\"https:\/\/www.noticiasradioreflejos.com.ar\/2021\/#\/schema\/person\/ad82545263dcc5ec0996818884fd5fb1\",\"name\":\"Arnaldo Botto\",\"image\":{\"@type\":\"ImageObject\",\"inLanguage\":\"es\",\"@id\":\"https:\/\/www.noticiasradioreflejos.com.ar\/2021\/#\/schema\/person\/image\/\",\"url\":\"https:\/\/secure.gravatar.com\/avatar\/55cb5e37c1efa326397366e6974cb338056df65cb50e7d64d1cf314e87504837?s=96&d=mm&r=g\",\"contentUrl\":\"https:\/\/secure.gravatar.com\/avatar\/55cb5e37c1efa326397366e6974cb338056df65cb50e7d64d1cf314e87504837?s=96&d=mm&r=g\",\"caption\":\"Arnaldo Botto\"},\"url\":\"https:\/\/www.noticiasradioreflejos.com.ar\/2021\/author\/arnaldo\/\"}]}<\/script>\n<!-- \/ Yoast SEO plugin. -->","yoast_head_json":{"title":"El PJ le arrebat\u00f3 la mayor\u00eda a Juntos en el Senado de la Provincia - Noticias Radio Reflejos","robots":{"index":"index","follow":"follow","max-snippet":"max-snippet:-1","max-image-preview":"max-image-preview:large","max-video-preview":"max-video-preview:-1"},"canonical":"https:\/\/www.noticiasradioreflejos.com.ar\/2021\/el-pj-le-arrebato-la-mayoria-a-juntos-en-el-senado-de-la-provincia\/","og_locale":"es_ES","og_type":"article","og_title":"El PJ le arrebat\u00f3 la mayor\u00eda a Juntos en el Senado de la Provincia - Noticias Radio Reflejos","og_description":"La definici\u00f3n por la bancas en la Legislatura era una moneda en el aire. Y a\u00fan as\u00ed, lo que parec\u00eda menos probable, ocurri\u00f3: el Frente de Todos, pese a caer derrotado a nivel provincial, le termin\u00f3 arrebatando a Juntos la mayor\u00eda que la oposici\u00f3n ten\u00eda en el Senado.","og_url":"https:\/\/www.noticiasradioreflejos.com.ar\/2021\/el-pj-le-arrebato-la-mayoria-a-juntos-en-el-senado-de-la-provincia\/","og_site_name":"Noticias Radio Reflejos","article_published_time":"2021-11-15T10:27:42+00:00","og_image":[{"width":300,"height":200,"url":"https:\/\/www.noticiasradioreflejos.com.ar\/2021\/wp-content\/uploads\/2021\/07\/logosol300x200.png","type":"image\/png"}],"author":"Arnaldo Botto","twitter_card":"summary_large_image","schema":{"@context":"https:\/\/schema.org","@graph":[{"@type":"WebPage","@id":"https:\/\/www.noticiasradioreflejos.com.ar\/2021\/el-pj-le-arrebato-la-mayoria-a-juntos-en-el-senado-de-la-provincia\/","url":"https:\/\/www.noticiasradioreflejos.com.ar\/2021\/el-pj-le-arrebato-la-mayoria-a-juntos-en-el-senado-de-la-provincia\/","name":"El PJ le arrebat\u00f3 la mayor\u00eda a Juntos en el Senado de la Provincia - Noticias Radio Reflejos","isPartOf":{"@id":"https:\/\/www.noticiasradioreflejos.com.ar\/2021\/#website"},"datePublished":"2021-11-15T10:27:42+00:00","author":{"@id":"https:\/\/www.noticiasradioreflejos.com.ar\/2021\/#\/schema\/person\/ad82545263dcc5ec0996818884fd5fb1"},"breadcrumb":{"@id":"https:\/\/www.noticiasradioreflejos.com.ar\/2021\/el-pj-le-arrebato-la-mayoria-a-juntos-en-el-senado-de-la-provincia\/#breadcrumb"},"inLanguage":"es","potentialAction":[{"@type":"ReadAction","target":["https:\/\/www.noticiasradioreflejos.com.ar\/2021\/el-pj-le-arrebato-la-mayoria-a-juntos-en-el-senado-de-la-provincia\/"]}]},{"@type":"BreadcrumbList","@id":"https:\/\/www.noticiasradioreflejos.com.ar\/2021\/el-pj-le-arrebato-la-mayoria-a-juntos-en-el-senado-de-la-provincia\/#breadcrumb","itemListElement":[{"@type":"ListItem","position":1,"name":"Portada","item":"https:\/\/www.noticiasradioreflejos.com.ar\/2021\/"},{"@type":"ListItem","position":2,"name":"El PJ le arrebat\u00f3 la mayor\u00eda a Juntos en el Senado de la Provincia"}]},{"@type":"WebSite","@id":"https:\/\/www.noticiasradioreflejos.com.ar\/2021\/#website","url":"https:\/\/www.noticiasradioreflejos.com.ar\/2021\/","name":"Noticias Radio Reflejos","description":"Las noticias de mi comarca","potentialAction":[{"@type":"SearchAction","target":{"@type":"EntryPoint","urlTemplate":"https:\/\/www.noticiasradioreflejos.com.ar\/2021\/?s={search_term_string}"},"query-input":{"@type":"PropertyValueSpecification","valueRequired":true,"valueName":"search_term_string"}}],"inLanguage":"es"},{"@type":"Person","@id":"https:\/\/www.noticiasradioreflejos.com.ar\/2021\/#\/schema\/person\/ad82545263dcc5ec0996818884fd5fb1","name":"Arnaldo Botto","image":{"@type":"ImageObject","inLanguage":"es","@id":"https:\/\/www.noticiasradioreflejos.com.ar\/2021\/#\/schema\/person\/image\/","url":"https:\/\/secure.gravatar.com\/avatar\/55cb5e37c1efa326397366e6974cb338056df65cb50e7d64d1cf314e87504837?s=96&d=mm&r=g","contentUrl":"https:\/\/secure.gravatar.com\/avatar\/55cb5e37c1efa326397366e6974cb338056df65cb50e7d64d1cf314e87504837?s=96&d=mm&r=g","caption":"Arnaldo Botto"},"url":"https:\/\/www.noticiasradioreflejos.com.ar\/2021\/author\/arnaldo\/"}]}},"_links":{"self":[{"href":"https:\/\/www.noticiasradioreflejos.com.ar\/2021\/wp-json\/wp\/v2\/posts\/64917","targetHints":{"allow":["GET"]}}],"collection":[{"href":"https:\/\/www.noticiasradioreflejos.com.ar\/2021\/wp-json\/wp\/v2\/posts"}],"about":[{"href":"https:\/\/www.noticiasradioreflejos.com.ar\/2021\/wp-json\/wp\/v2\/types\/post"}],"author":[{"embeddable":true,"href":"https:\/\/www.noticiasradioreflejos.com.ar\/2021\/wp-json\/wp\/v2\/users\/3"}],"replies":[{"embeddable":true,"href":"https:\/\/www.noticiasradioreflejos.com.ar\/2021\/wp-json\/wp\/v2\/comments?post=64917"}],"version-history":[{"count":1,"href":"https:\/\/www.noticiasradioreflejos.com.ar\/2021\/wp-json\/wp\/v2\/posts\/64917\/revisions"}],"predecessor-version":[{"id":64919,"href":"https:\/\/www.noticiasradioreflejos.com.ar\/2021\/wp-json\/wp\/v2\/posts\/64917\/revisions\/64919"}],"wp:attachment":[{"href":"https:\/\/www.noticiasradioreflejos.com.ar\/2021\/wp-json\/wp\/v2\/media?parent=64917"}],"wp:term":[{"taxonomy":"category","embeddable":true,"href":"https:\/\/www.noticiasradioreflejos.com.ar\/2021\/wp-json\/wp\/v2\/categories?post=64917"},{"taxonomy":"post_tag","embeddable":true,"href":"https:\/\/www.noticiasradioreflejos.com.ar\/2021\/wp-json\/wp\/v2\/tags?post=64917"}],"curies":[{"name":"wp","href":"https:\/\/api.w.org\/{rel}","templated":true}]}}