{"id":64912,"date":"2021-11-15T10:19:01","date_gmt":"2021-11-15T10:19:01","guid":{"rendered":"http:\/\/www.noticiasradioreflejos.com.ar\/2021\/?p=64912"},"modified":"2021-11-15T10:19:01","modified_gmt":"2021-11-15T10:19:01","slug":"el-fdt-recupero-terreno-en-buenos-aires-jxc-mantuvo-ventaja-y-el-presidente-convoco-a-nueva-etapa","status":"publish","type":"post","link":"https:\/\/www.noticiasradioreflejos.com.ar\/2021\/el-fdt-recupero-terreno-en-buenos-aires-jxc-mantuvo-ventaja-y-el-presidente-convoco-a-nueva-etapa\/","title":{"rendered":"El FdT recuper\u00f3 terreno en Buenos Aires, JxC mantuvo ventaja y el Presidente convoc\u00f3 a nueva etapa"},"content":{"rendered":"<div class=\"wrapper-header\">\n<div class=\"container-xl\">\n<div class=\"row\">\n<div class=\"col-12\">\n<div class=\"head-content mb-4\">\n<p class=\"speak\">Las elecciones legislativas reeditaron parte de los resultados de las PASO, con una ventaja para Juntos por el Cambio en los principales distritos y una recuperaci\u00f3n cercana al empate del Frente de Todos en la estrat\u00e9gica provincia de Buenos Aires, en una jornada en la que el presidente Alberto Fern\u00e1ndez convoc\u00f3 a una nueva etapa orientada a lograr un \u00abacuerdo sustentable\u00bb con el FMI y le reclam\u00f3 a la oposici\u00f3n una actitud \u00abpatri\u00f3tica\u00bb.<\/p>\n<\/div>\n<\/div>\n<\/div>\n<\/div>\n<\/div>\n<p><!--more--><\/p>\n<div class=\"wrapper-editable-content\">\n<div class=\"row\">\n<div class=\"col-md-10 offset-md-1\">\n<div class=\"author-box mb-4\">\n<div class=\"image\"><\/div>\n<div class=\"info\">\n<div class=\"name\">POR MAR\u00cdA AGUIRRE<\/div>\n<\/div>\n<\/div>\n<\/div>\n<\/div>\n<div>\n<div class=\"wrapper-editable-content\">\n<div class=\"row\">\n<div class=\"container-md\">\n<div class=\"row\">\n<div class=\"col-md-10 offset-md-1 speak\">\n<div class=\"paragraph\">\n<figure class=\"mb-3\"><img decoding=\"async\" src=\"https:\/\/www.telam.com.ar\/thumbs\/bluesteel\/advf\/imagenes\/2021\/11\/6191523d38baf_900.jpg\" alt=\"Foto Alejandra Bartoliche\" \/><\/p>\n<div class=\"media-icons\"><\/div><figcaption>Foto: Alejandra Bartoliche.<\/figcaption><\/figure>\n<p><strong>El FdT repiti\u00f3 triunfos en Catamarca, Formosa, La Rioja, San Juan, Santiago del Estero y Tucum\u00e1n, mejor\u00f3 sus resultados en Santa Fe, Chubut y La Pampa y logr\u00f3 anotarse dos nuevas victorias: Chaco y Tierra del Fuego<\/strong>, distritos en los que hab\u00eda perdido en las primarias abiertas, simult\u00e1neas y obligatorias (PASO) de septiembre pasado.<\/p>\n<p>Con todo,\u00a0<strong>JxC mantuvo los apoyos gravitantes de las provincias de mayor peso: adem\u00e1s de Buenos Aires (ganaba por poco m\u00e1s de un punto), C\u00f3rdoba, Santa Fe y CABA<\/strong>.<\/p>\n<p>Los resultados de los comicios definieron la composici\u00f3n del Congreso Nacional para el pr\u00f3ximo per\u00edodo legislativo que se inicia el 10 de diciembre, en el que\u00a0<a href=\"https:\/\/te.telam.com.ar\/notas\/202111\/574827-frente-de-todos-primera-minoria-senado.html\" target=\"_blank\" rel=\"noopener\">el oficialismo ser\u00e1 la primera minor\u00eda en el Senado<\/a>\u00a0al haber obtenido triunfos en Catamarca y Tucum\u00e1n, s\u00f3lo dos de los ocho distritos que renovaron bancas en la C\u00e1mara alta.\u00a0JxC logr\u00f3 quedarse con las plazas en C\u00f3rdoba, Corrientes, Santa Fe, Chubut, La Pampa y Mendoza.<\/p>\n<p>En la C\u00e1mara de Diputados, en tanto, el oficialismo conservar\u00e1 la primera minor\u00eda al contar con 118 esca\u00f1os, casi en paridad con la oposici\u00f3n macrista, que sumar\u00e1 116.<\/p>\n<p><a href=\"https:\/\/te.telam.com.ar\/notas\/202111\/574824-ciudad-buenos-aires-juntos-por-el-cambio-vidal-santoro-milei-por-el-cambio-frente-de-todos.html\" target=\"_blank\" rel=\"noopener\">CABA<\/a>\u00a0y\u00a0<a href=\"https:\/\/te.telam.com.ar\/notas\/202111\/574824-ciudad-buenos-aires-juntos-por-el-cambio-vidal-santoro-milei-por-el-cambio-frente-de-todos.html\" target=\"_blank\" rel=\"noopener\">provincia de Buenos Aires<\/a>\u00a0concentraron la atenci\u00f3n de la dirigencia: en el territorio porte\u00f1o JxC consigui\u00f3 una nueva victoria, pero la boleta de Mar\u00eda Eugenia Vidal retrocedi\u00f3 algo m\u00e1s de un punto y\u00a0<a href=\"https:\/\/te.telam.com.ar\/notas\/202111\/574830-libertarios-cinco-bancas-diputados.html\" target=\"_blank\" rel=\"noopener\">la n\u00f3mina de La Libertad Avanza, con Javier Milei a la cabeza<\/a>, creci\u00f3 un 4%, y mantuvo el tercer puesto detr\u00e1s del FdT.<\/p>\n<figure class=\"mb-3\"><img decoding=\"async\" class=\" lazy \" src=\"https:\/\/www.telam.com.ar\/thumbs\/bluesteel\/advf\/imagenes\/2021\/11\/618d6aefd0062_900.jpg\" alt=\"Foto Eva Cabrera\" \/><\/p>\n<div class=\"media-icons\"><\/div><figcaption>Foto: Eva Cabrera.<\/figcaption><\/figure>\n<p>En el distrito gobernado por Axel Kicillof, el FdT obtuvo 38,52% de votos, cinco puntos m\u00e1s que en las primarias, abiertas, simult\u00e1neas y obligatorias, en tanto que JxC s\u00f3lo aument\u00f3 sus votos en un 2% y qued\u00f3 por debajo del 40%.\u00a0<strong>En las PASO, la oposici\u00f3n macrista le hab\u00eda sacado 4 puntos al oficialismo en el territorio bonaerense, pero ahora la diferencia fue de apenas 1,3%<\/strong>.<\/p>\n<p><strong>Los candidatos de Avanza Libertad y La Libertad Avanza lograron colocarse como tercera fuerza tanto en CABA como en la provincia de Buenos Aires<\/strong>, superando su performance de las primarias y asegur\u00e1ndose 5 esca\u00f1os en la C\u00e1mara de Diputados.\u00a0<strong>Jos\u00e9 Luis Espert<\/strong>, candidato por la provincia de Buenos Aires, logr\u00f3 el 7,49% de los votos &#8211;<strong>casi tres puntos m\u00e1s que en las PASO<\/strong>&#8211; y le arrebat\u00f3 el tercer lugar de la provincia al Frente de Izquierda.<\/p>\n<p>En CABA, el FIT-Unidad s\u00ed creci\u00f3 algo m\u00e1s de un punto, en comparaci\u00f3n con las elecciones de septiembre.<\/p>\n<p>Los votos obtenidos por uno y otro espacio redundar\u00e1n en c\u00f3mo ser\u00e1 la nueva relaci\u00f3n de fuerzas en el Congreso Nacional, a partir del 10 de diciembre pr\u00f3ximo, en coincidencia con el inicio del segundo tramo del Gobierno de\u00a0<a href=\"https:\/\/te.telam.com.ar\/notas\/202111\/574826-alberto-fernandez-nos-estamos-poniendo-de-pie.html\" target=\"_blank\" rel=\"noopener\">Alberto Fern\u00e1ndez, quien este domingo renov\u00f3 su compromiso con la ciudadan\u00eda en la recuperaci\u00f3n econ\u00f3mica, el fortalecimiento de los ingresos, la reducci\u00f3n de la inflaci\u00f3n y la creaci\u00f3n de empleo<\/a>.<\/p>\n<p>El Presidente marc\u00f3, sin embargo, la necesidad de establecer un \u00abdi\u00e1logo constructivo que le d\u00e9 potencia y mejor calidad a nuestra vida en democracia\u00bb.<\/p>\n<figure class=\"mb-3\"><img decoding=\"async\" class=\" lazy \" src=\"https:\/\/www.telam.com.ar\/thumbs\/bluesteel\/advf\/imagenes\/2021\/11\/6191cff223ae3.06.21_900.jpg\" alt=\"Fernndez Hoy empieza la segunda parte de nuestro Gobierno\" \/><\/p>\n<div class=\"media-icons\"><\/div><figcaption>Fern\u00e1ndez: \u00abHoy empieza la segunda parte de nuestro Gobierno\u00bb.<\/figcaption><\/figure>\n<p>El oficialismo deber\u00e1 tejer acuerdos en el Parlamento para darle profundidad e institucionalidad a los proyectos parlamentarios con los que el Gobierno aspira a acelerar la reconstrucci\u00f3n del pa\u00eds pospandemia.<\/p>\n<p><strong>\u00abHoy empieza la segunda parte de nuestro Gobierno y s\u00e9 que los argentinos y argentinas necesitamos un horizonte, saber que cada mes estaremos un poco mejor\u00bb<\/strong>, reflexion\u00f3 el Presidente en un mensaje grabado que difundi\u00f3 luego de que se conocieran los resultados y poco antes de sumarse al encuentro con dirigentes y candidatos en el bunker del FdT.<\/p>\n<p><strong>C\u00f3rdoba y Santa Fe mostraron este domingo resultados similares a los de las PASO<\/strong>: mientras en la provincia mediterr\u00e1nea JxC logr\u00f3 un triunfo n\u00edtido y se qued\u00f3 con dos bancas del Senado, el oficialismo provincial de Hacemos por C\u00f3rdoba obtuvo la banca por la minor\u00eda.\u00a0Entre esos dos espacios, junto al FdT, que sali\u00f3 tercero, se repartieron las nueve bancas que la provincia renueva este a\u00f1o.<\/p>\n<p>De igual manera, en Santa Fe, la coalici\u00f3n opositora consigui\u00f3 2 bancas (la tercera qued\u00f3 en manos del FdT).<\/p>\n<p><a href=\"http:\/\/www.telam.com.ar\/notas\/202111\/574697-elecciones-legislativas-14-noviembre.html\" target=\"_blank\" rel=\"noopener\">Las elecciones de se desarrollaron con normalidad en todo el pa\u00eds<\/a>, bajo protocolos m\u00e1s flexibles por la mejor\u00eda epidemiol\u00f3gica con respecto al coronavirus.<\/p>\n<p>Adem\u00e1s, mostraron un porcentaje mayor de participaci\u00f3n de votantes en comparaci\u00f3n con las PASO:\u00a0<strong>esta vez rond\u00f3 el 72%, cinco puntos m\u00e1s que en las primarias.<\/strong><\/p>\n<p>El avance en el plan estrat\u00e9gico de vacunaci\u00f3n con el inicio de los refuerzos con terceras dosis a adultos mayores y la inoculaci\u00f3n a ni\u00f1os y adolescentes, hizo posible agilizar la votaci\u00f3n, disminuir la espera en los centros de votaci\u00f3n con un protocolo menos estricto y evitar largas filas de espera en las calles.<\/p>\n<p>Las provincias del norte del pa\u00eds como Corrientes y Chaco sufrieron intensas lluvias, pero se mantuvo buen clima en la mayor\u00eda del territorio nacional, sobre todo en el \u00e1rea metropolitana de Buenos Aires, donde se concentra m\u00e1s del 40% del padr\u00f3n, que permiti\u00f3 una buena aplicaci\u00f3n del protocolo establecido.<\/p>\n<p>Poco antes de las 21, casi tres horas despu\u00e9s del cierre de los comicios, ya se hab\u00eda escrutado el 81% de los votos de todo el pa\u00eds, algo que fue resaltado por el ministro del Interior, Eduardo De Pedro.<\/p>\n<p>Despu\u00e9s de esa hora, todos los datos fueron difundi\u00e9ndose con una rapidez a\u00fan mayor a la que se observ\u00f3 en las PASO.<\/p><\/div>\n<\/div>\n<\/div>\n<\/div>\n<\/div>\n<\/div>\n<\/div>\n<\/div>\n","protected":false},"excerpt":{"rendered":"<p>Las elecciones legislativas reeditaron parte de los resultados de las PASO, con una ventaja para Juntos por el Cambio en los principales distritos y una recuperaci\u00f3n cercana al empate del Frente de Todos en la estrat\u00e9gica provincia de Buenos Aires, en una jornada en la que el presidente Alberto Fern\u00e1ndez convoc\u00f3 a una nueva etapa [&hellip;]<\/p>\n","protected":false},"author":3,"featured_media":0,"comment_status":"closed","ping_status":"closed","sticky":false,"template":"","format":"standard","meta":{"footnotes":""},"categories":[1],"tags":[],"class_list":["post-64912","post","type-post","status-publish","format-standard","hentry","category-sin-categoria"],"yoast_head":"<!-- This site is optimized with the Yoast SEO plugin v25.9 - https:\/\/yoast.com\/wordpress\/plugins\/seo\/ -->\n<title>El FdT recuper\u00f3 terreno en Buenos Aires, JxC mantuvo ventaja y el Presidente convoc\u00f3 a nueva etapa - Noticias Radio Reflejos<\/title>\n<meta name=\"robots\" content=\"index, follow, max-snippet:-1, max-image-preview:large, max-video-preview:-1\" \/>\n<link rel=\"canonical\" href=\"https:\/\/www.noticiasradioreflejos.com.ar\/2021\/el-fdt-recupero-terreno-en-buenos-aires-jxc-mantuvo-ventaja-y-el-presidente-convoco-a-nueva-etapa\/\" \/>\n<meta property=\"og:locale\" content=\"es_ES\" \/>\n<meta property=\"og:type\" content=\"article\" \/>\n<meta property=\"og:title\" content=\"El FdT recuper\u00f3 terreno en Buenos Aires, JxC mantuvo ventaja y el Presidente convoc\u00f3 a nueva etapa - Noticias Radio Reflejos\" \/>\n<meta property=\"og:description\" content=\"Las elecciones legislativas reeditaron parte de los resultados de las PASO, con una ventaja para Juntos por el Cambio en los principales distritos y una recuperaci\u00f3n cercana al empate del Frente de Todos en la estrat\u00e9gica provincia de Buenos Aires, en una jornada en la que el presidente Alberto Fern\u00e1ndez convoc\u00f3 a una nueva etapa [&hellip;]\" \/>\n<meta property=\"og:url\" content=\"https:\/\/www.noticiasradioreflejos.com.ar\/2021\/el-fdt-recupero-terreno-en-buenos-aires-jxc-mantuvo-ventaja-y-el-presidente-convoco-a-nueva-etapa\/\" \/>\n<meta property=\"og:site_name\" content=\"Noticias Radio Reflejos\" \/>\n<meta property=\"article:published_time\" content=\"2021-11-15T10:19:01+00:00\" \/>\n<meta property=\"og:image\" content=\"https:\/\/www.telam.com.ar\/thumbs\/bluesteel\/advf\/imagenes\/2021\/11\/6191523d38baf_900.jpg\" \/>\n<meta name=\"author\" content=\"Arnaldo Botto\" \/>\n<meta name=\"twitter:card\" content=\"summary_large_image\" \/>\n<script type=\"application\/ld+json\" class=\"yoast-schema-graph\">{\"@context\":\"https:\/\/schema.org\",\"@graph\":[{\"@type\":\"WebPage\",\"@id\":\"https:\/\/www.noticiasradioreflejos.com.ar\/2021\/el-fdt-recupero-terreno-en-buenos-aires-jxc-mantuvo-ventaja-y-el-presidente-convoco-a-nueva-etapa\/\",\"url\":\"https:\/\/www.noticiasradioreflejos.com.ar\/2021\/el-fdt-recupero-terreno-en-buenos-aires-jxc-mantuvo-ventaja-y-el-presidente-convoco-a-nueva-etapa\/\",\"name\":\"El FdT recuper\u00f3 terreno en Buenos Aires, JxC mantuvo ventaja y el Presidente convoc\u00f3 a nueva etapa - Noticias Radio Reflejos\",\"isPartOf\":{\"@id\":\"https:\/\/www.noticiasradioreflejos.com.ar\/2021\/#website\"},\"primaryImageOfPage\":{\"@id\":\"https:\/\/www.noticiasradioreflejos.com.ar\/2021\/el-fdt-recupero-terreno-en-buenos-aires-jxc-mantuvo-ventaja-y-el-presidente-convoco-a-nueva-etapa\/#primaryimage\"},\"image\":{\"@id\":\"https:\/\/www.noticiasradioreflejos.com.ar\/2021\/el-fdt-recupero-terreno-en-buenos-aires-jxc-mantuvo-ventaja-y-el-presidente-convoco-a-nueva-etapa\/#primaryimage\"},\"thumbnailUrl\":\"https:\/\/www.telam.com.ar\/thumbs\/bluesteel\/advf\/imagenes\/2021\/11\/6191523d38baf_900.jpg\",\"datePublished\":\"2021-11-15T10:19:01+00:00\",\"author\":{\"@id\":\"https:\/\/www.noticiasradioreflejos.com.ar\/2021\/#\/schema\/person\/ad82545263dcc5ec0996818884fd5fb1\"},\"breadcrumb\":{\"@id\":\"https:\/\/www.noticiasradioreflejos.com.ar\/2021\/el-fdt-recupero-terreno-en-buenos-aires-jxc-mantuvo-ventaja-y-el-presidente-convoco-a-nueva-etapa\/#breadcrumb\"},\"inLanguage\":\"es\",\"potentialAction\":[{\"@type\":\"ReadAction\",\"target\":[\"https:\/\/www.noticiasradioreflejos.com.ar\/2021\/el-fdt-recupero-terreno-en-buenos-aires-jxc-mantuvo-ventaja-y-el-presidente-convoco-a-nueva-etapa\/\"]}]},{\"@type\":\"ImageObject\",\"inLanguage\":\"es\",\"@id\":\"https:\/\/www.noticiasradioreflejos.com.ar\/2021\/el-fdt-recupero-terreno-en-buenos-aires-jxc-mantuvo-ventaja-y-el-presidente-convoco-a-nueva-etapa\/#primaryimage\",\"url\":\"https:\/\/www.telam.com.ar\/thumbs\/bluesteel\/advf\/imagenes\/2021\/11\/6191523d38baf_900.jpg\",\"contentUrl\":\"https:\/\/www.telam.com.ar\/thumbs\/bluesteel\/advf\/imagenes\/2021\/11\/6191523d38baf_900.jpg\"},{\"@type\":\"BreadcrumbList\",\"@id\":\"https:\/\/www.noticiasradioreflejos.com.ar\/2021\/el-fdt-recupero-terreno-en-buenos-aires-jxc-mantuvo-ventaja-y-el-presidente-convoco-a-nueva-etapa\/#breadcrumb\",\"itemListElement\":[{\"@type\":\"ListItem\",\"position\":1,\"name\":\"Portada\",\"item\":\"https:\/\/www.noticiasradioreflejos.com.ar\/2021\/\"},{\"@type\":\"ListItem\",\"position\":2,\"name\":\"El FdT recuper\u00f3 terreno en Buenos Aires, JxC mantuvo ventaja y el Presidente convoc\u00f3 a nueva etapa\"}]},{\"@type\":\"WebSite\",\"@id\":\"https:\/\/www.noticiasradioreflejos.com.ar\/2021\/#website\",\"url\":\"https:\/\/www.noticiasradioreflejos.com.ar\/2021\/\",\"name\":\"Noticias Radio Reflejos\",\"description\":\"Las noticias de mi comarca\",\"potentialAction\":[{\"@type\":\"SearchAction\",\"target\":{\"@type\":\"EntryPoint\",\"urlTemplate\":\"https:\/\/www.noticiasradioreflejos.com.ar\/2021\/?s={search_term_string}\"},\"query-input\":{\"@type\":\"PropertyValueSpecification\",\"valueRequired\":true,\"valueName\":\"search_term_string\"}}],\"inLanguage\":\"es\"},{\"@type\":\"Person\",\"@id\":\"https:\/\/www.noticiasradioreflejos.com.ar\/2021\/#\/schema\/person\/ad82545263dcc5ec0996818884fd5fb1\",\"name\":\"Arnaldo Botto\",\"image\":{\"@type\":\"ImageObject\",\"inLanguage\":\"es\",\"@id\":\"https:\/\/www.noticiasradioreflejos.com.ar\/2021\/#\/schema\/person\/image\/\",\"url\":\"https:\/\/secure.gravatar.com\/avatar\/55cb5e37c1efa326397366e6974cb338056df65cb50e7d64d1cf314e87504837?s=96&d=mm&r=g\",\"contentUrl\":\"https:\/\/secure.gravatar.com\/avatar\/55cb5e37c1efa326397366e6974cb338056df65cb50e7d64d1cf314e87504837?s=96&d=mm&r=g\",\"caption\":\"Arnaldo Botto\"},\"url\":\"https:\/\/www.noticiasradioreflejos.com.ar\/2021\/author\/arnaldo\/\"}]}<\/script>\n<!-- \/ Yoast SEO plugin. -->","yoast_head_json":{"title":"El FdT recuper\u00f3 terreno en Buenos Aires, JxC mantuvo ventaja y el Presidente convoc\u00f3 a nueva etapa - Noticias Radio Reflejos","robots":{"index":"index","follow":"follow","max-snippet":"max-snippet:-1","max-image-preview":"max-image-preview:large","max-video-preview":"max-video-preview:-1"},"canonical":"https:\/\/www.noticiasradioreflejos.com.ar\/2021\/el-fdt-recupero-terreno-en-buenos-aires-jxc-mantuvo-ventaja-y-el-presidente-convoco-a-nueva-etapa\/","og_locale":"es_ES","og_type":"article","og_title":"El FdT recuper\u00f3 terreno en Buenos Aires, JxC mantuvo ventaja y el Presidente convoc\u00f3 a nueva etapa - Noticias Radio Reflejos","og_description":"Las elecciones legislativas reeditaron parte de los resultados de las PASO, con una ventaja para Juntos por el Cambio en los principales distritos y una recuperaci\u00f3n cercana al empate del Frente de Todos en la estrat\u00e9gica provincia de Buenos Aires, en una jornada en la que el presidente Alberto Fern\u00e1ndez convoc\u00f3 a una nueva etapa [&hellip;]","og_url":"https:\/\/www.noticiasradioreflejos.com.ar\/2021\/el-fdt-recupero-terreno-en-buenos-aires-jxc-mantuvo-ventaja-y-el-presidente-convoco-a-nueva-etapa\/","og_site_name":"Noticias Radio Reflejos","article_published_time":"2021-11-15T10:19:01+00:00","og_image":[{"url":"https:\/\/www.telam.com.ar\/thumbs\/bluesteel\/advf\/imagenes\/2021\/11\/6191523d38baf_900.jpg","type":"","width":"","height":""}],"author":"Arnaldo Botto","twitter_card":"summary_large_image","schema":{"@context":"https:\/\/schema.org","@graph":[{"@type":"WebPage","@id":"https:\/\/www.noticiasradioreflejos.com.ar\/2021\/el-fdt-recupero-terreno-en-buenos-aires-jxc-mantuvo-ventaja-y-el-presidente-convoco-a-nueva-etapa\/","url":"https:\/\/www.noticiasradioreflejos.com.ar\/2021\/el-fdt-recupero-terreno-en-buenos-aires-jxc-mantuvo-ventaja-y-el-presidente-convoco-a-nueva-etapa\/","name":"El FdT recuper\u00f3 terreno en Buenos Aires, JxC mantuvo ventaja y el Presidente convoc\u00f3 a nueva etapa - Noticias Radio Reflejos","isPartOf":{"@id":"https:\/\/www.noticiasradioreflejos.com.ar\/2021\/#website"},"primaryImageOfPage":{"@id":"https:\/\/www.noticiasradioreflejos.com.ar\/2021\/el-fdt-recupero-terreno-en-buenos-aires-jxc-mantuvo-ventaja-y-el-presidente-convoco-a-nueva-etapa\/#primaryimage"},"image":{"@id":"https:\/\/www.noticiasradioreflejos.com.ar\/2021\/el-fdt-recupero-terreno-en-buenos-aires-jxc-mantuvo-ventaja-y-el-presidente-convoco-a-nueva-etapa\/#primaryimage"},"thumbnailUrl":"https:\/\/www.telam.com.ar\/thumbs\/bluesteel\/advf\/imagenes\/2021\/11\/6191523d38baf_900.jpg","datePublished":"2021-11-15T10:19:01+00:00","author":{"@id":"https:\/\/www.noticiasradioreflejos.com.ar\/2021\/#\/schema\/person\/ad82545263dcc5ec0996818884fd5fb1"},"breadcrumb":{"@id":"https:\/\/www.noticiasradioreflejos.com.ar\/2021\/el-fdt-recupero-terreno-en-buenos-aires-jxc-mantuvo-ventaja-y-el-presidente-convoco-a-nueva-etapa\/#breadcrumb"},"inLanguage":"es","potentialAction":[{"@type":"ReadAction","target":["https:\/\/www.noticiasradioreflejos.com.ar\/2021\/el-fdt-recupero-terreno-en-buenos-aires-jxc-mantuvo-ventaja-y-el-presidente-convoco-a-nueva-etapa\/"]}]},{"@type":"ImageObject","inLanguage":"es","@id":"https:\/\/www.noticiasradioreflejos.com.ar\/2021\/el-fdt-recupero-terreno-en-buenos-aires-jxc-mantuvo-ventaja-y-el-presidente-convoco-a-nueva-etapa\/#primaryimage","url":"https:\/\/www.telam.com.ar\/thumbs\/bluesteel\/advf\/imagenes\/2021\/11\/6191523d38baf_900.jpg","contentUrl":"https:\/\/www.telam.com.ar\/thumbs\/bluesteel\/advf\/imagenes\/2021\/11\/6191523d38baf_900.jpg"},{"@type":"BreadcrumbList","@id":"https:\/\/www.noticiasradioreflejos.com.ar\/2021\/el-fdt-recupero-terreno-en-buenos-aires-jxc-mantuvo-ventaja-y-el-presidente-convoco-a-nueva-etapa\/#breadcrumb","itemListElement":[{"@type":"ListItem","position":1,"name":"Portada","item":"https:\/\/www.noticiasradioreflejos.com.ar\/2021\/"},{"@type":"ListItem","position":2,"name":"El FdT recuper\u00f3 terreno en Buenos Aires, JxC mantuvo ventaja y el Presidente convoc\u00f3 a nueva etapa"}]},{"@type":"WebSite","@id":"https:\/\/www.noticiasradioreflejos.com.ar\/2021\/#website","url":"https:\/\/www.noticiasradioreflejos.com.ar\/2021\/","name":"Noticias Radio Reflejos","description":"Las noticias de mi comarca","potentialAction":[{"@type":"SearchAction","target":{"@type":"EntryPoint","urlTemplate":"https:\/\/www.noticiasradioreflejos.com.ar\/2021\/?s={search_term_string}"},"query-input":{"@type":"PropertyValueSpecification","valueRequired":true,"valueName":"search_term_string"}}],"inLanguage":"es"},{"@type":"Person","@id":"https:\/\/www.noticiasradioreflejos.com.ar\/2021\/#\/schema\/person\/ad82545263dcc5ec0996818884fd5fb1","name":"Arnaldo Botto","image":{"@type":"ImageObject","inLanguage":"es","@id":"https:\/\/www.noticiasradioreflejos.com.ar\/2021\/#\/schema\/person\/image\/","url":"https:\/\/secure.gravatar.com\/avatar\/55cb5e37c1efa326397366e6974cb338056df65cb50e7d64d1cf314e87504837?s=96&d=mm&r=g","contentUrl":"https:\/\/secure.gravatar.com\/avatar\/55cb5e37c1efa326397366e6974cb338056df65cb50e7d64d1cf314e87504837?s=96&d=mm&r=g","caption":"Arnaldo Botto"},"url":"https:\/\/www.noticiasradioreflejos.com.ar\/2021\/author\/arnaldo\/"}]}},"_links":{"self":[{"href":"https:\/\/www.noticiasradioreflejos.com.ar\/2021\/wp-json\/wp\/v2\/posts\/64912","targetHints":{"allow":["GET"]}}],"collection":[{"href":"https:\/\/www.noticiasradioreflejos.com.ar\/2021\/wp-json\/wp\/v2\/posts"}],"about":[{"href":"https:\/\/www.noticiasradioreflejos.com.ar\/2021\/wp-json\/wp\/v2\/types\/post"}],"author":[{"embeddable":true,"href":"https:\/\/www.noticiasradioreflejos.com.ar\/2021\/wp-json\/wp\/v2\/users\/3"}],"replies":[{"embeddable":true,"href":"https:\/\/www.noticiasradioreflejos.com.ar\/2021\/wp-json\/wp\/v2\/comments?post=64912"}],"version-history":[{"count":1,"href":"https:\/\/www.noticiasradioreflejos.com.ar\/2021\/wp-json\/wp\/v2\/posts\/64912\/revisions"}],"predecessor-version":[{"id":64914,"href":"https:\/\/www.noticiasradioreflejos.com.ar\/2021\/wp-json\/wp\/v2\/posts\/64912\/revisions\/64914"}],"wp:attachment":[{"href":"https:\/\/www.noticiasradioreflejos.com.ar\/2021\/wp-json\/wp\/v2\/media?parent=64912"}],"wp:term":[{"taxonomy":"category","embeddable":true,"href":"https:\/\/www.noticiasradioreflejos.com.ar\/2021\/wp-json\/wp\/v2\/categories?post=64912"},{"taxonomy":"post_tag","embeddable":true,"href":"https:\/\/www.noticiasradioreflejos.com.ar\/2021\/wp-json\/wp\/v2\/tags?post=64912"}],"curies":[{"name":"wp","href":"https:\/\/api.w.org\/{rel}","templated":true}]}}