{"id":64897,"date":"2021-11-14T23:25:02","date_gmt":"2021-11-14T23:25:02","guid":{"rendered":"http:\/\/www.noticiasradioreflejos.com.ar\/2021\/?p=64897"},"modified":"2021-11-15T10:26:30","modified_gmt":"2021-11-15T10:26:30","slug":"tornquist-juntos-obtiene-un-amplio-triunfo-en-las-elecciones","status":"publish","type":"post","link":"https:\/\/www.noticiasradioreflejos.com.ar\/2021\/tornquist-juntos-obtiene-un-amplio-triunfo-en-las-elecciones\/","title":{"rendered":"Tornquist: Juntos obtuvo un amplio triunfo en las elecciones."},"content":{"rendered":"<p>Finaliz\u00f3 el escrutinio con un porcentaje de votantes un poco mayor que en las PASO, <strong>Juntos por Tornquist<\/strong> obtiene un 43 % del total de de los votos, El <strong>Frente de Todos<\/strong> un 24% y<strong> Acci\u00f3n por Tornquist<\/strong>\u00a0 el 19% en el total general. En Sierra de la Ventana la diferencia se ampli\u00f3 a un 52 %.<!--more--><\/p>\n<p>El acto eleccionario se desarroll\u00f3 con total normalidad en todo el distrito. En varias mesas faltaron autoridades de mesa y esto demor\u00f3 el inicio de las elecciones.<\/p>\n<h4>De esta manera, ingresan al Concejo Deliberante:<\/h4>\n<p>3 concejales de Juntos; <strong>Luis Castro, Sandra Kifer y Juan Cruz Marzialetti, <\/strong><\/p>\n<p>2 concejales del Frente de Todos; <strong>Marcela Gim\u00e9nez y Leandro Guerrero\u00a0<\/strong><\/p>\n<p>1 de Acci\u00f3n por Tornquist; <strong>Bruno Zacconi.\u00a0<\/strong><\/p>\n<p>Al Consejo escolar ingresan los dos candidatos de Juntos: <strong>Gisela Federici y Fabi\u00e1n Camilletti<\/strong><\/p>\n<div class=\"text\">\n<p>No hubo mayores sorpresas respecto a las PASO y Juntos se impuso en las Elecciones Legislativas 2021. La lista liderada por Luis Castro obtuvo 4349 (50,3%) votos contra 2369 (27%) del Frente de Todos y 1935 (22 %) de Acci\u00f3n por Tornquist.<\/p>\n<p>Con estos resultados, Juntos ingresar\u00e1 tres concejales al HCD, Todos dos y, el vecinalismo, uno.<\/p>\n<p>Adem\u00e1s, hubo 1150 votos en blanco y 160 nulos.<\/p>\n<p>En relaci\u00f3n a las PASO del 12 de septiembre, Acci\u00f3n por Tornquist registr\u00f3 este domingo una notable mejora, sumando 600 votos m\u00e1s que en aquellos comicios, donde habian obtenido 1347. Juntos tuvo 500 sufragios m\u00e1s y, Todos, 105.<\/p>\n<p><strong>JUNTOS CONSIGUE AMPLIA VICTORIA<\/strong><\/p>\n<p>Con los n\u00fameros ya consumados, el Frente Juntos ingresa al Concejo Deliberante 3 concejales. Luis Castro(Sierra de la Ventana) Sandra Kiffer(Sierra de la Ventana) y Juan Cruz Marzialetti(Saldungaray). Reemplazar\u00e1n a Juan Manuel Ibarra(Chasico),Jose Fonfr\u00eda(Saldungaray) y Cristian raising(Tornquist).<\/p>\n<p>El Frente de Todos incorpora a Marcela Gimenez (Tornquist) y Leandro Guerrero(Tornquist). Reemplazan a Lali Rosatellii(Tornquist) y Hugo Rojas (Saldungaray).<\/p>\n<p>Acci\u00f3n por Tornquist obtiene la banca de Bruno Zacconi(Tornquist). Se retira Viviana Montibeller.<\/p>\n<p>Como Consejeros Escolares ingresan los dos de Juntos, Gisela Federicci(Tornquist) Fabian Camiletti(Tornquist), Se retiran Silvia Rossi y German Scharff.<\/p>\n<p><strong>Nueva Conformaci\u00f3n de Juntos(6)<\/strong><\/p>\n<p>Sebastian Bassi(Sierra de la Ventana)<\/p>\n<p>Elisabeth Nori(Tornquist)<\/p>\n<p>Beatriz Diaz(Saldungaray)<\/p>\n<p>Luis Castro(Sierra de la Ventana)<\/p>\n<p>Sandra Kiffer(Sierra de la Ventana)<\/p>\n<p>Juan Cruz Marzialetti(Saldungaray)<\/p>\n<p><strong>Frente de Todos(5)<\/strong><\/p>\n<p>Rocio Vazquez(Saldungaray)<\/p>\n<p>Claudio Iribarne(Sierra de la Ventana)<\/p>\n<p>Maria Rosa Romero(Sierra de la Ventana)<\/p>\n<p>Marcela Gimenez(Tornquist)<\/p>\n<p>Leandro Guerrero(Tornquist)<\/p>\n<p><strong>Acci\u00f3n por Tornquist<\/strong><\/p>\n<p>Bruno Zacconi(Tornquist)<\/p>\n<p>&nbsp;<\/p>\n<\/div>\n<div>\n<p><img decoding=\"async\" src=\"https:\/\/www.noticiastornquist.com.ar\/imagen.php?imagen=\/mesas.jpg\" \/><\/p>\n<div><\/div>\n<hr \/>\n<p><img decoding=\"async\" src=\"https:\/\/www.noticiastornquist.com.ar\/imagen.php?imagen=\/whatsapp-image-20211114-at-8.58.23-pm-1.jpeg\" \/><\/p>\n<div><\/div>\n<hr \/>\n<p><img decoding=\"async\" src=\"https:\/\/www.noticiastornquist.com.ar\/imagen.php?imagen=\/whatsapp-image-20211114-at-8.58.20-pm-1.jpeg\" \/><\/p>\n<div><\/div>\n<hr \/>\n<p><img decoding=\"async\" src=\"https:\/\/www.noticiastornquist.com.ar\/imagen.php?imagen=\/whatsapp-image-20211114-at-8.58.24-pm-1.jpeg\" \/><\/p>\n<div><\/div>\n<hr \/>\n<p><img decoding=\"async\" src=\"https:\/\/www.noticiastornquist.com.ar\/imagen.php?imagen=\/whatsapp-image-20211114-at-8.58.24-pm.jpeg\" \/><\/p>\n<div><\/div>\n<hr \/>\n<p><img decoding=\"async\" src=\"https:\/\/www.noticiastornquist.com.ar\/imagen.php?imagen=\/whatsapp-image-20211114-at-8.58.23-pm-3.jpeg\" \/><\/p>\n<div><\/div>\n<hr \/>\n<p><img decoding=\"async\" src=\"https:\/\/www.noticiastornquist.com.ar\/imagen.php?imagen=\/whatsapp-image-20211114-at-8.58.23-pm-2.jpeg\" \/><\/p>\n<div><\/div>\n<hr \/>\n<p><img decoding=\"async\" src=\"https:\/\/www.noticiastornquist.com.ar\/imagen.php?imagen=\/whatsapp-image-20211114-at-8.58.23-pm.jpeg\" \/><\/p>\n<div><\/div>\n<hr \/>\n<p><img decoding=\"async\" src=\"https:\/\/www.noticiastornquist.com.ar\/imagen.php?imagen=\/whatsapp-image-20211114-at-8.58.22-pm-2.jpeg\" \/><\/p>\n<div><\/div>\n<hr \/>\n<p><img decoding=\"async\" src=\"https:\/\/www.noticiastornquist.com.ar\/imagen.php?imagen=\/whatsapp-image-20211114-at-8.58.22-pm.jpeg\" \/><\/p>\n<\/div>\n<p><a title=\"WhatsApp Image 2021-11-14 at 09.11.54\" href=\"https:\/\/www.flickr.com\/photos\/182279889@N02\/51680069081\/in\/dateposted-public\/\" data-flickr-embed=\"true\"><img loading=\"lazy\" decoding=\"async\" src=\"https:\/\/live.staticflickr.com\/65535\/51680069081_ecb1480906_c.jpg\" alt=\"WhatsApp Image 2021-11-14 at 09.11.54\" width=\"600\" height=\"800\" \/><\/a><script async src=\"\/\/embedr.flickr.com\/assets\/client-code.js\" charset=\"utf-8\"><\/script><\/p>\n<p><a title=\"WhatsApp Image 2021-11-14 at 13.17.39\" href=\"https:\/\/www.flickr.com\/photos\/182279889@N02\/51680743134\/in\/dateposted-public\/\" data-flickr-embed=\"true\"><img loading=\"lazy\" decoding=\"async\" src=\"https:\/\/live.staticflickr.com\/65535\/51680743134_4d18281d58_c.jpg\" alt=\"WhatsApp Image 2021-11-14 at 13.17.39\" width=\"450\" height=\"800\" \/><\/a><script async src=\"\/\/embedr.flickr.com\/assets\/client-code.js\" charset=\"utf-8\"><\/script><\/p>\n<p><a title=\"WhatsApp Image 2021-11-14 at 13.17.40\" href=\"https:\/\/www.flickr.com\/photos\/182279889@N02\/51679267832\/in\/dateposted-public\/\" data-flickr-embed=\"true\"><img loading=\"lazy\" decoding=\"async\" src=\"https:\/\/live.staticflickr.com\/65535\/51679267832_d781bf1a26_c.jpg\" alt=\"WhatsApp Image 2021-11-14 at 13.17.40\" width=\"450\" height=\"800\" \/><\/a><script async src=\"\/\/embedr.flickr.com\/assets\/client-code.js\" charset=\"utf-8\"><\/script><\/p>\n<p><a title=\"WhatsApp Image 2021-11-14 at 11.15.34\" href=\"https:\/\/www.flickr.com\/photos\/182279889@N02\/51679271527\/in\/dateposted-public\/\" data-flickr-embed=\"true\"><img loading=\"lazy\" decoding=\"async\" src=\"https:\/\/live.staticflickr.com\/65535\/51679271527_dd5c029312_c.jpg\" alt=\"WhatsApp Image 2021-11-14 at 11.15.34\" width=\"648\" height=\"800\" \/><\/a><script async src=\"\/\/embedr.flickr.com\/assets\/client-code.js\" charset=\"utf-8\"><\/script><\/p>\n","protected":false},"excerpt":{"rendered":"<p>Finaliz\u00f3 el escrutinio con un porcentaje de votantes un poco mayor que en las PASO, Juntos por Tornquist obtiene un 43 % del total de de los votos, El Frente de Todos un 24% y Acci\u00f3n por Tornquist\u00a0 el 19% en el total general. En Sierra de la Ventana la diferencia se ampli\u00f3 a un [&hellip;]<\/p>\n","protected":false},"author":3,"featured_media":0,"comment_status":"closed","ping_status":"closed","sticky":false,"template":"","format":"standard","meta":{"footnotes":""},"categories":[24],"tags":[48],"class_list":["post-64897","post","type-post","status-publish","format-standard","hentry","category-politica","tag-destacada"],"yoast_head":"<!-- This site is optimized with the Yoast SEO plugin v25.9 - https:\/\/yoast.com\/wordpress\/plugins\/seo\/ -->\n<title>Tornquist: Juntos obtuvo un amplio triunfo en las elecciones. - Noticias Radio Reflejos<\/title>\n<meta name=\"robots\" content=\"index, follow, max-snippet:-1, max-image-preview:large, max-video-preview:-1\" \/>\n<link rel=\"canonical\" href=\"https:\/\/www.noticiasradioreflejos.com.ar\/2021\/tornquist-juntos-obtiene-un-amplio-triunfo-en-las-elecciones\/\" \/>\n<meta property=\"og:locale\" content=\"es_ES\" \/>\n<meta property=\"og:type\" content=\"article\" \/>\n<meta property=\"og:title\" content=\"Tornquist: Juntos obtuvo un amplio triunfo en las elecciones. - Noticias Radio Reflejos\" \/>\n<meta property=\"og:description\" content=\"Finaliz\u00f3 el escrutinio con un porcentaje de votantes un poco mayor que en las PASO, Juntos por Tornquist obtiene un 43 % del total de de los votos, El Frente de Todos un 24% y Acci\u00f3n por Tornquist\u00a0 el 19% en el total general. En Sierra de la Ventana la diferencia se ampli\u00f3 a un [&hellip;]\" \/>\n<meta property=\"og:url\" content=\"https:\/\/www.noticiasradioreflejos.com.ar\/2021\/tornquist-juntos-obtiene-un-amplio-triunfo-en-las-elecciones\/\" \/>\n<meta property=\"og:site_name\" content=\"Noticias Radio Reflejos\" \/>\n<meta property=\"article:published_time\" content=\"2021-11-14T23:25:02+00:00\" \/>\n<meta property=\"article:modified_time\" content=\"2021-11-15T10:26:30+00:00\" \/>\n<meta property=\"og:image\" content=\"https:\/\/www.noticiastornquist.com.ar\/imagen.php?imagen=\/mesas.jpg\" \/>\n<meta name=\"author\" content=\"Arnaldo Botto\" \/>\n<meta name=\"twitter:card\" content=\"summary_large_image\" \/>\n<script type=\"application\/ld+json\" class=\"yoast-schema-graph\">{\"@context\":\"https:\/\/schema.org\",\"@graph\":[{\"@type\":\"WebPage\",\"@id\":\"https:\/\/www.noticiasradioreflejos.com.ar\/2021\/tornquist-juntos-obtiene-un-amplio-triunfo-en-las-elecciones\/\",\"url\":\"https:\/\/www.noticiasradioreflejos.com.ar\/2021\/tornquist-juntos-obtiene-un-amplio-triunfo-en-las-elecciones\/\",\"name\":\"Tornquist: Juntos obtuvo un amplio triunfo en las elecciones. - Noticias Radio Reflejos\",\"isPartOf\":{\"@id\":\"https:\/\/www.noticiasradioreflejos.com.ar\/2021\/#website\"},\"primaryImageOfPage\":{\"@id\":\"https:\/\/www.noticiasradioreflejos.com.ar\/2021\/tornquist-juntos-obtiene-un-amplio-triunfo-en-las-elecciones\/#primaryimage\"},\"image\":{\"@id\":\"https:\/\/www.noticiasradioreflejos.com.ar\/2021\/tornquist-juntos-obtiene-un-amplio-triunfo-en-las-elecciones\/#primaryimage\"},\"thumbnailUrl\":\"https:\/\/www.noticiastornquist.com.ar\/imagen.php?imagen=\/mesas.jpg\",\"datePublished\":\"2021-11-14T23:25:02+00:00\",\"dateModified\":\"2021-11-15T10:26:30+00:00\",\"author\":{\"@id\":\"https:\/\/www.noticiasradioreflejos.com.ar\/2021\/#\/schema\/person\/ad82545263dcc5ec0996818884fd5fb1\"},\"breadcrumb\":{\"@id\":\"https:\/\/www.noticiasradioreflejos.com.ar\/2021\/tornquist-juntos-obtiene-un-amplio-triunfo-en-las-elecciones\/#breadcrumb\"},\"inLanguage\":\"es\",\"potentialAction\":[{\"@type\":\"ReadAction\",\"target\":[\"https:\/\/www.noticiasradioreflejos.com.ar\/2021\/tornquist-juntos-obtiene-un-amplio-triunfo-en-las-elecciones\/\"]}]},{\"@type\":\"ImageObject\",\"inLanguage\":\"es\",\"@id\":\"https:\/\/www.noticiasradioreflejos.com.ar\/2021\/tornquist-juntos-obtiene-un-amplio-triunfo-en-las-elecciones\/#primaryimage\",\"url\":\"https:\/\/www.noticiastornquist.com.ar\/imagen.php?imagen=\/mesas.jpg\",\"contentUrl\":\"https:\/\/www.noticiastornquist.com.ar\/imagen.php?imagen=\/mesas.jpg\"},{\"@type\":\"BreadcrumbList\",\"@id\":\"https:\/\/www.noticiasradioreflejos.com.ar\/2021\/tornquist-juntos-obtiene-un-amplio-triunfo-en-las-elecciones\/#breadcrumb\",\"itemListElement\":[{\"@type\":\"ListItem\",\"position\":1,\"name\":\"Portada\",\"item\":\"https:\/\/www.noticiasradioreflejos.com.ar\/2021\/\"},{\"@type\":\"ListItem\",\"position\":2,\"name\":\"Tornquist: Juntos obtuvo un amplio triunfo en las elecciones.\"}]},{\"@type\":\"WebSite\",\"@id\":\"https:\/\/www.noticiasradioreflejos.com.ar\/2021\/#website\",\"url\":\"https:\/\/www.noticiasradioreflejos.com.ar\/2021\/\",\"name\":\"Noticias Radio Reflejos\",\"description\":\"Las noticias de mi comarca\",\"potentialAction\":[{\"@type\":\"SearchAction\",\"target\":{\"@type\":\"EntryPoint\",\"urlTemplate\":\"https:\/\/www.noticiasradioreflejos.com.ar\/2021\/?s={search_term_string}\"},\"query-input\":{\"@type\":\"PropertyValueSpecification\",\"valueRequired\":true,\"valueName\":\"search_term_string\"}}],\"inLanguage\":\"es\"},{\"@type\":\"Person\",\"@id\":\"https:\/\/www.noticiasradioreflejos.com.ar\/2021\/#\/schema\/person\/ad82545263dcc5ec0996818884fd5fb1\",\"name\":\"Arnaldo Botto\",\"image\":{\"@type\":\"ImageObject\",\"inLanguage\":\"es\",\"@id\":\"https:\/\/www.noticiasradioreflejos.com.ar\/2021\/#\/schema\/person\/image\/\",\"url\":\"https:\/\/secure.gravatar.com\/avatar\/55cb5e37c1efa326397366e6974cb338056df65cb50e7d64d1cf314e87504837?s=96&d=mm&r=g\",\"contentUrl\":\"https:\/\/secure.gravatar.com\/avatar\/55cb5e37c1efa326397366e6974cb338056df65cb50e7d64d1cf314e87504837?s=96&d=mm&r=g\",\"caption\":\"Arnaldo Botto\"},\"url\":\"https:\/\/www.noticiasradioreflejos.com.ar\/2021\/author\/arnaldo\/\"}]}<\/script>\n<!-- \/ Yoast SEO plugin. -->","yoast_head_json":{"title":"Tornquist: Juntos obtuvo un amplio triunfo en las elecciones. - Noticias Radio Reflejos","robots":{"index":"index","follow":"follow","max-snippet":"max-snippet:-1","max-image-preview":"max-image-preview:large","max-video-preview":"max-video-preview:-1"},"canonical":"https:\/\/www.noticiasradioreflejos.com.ar\/2021\/tornquist-juntos-obtiene-un-amplio-triunfo-en-las-elecciones\/","og_locale":"es_ES","og_type":"article","og_title":"Tornquist: Juntos obtuvo un amplio triunfo en las elecciones. - Noticias Radio Reflejos","og_description":"Finaliz\u00f3 el escrutinio con un porcentaje de votantes un poco mayor que en las PASO, Juntos por Tornquist obtiene un 43 % del total de de los votos, El Frente de Todos un 24% y Acci\u00f3n por Tornquist\u00a0 el 19% en el total general. En Sierra de la Ventana la diferencia se ampli\u00f3 a un [&hellip;]","og_url":"https:\/\/www.noticiasradioreflejos.com.ar\/2021\/tornquist-juntos-obtiene-un-amplio-triunfo-en-las-elecciones\/","og_site_name":"Noticias Radio Reflejos","article_published_time":"2021-11-14T23:25:02+00:00","article_modified_time":"2021-11-15T10:26:30+00:00","og_image":[{"url":"https:\/\/www.noticiastornquist.com.ar\/imagen.php?imagen=\/mesas.jpg","type":"","width":"","height":""}],"author":"Arnaldo Botto","twitter_card":"summary_large_image","schema":{"@context":"https:\/\/schema.org","@graph":[{"@type":"WebPage","@id":"https:\/\/www.noticiasradioreflejos.com.ar\/2021\/tornquist-juntos-obtiene-un-amplio-triunfo-en-las-elecciones\/","url":"https:\/\/www.noticiasradioreflejos.com.ar\/2021\/tornquist-juntos-obtiene-un-amplio-triunfo-en-las-elecciones\/","name":"Tornquist: Juntos obtuvo un amplio triunfo en las elecciones. - Noticias Radio Reflejos","isPartOf":{"@id":"https:\/\/www.noticiasradioreflejos.com.ar\/2021\/#website"},"primaryImageOfPage":{"@id":"https:\/\/www.noticiasradioreflejos.com.ar\/2021\/tornquist-juntos-obtiene-un-amplio-triunfo-en-las-elecciones\/#primaryimage"},"image":{"@id":"https:\/\/www.noticiasradioreflejos.com.ar\/2021\/tornquist-juntos-obtiene-un-amplio-triunfo-en-las-elecciones\/#primaryimage"},"thumbnailUrl":"https:\/\/www.noticiastornquist.com.ar\/imagen.php?imagen=\/mesas.jpg","datePublished":"2021-11-14T23:25:02+00:00","dateModified":"2021-11-15T10:26:30+00:00","author":{"@id":"https:\/\/www.noticiasradioreflejos.com.ar\/2021\/#\/schema\/person\/ad82545263dcc5ec0996818884fd5fb1"},"breadcrumb":{"@id":"https:\/\/www.noticiasradioreflejos.com.ar\/2021\/tornquist-juntos-obtiene-un-amplio-triunfo-en-las-elecciones\/#breadcrumb"},"inLanguage":"es","potentialAction":[{"@type":"ReadAction","target":["https:\/\/www.noticiasradioreflejos.com.ar\/2021\/tornquist-juntos-obtiene-un-amplio-triunfo-en-las-elecciones\/"]}]},{"@type":"ImageObject","inLanguage":"es","@id":"https:\/\/www.noticiasradioreflejos.com.ar\/2021\/tornquist-juntos-obtiene-un-amplio-triunfo-en-las-elecciones\/#primaryimage","url":"https:\/\/www.noticiastornquist.com.ar\/imagen.php?imagen=\/mesas.jpg","contentUrl":"https:\/\/www.noticiastornquist.com.ar\/imagen.php?imagen=\/mesas.jpg"},{"@type":"BreadcrumbList","@id":"https:\/\/www.noticiasradioreflejos.com.ar\/2021\/tornquist-juntos-obtiene-un-amplio-triunfo-en-las-elecciones\/#breadcrumb","itemListElement":[{"@type":"ListItem","position":1,"name":"Portada","item":"https:\/\/www.noticiasradioreflejos.com.ar\/2021\/"},{"@type":"ListItem","position":2,"name":"Tornquist: Juntos obtuvo un amplio triunfo en las elecciones."}]},{"@type":"WebSite","@id":"https:\/\/www.noticiasradioreflejos.com.ar\/2021\/#website","url":"https:\/\/www.noticiasradioreflejos.com.ar\/2021\/","name":"Noticias Radio Reflejos","description":"Las noticias de mi comarca","potentialAction":[{"@type":"SearchAction","target":{"@type":"EntryPoint","urlTemplate":"https:\/\/www.noticiasradioreflejos.com.ar\/2021\/?s={search_term_string}"},"query-input":{"@type":"PropertyValueSpecification","valueRequired":true,"valueName":"search_term_string"}}],"inLanguage":"es"},{"@type":"Person","@id":"https:\/\/www.noticiasradioreflejos.com.ar\/2021\/#\/schema\/person\/ad82545263dcc5ec0996818884fd5fb1","name":"Arnaldo Botto","image":{"@type":"ImageObject","inLanguage":"es","@id":"https:\/\/www.noticiasradioreflejos.com.ar\/2021\/#\/schema\/person\/image\/","url":"https:\/\/secure.gravatar.com\/avatar\/55cb5e37c1efa326397366e6974cb338056df65cb50e7d64d1cf314e87504837?s=96&d=mm&r=g","contentUrl":"https:\/\/secure.gravatar.com\/avatar\/55cb5e37c1efa326397366e6974cb338056df65cb50e7d64d1cf314e87504837?s=96&d=mm&r=g","caption":"Arnaldo Botto"},"url":"https:\/\/www.noticiasradioreflejos.com.ar\/2021\/author\/arnaldo\/"}]}},"_links":{"self":[{"href":"https:\/\/www.noticiasradioreflejos.com.ar\/2021\/wp-json\/wp\/v2\/posts\/64897","targetHints":{"allow":["GET"]}}],"collection":[{"href":"https:\/\/www.noticiasradioreflejos.com.ar\/2021\/wp-json\/wp\/v2\/posts"}],"about":[{"href":"https:\/\/www.noticiasradioreflejos.com.ar\/2021\/wp-json\/wp\/v2\/types\/post"}],"author":[{"embeddable":true,"href":"https:\/\/www.noticiasradioreflejos.com.ar\/2021\/wp-json\/wp\/v2\/users\/3"}],"replies":[{"embeddable":true,"href":"https:\/\/www.noticiasradioreflejos.com.ar\/2021\/wp-json\/wp\/v2\/comments?post=64897"}],"version-history":[{"count":10,"href":"https:\/\/www.noticiasradioreflejos.com.ar\/2021\/wp-json\/wp\/v2\/posts\/64897\/revisions"}],"predecessor-version":[{"id":64916,"href":"https:\/\/www.noticiasradioreflejos.com.ar\/2021\/wp-json\/wp\/v2\/posts\/64897\/revisions\/64916"}],"wp:attachment":[{"href":"https:\/\/www.noticiasradioreflejos.com.ar\/2021\/wp-json\/wp\/v2\/media?parent=64897"}],"wp:term":[{"taxonomy":"category","embeddable":true,"href":"https:\/\/www.noticiasradioreflejos.com.ar\/2021\/wp-json\/wp\/v2\/categories?post=64897"},{"taxonomy":"post_tag","embeddable":true,"href":"https:\/\/www.noticiasradioreflejos.com.ar\/2021\/wp-json\/wp\/v2\/tags?post=64897"}],"curies":[{"name":"wp","href":"https:\/\/api.w.org\/{rel}","templated":true}]}}