{"id":64885,"date":"2021-11-14T13:29:47","date_gmt":"2021-11-14T13:29:47","guid":{"rendered":"http:\/\/www.noticiasradioreflejos.com.ar\/2021\/?p=64885"},"modified":"2021-11-14T13:29:47","modified_gmt":"2021-11-14T13:29:47","slug":"bajo-protocolos-sanitarios-flexibilizados-comenzaron-las-elecciones-legislativas-en-todo-el-pais","status":"publish","type":"post","link":"https:\/\/www.noticiasradioreflejos.com.ar\/2021\/bajo-protocolos-sanitarios-flexibilizados-comenzaron-las-elecciones-legislativas-en-todo-el-pais\/","title":{"rendered":"Bajo protocolos sanitarios flexibilizados, comenzaron las elecciones legislativas en todo el pa\u00eds"},"content":{"rendered":"<p>En estos comicios que se extender\u00e1n hasta las 18 se definir\u00e1 una nueva conformaci\u00f3n del Congreso nacional con la renovaci\u00f3n de la mitad de la C\u00e1mara de Diputados, unas 127 bancas, y un tercio del Senado, donde se ponen en juego 24 esca\u00f1os.<!--more--><\/p>\n<figure class=\"mb-3\"><img decoding=\"async\" src=\"https:\/\/www.telam.com.ar\/thumbs\/bluesteel\/advf\/imagenes\/2021\/11\/6190f162ec8b1_900.jpg\" alt=\"34 millones de argentinos estn habilitados para sufragar en las 101457 mesas habilitadas Foto Carlos Brigo\" \/><\/p>\n<div class=\"media-icons\"><\/div><figcaption>34 millones de argentinos est\u00e1n habilitados para sufragar en las 101.457 mesas habilitadas. Foto: Carlos Brigo.<\/figcaption><\/figure>\n<p>La votaci\u00f3n de las elecciones generales legislativas\u00a0<strong>comenzaron a desarrollarse a las 8\u00a0<\/strong>en todo el pa\u00eds, en una jornada en la cual\u00a0<strong>34 millones de argentinos est\u00e1n habilitados para sufragar<\/strong>\u00a0en las 101.457 mesas habilitadas, bajo un protocolo sanitario flexibilizado en relaci\u00f3n al que se aplic\u00f3 durante las PASO, en virtud de la mejor\u00eda que exhibe la situaci\u00f3n sanitaria de la Argentina, que ya cuenta con m\u00e1s de la mitad de su poblaci\u00f3n vacunada con dos dosis contra el coronavirus.<\/p>\n<p>En estos comicios que\u00a0<strong>se extender\u00e1n hasta las 18<\/strong>\u00a0se definir\u00e1 una nueva conformaci\u00f3n del Congreso nacional con\u00a0<strong>la renovaci\u00f3n de la mitad de la C\u00e1mara de Diputados, unas 127 bancas, y un tercio del Senado, donde se ponen en juego 24 esca\u00f1os.<\/strong><\/p>\n<p>En funci\u00f3n de evaluaciones sanitarias, el Gobierno y la C\u00e1mara Nacional Electoral convinieron modificaciones en los protocolos y la adopci\u00f3n de medidas que agilicen la emisi\u00f3n del sufragio en los centros de votaci\u00f3n.<\/p>\n<figure class=\"mb-3\"><img decoding=\"async\" class=\" lazy \" src=\"https:\/\/www.telam.com.ar\/thumbs\/bluesteel\/advf\/imagenes\/2021\/11\/6190f163198f1_900.jpg\" alt=\"Se renovar la mitad de la Cmara de Diputados unas 127 bancas y un tercio del Senado donde se ponen en juego 24 escaosFoto Carlos Brigo\" \/><\/p>\n<div class=\"media-icons\"><\/div><figcaption>Se renovar\u00e1 la mitad de la C\u00e1mara de Diputados, unas 127 bancas, y un tercio del Senado, donde se ponen en juego 24 esca\u00f1os.Foto: Carlos Brigo.<\/figcaption><\/figure>\n<p>Se estima que la recepci\u00f3n de datos tendr\u00e1 un ritmo mayor, y el Ministerio de Interior, Eduardo \u00abWado\u00bb De Pedro, consider\u00f3 en viernes pasado que<strong>\u00a0los primeros datos oficiales sobre el escrutinio podr\u00e1n conocerse entre las 21 y las 21.30.<\/strong><\/p>\n<p>Tras un acuerdo alcanzado entre el Gobierno nacional y todas las fuerzas pol\u00edticas, la fecha de las PASO y las elecciones legislativas, que tradicionalmente se celebran en los meses de agosto y octubre,\u00a0<strong>fue corrida este a\u00f1o debido a la pandemia de coronavirus.<\/strong><\/p>\n<blockquote class=\"\"><p>Los primeros datos oficiales sobre el escrutinio podr\u00e1n conocerse entre las 21 y las 21.30<\/p><\/blockquote>\n<p>El avance de la vacunaci\u00f3n que posibilit\u00f3 que una mayor cantidad de la poblaci\u00f3n est\u00e9 inmunizada con las dos dosis posibilit\u00f3 flexibilizar los protocolos sanitarios para estas elecciones legislativas de medio t\u00e9rmino que definir\u00e1n la correlaci\u00f3n de fuerzas en el Parlamento para el segundo tramo de la gesti\u00f3n del presidente Alberto Fern\u00e1ndez.<\/p>\n<p><strong>El desaf\u00edo del gobernante Frente de Todos (FdT) ser\u00e1 mejorar los resultados obtenidos en las primarias<\/strong>\u00a0abiertas, simult\u00e1neas y obligatorias (PASO) y acortar la ventaja que logr\u00f3 la coalici\u00f3n opositora Juntos por el Cambio (JxC) en distritos clave como Buenos Aires, C\u00f3rdoba, Santa Fe y CABA.<\/p>\n<figure class=\"mb-3\"><img decoding=\"async\" class=\" lazy \" src=\"https:\/\/www.telam.com.ar\/thumbs\/bluesteel\/advf\/imagenes\/2021\/11\/6190f16305d87_900.jpg\" alt=\"El desafo del gobernante Frente de Todos FdT ser mejorar los resultados obtenidos en las PASO Foto Carlos Brigo\" \/><\/p>\n<div class=\"media-icons\"><\/div><figcaption>El desaf\u00edo del gobernante Frente de Todos (FdT) ser\u00e1 mejorar los resultados obtenidos en las PASO. Foto: Carlos Brigo.<\/figcaption><\/figure>\n<p>El nuevo per\u00edodo legislativo ser\u00e1 clave para el acompa\u00f1amiento de las pol\u00edticas que impulse el Ejecutivo, en su plan de reactivaci\u00f3n del pa\u00eds tras los estragos causados por el coronavirus, en tanto que para JxC constituye la plataforma necesaria para ordenar las tensiones internas por las disputas de liderazgo hacia 2023.<\/p>\n<p>Las PASO representaron victorias para el oficialismo en Catamarca, Formosa, La Rioja, San Juan, Santiago del Estero y Tucum\u00e1n.<\/p>\n<p>Sin embargo, la disputa en la provincia de Buenos Aires, la de mayor peso electoral del pa\u00eds por representar el 37% del padr\u00f3n, le dio una ventaja de casi 10 puntos a Juntos sobre el FdT y en C\u00f3rdoba, el segundo distrito de mayor volumen, la brecha fue a\u00fan mayor.<\/p>\n<figure class=\"mb-3\"><img decoding=\"async\" class=\" lazy \" src=\"https:\/\/www.telam.com.ar\/thumbs\/bluesteel\/advf\/imagenes\/2021\/11\/6190f1632d9a6_900.jpg\" alt=\"Santiago del Estero ser el nico distrito que elegir tambin gobernador Foto Carlos Brigo\" \/><\/p>\n<div class=\"media-icons\"><\/div><figcaption>Santiago del Estero ser\u00e1 el \u00fanico distrito que elegir\u00e1 tambi\u00e9n gobernador. Foto: Carlos Brigo.<\/figcaption><\/figure>\n<p><strong>Del total de 127 bancas que se ponen en juego en la C\u00e1mara de Diputados, 60 est\u00e1n en poder de JxC y 51 en manos del FdT.<\/strong><\/p>\n<p>La competencia por las plazas del Senado, en tanto, estar\u00e1 marcada por la aspiraci\u00f3n del oficialismo a retener el qu\u00f3rum propio en el recambio de este a\u00f1o de las plazas de Corrientes, Santa Fe, C\u00f3rdoba, Mendoza, La Pampa, Chubut, Catamarca y Tucum\u00e1n.<\/p>\n<p>Adem\u00e1s, doce provincias y la ciudad de Buenos Aires realizar\u00e1n tambi\u00e9n ma\u00f1ana comicios locales para designar -seg\u00fan las normas de cada distrito- un total de 54 senadores, 192 diputados, 1.697 concejales, 42 intendentes y otras autoridades municipales en distintas localidades del pa\u00eds.<\/p>\n<p>Entre ellas,\u00a0<strong>Santiago del Estero ser\u00e1 el \u00fanico distrito que elegir\u00e1 tambi\u00e9n gobernador<\/strong>, cargo por el que compite para ser reelecto el mandatario Gerardo Zamora.<\/p>\n","protected":false},"excerpt":{"rendered":"<p>En estos comicios que se extender\u00e1n hasta las 18 se definir\u00e1 una nueva conformaci\u00f3n del Congreso nacional con la renovaci\u00f3n de la mitad de la C\u00e1mara de Diputados, unas 127 bancas, y un tercio del Senado, donde se ponen en juego 24 esca\u00f1os.<\/p>\n","protected":false},"author":3,"featured_media":0,"comment_status":"closed","ping_status":"closed","sticky":false,"template":"","format":"standard","meta":{"footnotes":""},"categories":[24,26],"tags":[],"class_list":["post-64885","post","type-post","status-publish","format-standard","hentry","category-politica","category-sociedad"],"yoast_head":"<!-- This site is optimized with the Yoast SEO plugin v25.9 - https:\/\/yoast.com\/wordpress\/plugins\/seo\/ -->\n<title>Bajo protocolos sanitarios flexibilizados, comenzaron las elecciones legislativas en todo el pa\u00eds - Noticias Radio Reflejos<\/title>\n<meta name=\"robots\" content=\"index, follow, max-snippet:-1, max-image-preview:large, max-video-preview:-1\" \/>\n<link rel=\"canonical\" href=\"https:\/\/www.noticiasradioreflejos.com.ar\/2021\/bajo-protocolos-sanitarios-flexibilizados-comenzaron-las-elecciones-legislativas-en-todo-el-pais\/\" \/>\n<meta property=\"og:locale\" content=\"es_ES\" \/>\n<meta property=\"og:type\" content=\"article\" \/>\n<meta property=\"og:title\" content=\"Bajo protocolos sanitarios flexibilizados, comenzaron las elecciones legislativas en todo el pa\u00eds - Noticias Radio Reflejos\" \/>\n<meta property=\"og:description\" content=\"En estos comicios que se extender\u00e1n hasta las 18 se definir\u00e1 una nueva conformaci\u00f3n del Congreso nacional con la renovaci\u00f3n de la mitad de la C\u00e1mara de Diputados, unas 127 bancas, y un tercio del Senado, donde se ponen en juego 24 esca\u00f1os.\" \/>\n<meta property=\"og:url\" content=\"https:\/\/www.noticiasradioreflejos.com.ar\/2021\/bajo-protocolos-sanitarios-flexibilizados-comenzaron-las-elecciones-legislativas-en-todo-el-pais\/\" \/>\n<meta property=\"og:site_name\" content=\"Noticias Radio Reflejos\" \/>\n<meta property=\"article:published_time\" content=\"2021-11-14T13:29:47+00:00\" \/>\n<meta property=\"og:image\" content=\"https:\/\/www.telam.com.ar\/thumbs\/bluesteel\/advf\/imagenes\/2021\/11\/6190f162ec8b1_900.jpg\" \/>\n<meta name=\"author\" content=\"Arnaldo Botto\" \/>\n<meta name=\"twitter:card\" content=\"summary_large_image\" \/>\n<script type=\"application\/ld+json\" class=\"yoast-schema-graph\">{\"@context\":\"https:\/\/schema.org\",\"@graph\":[{\"@type\":\"WebPage\",\"@id\":\"https:\/\/www.noticiasradioreflejos.com.ar\/2021\/bajo-protocolos-sanitarios-flexibilizados-comenzaron-las-elecciones-legislativas-en-todo-el-pais\/\",\"url\":\"https:\/\/www.noticiasradioreflejos.com.ar\/2021\/bajo-protocolos-sanitarios-flexibilizados-comenzaron-las-elecciones-legislativas-en-todo-el-pais\/\",\"name\":\"Bajo protocolos sanitarios flexibilizados, comenzaron las elecciones legislativas en todo el pa\u00eds - Noticias Radio Reflejos\",\"isPartOf\":{\"@id\":\"https:\/\/www.noticiasradioreflejos.com.ar\/2021\/#website\"},\"primaryImageOfPage\":{\"@id\":\"https:\/\/www.noticiasradioreflejos.com.ar\/2021\/bajo-protocolos-sanitarios-flexibilizados-comenzaron-las-elecciones-legislativas-en-todo-el-pais\/#primaryimage\"},\"image\":{\"@id\":\"https:\/\/www.noticiasradioreflejos.com.ar\/2021\/bajo-protocolos-sanitarios-flexibilizados-comenzaron-las-elecciones-legislativas-en-todo-el-pais\/#primaryimage\"},\"thumbnailUrl\":\"https:\/\/www.telam.com.ar\/thumbs\/bluesteel\/advf\/imagenes\/2021\/11\/6190f162ec8b1_900.jpg\",\"datePublished\":\"2021-11-14T13:29:47+00:00\",\"author\":{\"@id\":\"https:\/\/www.noticiasradioreflejos.com.ar\/2021\/#\/schema\/person\/ad82545263dcc5ec0996818884fd5fb1\"},\"breadcrumb\":{\"@id\":\"https:\/\/www.noticiasradioreflejos.com.ar\/2021\/bajo-protocolos-sanitarios-flexibilizados-comenzaron-las-elecciones-legislativas-en-todo-el-pais\/#breadcrumb\"},\"inLanguage\":\"es\",\"potentialAction\":[{\"@type\":\"ReadAction\",\"target\":[\"https:\/\/www.noticiasradioreflejos.com.ar\/2021\/bajo-protocolos-sanitarios-flexibilizados-comenzaron-las-elecciones-legislativas-en-todo-el-pais\/\"]}]},{\"@type\":\"ImageObject\",\"inLanguage\":\"es\",\"@id\":\"https:\/\/www.noticiasradioreflejos.com.ar\/2021\/bajo-protocolos-sanitarios-flexibilizados-comenzaron-las-elecciones-legislativas-en-todo-el-pais\/#primaryimage\",\"url\":\"https:\/\/www.telam.com.ar\/thumbs\/bluesteel\/advf\/imagenes\/2021\/11\/6190f162ec8b1_900.jpg\",\"contentUrl\":\"https:\/\/www.telam.com.ar\/thumbs\/bluesteel\/advf\/imagenes\/2021\/11\/6190f162ec8b1_900.jpg\"},{\"@type\":\"BreadcrumbList\",\"@id\":\"https:\/\/www.noticiasradioreflejos.com.ar\/2021\/bajo-protocolos-sanitarios-flexibilizados-comenzaron-las-elecciones-legislativas-en-todo-el-pais\/#breadcrumb\",\"itemListElement\":[{\"@type\":\"ListItem\",\"position\":1,\"name\":\"Portada\",\"item\":\"https:\/\/www.noticiasradioreflejos.com.ar\/2021\/\"},{\"@type\":\"ListItem\",\"position\":2,\"name\":\"Bajo protocolos sanitarios flexibilizados, comenzaron las elecciones legislativas en todo el pa\u00eds\"}]},{\"@type\":\"WebSite\",\"@id\":\"https:\/\/www.noticiasradioreflejos.com.ar\/2021\/#website\",\"url\":\"https:\/\/www.noticiasradioreflejos.com.ar\/2021\/\",\"name\":\"Noticias Radio Reflejos\",\"description\":\"Las noticias de mi comarca\",\"potentialAction\":[{\"@type\":\"SearchAction\",\"target\":{\"@type\":\"EntryPoint\",\"urlTemplate\":\"https:\/\/www.noticiasradioreflejos.com.ar\/2021\/?s={search_term_string}\"},\"query-input\":{\"@type\":\"PropertyValueSpecification\",\"valueRequired\":true,\"valueName\":\"search_term_string\"}}],\"inLanguage\":\"es\"},{\"@type\":\"Person\",\"@id\":\"https:\/\/www.noticiasradioreflejos.com.ar\/2021\/#\/schema\/person\/ad82545263dcc5ec0996818884fd5fb1\",\"name\":\"Arnaldo Botto\",\"image\":{\"@type\":\"ImageObject\",\"inLanguage\":\"es\",\"@id\":\"https:\/\/www.noticiasradioreflejos.com.ar\/2021\/#\/schema\/person\/image\/\",\"url\":\"https:\/\/secure.gravatar.com\/avatar\/55cb5e37c1efa326397366e6974cb338056df65cb50e7d64d1cf314e87504837?s=96&d=mm&r=g\",\"contentUrl\":\"https:\/\/secure.gravatar.com\/avatar\/55cb5e37c1efa326397366e6974cb338056df65cb50e7d64d1cf314e87504837?s=96&d=mm&r=g\",\"caption\":\"Arnaldo Botto\"},\"url\":\"https:\/\/www.noticiasradioreflejos.com.ar\/2021\/author\/arnaldo\/\"}]}<\/script>\n<!-- \/ Yoast SEO plugin. -->","yoast_head_json":{"title":"Bajo protocolos sanitarios flexibilizados, comenzaron las elecciones legislativas en todo el pa\u00eds - Noticias Radio Reflejos","robots":{"index":"index","follow":"follow","max-snippet":"max-snippet:-1","max-image-preview":"max-image-preview:large","max-video-preview":"max-video-preview:-1"},"canonical":"https:\/\/www.noticiasradioreflejos.com.ar\/2021\/bajo-protocolos-sanitarios-flexibilizados-comenzaron-las-elecciones-legislativas-en-todo-el-pais\/","og_locale":"es_ES","og_type":"article","og_title":"Bajo protocolos sanitarios flexibilizados, comenzaron las elecciones legislativas en todo el pa\u00eds - Noticias Radio Reflejos","og_description":"En estos comicios que se extender\u00e1n hasta las 18 se definir\u00e1 una nueva conformaci\u00f3n del Congreso nacional con la renovaci\u00f3n de la mitad de la C\u00e1mara de Diputados, unas 127 bancas, y un tercio del Senado, donde se ponen en juego 24 esca\u00f1os.","og_url":"https:\/\/www.noticiasradioreflejos.com.ar\/2021\/bajo-protocolos-sanitarios-flexibilizados-comenzaron-las-elecciones-legislativas-en-todo-el-pais\/","og_site_name":"Noticias Radio Reflejos","article_published_time":"2021-11-14T13:29:47+00:00","og_image":[{"url":"https:\/\/www.telam.com.ar\/thumbs\/bluesteel\/advf\/imagenes\/2021\/11\/6190f162ec8b1_900.jpg","type":"","width":"","height":""}],"author":"Arnaldo Botto","twitter_card":"summary_large_image","schema":{"@context":"https:\/\/schema.org","@graph":[{"@type":"WebPage","@id":"https:\/\/www.noticiasradioreflejos.com.ar\/2021\/bajo-protocolos-sanitarios-flexibilizados-comenzaron-las-elecciones-legislativas-en-todo-el-pais\/","url":"https:\/\/www.noticiasradioreflejos.com.ar\/2021\/bajo-protocolos-sanitarios-flexibilizados-comenzaron-las-elecciones-legislativas-en-todo-el-pais\/","name":"Bajo protocolos sanitarios flexibilizados, comenzaron las elecciones legislativas en todo el pa\u00eds - Noticias Radio Reflejos","isPartOf":{"@id":"https:\/\/www.noticiasradioreflejos.com.ar\/2021\/#website"},"primaryImageOfPage":{"@id":"https:\/\/www.noticiasradioreflejos.com.ar\/2021\/bajo-protocolos-sanitarios-flexibilizados-comenzaron-las-elecciones-legislativas-en-todo-el-pais\/#primaryimage"},"image":{"@id":"https:\/\/www.noticiasradioreflejos.com.ar\/2021\/bajo-protocolos-sanitarios-flexibilizados-comenzaron-las-elecciones-legislativas-en-todo-el-pais\/#primaryimage"},"thumbnailUrl":"https:\/\/www.telam.com.ar\/thumbs\/bluesteel\/advf\/imagenes\/2021\/11\/6190f162ec8b1_900.jpg","datePublished":"2021-11-14T13:29:47+00:00","author":{"@id":"https:\/\/www.noticiasradioreflejos.com.ar\/2021\/#\/schema\/person\/ad82545263dcc5ec0996818884fd5fb1"},"breadcrumb":{"@id":"https:\/\/www.noticiasradioreflejos.com.ar\/2021\/bajo-protocolos-sanitarios-flexibilizados-comenzaron-las-elecciones-legislativas-en-todo-el-pais\/#breadcrumb"},"inLanguage":"es","potentialAction":[{"@type":"ReadAction","target":["https:\/\/www.noticiasradioreflejos.com.ar\/2021\/bajo-protocolos-sanitarios-flexibilizados-comenzaron-las-elecciones-legislativas-en-todo-el-pais\/"]}]},{"@type":"ImageObject","inLanguage":"es","@id":"https:\/\/www.noticiasradioreflejos.com.ar\/2021\/bajo-protocolos-sanitarios-flexibilizados-comenzaron-las-elecciones-legislativas-en-todo-el-pais\/#primaryimage","url":"https:\/\/www.telam.com.ar\/thumbs\/bluesteel\/advf\/imagenes\/2021\/11\/6190f162ec8b1_900.jpg","contentUrl":"https:\/\/www.telam.com.ar\/thumbs\/bluesteel\/advf\/imagenes\/2021\/11\/6190f162ec8b1_900.jpg"},{"@type":"BreadcrumbList","@id":"https:\/\/www.noticiasradioreflejos.com.ar\/2021\/bajo-protocolos-sanitarios-flexibilizados-comenzaron-las-elecciones-legislativas-en-todo-el-pais\/#breadcrumb","itemListElement":[{"@type":"ListItem","position":1,"name":"Portada","item":"https:\/\/www.noticiasradioreflejos.com.ar\/2021\/"},{"@type":"ListItem","position":2,"name":"Bajo protocolos sanitarios flexibilizados, comenzaron las elecciones legislativas en todo el pa\u00eds"}]},{"@type":"WebSite","@id":"https:\/\/www.noticiasradioreflejos.com.ar\/2021\/#website","url":"https:\/\/www.noticiasradioreflejos.com.ar\/2021\/","name":"Noticias Radio Reflejos","description":"Las noticias de mi comarca","potentialAction":[{"@type":"SearchAction","target":{"@type":"EntryPoint","urlTemplate":"https:\/\/www.noticiasradioreflejos.com.ar\/2021\/?s={search_term_string}"},"query-input":{"@type":"PropertyValueSpecification","valueRequired":true,"valueName":"search_term_string"}}],"inLanguage":"es"},{"@type":"Person","@id":"https:\/\/www.noticiasradioreflejos.com.ar\/2021\/#\/schema\/person\/ad82545263dcc5ec0996818884fd5fb1","name":"Arnaldo Botto","image":{"@type":"ImageObject","inLanguage":"es","@id":"https:\/\/www.noticiasradioreflejos.com.ar\/2021\/#\/schema\/person\/image\/","url":"https:\/\/secure.gravatar.com\/avatar\/55cb5e37c1efa326397366e6974cb338056df65cb50e7d64d1cf314e87504837?s=96&d=mm&r=g","contentUrl":"https:\/\/secure.gravatar.com\/avatar\/55cb5e37c1efa326397366e6974cb338056df65cb50e7d64d1cf314e87504837?s=96&d=mm&r=g","caption":"Arnaldo Botto"},"url":"https:\/\/www.noticiasradioreflejos.com.ar\/2021\/author\/arnaldo\/"}]}},"_links":{"self":[{"href":"https:\/\/www.noticiasradioreflejos.com.ar\/2021\/wp-json\/wp\/v2\/posts\/64885","targetHints":{"allow":["GET"]}}],"collection":[{"href":"https:\/\/www.noticiasradioreflejos.com.ar\/2021\/wp-json\/wp\/v2\/posts"}],"about":[{"href":"https:\/\/www.noticiasradioreflejos.com.ar\/2021\/wp-json\/wp\/v2\/types\/post"}],"author":[{"embeddable":true,"href":"https:\/\/www.noticiasradioreflejos.com.ar\/2021\/wp-json\/wp\/v2\/users\/3"}],"replies":[{"embeddable":true,"href":"https:\/\/www.noticiasradioreflejos.com.ar\/2021\/wp-json\/wp\/v2\/comments?post=64885"}],"version-history":[{"count":1,"href":"https:\/\/www.noticiasradioreflejos.com.ar\/2021\/wp-json\/wp\/v2\/posts\/64885\/revisions"}],"predecessor-version":[{"id":64886,"href":"https:\/\/www.noticiasradioreflejos.com.ar\/2021\/wp-json\/wp\/v2\/posts\/64885\/revisions\/64886"}],"wp:attachment":[{"href":"https:\/\/www.noticiasradioreflejos.com.ar\/2021\/wp-json\/wp\/v2\/media?parent=64885"}],"wp:term":[{"taxonomy":"category","embeddable":true,"href":"https:\/\/www.noticiasradioreflejos.com.ar\/2021\/wp-json\/wp\/v2\/categories?post=64885"},{"taxonomy":"post_tag","embeddable":true,"href":"https:\/\/www.noticiasradioreflejos.com.ar\/2021\/wp-json\/wp\/v2\/tags?post=64885"}],"curies":[{"name":"wp","href":"https:\/\/api.w.org\/{rel}","templated":true}]}}