{"id":64881,"date":"2021-11-14T14:25:37","date_gmt":"2021-11-14T14:25:37","guid":{"rendered":"http:\/\/www.noticiasradioreflejos.com.ar\/2021\/?p=64881"},"modified":"2021-11-14T15:35:43","modified_gmt":"2021-11-14T15:35:43","slug":"saldungaray-celebro-la-tradicion-con-una-gran-fiesta-que-convoco-a-miles-de-personas","status":"publish","type":"post","link":"https:\/\/www.noticiasradioreflejos.com.ar\/2021\/saldungaray-celebro-la-tradicion-con-una-gran-fiesta-que-convoco-a-miles-de-personas\/","title":{"rendered":"Saldungaray celebr\u00f3 la tradici\u00f3n con una gran fiesta que convoc\u00f3 a miles de personas"},"content":{"rendered":"<p>Una apuesta que desafi\u00f3 muchas barreras y finamente tuvo el \u00e9xito deseado. En el predio del ferrocarril tuvo lugar la celebraci\u00f3n organizada por la Pe\u00f1a Huinca Malal y Tornquist Municipio.<!--more--><\/p>\n<p><img loading=\"lazy\" decoding=\"async\" class=\"aligncenter size-full wp-image-64888\" src=\"http:\/\/www.noticiasradioreflejos.com.ar\/2021\/wp-content\/uploads\/2021\/11\/Fiesta-de-la-tradicion-Saldungaray-6.jpg\" alt=\"\" width=\"2304\" height=\"1296\" \/><\/p>\n<p>&nbsp;<\/p>\n<p>Con el filo de la pandemia marcando la vida y costumbres de la humanidad, un grupo de personas idearon con decisi\u00f3n,\u00a0 poner un tinte diferente a lo vivido en los \u00faltimos dos a\u00f1os.\u00a0 Y arranc\u00f3 un proyecto que se convirti\u00f3 en todo un \u00e9xito.<\/p>\n<p>De por medio hab\u00eda temores, por el clima, por la fecha, por c\u00f3mo responder\u00eda el p\u00fablico un viernes y por el fin de semana de elecciones.<\/p>\n<p>Sin embargo, ante la idea todo el pueblo de Saldungaray\u00a0 mostr\u00f3 una vez m\u00e1s su capacidad de organizaci\u00f3n y se pusieron a trabajar para que nada faltara.<\/p>\n<p>Y as\u00ed se vivi\u00f3, desde la tarde,\u00a0 esta 1ra Fiesta de la Tradici\u00f3n en Saldungaray. Un programa a puro canto y baile donde la m\u00fasica folcl\u00f3rica, la bandera y las costumbres de nuestra naci\u00f3n fueron los s\u00edmbolos preponderantes de la jornada. La organizaci\u00f3n estuvo a cargo de la Pe\u00f1a Huinca Malal y tuvo el acompa\u00f1amiento del municipio de Tornquist<\/p>\n<p>&nbsp;<\/p>\n<p><img loading=\"lazy\" decoding=\"async\" class=\"aligncenter size-full wp-image-64889\" src=\"http:\/\/www.noticiasradioreflejos.com.ar\/2021\/wp-content\/uploads\/2021\/11\/Fiesta-de-la-tradicion-Saldungaray-16.jpg\" alt=\"\" width=\"2304\" height=\"1296\" \/><\/p>\n<p>&nbsp;<\/p>\n<p>Un importante marco de p\u00fablico se fue dando cita\u00a0 en el predio junto a la estaci\u00f3n ferroviaria. Sobre el escenario se presentaron la pe\u00f1a local, la Escuela Folkl\u00f3rica Municipal, pe\u00f1as invitadas y bandas musicales como Tres M\u00e1s Uno, el grupo salte\u00f1o Kaymanta, que cerr\u00f3 la noche junto a Aparceros y otras sorpresas que llenaros de alegr\u00eda a los espectadores.<br \/>\nDurante la fiesta, se sum\u00f3 que el intendente <strong>Sergio Bordoni<\/strong>\u00a0 le entreg\u00f3 un reconocimiento a la joven de Saldungaray <strong>Roc\u00edo G\u00f3mez Ibarra<\/strong>, ganadora de la medalla de oro en gimnasia en los Juegos Bonaerenses .<br \/>\nEl servicio de cantina se distribuy\u00f3 entre las instituciones de la localidad, y as\u00ed el Aeroclub, la cooperadora del <strong>Jard\u00edn de infantes<\/strong>, <strong>El Club Porte\u00f1o<\/strong>, la<strong> Pe\u00f1a Huinca Malal,<\/strong> y <strong>A .Tu.Co S<\/strong>\u00a0 brindaron una variedad de productos gastron\u00f3micos y bebidas que se acompa\u00f1aron con el paseo de artesanos dentro del galp\u00f3n ferroviario y entretenimientos.<\/p>\n<p>&nbsp;<\/p>\n<p><a title=\"Fiesta de la Tradici\u00f3n Saldungaray Julio Gaggini (94)\" href=\"https:\/\/www.flickr.com\/photos\/182279889@N02\/51679650100\/in\/dateposted-public\/\" data-flickr-embed=\"true\"><img loading=\"lazy\" decoding=\"async\" src=\"https:\/\/live.staticflickr.com\/65535\/51679650100_bc520b207e_c.jpg\" alt=\"Fiesta de la Tradici\u00f3n Saldungaray Julio Gaggini (94)\" width=\"800\" height=\"534\" \/><\/a><script async src=\"\/\/embedr.flickr.com\/assets\/client-code.js\" charset=\"utf-8\"><\/script><\/p>\n<p>Como hechos destacados, podemos mencionar que en un momento se vi\u00f3 un centenar de parejas bailando chacareras y zambas, la actuaci\u00f3n de Joaqu\u00edn Larrea de 7 a\u00f1os, que subi\u00f3 al escenario invitado por Kaymanta y arranc\u00f3 el aplauso y ovaci\u00f3n de los presentes. Adem\u00e1s, el grupo local\u00a0 \u00abAparceros\u00bb result\u00f3 apadrinado por el propio Kaymanta.<\/p>\n<p><a title=\"Fiesta de la Tradici\u00f3n Saldungaray Julio Gaggini (84)\" href=\"https:\/\/www.flickr.com\/photos\/182279889@N02\/51678773976\/in\/dateposted-public\/\" data-flickr-embed=\"true\"><img loading=\"lazy\" decoding=\"async\" src=\"https:\/\/live.staticflickr.com\/65535\/51678773976_d7bcb1c128_c.jpg\" alt=\"Fiesta de la Tradici\u00f3n Saldungaray Julio Gaggini (84)\" width=\"800\" height=\"534\" \/><\/a><script async src=\"\/\/embedr.flickr.com\/assets\/client-code.js\" charset=\"utf-8\"><\/script><\/p>\n<p>En los videos que acompa\u00f1amos, registramos las expresiones de autoridades, organizadores, artistas y p\u00fablico que se hizo presente, y que disfrutaron de una noche que combin\u00f3 muchas emociones, encuentros, alegr\u00eda, m\u00fasica y baile.<\/p>\n<p>&nbsp;<\/p>\n<p><a title=\"Fiesta de la Tradici\u00f3n Saldungaray Julio Gaggini (138)\" href=\"https:\/\/www.flickr.com\/photos\/182279889@N02\/51677953922\/in\/dateposted-public\/\" data-flickr-embed=\"true\"><img loading=\"lazy\" decoding=\"async\" src=\"https:\/\/live.staticflickr.com\/65535\/51677953922_8caa4fe2e9_c.jpg\" alt=\"Fiesta de la Tradici\u00f3n Saldungaray Julio Gaggini (138)\" width=\"800\" height=\"534\" \/><\/a><script async src=\"\/\/embedr.flickr.com\/assets\/client-code.js\" charset=\"utf-8\"><\/script><\/p>\n<p>&nbsp;<\/p>\n<p><iframe loading=\"lazy\" title=\"YouTube video player\" src=\"https:\/\/www.youtube.com\/embed\/m5becgdYWS8\" width=\"640\" height=\"360\" frameborder=\"0\" allowfullscreen=\"allowfullscreen\"><\/iframe><\/p>\n<p><iframe loading=\"lazy\" title=\"YouTube video player\" src=\"https:\/\/www.youtube.com\/embed\/3plveh2sDzs\" width=\"640\" height=\"360\" frameborder=\"0\" allowfullscreen=\"allowfullscreen\"><\/iframe><\/p>\n<p>&nbsp;<\/p>\n<p><span style=\"color: #ff6600;\"><strong>Ver \u00e1lbum de fotos<\/strong><\/span><\/p>\n<p><iframe loading=\"lazy\" style=\"border: none; overflow: hidden;\" src=\"https:\/\/www.facebook.com\/plugins\/post.php?href=https%3A%2F%2Fwww.facebook.com%2FNoticiasRadioReflejos%2Fposts%2F1507715962929640&amp;show_text=true&amp;width=500\" width=\"500\" height=\"777\" frameborder=\"0\" scrolling=\"no\" allowfullscreen=\"allowfullscreen\"><\/iframe><\/p>\n","protected":false},"excerpt":{"rendered":"<p>Una apuesta que desafi\u00f3 muchas barreras y finamente tuvo el \u00e9xito deseado. En el predio del ferrocarril tuvo lugar la celebraci\u00f3n organizada por la Pe\u00f1a Huinca Malal y Tornquist Municipio.<\/p>\n","protected":false},"author":3,"featured_media":0,"comment_status":"closed","ping_status":"closed","sticky":false,"template":"","format":"standard","meta":{"footnotes":""},"categories":[35,26],"tags":[48],"class_list":["post-64881","post","type-post","status-publish","format-standard","hentry","category-cultura","category-sociedad","tag-destacada"],"yoast_head":"<!-- This site is optimized with the Yoast SEO plugin v25.9 - https:\/\/yoast.com\/wordpress\/plugins\/seo\/ -->\n<title>Saldungaray celebr\u00f3 la tradici\u00f3n con una gran fiesta que convoc\u00f3 a miles de personas - Noticias Radio Reflejos<\/title>\n<meta name=\"robots\" content=\"index, follow, max-snippet:-1, max-image-preview:large, max-video-preview:-1\" \/>\n<link rel=\"canonical\" href=\"https:\/\/www.noticiasradioreflejos.com.ar\/2021\/saldungaray-celebro-la-tradicion-con-una-gran-fiesta-que-convoco-a-miles-de-personas\/\" \/>\n<meta property=\"og:locale\" content=\"es_ES\" \/>\n<meta property=\"og:type\" content=\"article\" \/>\n<meta property=\"og:title\" content=\"Saldungaray celebr\u00f3 la tradici\u00f3n con una gran fiesta que convoc\u00f3 a miles de personas - Noticias Radio Reflejos\" \/>\n<meta property=\"og:description\" content=\"Una apuesta que desafi\u00f3 muchas barreras y finamente tuvo el \u00e9xito deseado. En el predio del ferrocarril tuvo lugar la celebraci\u00f3n organizada por la Pe\u00f1a Huinca Malal y Tornquist Municipio.\" \/>\n<meta property=\"og:url\" content=\"https:\/\/www.noticiasradioreflejos.com.ar\/2021\/saldungaray-celebro-la-tradicion-con-una-gran-fiesta-que-convoco-a-miles-de-personas\/\" \/>\n<meta property=\"og:site_name\" content=\"Noticias Radio Reflejos\" \/>\n<meta property=\"article:published_time\" content=\"2021-11-14T14:25:37+00:00\" \/>\n<meta property=\"article:modified_time\" content=\"2021-11-14T15:35:43+00:00\" \/>\n<meta property=\"og:image\" content=\"http:\/\/www.noticiasradioreflejos.com.ar\/2021\/wp-content\/uploads\/2021\/11\/Fiesta-de-la-tradicion-Saldungaray-6.jpg\" \/>\n<meta name=\"author\" content=\"Arnaldo Botto\" \/>\n<meta name=\"twitter:card\" content=\"summary_large_image\" \/>\n<script type=\"application\/ld+json\" class=\"yoast-schema-graph\">{\"@context\":\"https:\/\/schema.org\",\"@graph\":[{\"@type\":\"WebPage\",\"@id\":\"https:\/\/www.noticiasradioreflejos.com.ar\/2021\/saldungaray-celebro-la-tradicion-con-una-gran-fiesta-que-convoco-a-miles-de-personas\/\",\"url\":\"https:\/\/www.noticiasradioreflejos.com.ar\/2021\/saldungaray-celebro-la-tradicion-con-una-gran-fiesta-que-convoco-a-miles-de-personas\/\",\"name\":\"Saldungaray celebr\u00f3 la tradici\u00f3n con una gran fiesta que convoc\u00f3 a miles de personas - Noticias Radio Reflejos\",\"isPartOf\":{\"@id\":\"https:\/\/www.noticiasradioreflejos.com.ar\/2021\/#website\"},\"primaryImageOfPage\":{\"@id\":\"https:\/\/www.noticiasradioreflejos.com.ar\/2021\/saldungaray-celebro-la-tradicion-con-una-gran-fiesta-que-convoco-a-miles-de-personas\/#primaryimage\"},\"image\":{\"@id\":\"https:\/\/www.noticiasradioreflejos.com.ar\/2021\/saldungaray-celebro-la-tradicion-con-una-gran-fiesta-que-convoco-a-miles-de-personas\/#primaryimage\"},\"thumbnailUrl\":\"http:\/\/www.noticiasradioreflejos.com.ar\/2021\/wp-content\/uploads\/2021\/11\/Fiesta-de-la-tradicion-Saldungaray-6.jpg\",\"datePublished\":\"2021-11-14T14:25:37+00:00\",\"dateModified\":\"2021-11-14T15:35:43+00:00\",\"author\":{\"@id\":\"https:\/\/www.noticiasradioreflejos.com.ar\/2021\/#\/schema\/person\/ad82545263dcc5ec0996818884fd5fb1\"},\"breadcrumb\":{\"@id\":\"https:\/\/www.noticiasradioreflejos.com.ar\/2021\/saldungaray-celebro-la-tradicion-con-una-gran-fiesta-que-convoco-a-miles-de-personas\/#breadcrumb\"},\"inLanguage\":\"es\",\"potentialAction\":[{\"@type\":\"ReadAction\",\"target\":[\"https:\/\/www.noticiasradioreflejos.com.ar\/2021\/saldungaray-celebro-la-tradicion-con-una-gran-fiesta-que-convoco-a-miles-de-personas\/\"]}]},{\"@type\":\"ImageObject\",\"inLanguage\":\"es\",\"@id\":\"https:\/\/www.noticiasradioreflejos.com.ar\/2021\/saldungaray-celebro-la-tradicion-con-una-gran-fiesta-que-convoco-a-miles-de-personas\/#primaryimage\",\"url\":\"\",\"contentUrl\":\"\"},{\"@type\":\"BreadcrumbList\",\"@id\":\"https:\/\/www.noticiasradioreflejos.com.ar\/2021\/saldungaray-celebro-la-tradicion-con-una-gran-fiesta-que-convoco-a-miles-de-personas\/#breadcrumb\",\"itemListElement\":[{\"@type\":\"ListItem\",\"position\":1,\"name\":\"Portada\",\"item\":\"https:\/\/www.noticiasradioreflejos.com.ar\/2021\/\"},{\"@type\":\"ListItem\",\"position\":2,\"name\":\"Saldungaray celebr\u00f3 la tradici\u00f3n con una gran fiesta que convoc\u00f3 a miles de personas\"}]},{\"@type\":\"WebSite\",\"@id\":\"https:\/\/www.noticiasradioreflejos.com.ar\/2021\/#website\",\"url\":\"https:\/\/www.noticiasradioreflejos.com.ar\/2021\/\",\"name\":\"Noticias Radio Reflejos\",\"description\":\"Las noticias de mi comarca\",\"potentialAction\":[{\"@type\":\"SearchAction\",\"target\":{\"@type\":\"EntryPoint\",\"urlTemplate\":\"https:\/\/www.noticiasradioreflejos.com.ar\/2021\/?s={search_term_string}\"},\"query-input\":{\"@type\":\"PropertyValueSpecification\",\"valueRequired\":true,\"valueName\":\"search_term_string\"}}],\"inLanguage\":\"es\"},{\"@type\":\"Person\",\"@id\":\"https:\/\/www.noticiasradioreflejos.com.ar\/2021\/#\/schema\/person\/ad82545263dcc5ec0996818884fd5fb1\",\"name\":\"Arnaldo Botto\",\"image\":{\"@type\":\"ImageObject\",\"inLanguage\":\"es\",\"@id\":\"https:\/\/www.noticiasradioreflejos.com.ar\/2021\/#\/schema\/person\/image\/\",\"url\":\"https:\/\/secure.gravatar.com\/avatar\/55cb5e37c1efa326397366e6974cb338056df65cb50e7d64d1cf314e87504837?s=96&d=mm&r=g\",\"contentUrl\":\"https:\/\/secure.gravatar.com\/avatar\/55cb5e37c1efa326397366e6974cb338056df65cb50e7d64d1cf314e87504837?s=96&d=mm&r=g\",\"caption\":\"Arnaldo Botto\"},\"url\":\"https:\/\/www.noticiasradioreflejos.com.ar\/2021\/author\/arnaldo\/\"}]}<\/script>\n<!-- \/ Yoast SEO plugin. -->","yoast_head_json":{"title":"Saldungaray celebr\u00f3 la tradici\u00f3n con una gran fiesta que convoc\u00f3 a miles de personas - Noticias Radio Reflejos","robots":{"index":"index","follow":"follow","max-snippet":"max-snippet:-1","max-image-preview":"max-image-preview:large","max-video-preview":"max-video-preview:-1"},"canonical":"https:\/\/www.noticiasradioreflejos.com.ar\/2021\/saldungaray-celebro-la-tradicion-con-una-gran-fiesta-que-convoco-a-miles-de-personas\/","og_locale":"es_ES","og_type":"article","og_title":"Saldungaray celebr\u00f3 la tradici\u00f3n con una gran fiesta que convoc\u00f3 a miles de personas - Noticias Radio Reflejos","og_description":"Una apuesta que desafi\u00f3 muchas barreras y finamente tuvo el \u00e9xito deseado. En el predio del ferrocarril tuvo lugar la celebraci\u00f3n organizada por la Pe\u00f1a Huinca Malal y Tornquist Municipio.","og_url":"https:\/\/www.noticiasradioreflejos.com.ar\/2021\/saldungaray-celebro-la-tradicion-con-una-gran-fiesta-que-convoco-a-miles-de-personas\/","og_site_name":"Noticias Radio Reflejos","article_published_time":"2021-11-14T14:25:37+00:00","article_modified_time":"2021-11-14T15:35:43+00:00","og_image":[{"url":"http:\/\/www.noticiasradioreflejos.com.ar\/2021\/wp-content\/uploads\/2021\/11\/Fiesta-de-la-tradicion-Saldungaray-6.jpg","type":"","width":"","height":""}],"author":"Arnaldo Botto","twitter_card":"summary_large_image","schema":{"@context":"https:\/\/schema.org","@graph":[{"@type":"WebPage","@id":"https:\/\/www.noticiasradioreflejos.com.ar\/2021\/saldungaray-celebro-la-tradicion-con-una-gran-fiesta-que-convoco-a-miles-de-personas\/","url":"https:\/\/www.noticiasradioreflejos.com.ar\/2021\/saldungaray-celebro-la-tradicion-con-una-gran-fiesta-que-convoco-a-miles-de-personas\/","name":"Saldungaray celebr\u00f3 la tradici\u00f3n con una gran fiesta que convoc\u00f3 a miles de personas - Noticias Radio Reflejos","isPartOf":{"@id":"https:\/\/www.noticiasradioreflejos.com.ar\/2021\/#website"},"primaryImageOfPage":{"@id":"https:\/\/www.noticiasradioreflejos.com.ar\/2021\/saldungaray-celebro-la-tradicion-con-una-gran-fiesta-que-convoco-a-miles-de-personas\/#primaryimage"},"image":{"@id":"https:\/\/www.noticiasradioreflejos.com.ar\/2021\/saldungaray-celebro-la-tradicion-con-una-gran-fiesta-que-convoco-a-miles-de-personas\/#primaryimage"},"thumbnailUrl":"http:\/\/www.noticiasradioreflejos.com.ar\/2021\/wp-content\/uploads\/2021\/11\/Fiesta-de-la-tradicion-Saldungaray-6.jpg","datePublished":"2021-11-14T14:25:37+00:00","dateModified":"2021-11-14T15:35:43+00:00","author":{"@id":"https:\/\/www.noticiasradioreflejos.com.ar\/2021\/#\/schema\/person\/ad82545263dcc5ec0996818884fd5fb1"},"breadcrumb":{"@id":"https:\/\/www.noticiasradioreflejos.com.ar\/2021\/saldungaray-celebro-la-tradicion-con-una-gran-fiesta-que-convoco-a-miles-de-personas\/#breadcrumb"},"inLanguage":"es","potentialAction":[{"@type":"ReadAction","target":["https:\/\/www.noticiasradioreflejos.com.ar\/2021\/saldungaray-celebro-la-tradicion-con-una-gran-fiesta-que-convoco-a-miles-de-personas\/"]}]},{"@type":"ImageObject","inLanguage":"es","@id":"https:\/\/www.noticiasradioreflejos.com.ar\/2021\/saldungaray-celebro-la-tradicion-con-una-gran-fiesta-que-convoco-a-miles-de-personas\/#primaryimage","url":"","contentUrl":""},{"@type":"BreadcrumbList","@id":"https:\/\/www.noticiasradioreflejos.com.ar\/2021\/saldungaray-celebro-la-tradicion-con-una-gran-fiesta-que-convoco-a-miles-de-personas\/#breadcrumb","itemListElement":[{"@type":"ListItem","position":1,"name":"Portada","item":"https:\/\/www.noticiasradioreflejos.com.ar\/2021\/"},{"@type":"ListItem","position":2,"name":"Saldungaray celebr\u00f3 la tradici\u00f3n con una gran fiesta que convoc\u00f3 a miles de personas"}]},{"@type":"WebSite","@id":"https:\/\/www.noticiasradioreflejos.com.ar\/2021\/#website","url":"https:\/\/www.noticiasradioreflejos.com.ar\/2021\/","name":"Noticias Radio Reflejos","description":"Las noticias de mi comarca","potentialAction":[{"@type":"SearchAction","target":{"@type":"EntryPoint","urlTemplate":"https:\/\/www.noticiasradioreflejos.com.ar\/2021\/?s={search_term_string}"},"query-input":{"@type":"PropertyValueSpecification","valueRequired":true,"valueName":"search_term_string"}}],"inLanguage":"es"},{"@type":"Person","@id":"https:\/\/www.noticiasradioreflejos.com.ar\/2021\/#\/schema\/person\/ad82545263dcc5ec0996818884fd5fb1","name":"Arnaldo Botto","image":{"@type":"ImageObject","inLanguage":"es","@id":"https:\/\/www.noticiasradioreflejos.com.ar\/2021\/#\/schema\/person\/image\/","url":"https:\/\/secure.gravatar.com\/avatar\/55cb5e37c1efa326397366e6974cb338056df65cb50e7d64d1cf314e87504837?s=96&d=mm&r=g","contentUrl":"https:\/\/secure.gravatar.com\/avatar\/55cb5e37c1efa326397366e6974cb338056df65cb50e7d64d1cf314e87504837?s=96&d=mm&r=g","caption":"Arnaldo Botto"},"url":"https:\/\/www.noticiasradioreflejos.com.ar\/2021\/author\/arnaldo\/"}]}},"_links":{"self":[{"href":"https:\/\/www.noticiasradioreflejos.com.ar\/2021\/wp-json\/wp\/v2\/posts\/64881","targetHints":{"allow":["GET"]}}],"collection":[{"href":"https:\/\/www.noticiasradioreflejos.com.ar\/2021\/wp-json\/wp\/v2\/posts"}],"about":[{"href":"https:\/\/www.noticiasradioreflejos.com.ar\/2021\/wp-json\/wp\/v2\/types\/post"}],"author":[{"embeddable":true,"href":"https:\/\/www.noticiasradioreflejos.com.ar\/2021\/wp-json\/wp\/v2\/users\/3"}],"replies":[{"embeddable":true,"href":"https:\/\/www.noticiasradioreflejos.com.ar\/2021\/wp-json\/wp\/v2\/comments?post=64881"}],"version-history":[{"count":4,"href":"https:\/\/www.noticiasradioreflejos.com.ar\/2021\/wp-json\/wp\/v2\/posts\/64881\/revisions"}],"predecessor-version":[{"id":64891,"href":"https:\/\/www.noticiasradioreflejos.com.ar\/2021\/wp-json\/wp\/v2\/posts\/64881\/revisions\/64891"}],"wp:attachment":[{"href":"https:\/\/www.noticiasradioreflejos.com.ar\/2021\/wp-json\/wp\/v2\/media?parent=64881"}],"wp:term":[{"taxonomy":"category","embeddable":true,"href":"https:\/\/www.noticiasradioreflejos.com.ar\/2021\/wp-json\/wp\/v2\/categories?post=64881"},{"taxonomy":"post_tag","embeddable":true,"href":"https:\/\/www.noticiasradioreflejos.com.ar\/2021\/wp-json\/wp\/v2\/tags?post=64881"}],"curies":[{"name":"wp","href":"https:\/\/api.w.org\/{rel}","templated":true}]}}