{"id":64871,"date":"2021-11-12T20:22:05","date_gmt":"2021-11-12T20:22:05","guid":{"rendered":"http:\/\/www.noticiasradioreflejos.com.ar\/2021\/?p=64871"},"modified":"2021-11-12T20:22:05","modified_gmt":"2021-11-12T20:22:05","slug":"mas-alla-de-los-puestos-representaron-al-distrito-de-una-manera-increible-no-estuvimos-lejos-de-nada-y-se-destacaron-en-todos-los-deportes","status":"publish","type":"post","link":"https:\/\/www.noticiasradioreflejos.com.ar\/2021\/mas-alla-de-los-puestos-representaron-al-distrito-de-una-manera-increible-no-estuvimos-lejos-de-nada-y-se-destacaron-en-todos-los-deportes\/","title":{"rendered":"\u00abM\u00e1s all\u00e1 de los puestos, representaron al distrito de una manera incre\u00edble. No estuvimos lejos de nada y se destacaron en todos los deportes.\u00bb"},"content":{"rendered":"<p>Esta ma\u00f1ana entrevistamos a la licenciada en Educaci\u00f3n F\u00edsica y Directora de Deportes de Tornquist Municipio, para que nos cuente c\u00f3mo fue el paso de todos los deportistas de nuestro distrito por la instancia final de los Torneos Bonaerenses.<!--more--><\/p>\n<p><img loading=\"lazy\" decoding=\"async\" class=\"aligncenter size-full wp-image-64874\" src=\"http:\/\/www.noticiasradioreflejos.com.ar\/2021\/wp-content\/uploads\/2021\/11\/WhatsApp-Image-2021-11-06-at-16.13.09.jpeg\" alt=\"\" width=\"1160\" height=\"522\" \/><\/p>\n<p>\u00abEs una responsabilidad muy grande, pero siempre lo disfruto mucho y me encanta estar ah\u00ed. Es un desgaste, pero es un desgaste lindo\u00bb expres\u00f3 Sofia en relaci\u00f3n a la participaci\u00f3n del distrito en los torneos bonaerenses.<\/p>\n<p>Sofia mencion\u00f3 que, a pesar de ser una delegaci\u00f3n chica, se trat\u00f3 de estar en todos los deportes y acompa\u00f1ar a todos los alumnos y profesores. \u00abLos comienzos de los juegos eran en plena pandemia, y era medio contradictorio convocar y difundir los juegos\u00bb coment\u00f3. De todas maneras, este a\u00f1o participaron 400 chicos y chicas en los Juegos BA. \u00abNosotros llevamos 24 atletas y trajimos 5 medallas, fue un orgullo para Tornquist\u00bb. Sofia tambi\u00e9n explic\u00f3 que antes el deporte estaba muy localizado en Tornquist, pero que este a\u00f1o hubieron muchos participantes de las otras localidades del distrito.<\/p>\n<p><a title=\"medallas\" href=\"https:\/\/www.flickr.com\/photos\/182279889@N02\/51674087122\/in\/dateposted-public\/\" data-flickr-embed=\"true\"><img loading=\"lazy\" decoding=\"async\" src=\"https:\/\/live.staticflickr.com\/65535\/51674087122_0caaa5e37b_o.png\" alt=\"medallas\" width=\"516\" height=\"552\" \/><\/a><script async src=\"\/\/embedr.flickr.com\/assets\/client-code.js\" charset=\"utf-8\"><\/script><\/p>\n<p>\u00abM\u00e1s all\u00e1 de los puestos, representaron al distrito de una manera incre\u00edble. No estuvimos lejos de nada y se destacaron en todos los deportes. Eso a mi me enorgullece y me da un aliento para seguir trabajando\u00bb transmiti\u00f3 Sofia, refiri\u00e9ndose al nivel de todos los deportistas.<\/p>\n<p>\u00abMi agradecimiento es hacia los profes que son los que laburan con los chicos todo el a\u00f1o y que se llevan todos los logros este a\u00f1o. La verdad que el agradecimiento es para los profes y los chicos\u00bb expres\u00f3 finalmente.<\/p>\n<p>Nota completa a continuaci\u00f3n:<br \/>\n<iframe loading=\"lazy\" src=\"https:\/\/w.soundcloud.com\/player\/?url=https%3A\/\/api.soundcloud.com\/tracks\/1158825316&amp;color=%23ff5500&amp;auto_play=false&amp;hide_related=false&amp;show_comments=true&amp;show_user=true&amp;show_reposts=false&amp;show_teaser=true\" width=\"100%\" height=\"166\" frameborder=\"no\" scrolling=\"no\"><\/iframe><\/p>\n<div style=\"font-size: 10px; color: #cccccc; line-break: anywhere; word-break: normal; overflow: hidden; white-space: nowrap; text-overflow: ellipsis; font-family: Interstate,Lucida Grande,Lucida Sans Unicode,Lucida Sans,Garuda,Verdana,Tahoma,sans-serif; font-weight: 100;\"><a style=\"color: #cccccc; text-decoration: none;\" title=\"fmreflejos 103.7\" href=\"https:\/\/soundcloud.com\/fmreflejos-103-7\" target=\"_blank\" rel=\"noopener\">fmreflejos 103.7<\/a> \u00b7 <a style=\"color: #cccccc; text-decoration: none;\" title=\"Sofia Urriaga\" href=\"https:\/\/soundcloud.com\/fmreflejos-103-7\/sofia-urriaga-1\" target=\"_blank\" rel=\"noopener\">Sofia Urriaga<\/a><\/div>\n<p><a title=\"futboltenis 21 (2)\" href=\"https:\/\/www.flickr.com\/photos\/182279889@N02\/51663510287\/in\/dateposted-public\/\" data-flickr-embed=\"true\"><img loading=\"lazy\" decoding=\"async\" src=\"https:\/\/live.staticflickr.com\/65535\/51663510287_bec352a0c9_c.jpg\" alt=\"futboltenis 21 (2)\" width=\"800\" height=\"533\" \/><\/a><script async src=\"\/\/embedr.flickr.com\/assets\/client-code.js\" charset=\"utf-8\"><\/script><\/p>\n","protected":false},"excerpt":{"rendered":"<p>Esta ma\u00f1ana entrevistamos a la licenciada en Educaci\u00f3n F\u00edsica y Directora de Deportes de Tornquist Municipio, para que nos cuente c\u00f3mo fue el paso de todos los deportistas de nuestro distrito por la instancia final de los Torneos Bonaerenses.<\/p>\n","protected":false},"author":3,"featured_media":0,"comment_status":"closed","ping_status":"closed","sticky":false,"template":"","format":"standard","meta":{"footnotes":""},"categories":[27],"tags":[48],"class_list":["post-64871","post","type-post","status-publish","format-standard","hentry","category-deportes","tag-destacada"],"yoast_head":"<!-- This site is optimized with the Yoast SEO plugin v25.9 - https:\/\/yoast.com\/wordpress\/plugins\/seo\/ -->\n<title>&quot;M\u00e1s all\u00e1 de los puestos, representaron al distrito de una manera incre\u00edble. No estuvimos lejos de nada y se destacaron en todos los deportes.&quot; - Noticias Radio Reflejos<\/title>\n<meta name=\"robots\" content=\"index, follow, max-snippet:-1, max-image-preview:large, max-video-preview:-1\" \/>\n<link rel=\"canonical\" href=\"https:\/\/www.noticiasradioreflejos.com.ar\/2021\/mas-alla-de-los-puestos-representaron-al-distrito-de-una-manera-increible-no-estuvimos-lejos-de-nada-y-se-destacaron-en-todos-los-deportes\/\" \/>\n<meta property=\"og:locale\" content=\"es_ES\" \/>\n<meta property=\"og:type\" content=\"article\" \/>\n<meta property=\"og:title\" content=\"&quot;M\u00e1s all\u00e1 de los puestos, representaron al distrito de una manera incre\u00edble. No estuvimos lejos de nada y se destacaron en todos los deportes.&quot; - Noticias Radio Reflejos\" \/>\n<meta property=\"og:description\" content=\"Esta ma\u00f1ana entrevistamos a la licenciada en Educaci\u00f3n F\u00edsica y Directora de Deportes de Tornquist Municipio, para que nos cuente c\u00f3mo fue el paso de todos los deportistas de nuestro distrito por la instancia final de los Torneos Bonaerenses.\" \/>\n<meta property=\"og:url\" content=\"https:\/\/www.noticiasradioreflejos.com.ar\/2021\/mas-alla-de-los-puestos-representaron-al-distrito-de-una-manera-increible-no-estuvimos-lejos-de-nada-y-se-destacaron-en-todos-los-deportes\/\" \/>\n<meta property=\"og:site_name\" content=\"Noticias Radio Reflejos\" \/>\n<meta property=\"article:published_time\" content=\"2021-11-12T20:22:05+00:00\" \/>\n<meta property=\"og:image\" content=\"http:\/\/www.noticiasradioreflejos.com.ar\/2021\/wp-content\/uploads\/2021\/11\/WhatsApp-Image-2021-11-06-at-16.13.09.jpeg\" \/>\n<meta name=\"author\" content=\"Arnaldo Botto\" \/>\n<meta name=\"twitter:card\" content=\"summary_large_image\" \/>\n<script type=\"application\/ld+json\" class=\"yoast-schema-graph\">{\"@context\":\"https:\/\/schema.org\",\"@graph\":[{\"@type\":\"WebPage\",\"@id\":\"https:\/\/www.noticiasradioreflejos.com.ar\/2021\/mas-alla-de-los-puestos-representaron-al-distrito-de-una-manera-increible-no-estuvimos-lejos-de-nada-y-se-destacaron-en-todos-los-deportes\/\",\"url\":\"https:\/\/www.noticiasradioreflejos.com.ar\/2021\/mas-alla-de-los-puestos-representaron-al-distrito-de-una-manera-increible-no-estuvimos-lejos-de-nada-y-se-destacaron-en-todos-los-deportes\/\",\"name\":\"\\\"M\u00e1s all\u00e1 de los puestos, representaron al distrito de una manera incre\u00edble. No estuvimos lejos de nada y se destacaron en todos los deportes.\\\" - Noticias Radio Reflejos\",\"isPartOf\":{\"@id\":\"https:\/\/www.noticiasradioreflejos.com.ar\/2021\/#website\"},\"primaryImageOfPage\":{\"@id\":\"https:\/\/www.noticiasradioreflejos.com.ar\/2021\/mas-alla-de-los-puestos-representaron-al-distrito-de-una-manera-increible-no-estuvimos-lejos-de-nada-y-se-destacaron-en-todos-los-deportes\/#primaryimage\"},\"image\":{\"@id\":\"https:\/\/www.noticiasradioreflejos.com.ar\/2021\/mas-alla-de-los-puestos-representaron-al-distrito-de-una-manera-increible-no-estuvimos-lejos-de-nada-y-se-destacaron-en-todos-los-deportes\/#primaryimage\"},\"thumbnailUrl\":\"http:\/\/www.noticiasradioreflejos.com.ar\/2021\/wp-content\/uploads\/2021\/11\/WhatsApp-Image-2021-11-06-at-16.13.09.jpeg\",\"datePublished\":\"2021-11-12T20:22:05+00:00\",\"author\":{\"@id\":\"https:\/\/www.noticiasradioreflejos.com.ar\/2021\/#\/schema\/person\/ad82545263dcc5ec0996818884fd5fb1\"},\"breadcrumb\":{\"@id\":\"https:\/\/www.noticiasradioreflejos.com.ar\/2021\/mas-alla-de-los-puestos-representaron-al-distrito-de-una-manera-increible-no-estuvimos-lejos-de-nada-y-se-destacaron-en-todos-los-deportes\/#breadcrumb\"},\"inLanguage\":\"es\",\"potentialAction\":[{\"@type\":\"ReadAction\",\"target\":[\"https:\/\/www.noticiasradioreflejos.com.ar\/2021\/mas-alla-de-los-puestos-representaron-al-distrito-de-una-manera-increible-no-estuvimos-lejos-de-nada-y-se-destacaron-en-todos-los-deportes\/\"]}]},{\"@type\":\"ImageObject\",\"inLanguage\":\"es\",\"@id\":\"https:\/\/www.noticiasradioreflejos.com.ar\/2021\/mas-alla-de-los-puestos-representaron-al-distrito-de-una-manera-increible-no-estuvimos-lejos-de-nada-y-se-destacaron-en-todos-los-deportes\/#primaryimage\",\"url\":\"\",\"contentUrl\":\"\"},{\"@type\":\"BreadcrumbList\",\"@id\":\"https:\/\/www.noticiasradioreflejos.com.ar\/2021\/mas-alla-de-los-puestos-representaron-al-distrito-de-una-manera-increible-no-estuvimos-lejos-de-nada-y-se-destacaron-en-todos-los-deportes\/#breadcrumb\",\"itemListElement\":[{\"@type\":\"ListItem\",\"position\":1,\"name\":\"Portada\",\"item\":\"https:\/\/www.noticiasradioreflejos.com.ar\/2021\/\"},{\"@type\":\"ListItem\",\"position\":2,\"name\":\"\u00abM\u00e1s all\u00e1 de los puestos, representaron al distrito de una manera incre\u00edble. No estuvimos lejos de nada y se destacaron en todos los deportes.\u00bb\"}]},{\"@type\":\"WebSite\",\"@id\":\"https:\/\/www.noticiasradioreflejos.com.ar\/2021\/#website\",\"url\":\"https:\/\/www.noticiasradioreflejos.com.ar\/2021\/\",\"name\":\"Noticias Radio Reflejos\",\"description\":\"Las noticias de mi comarca\",\"potentialAction\":[{\"@type\":\"SearchAction\",\"target\":{\"@type\":\"EntryPoint\",\"urlTemplate\":\"https:\/\/www.noticiasradioreflejos.com.ar\/2021\/?s={search_term_string}\"},\"query-input\":{\"@type\":\"PropertyValueSpecification\",\"valueRequired\":true,\"valueName\":\"search_term_string\"}}],\"inLanguage\":\"es\"},{\"@type\":\"Person\",\"@id\":\"https:\/\/www.noticiasradioreflejos.com.ar\/2021\/#\/schema\/person\/ad82545263dcc5ec0996818884fd5fb1\",\"name\":\"Arnaldo Botto\",\"image\":{\"@type\":\"ImageObject\",\"inLanguage\":\"es\",\"@id\":\"https:\/\/www.noticiasradioreflejos.com.ar\/2021\/#\/schema\/person\/image\/\",\"url\":\"https:\/\/secure.gravatar.com\/avatar\/55cb5e37c1efa326397366e6974cb338056df65cb50e7d64d1cf314e87504837?s=96&d=mm&r=g\",\"contentUrl\":\"https:\/\/secure.gravatar.com\/avatar\/55cb5e37c1efa326397366e6974cb338056df65cb50e7d64d1cf314e87504837?s=96&d=mm&r=g\",\"caption\":\"Arnaldo Botto\"},\"url\":\"https:\/\/www.noticiasradioreflejos.com.ar\/2021\/author\/arnaldo\/\"}]}<\/script>\n<!-- \/ Yoast SEO plugin. -->","yoast_head_json":{"title":"\"M\u00e1s all\u00e1 de los puestos, representaron al distrito de una manera incre\u00edble. No estuvimos lejos de nada y se destacaron en todos los deportes.\" - Noticias Radio Reflejos","robots":{"index":"index","follow":"follow","max-snippet":"max-snippet:-1","max-image-preview":"max-image-preview:large","max-video-preview":"max-video-preview:-1"},"canonical":"https:\/\/www.noticiasradioreflejos.com.ar\/2021\/mas-alla-de-los-puestos-representaron-al-distrito-de-una-manera-increible-no-estuvimos-lejos-de-nada-y-se-destacaron-en-todos-los-deportes\/","og_locale":"es_ES","og_type":"article","og_title":"\"M\u00e1s all\u00e1 de los puestos, representaron al distrito de una manera incre\u00edble. No estuvimos lejos de nada y se destacaron en todos los deportes.\" - Noticias Radio Reflejos","og_description":"Esta ma\u00f1ana entrevistamos a la licenciada en Educaci\u00f3n F\u00edsica y Directora de Deportes de Tornquist Municipio, para que nos cuente c\u00f3mo fue el paso de todos los deportistas de nuestro distrito por la instancia final de los Torneos Bonaerenses.","og_url":"https:\/\/www.noticiasradioreflejos.com.ar\/2021\/mas-alla-de-los-puestos-representaron-al-distrito-de-una-manera-increible-no-estuvimos-lejos-de-nada-y-se-destacaron-en-todos-los-deportes\/","og_site_name":"Noticias Radio Reflejos","article_published_time":"2021-11-12T20:22:05+00:00","og_image":[{"url":"http:\/\/www.noticiasradioreflejos.com.ar\/2021\/wp-content\/uploads\/2021\/11\/WhatsApp-Image-2021-11-06-at-16.13.09.jpeg","type":"","width":"","height":""}],"author":"Arnaldo Botto","twitter_card":"summary_large_image","schema":{"@context":"https:\/\/schema.org","@graph":[{"@type":"WebPage","@id":"https:\/\/www.noticiasradioreflejos.com.ar\/2021\/mas-alla-de-los-puestos-representaron-al-distrito-de-una-manera-increible-no-estuvimos-lejos-de-nada-y-se-destacaron-en-todos-los-deportes\/","url":"https:\/\/www.noticiasradioreflejos.com.ar\/2021\/mas-alla-de-los-puestos-representaron-al-distrito-de-una-manera-increible-no-estuvimos-lejos-de-nada-y-se-destacaron-en-todos-los-deportes\/","name":"\"M\u00e1s all\u00e1 de los puestos, representaron al distrito de una manera incre\u00edble. No estuvimos lejos de nada y se destacaron en todos los deportes.\" - Noticias Radio Reflejos","isPartOf":{"@id":"https:\/\/www.noticiasradioreflejos.com.ar\/2021\/#website"},"primaryImageOfPage":{"@id":"https:\/\/www.noticiasradioreflejos.com.ar\/2021\/mas-alla-de-los-puestos-representaron-al-distrito-de-una-manera-increible-no-estuvimos-lejos-de-nada-y-se-destacaron-en-todos-los-deportes\/#primaryimage"},"image":{"@id":"https:\/\/www.noticiasradioreflejos.com.ar\/2021\/mas-alla-de-los-puestos-representaron-al-distrito-de-una-manera-increible-no-estuvimos-lejos-de-nada-y-se-destacaron-en-todos-los-deportes\/#primaryimage"},"thumbnailUrl":"http:\/\/www.noticiasradioreflejos.com.ar\/2021\/wp-content\/uploads\/2021\/11\/WhatsApp-Image-2021-11-06-at-16.13.09.jpeg","datePublished":"2021-11-12T20:22:05+00:00","author":{"@id":"https:\/\/www.noticiasradioreflejos.com.ar\/2021\/#\/schema\/person\/ad82545263dcc5ec0996818884fd5fb1"},"breadcrumb":{"@id":"https:\/\/www.noticiasradioreflejos.com.ar\/2021\/mas-alla-de-los-puestos-representaron-al-distrito-de-una-manera-increible-no-estuvimos-lejos-de-nada-y-se-destacaron-en-todos-los-deportes\/#breadcrumb"},"inLanguage":"es","potentialAction":[{"@type":"ReadAction","target":["https:\/\/www.noticiasradioreflejos.com.ar\/2021\/mas-alla-de-los-puestos-representaron-al-distrito-de-una-manera-increible-no-estuvimos-lejos-de-nada-y-se-destacaron-en-todos-los-deportes\/"]}]},{"@type":"ImageObject","inLanguage":"es","@id":"https:\/\/www.noticiasradioreflejos.com.ar\/2021\/mas-alla-de-los-puestos-representaron-al-distrito-de-una-manera-increible-no-estuvimos-lejos-de-nada-y-se-destacaron-en-todos-los-deportes\/#primaryimage","url":"","contentUrl":""},{"@type":"BreadcrumbList","@id":"https:\/\/www.noticiasradioreflejos.com.ar\/2021\/mas-alla-de-los-puestos-representaron-al-distrito-de-una-manera-increible-no-estuvimos-lejos-de-nada-y-se-destacaron-en-todos-los-deportes\/#breadcrumb","itemListElement":[{"@type":"ListItem","position":1,"name":"Portada","item":"https:\/\/www.noticiasradioreflejos.com.ar\/2021\/"},{"@type":"ListItem","position":2,"name":"\u00abM\u00e1s all\u00e1 de los puestos, representaron al distrito de una manera incre\u00edble. No estuvimos lejos de nada y se destacaron en todos los deportes.\u00bb"}]},{"@type":"WebSite","@id":"https:\/\/www.noticiasradioreflejos.com.ar\/2021\/#website","url":"https:\/\/www.noticiasradioreflejos.com.ar\/2021\/","name":"Noticias Radio Reflejos","description":"Las noticias de mi comarca","potentialAction":[{"@type":"SearchAction","target":{"@type":"EntryPoint","urlTemplate":"https:\/\/www.noticiasradioreflejos.com.ar\/2021\/?s={search_term_string}"},"query-input":{"@type":"PropertyValueSpecification","valueRequired":true,"valueName":"search_term_string"}}],"inLanguage":"es"},{"@type":"Person","@id":"https:\/\/www.noticiasradioreflejos.com.ar\/2021\/#\/schema\/person\/ad82545263dcc5ec0996818884fd5fb1","name":"Arnaldo Botto","image":{"@type":"ImageObject","inLanguage":"es","@id":"https:\/\/www.noticiasradioreflejos.com.ar\/2021\/#\/schema\/person\/image\/","url":"https:\/\/secure.gravatar.com\/avatar\/55cb5e37c1efa326397366e6974cb338056df65cb50e7d64d1cf314e87504837?s=96&d=mm&r=g","contentUrl":"https:\/\/secure.gravatar.com\/avatar\/55cb5e37c1efa326397366e6974cb338056df65cb50e7d64d1cf314e87504837?s=96&d=mm&r=g","caption":"Arnaldo Botto"},"url":"https:\/\/www.noticiasradioreflejos.com.ar\/2021\/author\/arnaldo\/"}]}},"_links":{"self":[{"href":"https:\/\/www.noticiasradioreflejos.com.ar\/2021\/wp-json\/wp\/v2\/posts\/64871","targetHints":{"allow":["GET"]}}],"collection":[{"href":"https:\/\/www.noticiasradioreflejos.com.ar\/2021\/wp-json\/wp\/v2\/posts"}],"about":[{"href":"https:\/\/www.noticiasradioreflejos.com.ar\/2021\/wp-json\/wp\/v2\/types\/post"}],"author":[{"embeddable":true,"href":"https:\/\/www.noticiasradioreflejos.com.ar\/2021\/wp-json\/wp\/v2\/users\/3"}],"replies":[{"embeddable":true,"href":"https:\/\/www.noticiasradioreflejos.com.ar\/2021\/wp-json\/wp\/v2\/comments?post=64871"}],"version-history":[{"count":2,"href":"https:\/\/www.noticiasradioreflejos.com.ar\/2021\/wp-json\/wp\/v2\/posts\/64871\/revisions"}],"predecessor-version":[{"id":64875,"href":"https:\/\/www.noticiasradioreflejos.com.ar\/2021\/wp-json\/wp\/v2\/posts\/64871\/revisions\/64875"}],"wp:attachment":[{"href":"https:\/\/www.noticiasradioreflejos.com.ar\/2021\/wp-json\/wp\/v2\/media?parent=64871"}],"wp:term":[{"taxonomy":"category","embeddable":true,"href":"https:\/\/www.noticiasradioreflejos.com.ar\/2021\/wp-json\/wp\/v2\/categories?post=64871"},{"taxonomy":"post_tag","embeddable":true,"href":"https:\/\/www.noticiasradioreflejos.com.ar\/2021\/wp-json\/wp\/v2\/tags?post=64871"}],"curies":[{"name":"wp","href":"https:\/\/api.w.org\/{rel}","templated":true}]}}