{"id":64746,"date":"2021-11-10T23:16:22","date_gmt":"2021-11-10T23:16:22","guid":{"rendered":"http:\/\/www.noticiasradioreflejos.com.ar\/2021\/?p=64746"},"modified":"2021-11-10T23:16:22","modified_gmt":"2021-11-10T23:16:22","slug":"fotomultas-han-llegado-multas-que-los-radares-ni-siquiera-estaban-habilitados-por-el-inti","status":"publish","type":"post","link":"https:\/\/www.noticiasradioreflejos.com.ar\/2021\/fotomultas-han-llegado-multas-que-los-radares-ni-siquiera-estaban-habilitados-por-el-inti\/","title":{"rendered":"Fotomultas: \u00abHan llegado multas que los radares ni siquiera estaban habilitados por el INTI"},"content":{"rendered":"<p>Esta ma\u00f1ana, durante nuestro programa radial Consultamos al Dr. Leandro Picardi\u00a0 y brind\u00f3 su asesoramiento en relaci\u00f3n a las multas e infracciones a los automotores, un tema que genera muchas consultas a los profesionales del derecho.<!--more--><\/p>\n<p>\u00abHe tenido consultas de gente que se va a Catamarca, y les han llegado multas que los radares ni siquiera estaban habilitados por el INTI. Hoy la gente ha optado por el turismo nacional, y ha tenido la posibilidad de viajar y al volver se encuentran con esto\u00bb present\u00f3 Leandro la problem\u00e1tica al comentar algunas de las consultas que recibe relacionadas al tema.<\/p>\n<p>Leandro coment\u00f3 que est\u00e1 recibiendo muchas consultas debido a que la gente esta volviendo a salir a viajar y tomarse vacaciones, y se acercan al profesional para despejarse algunas dudas. Mencion\u00f3 que no s\u00f3lo recibe consultas sobre multas a automotores sino tambi\u00e9n por infracciones al distanciamiento obligatorio.<\/p>\n<p>Para los oyentes, Leandro hizo algunas sugerencias: \u00abPrimero, una vez que realmente uno acredite que pas\u00f3 por el lugar y que el radar estaba habilitado, tienen que fijarse que la multa cumpla con todos los requisitos\u00bb. Agreg\u00f3 que la \u00fanica posibilidad de retenci\u00f3n del carnet de conducir es por manejar alcoholizado o por alguna prohibici\u00f3n de conducci\u00f3n.<\/p>\n<p>Nota completa a continuaci\u00f3n:<br \/>\n<iframe loading=\"lazy\" src=\"https:\/\/w.soundcloud.com\/player\/?url=https%3A\/\/api.soundcloud.com\/tracks\/1157672719&amp;color=%23ff5500&amp;auto_play=false&amp;hide_related=false&amp;show_comments=true&amp;show_user=true&amp;show_reposts=false&amp;show_teaser=true\" width=\"100%\" height=\"166\" frameborder=\"no\" scrolling=\"no\"><\/iframe><\/p>\n<div style=\"font-size: 10px; color: #cccccc; line-break: anywhere; word-break: normal; overflow: hidden; white-space: nowrap; text-overflow: ellipsis; font-family: Interstate,Lucida Grande,Lucida Sans Unicode,Lucida Sans,Garuda,Verdana,Tahoma,sans-serif; font-weight: 100;\"><a style=\"color: #cccccc; text-decoration: none;\" title=\"fmreflejos 103.7\" href=\"https:\/\/soundcloud.com\/fmreflejos-103-7\" target=\"_blank\" rel=\"noopener\">fmreflejos 103.7<\/a> \u00b7 <a style=\"color: #cccccc; text-decoration: none;\" title=\"Dr. Leandro Picardi - FotoMultas\" href=\"https:\/\/soundcloud.com\/fmreflejos-103-7\/dr-leandro-picardi-fotomultas\" target=\"_blank\" rel=\"noopener\">Dr. Leandro Picardi &#8211; FotoMultas<\/a><\/div>\n","protected":false},"excerpt":{"rendered":"<p>Esta ma\u00f1ana, durante nuestro programa radial Consultamos al Dr. Leandro Picardi\u00a0 y brind\u00f3 su asesoramiento en relaci\u00f3n a las multas e infracciones a los automotores, un tema que genera muchas consultas a los profesionales del derecho.<\/p>\n","protected":false},"author":3,"featured_media":64750,"comment_status":"closed","ping_status":"closed","sticky":false,"template":"","format":"standard","meta":{"footnotes":""},"categories":[24,26],"tags":[48],"class_list":["post-64746","post","type-post","status-publish","format-standard","has-post-thumbnail","hentry","category-politica","category-sociedad","tag-destacada"],"yoast_head":"<!-- This site is optimized with the Yoast SEO plugin v25.9 - https:\/\/yoast.com\/wordpress\/plugins\/seo\/ -->\n<title>Fotomultas: &quot;Han llegado multas que los radares ni siquiera estaban habilitados por el INTI - Noticias Radio Reflejos<\/title>\n<meta name=\"robots\" content=\"index, follow, max-snippet:-1, max-image-preview:large, max-video-preview:-1\" \/>\n<link rel=\"canonical\" href=\"https:\/\/www.noticiasradioreflejos.com.ar\/2021\/fotomultas-han-llegado-multas-que-los-radares-ni-siquiera-estaban-habilitados-por-el-inti\/\" \/>\n<meta property=\"og:locale\" content=\"es_ES\" \/>\n<meta property=\"og:type\" content=\"article\" \/>\n<meta property=\"og:title\" content=\"Fotomultas: &quot;Han llegado multas que los radares ni siquiera estaban habilitados por el INTI - Noticias Radio Reflejos\" \/>\n<meta property=\"og:description\" content=\"Esta ma\u00f1ana, durante nuestro programa radial Consultamos al Dr. Leandro Picardi\u00a0 y brind\u00f3 su asesoramiento en relaci\u00f3n a las multas e infracciones a los automotores, un tema que genera muchas consultas a los profesionales del derecho.\" \/>\n<meta property=\"og:url\" content=\"https:\/\/www.noticiasradioreflejos.com.ar\/2021\/fotomultas-han-llegado-multas-que-los-radares-ni-siquiera-estaban-habilitados-por-el-inti\/\" \/>\n<meta property=\"og:site_name\" content=\"Noticias Radio Reflejos\" \/>\n<meta property=\"article:published_time\" content=\"2021-11-10T23:16:22+00:00\" \/>\n<meta property=\"og:image\" content=\"https:\/\/www.noticiasradioreflejos.com.ar\/2021\/wp-content\/uploads\/2021\/11\/Fotomultas-1-1024x614-1.jpg\" \/>\n\t<meta property=\"og:image:width\" content=\"1024\" \/>\n\t<meta property=\"og:image:height\" content=\"614\" \/>\n\t<meta property=\"og:image:type\" content=\"image\/jpeg\" \/>\n<meta name=\"author\" content=\"Arnaldo Botto\" \/>\n<meta name=\"twitter:card\" content=\"summary_large_image\" \/>\n<script type=\"application\/ld+json\" class=\"yoast-schema-graph\">{\"@context\":\"https:\/\/schema.org\",\"@graph\":[{\"@type\":\"WebPage\",\"@id\":\"https:\/\/www.noticiasradioreflejos.com.ar\/2021\/fotomultas-han-llegado-multas-que-los-radares-ni-siquiera-estaban-habilitados-por-el-inti\/\",\"url\":\"https:\/\/www.noticiasradioreflejos.com.ar\/2021\/fotomultas-han-llegado-multas-que-los-radares-ni-siquiera-estaban-habilitados-por-el-inti\/\",\"name\":\"Fotomultas: \\\"Han llegado multas que los radares ni siquiera estaban habilitados por el INTI - Noticias Radio Reflejos\",\"isPartOf\":{\"@id\":\"https:\/\/www.noticiasradioreflejos.com.ar\/2021\/#website\"},\"primaryImageOfPage\":{\"@id\":\"https:\/\/www.noticiasradioreflejos.com.ar\/2021\/fotomultas-han-llegado-multas-que-los-radares-ni-siquiera-estaban-habilitados-por-el-inti\/#primaryimage\"},\"image\":{\"@id\":\"https:\/\/www.noticiasradioreflejos.com.ar\/2021\/fotomultas-han-llegado-multas-que-los-radares-ni-siquiera-estaban-habilitados-por-el-inti\/#primaryimage\"},\"thumbnailUrl\":\"https:\/\/www.noticiasradioreflejos.com.ar\/2021\/wp-content\/uploads\/2021\/11\/Fotomultas-1-1024x614-1.jpg\",\"datePublished\":\"2021-11-10T23:16:22+00:00\",\"author\":{\"@id\":\"https:\/\/www.noticiasradioreflejos.com.ar\/2021\/#\/schema\/person\/ad82545263dcc5ec0996818884fd5fb1\"},\"breadcrumb\":{\"@id\":\"https:\/\/www.noticiasradioreflejos.com.ar\/2021\/fotomultas-han-llegado-multas-que-los-radares-ni-siquiera-estaban-habilitados-por-el-inti\/#breadcrumb\"},\"inLanguage\":\"es\",\"potentialAction\":[{\"@type\":\"ReadAction\",\"target\":[\"https:\/\/www.noticiasradioreflejos.com.ar\/2021\/fotomultas-han-llegado-multas-que-los-radares-ni-siquiera-estaban-habilitados-por-el-inti\/\"]}]},{\"@type\":\"ImageObject\",\"inLanguage\":\"es\",\"@id\":\"https:\/\/www.noticiasradioreflejos.com.ar\/2021\/fotomultas-han-llegado-multas-que-los-radares-ni-siquiera-estaban-habilitados-por-el-inti\/#primaryimage\",\"url\":\"https:\/\/www.noticiasradioreflejos.com.ar\/2021\/wp-content\/uploads\/2021\/11\/Fotomultas-1-1024x614-1.jpg\",\"contentUrl\":\"https:\/\/www.noticiasradioreflejos.com.ar\/2021\/wp-content\/uploads\/2021\/11\/Fotomultas-1-1024x614-1.jpg\",\"width\":1024,\"height\":614},{\"@type\":\"BreadcrumbList\",\"@id\":\"https:\/\/www.noticiasradioreflejos.com.ar\/2021\/fotomultas-han-llegado-multas-que-los-radares-ni-siquiera-estaban-habilitados-por-el-inti\/#breadcrumb\",\"itemListElement\":[{\"@type\":\"ListItem\",\"position\":1,\"name\":\"Portada\",\"item\":\"https:\/\/www.noticiasradioreflejos.com.ar\/2021\/\"},{\"@type\":\"ListItem\",\"position\":2,\"name\":\"Fotomultas: \u00abHan llegado multas que los radares ni siquiera estaban habilitados por el INTI\"}]},{\"@type\":\"WebSite\",\"@id\":\"https:\/\/www.noticiasradioreflejos.com.ar\/2021\/#website\",\"url\":\"https:\/\/www.noticiasradioreflejos.com.ar\/2021\/\",\"name\":\"Noticias Radio Reflejos\",\"description\":\"Las noticias de mi comarca\",\"potentialAction\":[{\"@type\":\"SearchAction\",\"target\":{\"@type\":\"EntryPoint\",\"urlTemplate\":\"https:\/\/www.noticiasradioreflejos.com.ar\/2021\/?s={search_term_string}\"},\"query-input\":{\"@type\":\"PropertyValueSpecification\",\"valueRequired\":true,\"valueName\":\"search_term_string\"}}],\"inLanguage\":\"es\"},{\"@type\":\"Person\",\"@id\":\"https:\/\/www.noticiasradioreflejos.com.ar\/2021\/#\/schema\/person\/ad82545263dcc5ec0996818884fd5fb1\",\"name\":\"Arnaldo Botto\",\"image\":{\"@type\":\"ImageObject\",\"inLanguage\":\"es\",\"@id\":\"https:\/\/www.noticiasradioreflejos.com.ar\/2021\/#\/schema\/person\/image\/\",\"url\":\"https:\/\/secure.gravatar.com\/avatar\/55cb5e37c1efa326397366e6974cb338056df65cb50e7d64d1cf314e87504837?s=96&d=mm&r=g\",\"contentUrl\":\"https:\/\/secure.gravatar.com\/avatar\/55cb5e37c1efa326397366e6974cb338056df65cb50e7d64d1cf314e87504837?s=96&d=mm&r=g\",\"caption\":\"Arnaldo Botto\"},\"url\":\"https:\/\/www.noticiasradioreflejos.com.ar\/2021\/author\/arnaldo\/\"}]}<\/script>\n<!-- \/ Yoast SEO plugin. -->","yoast_head_json":{"title":"Fotomultas: \"Han llegado multas que los radares ni siquiera estaban habilitados por el INTI - Noticias Radio Reflejos","robots":{"index":"index","follow":"follow","max-snippet":"max-snippet:-1","max-image-preview":"max-image-preview:large","max-video-preview":"max-video-preview:-1"},"canonical":"https:\/\/www.noticiasradioreflejos.com.ar\/2021\/fotomultas-han-llegado-multas-que-los-radares-ni-siquiera-estaban-habilitados-por-el-inti\/","og_locale":"es_ES","og_type":"article","og_title":"Fotomultas: \"Han llegado multas que los radares ni siquiera estaban habilitados por el INTI - Noticias Radio Reflejos","og_description":"Esta ma\u00f1ana, durante nuestro programa radial Consultamos al Dr. Leandro Picardi\u00a0 y brind\u00f3 su asesoramiento en relaci\u00f3n a las multas e infracciones a los automotores, un tema que genera muchas consultas a los profesionales del derecho.","og_url":"https:\/\/www.noticiasradioreflejos.com.ar\/2021\/fotomultas-han-llegado-multas-que-los-radares-ni-siquiera-estaban-habilitados-por-el-inti\/","og_site_name":"Noticias Radio Reflejos","article_published_time":"2021-11-10T23:16:22+00:00","og_image":[{"width":1024,"height":614,"url":"https:\/\/www.noticiasradioreflejos.com.ar\/2021\/wp-content\/uploads\/2021\/11\/Fotomultas-1-1024x614-1.jpg","type":"image\/jpeg"}],"author":"Arnaldo Botto","twitter_card":"summary_large_image","schema":{"@context":"https:\/\/schema.org","@graph":[{"@type":"WebPage","@id":"https:\/\/www.noticiasradioreflejos.com.ar\/2021\/fotomultas-han-llegado-multas-que-los-radares-ni-siquiera-estaban-habilitados-por-el-inti\/","url":"https:\/\/www.noticiasradioreflejos.com.ar\/2021\/fotomultas-han-llegado-multas-que-los-radares-ni-siquiera-estaban-habilitados-por-el-inti\/","name":"Fotomultas: \"Han llegado multas que los radares ni siquiera estaban habilitados por el INTI - Noticias Radio Reflejos","isPartOf":{"@id":"https:\/\/www.noticiasradioreflejos.com.ar\/2021\/#website"},"primaryImageOfPage":{"@id":"https:\/\/www.noticiasradioreflejos.com.ar\/2021\/fotomultas-han-llegado-multas-que-los-radares-ni-siquiera-estaban-habilitados-por-el-inti\/#primaryimage"},"image":{"@id":"https:\/\/www.noticiasradioreflejos.com.ar\/2021\/fotomultas-han-llegado-multas-que-los-radares-ni-siquiera-estaban-habilitados-por-el-inti\/#primaryimage"},"thumbnailUrl":"https:\/\/www.noticiasradioreflejos.com.ar\/2021\/wp-content\/uploads\/2021\/11\/Fotomultas-1-1024x614-1.jpg","datePublished":"2021-11-10T23:16:22+00:00","author":{"@id":"https:\/\/www.noticiasradioreflejos.com.ar\/2021\/#\/schema\/person\/ad82545263dcc5ec0996818884fd5fb1"},"breadcrumb":{"@id":"https:\/\/www.noticiasradioreflejos.com.ar\/2021\/fotomultas-han-llegado-multas-que-los-radares-ni-siquiera-estaban-habilitados-por-el-inti\/#breadcrumb"},"inLanguage":"es","potentialAction":[{"@type":"ReadAction","target":["https:\/\/www.noticiasradioreflejos.com.ar\/2021\/fotomultas-han-llegado-multas-que-los-radares-ni-siquiera-estaban-habilitados-por-el-inti\/"]}]},{"@type":"ImageObject","inLanguage":"es","@id":"https:\/\/www.noticiasradioreflejos.com.ar\/2021\/fotomultas-han-llegado-multas-que-los-radares-ni-siquiera-estaban-habilitados-por-el-inti\/#primaryimage","url":"https:\/\/www.noticiasradioreflejos.com.ar\/2021\/wp-content\/uploads\/2021\/11\/Fotomultas-1-1024x614-1.jpg","contentUrl":"https:\/\/www.noticiasradioreflejos.com.ar\/2021\/wp-content\/uploads\/2021\/11\/Fotomultas-1-1024x614-1.jpg","width":1024,"height":614},{"@type":"BreadcrumbList","@id":"https:\/\/www.noticiasradioreflejos.com.ar\/2021\/fotomultas-han-llegado-multas-que-los-radares-ni-siquiera-estaban-habilitados-por-el-inti\/#breadcrumb","itemListElement":[{"@type":"ListItem","position":1,"name":"Portada","item":"https:\/\/www.noticiasradioreflejos.com.ar\/2021\/"},{"@type":"ListItem","position":2,"name":"Fotomultas: \u00abHan llegado multas que los radares ni siquiera estaban habilitados por el INTI"}]},{"@type":"WebSite","@id":"https:\/\/www.noticiasradioreflejos.com.ar\/2021\/#website","url":"https:\/\/www.noticiasradioreflejos.com.ar\/2021\/","name":"Noticias Radio Reflejos","description":"Las noticias de mi comarca","potentialAction":[{"@type":"SearchAction","target":{"@type":"EntryPoint","urlTemplate":"https:\/\/www.noticiasradioreflejos.com.ar\/2021\/?s={search_term_string}"},"query-input":{"@type":"PropertyValueSpecification","valueRequired":true,"valueName":"search_term_string"}}],"inLanguage":"es"},{"@type":"Person","@id":"https:\/\/www.noticiasradioreflejos.com.ar\/2021\/#\/schema\/person\/ad82545263dcc5ec0996818884fd5fb1","name":"Arnaldo Botto","image":{"@type":"ImageObject","inLanguage":"es","@id":"https:\/\/www.noticiasradioreflejos.com.ar\/2021\/#\/schema\/person\/image\/","url":"https:\/\/secure.gravatar.com\/avatar\/55cb5e37c1efa326397366e6974cb338056df65cb50e7d64d1cf314e87504837?s=96&d=mm&r=g","contentUrl":"https:\/\/secure.gravatar.com\/avatar\/55cb5e37c1efa326397366e6974cb338056df65cb50e7d64d1cf314e87504837?s=96&d=mm&r=g","caption":"Arnaldo Botto"},"url":"https:\/\/www.noticiasradioreflejos.com.ar\/2021\/author\/arnaldo\/"}]}},"_links":{"self":[{"href":"https:\/\/www.noticiasradioreflejos.com.ar\/2021\/wp-json\/wp\/v2\/posts\/64746","targetHints":{"allow":["GET"]}}],"collection":[{"href":"https:\/\/www.noticiasradioreflejos.com.ar\/2021\/wp-json\/wp\/v2\/posts"}],"about":[{"href":"https:\/\/www.noticiasradioreflejos.com.ar\/2021\/wp-json\/wp\/v2\/types\/post"}],"author":[{"embeddable":true,"href":"https:\/\/www.noticiasradioreflejos.com.ar\/2021\/wp-json\/wp\/v2\/users\/3"}],"replies":[{"embeddable":true,"href":"https:\/\/www.noticiasradioreflejos.com.ar\/2021\/wp-json\/wp\/v2\/comments?post=64746"}],"version-history":[{"count":2,"href":"https:\/\/www.noticiasradioreflejos.com.ar\/2021\/wp-json\/wp\/v2\/posts\/64746\/revisions"}],"predecessor-version":[{"id":64751,"href":"https:\/\/www.noticiasradioreflejos.com.ar\/2021\/wp-json\/wp\/v2\/posts\/64746\/revisions\/64751"}],"wp:featuredmedia":[{"embeddable":true,"href":"https:\/\/www.noticiasradioreflejos.com.ar\/2021\/wp-json\/wp\/v2\/media\/64750"}],"wp:attachment":[{"href":"https:\/\/www.noticiasradioreflejos.com.ar\/2021\/wp-json\/wp\/v2\/media?parent=64746"}],"wp:term":[{"taxonomy":"category","embeddable":true,"href":"https:\/\/www.noticiasradioreflejos.com.ar\/2021\/wp-json\/wp\/v2\/categories?post=64746"},{"taxonomy":"post_tag","embeddable":true,"href":"https:\/\/www.noticiasradioreflejos.com.ar\/2021\/wp-json\/wp\/v2\/tags?post=64746"}],"curies":[{"name":"wp","href":"https:\/\/api.w.org\/{rel}","templated":true}]}}