{"id":64728,"date":"2021-11-10T17:55:15","date_gmt":"2021-11-10T17:55:15","guid":{"rendered":"http:\/\/www.noticiasradioreflejos.com.ar\/2021\/?p=64728"},"modified":"2021-11-11T02:19:13","modified_gmt":"2021-11-11T02:19:13","slug":"saldungaray-emotivo-recibimiento-a-rocio-gomez-ibarra-y-toda-la-delegacion-que-participo-de-los-juegos-en-mar-del-plata","status":"publish","type":"post","link":"https:\/\/www.noticiasradioreflejos.com.ar\/2021\/saldungaray-emotivo-recibimiento-a-rocio-gomez-ibarra-y-toda-la-delegacion-que-participo-de-los-juegos-en-mar-del-plata\/","title":{"rendered":"Saldungaray: Emotivo recibimiento a Roc\u00edo G\u00f3mez Ibarra y a toda la Delegaci\u00f3n que particip\u00f3 de los Juegos en Mar del Plata."},"content":{"rendered":"<p>La comunidad, vecinos y familia de los deportistas, los esper\u00f3 con un recibimiento cuasi sorpresa y ovacion\u00f3 sus logros en los juegos, en el momento de su llegada a la Comarca.\u00a0 <!--more--><\/p>\n<p><a title=\"Roc\u00edo Gomez Ibarra (3)\" href=\"https:\/\/www.flickr.com\/photos\/182279889@N02\/51669322702\/in\/dateposted-public\/\" data-flickr-embed=\"true\"><img loading=\"lazy\" decoding=\"async\" src=\"https:\/\/live.staticflickr.com\/65535\/51669322702_2ec65fd9c1_z.jpg\" alt=\"Roc\u00edo Gomez Ibarra (3)\" width=\"640\" height=\"507\" \/><\/a><script async src=\"\/\/embedr.flickr.com\/assets\/client-code.js\" charset=\"utf-8\"><\/script><\/p>\n<p>La delegaci\u00f3n de deportistas, t\u00e9cnicos y profesores que particip\u00f3 de la edici\u00f3n 30\u00b0 de los Juegos Bonaerenses dej\u00f3 la ciudad de Mar del Plata alrededor de las 15 hs.<\/p>\n<p>Cerca de la hora 21, atraves\u00f3 el puente \u00b4de la ruta 72 sobre el R\u00edo Sauce Grande y, ya dentro de Saldungaray, una nutrida cantidad de vecinos, familiares y autoridades locales juntos a los Bomberos, los recibieron con sirenas, gritos\u00a0 y aplausos.<br \/>\n<a title=\"Roc\u00edo Gomez Ibarra (6)\" href=\"https:\/\/www.flickr.com\/photos\/182279889@N02\/51669305417\/in\/dateposted-public\/\" data-flickr-embed=\"true\"><img loading=\"lazy\" decoding=\"async\" src=\"https:\/\/live.staticflickr.com\/65535\/51669305417_a9d7ed7e14_z.jpg\" alt=\"Roc\u00edo Gomez Ibarra (6)\" width=\"572\" height=\"501\" \/><\/a><script async src=\"\/\/embedr.flickr.com\/assets\/client-code.js\" charset=\"utf-8\"><\/script><\/p>\n<p>El gran logro para los lugare\u00f1os era, sin dudas, la medalla dorada que Roc\u00edo G\u00f3mez Ibarra obtuvo muy temprano,\u00a0 el s\u00e1bado pasado en gimnasia art\u00edstica, abriendo la serie que finalmente cosech\u00f3 5 preseas en las diferentes disciplinas donde compitieron.<\/p>\n<p>Los aplausos y ovaci\u00f3n estaban principalmente dirigidos a toda la delegaci\u00f3n. L\u00e1grimas, emoci\u00f3n y algarab\u00eda se desprenden de las im\u00e1genes, que minutos m\u00e1s tarde circulaban por las redes.<\/p>\n<p><iframe loading=\"lazy\" style=\"border: none; overflow: hidden;\" src=\"https:\/\/www.facebook.com\/plugins\/video.php?height=476&amp;href=https%3A%2F%2Fwww.facebook.com%2Fhugo.ibarra.1690671%2Fvideos%2F4542994822421276%2F&amp;show_text=false&amp;width=267&amp;t=0\" width=\"267\" height=\"476\" frameborder=\"0\" scrolling=\"no\" allowfullscreen=\"allowfullscreen\"><\/iframe><\/p>\n<p>Son momento inolvidables que Saldungaray le prepara y entrega a cuantos son parte de su terru\u00f1o.<\/p>\n<p>Indescriptibles momentos que ya fueron vividos en a\u00f1os anteriores con logros similares y que no pod\u00edan faltar en esta noche memorable para el deporte de todo el Distrito.<\/p>\n<p><a title=\"Roc\u00edo Gomez Ibarra (4)\" href=\"https:\/\/www.flickr.com\/photos\/182279889@N02\/51670790744\/in\/dateposted-public\/\" data-flickr-embed=\"true\"><img loading=\"lazy\" decoding=\"async\" src=\"https:\/\/live.staticflickr.com\/65535\/51670790744_184416c9ac_z.jpg\" alt=\"Roc\u00edo Gomez Ibarra (4)\" width=\"480\" height=\"640\" \/><\/a><script async src=\"\/\/embedr.flickr.com\/assets\/client-code.js\" charset=\"utf-8\"><\/script><\/p>\n<p><a title=\"Roc\u00edo Gomez Ibarra (2)\" href=\"https:\/\/www.flickr.com\/photos\/182279889@N02\/51669305447\/in\/dateposted-public\/\" data-flickr-embed=\"true\"><img loading=\"lazy\" decoding=\"async\" src=\"https:\/\/live.staticflickr.com\/65535\/51669305447_dcef2219a8.jpg\" alt=\"Roc\u00edo Gomez Ibarra (2)\" width=\"500\" height=\"406\" \/><\/a><script async src=\"\/\/embedr.flickr.com\/assets\/client-code.js\" charset=\"utf-8\"><\/script><\/p>\n<p><a title=\"Roc\u00edo Gomez Ibarra (7)\" href=\"https:\/\/www.flickr.com\/photos\/182279889@N02\/51670346463\/in\/dateposted-public\/\" data-flickr-embed=\"true\"><img loading=\"lazy\" decoding=\"async\" src=\"https:\/\/live.staticflickr.com\/65535\/51670346463_d781481d55.jpg\" alt=\"Roc\u00edo Gomez Ibarra (7)\" width=\"500\" height=\"460\" \/><\/a><script async src=\"\/\/embedr.flickr.com\/assets\/client-code.js\" charset=\"utf-8\"><\/script><\/p>\n<p><span style=\"color: #000000;\">Mas fotos <\/span><span style=\"color: #ff00ff;\"><strong><a href=\"https:\/\/www.facebook.com\/photo\/?fbid=1054327425320568&amp;set=pcb.1054329151987062\">Aqu\u00ed<\/a><\/strong><\/span><\/p>\n<p><span style=\"color: #0000ff;\"><em><strong>Fotos y videos de Hugo Torito Ibarra<\/strong><\/em><\/span><\/p>\n","protected":false},"excerpt":{"rendered":"<p>La comunidad, vecinos y familia de los deportistas, los esper\u00f3 con un recibimiento cuasi sorpresa y ovacion\u00f3 sus logros en los juegos, en el momento de su llegada a la Comarca.\u00a0<\/p>\n","protected":false},"author":3,"featured_media":0,"comment_status":"closed","ping_status":"closed","sticky":false,"template":"","format":"standard","meta":{"footnotes":""},"categories":[26],"tags":[48],"class_list":["post-64728","post","type-post","status-publish","format-standard","hentry","category-sociedad","tag-destacada"],"yoast_head":"<!-- This site is optimized with the Yoast SEO plugin v25.9 - https:\/\/yoast.com\/wordpress\/plugins\/seo\/ -->\n<title>Saldungaray: Emotivo recibimiento a Roc\u00edo G\u00f3mez Ibarra y a toda la Delegaci\u00f3n que particip\u00f3 de los Juegos en Mar del Plata. - Noticias Radio Reflejos<\/title>\n<meta name=\"robots\" content=\"index, follow, max-snippet:-1, max-image-preview:large, max-video-preview:-1\" \/>\n<link rel=\"canonical\" href=\"https:\/\/www.noticiasradioreflejos.com.ar\/2021\/saldungaray-emotivo-recibimiento-a-rocio-gomez-ibarra-y-toda-la-delegacion-que-participo-de-los-juegos-en-mar-del-plata\/\" \/>\n<meta property=\"og:locale\" content=\"es_ES\" \/>\n<meta property=\"og:type\" content=\"article\" \/>\n<meta property=\"og:title\" content=\"Saldungaray: Emotivo recibimiento a Roc\u00edo G\u00f3mez Ibarra y a toda la Delegaci\u00f3n que particip\u00f3 de los Juegos en Mar del Plata. - Noticias Radio Reflejos\" \/>\n<meta property=\"og:description\" content=\"La comunidad, vecinos y familia de los deportistas, los esper\u00f3 con un recibimiento cuasi sorpresa y ovacion\u00f3 sus logros en los juegos, en el momento de su llegada a la Comarca.\u00a0\" \/>\n<meta property=\"og:url\" content=\"https:\/\/www.noticiasradioreflejos.com.ar\/2021\/saldungaray-emotivo-recibimiento-a-rocio-gomez-ibarra-y-toda-la-delegacion-que-participo-de-los-juegos-en-mar-del-plata\/\" \/>\n<meta property=\"og:site_name\" content=\"Noticias Radio Reflejos\" \/>\n<meta property=\"article:published_time\" content=\"2021-11-10T17:55:15+00:00\" \/>\n<meta property=\"article:modified_time\" content=\"2021-11-11T02:19:13+00:00\" \/>\n<meta property=\"og:image\" content=\"https:\/\/live.staticflickr.com\/65535\/51669322702_2ec65fd9c1_z.jpg\" \/>\n<meta name=\"author\" content=\"Arnaldo Botto\" \/>\n<meta name=\"twitter:card\" content=\"summary_large_image\" \/>\n<script type=\"application\/ld+json\" class=\"yoast-schema-graph\">{\"@context\":\"https:\/\/schema.org\",\"@graph\":[{\"@type\":\"WebPage\",\"@id\":\"https:\/\/www.noticiasradioreflejos.com.ar\/2021\/saldungaray-emotivo-recibimiento-a-rocio-gomez-ibarra-y-toda-la-delegacion-que-participo-de-los-juegos-en-mar-del-plata\/\",\"url\":\"https:\/\/www.noticiasradioreflejos.com.ar\/2021\/saldungaray-emotivo-recibimiento-a-rocio-gomez-ibarra-y-toda-la-delegacion-que-participo-de-los-juegos-en-mar-del-plata\/\",\"name\":\"Saldungaray: Emotivo recibimiento a Roc\u00edo G\u00f3mez Ibarra y a toda la Delegaci\u00f3n que particip\u00f3 de los Juegos en Mar del Plata. - Noticias Radio Reflejos\",\"isPartOf\":{\"@id\":\"https:\/\/www.noticiasradioreflejos.com.ar\/2021\/#website\"},\"primaryImageOfPage\":{\"@id\":\"https:\/\/www.noticiasradioreflejos.com.ar\/2021\/saldungaray-emotivo-recibimiento-a-rocio-gomez-ibarra-y-toda-la-delegacion-que-participo-de-los-juegos-en-mar-del-plata\/#primaryimage\"},\"image\":{\"@id\":\"https:\/\/www.noticiasradioreflejos.com.ar\/2021\/saldungaray-emotivo-recibimiento-a-rocio-gomez-ibarra-y-toda-la-delegacion-que-participo-de-los-juegos-en-mar-del-plata\/#primaryimage\"},\"thumbnailUrl\":\"https:\/\/live.staticflickr.com\/65535\/51669322702_2ec65fd9c1_z.jpg\",\"datePublished\":\"2021-11-10T17:55:15+00:00\",\"dateModified\":\"2021-11-11T02:19:13+00:00\",\"author\":{\"@id\":\"https:\/\/www.noticiasradioreflejos.com.ar\/2021\/#\/schema\/person\/ad82545263dcc5ec0996818884fd5fb1\"},\"breadcrumb\":{\"@id\":\"https:\/\/www.noticiasradioreflejos.com.ar\/2021\/saldungaray-emotivo-recibimiento-a-rocio-gomez-ibarra-y-toda-la-delegacion-que-participo-de-los-juegos-en-mar-del-plata\/#breadcrumb\"},\"inLanguage\":\"es\",\"potentialAction\":[{\"@type\":\"ReadAction\",\"target\":[\"https:\/\/www.noticiasradioreflejos.com.ar\/2021\/saldungaray-emotivo-recibimiento-a-rocio-gomez-ibarra-y-toda-la-delegacion-que-participo-de-los-juegos-en-mar-del-plata\/\"]}]},{\"@type\":\"ImageObject\",\"inLanguage\":\"es\",\"@id\":\"https:\/\/www.noticiasradioreflejos.com.ar\/2021\/saldungaray-emotivo-recibimiento-a-rocio-gomez-ibarra-y-toda-la-delegacion-que-participo-de-los-juegos-en-mar-del-plata\/#primaryimage\",\"url\":\"https:\/\/live.staticflickr.com\/65535\/51669322702_2ec65fd9c1_z.jpg\",\"contentUrl\":\"https:\/\/live.staticflickr.com\/65535\/51669322702_2ec65fd9c1_z.jpg\"},{\"@type\":\"BreadcrumbList\",\"@id\":\"https:\/\/www.noticiasradioreflejos.com.ar\/2021\/saldungaray-emotivo-recibimiento-a-rocio-gomez-ibarra-y-toda-la-delegacion-que-participo-de-los-juegos-en-mar-del-plata\/#breadcrumb\",\"itemListElement\":[{\"@type\":\"ListItem\",\"position\":1,\"name\":\"Portada\",\"item\":\"https:\/\/www.noticiasradioreflejos.com.ar\/2021\/\"},{\"@type\":\"ListItem\",\"position\":2,\"name\":\"Saldungaray: Emotivo recibimiento a Roc\u00edo G\u00f3mez Ibarra y a toda la Delegaci\u00f3n que particip\u00f3 de los Juegos en Mar del Plata.\"}]},{\"@type\":\"WebSite\",\"@id\":\"https:\/\/www.noticiasradioreflejos.com.ar\/2021\/#website\",\"url\":\"https:\/\/www.noticiasradioreflejos.com.ar\/2021\/\",\"name\":\"Noticias Radio Reflejos\",\"description\":\"Las noticias de mi comarca\",\"potentialAction\":[{\"@type\":\"SearchAction\",\"target\":{\"@type\":\"EntryPoint\",\"urlTemplate\":\"https:\/\/www.noticiasradioreflejos.com.ar\/2021\/?s={search_term_string}\"},\"query-input\":{\"@type\":\"PropertyValueSpecification\",\"valueRequired\":true,\"valueName\":\"search_term_string\"}}],\"inLanguage\":\"es\"},{\"@type\":\"Person\",\"@id\":\"https:\/\/www.noticiasradioreflejos.com.ar\/2021\/#\/schema\/person\/ad82545263dcc5ec0996818884fd5fb1\",\"name\":\"Arnaldo Botto\",\"image\":{\"@type\":\"ImageObject\",\"inLanguage\":\"es\",\"@id\":\"https:\/\/www.noticiasradioreflejos.com.ar\/2021\/#\/schema\/person\/image\/\",\"url\":\"https:\/\/secure.gravatar.com\/avatar\/55cb5e37c1efa326397366e6974cb338056df65cb50e7d64d1cf314e87504837?s=96&d=mm&r=g\",\"contentUrl\":\"https:\/\/secure.gravatar.com\/avatar\/55cb5e37c1efa326397366e6974cb338056df65cb50e7d64d1cf314e87504837?s=96&d=mm&r=g\",\"caption\":\"Arnaldo Botto\"},\"url\":\"https:\/\/www.noticiasradioreflejos.com.ar\/2021\/author\/arnaldo\/\"}]}<\/script>\n<!-- \/ Yoast SEO plugin. -->","yoast_head_json":{"title":"Saldungaray: Emotivo recibimiento a Roc\u00edo G\u00f3mez Ibarra y a toda la Delegaci\u00f3n que particip\u00f3 de los Juegos en Mar del Plata. - Noticias Radio Reflejos","robots":{"index":"index","follow":"follow","max-snippet":"max-snippet:-1","max-image-preview":"max-image-preview:large","max-video-preview":"max-video-preview:-1"},"canonical":"https:\/\/www.noticiasradioreflejos.com.ar\/2021\/saldungaray-emotivo-recibimiento-a-rocio-gomez-ibarra-y-toda-la-delegacion-que-participo-de-los-juegos-en-mar-del-plata\/","og_locale":"es_ES","og_type":"article","og_title":"Saldungaray: Emotivo recibimiento a Roc\u00edo G\u00f3mez Ibarra y a toda la Delegaci\u00f3n que particip\u00f3 de los Juegos en Mar del Plata. - Noticias Radio Reflejos","og_description":"La comunidad, vecinos y familia de los deportistas, los esper\u00f3 con un recibimiento cuasi sorpresa y ovacion\u00f3 sus logros en los juegos, en el momento de su llegada a la Comarca.\u00a0","og_url":"https:\/\/www.noticiasradioreflejos.com.ar\/2021\/saldungaray-emotivo-recibimiento-a-rocio-gomez-ibarra-y-toda-la-delegacion-que-participo-de-los-juegos-en-mar-del-plata\/","og_site_name":"Noticias Radio Reflejos","article_published_time":"2021-11-10T17:55:15+00:00","article_modified_time":"2021-11-11T02:19:13+00:00","og_image":[{"url":"https:\/\/live.staticflickr.com\/65535\/51669322702_2ec65fd9c1_z.jpg","type":"","width":"","height":""}],"author":"Arnaldo Botto","twitter_card":"summary_large_image","schema":{"@context":"https:\/\/schema.org","@graph":[{"@type":"WebPage","@id":"https:\/\/www.noticiasradioreflejos.com.ar\/2021\/saldungaray-emotivo-recibimiento-a-rocio-gomez-ibarra-y-toda-la-delegacion-que-participo-de-los-juegos-en-mar-del-plata\/","url":"https:\/\/www.noticiasradioreflejos.com.ar\/2021\/saldungaray-emotivo-recibimiento-a-rocio-gomez-ibarra-y-toda-la-delegacion-que-participo-de-los-juegos-en-mar-del-plata\/","name":"Saldungaray: Emotivo recibimiento a Roc\u00edo G\u00f3mez Ibarra y a toda la Delegaci\u00f3n que particip\u00f3 de los Juegos en Mar del Plata. - Noticias Radio Reflejos","isPartOf":{"@id":"https:\/\/www.noticiasradioreflejos.com.ar\/2021\/#website"},"primaryImageOfPage":{"@id":"https:\/\/www.noticiasradioreflejos.com.ar\/2021\/saldungaray-emotivo-recibimiento-a-rocio-gomez-ibarra-y-toda-la-delegacion-que-participo-de-los-juegos-en-mar-del-plata\/#primaryimage"},"image":{"@id":"https:\/\/www.noticiasradioreflejos.com.ar\/2021\/saldungaray-emotivo-recibimiento-a-rocio-gomez-ibarra-y-toda-la-delegacion-que-participo-de-los-juegos-en-mar-del-plata\/#primaryimage"},"thumbnailUrl":"https:\/\/live.staticflickr.com\/65535\/51669322702_2ec65fd9c1_z.jpg","datePublished":"2021-11-10T17:55:15+00:00","dateModified":"2021-11-11T02:19:13+00:00","author":{"@id":"https:\/\/www.noticiasradioreflejos.com.ar\/2021\/#\/schema\/person\/ad82545263dcc5ec0996818884fd5fb1"},"breadcrumb":{"@id":"https:\/\/www.noticiasradioreflejos.com.ar\/2021\/saldungaray-emotivo-recibimiento-a-rocio-gomez-ibarra-y-toda-la-delegacion-que-participo-de-los-juegos-en-mar-del-plata\/#breadcrumb"},"inLanguage":"es","potentialAction":[{"@type":"ReadAction","target":["https:\/\/www.noticiasradioreflejos.com.ar\/2021\/saldungaray-emotivo-recibimiento-a-rocio-gomez-ibarra-y-toda-la-delegacion-que-participo-de-los-juegos-en-mar-del-plata\/"]}]},{"@type":"ImageObject","inLanguage":"es","@id":"https:\/\/www.noticiasradioreflejos.com.ar\/2021\/saldungaray-emotivo-recibimiento-a-rocio-gomez-ibarra-y-toda-la-delegacion-que-participo-de-los-juegos-en-mar-del-plata\/#primaryimage","url":"https:\/\/live.staticflickr.com\/65535\/51669322702_2ec65fd9c1_z.jpg","contentUrl":"https:\/\/live.staticflickr.com\/65535\/51669322702_2ec65fd9c1_z.jpg"},{"@type":"BreadcrumbList","@id":"https:\/\/www.noticiasradioreflejos.com.ar\/2021\/saldungaray-emotivo-recibimiento-a-rocio-gomez-ibarra-y-toda-la-delegacion-que-participo-de-los-juegos-en-mar-del-plata\/#breadcrumb","itemListElement":[{"@type":"ListItem","position":1,"name":"Portada","item":"https:\/\/www.noticiasradioreflejos.com.ar\/2021\/"},{"@type":"ListItem","position":2,"name":"Saldungaray: Emotivo recibimiento a Roc\u00edo G\u00f3mez Ibarra y a toda la Delegaci\u00f3n que particip\u00f3 de los Juegos en Mar del Plata."}]},{"@type":"WebSite","@id":"https:\/\/www.noticiasradioreflejos.com.ar\/2021\/#website","url":"https:\/\/www.noticiasradioreflejos.com.ar\/2021\/","name":"Noticias Radio Reflejos","description":"Las noticias de mi comarca","potentialAction":[{"@type":"SearchAction","target":{"@type":"EntryPoint","urlTemplate":"https:\/\/www.noticiasradioreflejos.com.ar\/2021\/?s={search_term_string}"},"query-input":{"@type":"PropertyValueSpecification","valueRequired":true,"valueName":"search_term_string"}}],"inLanguage":"es"},{"@type":"Person","@id":"https:\/\/www.noticiasradioreflejos.com.ar\/2021\/#\/schema\/person\/ad82545263dcc5ec0996818884fd5fb1","name":"Arnaldo Botto","image":{"@type":"ImageObject","inLanguage":"es","@id":"https:\/\/www.noticiasradioreflejos.com.ar\/2021\/#\/schema\/person\/image\/","url":"https:\/\/secure.gravatar.com\/avatar\/55cb5e37c1efa326397366e6974cb338056df65cb50e7d64d1cf314e87504837?s=96&d=mm&r=g","contentUrl":"https:\/\/secure.gravatar.com\/avatar\/55cb5e37c1efa326397366e6974cb338056df65cb50e7d64d1cf314e87504837?s=96&d=mm&r=g","caption":"Arnaldo Botto"},"url":"https:\/\/www.noticiasradioreflejos.com.ar\/2021\/author\/arnaldo\/"}]}},"_links":{"self":[{"href":"https:\/\/www.noticiasradioreflejos.com.ar\/2021\/wp-json\/wp\/v2\/posts\/64728","targetHints":{"allow":["GET"]}}],"collection":[{"href":"https:\/\/www.noticiasradioreflejos.com.ar\/2021\/wp-json\/wp\/v2\/posts"}],"about":[{"href":"https:\/\/www.noticiasradioreflejos.com.ar\/2021\/wp-json\/wp\/v2\/types\/post"}],"author":[{"embeddable":true,"href":"https:\/\/www.noticiasradioreflejos.com.ar\/2021\/wp-json\/wp\/v2\/users\/3"}],"replies":[{"embeddable":true,"href":"https:\/\/www.noticiasradioreflejos.com.ar\/2021\/wp-json\/wp\/v2\/comments?post=64728"}],"version-history":[{"count":6,"href":"https:\/\/www.noticiasradioreflejos.com.ar\/2021\/wp-json\/wp\/v2\/posts\/64728\/revisions"}],"predecessor-version":[{"id":64752,"href":"https:\/\/www.noticiasradioreflejos.com.ar\/2021\/wp-json\/wp\/v2\/posts\/64728\/revisions\/64752"}],"wp:attachment":[{"href":"https:\/\/www.noticiasradioreflejos.com.ar\/2021\/wp-json\/wp\/v2\/media?parent=64728"}],"wp:term":[{"taxonomy":"category","embeddable":true,"href":"https:\/\/www.noticiasradioreflejos.com.ar\/2021\/wp-json\/wp\/v2\/categories?post=64728"},{"taxonomy":"post_tag","embeddable":true,"href":"https:\/\/www.noticiasradioreflejos.com.ar\/2021\/wp-json\/wp\/v2\/tags?post=64728"}],"curies":[{"name":"wp","href":"https:\/\/api.w.org\/{rel}","templated":true}]}}