{"id":64724,"date":"2021-11-10T15:50:21","date_gmt":"2021-11-10T15:50:21","guid":{"rendered":"http:\/\/www.noticiasradioreflejos.com.ar\/2021\/?p=64724"},"modified":"2021-11-10T15:50:21","modified_gmt":"2021-11-10T15:50:21","slug":"piden-la-indagatoria-de-mauricio-macri-por-el-destino-de-los-fondos-del-fmi","status":"publish","type":"post","link":"https:\/\/www.noticiasradioreflejos.com.ar\/2021\/piden-la-indagatoria-de-mauricio-macri-por-el-destino-de-los-fondos-del-fmi\/","title":{"rendered":"Piden la indagatoria de Mauricio Macri por el destino de los fondos del FMI"},"content":{"rendered":"<div class=\"section-2-col article-header\">\n<div class=\"col 2-col\">\n<p>La Procuraci\u00f3n del Tesoro present\u00f3 ante la Justicia el pedido para que el expresidente sea citado a declarar, luego de que reconociera que el pr\u00e9stamo se us\u00f3 \u00abpara pagarles a los bancos comerciales que se quer\u00edan ir del pa\u00eds\u00bb. Es en el marco de la causa abierta por presunta defraudaci\u00f3n al Estado.<\/p>\n<\/div>\n<\/div>\n<p><!--more--><\/p>\n<div class=\"section-2-col article-main-image\">\n<div class=\"col 2-col\">\n<div class=\"article-main-media-image__container\">\n<div class=\"image-wrapper\">\n<figure>\n<figure class=\"object-fit-block--contain intrinsic-container intrinsic-container-3x2\"><img decoding=\"async\" class=\" lazyloaded\" src=\"https:\/\/images.pagina12.com.ar\/styles\/focal_3_2_960x640\/public\/2021-11\/281092-t-c3-a9lam-0.jpeg?itok=vuDmF4u8\" alt=\" (Fuente: T\u00e9lam)\" data-src=\"https:\/\/images.pagina12.com.ar\/styles\/focal_3_2_960x640\/public\/2021-11\/281092-t-c3-a9lam-0.jpeg?itok=vuDmF4u8\" \/><\/figure><figcaption>. Imagen: T\u00e9lam<\/figcaption><\/figure>\n<\/div>\n<\/div>\n<\/div>\n<\/div>\n<div class=\"section-2-col article-main-content\">\n<div class=\"col 1-col\"><\/div>\n<div class=\"col 2-col\">\n<div class=\"article-main-content article-text \">\n<p>La Procuraci\u00f3n del Tesoro present\u00f3 ante la Justicia un\u00a0<b>pedido de indagatoria al expresidente Mauricio Macri<\/b>, en la causa abierta por\u00a0<b>presunta defraudaci\u00f3n al Estado mediante la toma de deuda con el Fondo Monetario Internacional (FMI)<\/b>\u00a0durante el gobierno de Juntos por el Cambio\/Cambiemos.<\/p>\n<p>El planteo fue hecho luego de las declaraciones p\u00fablicas del ex mandatario, en las que\u00a0<a href=\"https:\/\/www.pagina12.com.ar\/380357-deuda-con-el-fmi-mauricio-macri-volvio-a-pisar-el-palito\">admiti\u00f3 haber entregado a bancos privados el pr\u00e9stamo<\/a>\u00a0que contrajo su gesti\u00f3n y que es el mayor que el organismo haya entregado en toda su historia.<\/p>\n<div id=\"talkFireEvent\"><\/div>\n<h2>Qu\u00e9 dice la presentaci\u00f3n de la Procuraci\u00f3n del Tesoro<\/h2>\n<p>\u201cLos dichos del ingeniero Macri en la entrevista period\u00edstica\u00a0<b>vienen a avalar aquella premisa referida a la salida masiva de divisas<\/b>, acreditada suficientemente con las constancias arrimadas a la causa\u201d, indica el escrito presentado ante la jueza Mar\u00eda Eugenia Capuchetti.<\/p>\n<p>Es decir que, \u201csus propias manifestaciones denotan que\u00a0<b>el pr\u00e9stamo del FMI fue utilizado, precisamente, para un destino distinto del que fue previsto<\/b>\u00a0por el organismo internacional\u00bb, a\u00f1adi\u00f3 el escrito.<\/p>\n<p>Por esta declaraci\u00f3n y otras pruebas recogidas, la Procuraci\u00f3n sostuvo que \u201cse encuentran reunidos elementos de juicio que justifican que oportunamente se cite a prestar\u00a0<b>declaraci\u00f3n indagatoria a los imputados<\/b>, en especial respecto del presunto il\u00edcito de\u00a0<b>malversaci\u00f3n de caudales p\u00fablicos<\/b>\u00ab.<\/p>\n<p>El escrito de diez p\u00e1ginas fue presentado por el\u00a0<b>procurador del Tesoro, Carlos Zannini<\/b>, en la causa que a principios de 2021 fue abierta contra el ex mandatario por una maniobra defraudatoria en perjuicio del Estado mediante el acuerdo con el FMI.<\/p>\n<p>&nbsp;<\/p>\n<h2>Violaci\u00f3n de los deberes de funcionario y defraudaci\u00f3n<\/h2>\n<p>Junto con el subprocurador Horacio P\u00e9rez Diez,\u00a0<b>Zannini entreg\u00f3 a la Justicia un pendrive con la entrevista que el ex presidente Macri concedi\u00f3\u00a0<\/b>a un canal de noticias en la que reconoci\u00f3 que el mega pr\u00e9stamo fue utilizado \u00abpara pagar a los bancos comerciales que venc\u00edan y que se quer\u00edan ir\u00bb.<\/p>\n<p>Adem\u00e1s de la supuesta malversaci\u00f3n, el escrito advierte que tambi\u00e9n pudieron haberse cometido\u00a0<b>\u00ablos presuntos l\u00edcitos de violaci\u00f3n de deberes de funcionario p\u00fablico y defraudaci\u00f3n a la Administraci\u00f3n P\u00fablica Nacional\u00bb<\/b>.<\/p>\n<p>La causa penal fue iniciada luego de que el presidente\u00a0<b>Alberto Fern\u00e1ndez<\/b>\u00a0expresara la necesidad de investigar qu\u00e9 pas\u00f3 con el dinero que el FMI le otorg\u00f3 al Estado argentino y que no se tradujo en obras ni inversiones productivas para el pa\u00eds.<\/p>\n<p>&nbsp;<\/p>\n<p>Seg\u00fan Zannini,\u00a0<b>Macri \u00abcontradictoriamente pretende negar, aunque lo admite luego de manera expresa\u00bb<\/b>\u00a0el destino del dinero remitido por el FMI: \u00abLa generaci\u00f3n de activos externos de libre disponibilidad (fuga de divisas)\u00bb.<\/p>\n<\/div>\n<\/div>\n<\/div>\n","protected":false},"excerpt":{"rendered":"<p>La Procuraci\u00f3n del Tesoro present\u00f3 ante la Justicia el pedido para que el expresidente sea citado a declarar, luego de que reconociera que el pr\u00e9stamo se us\u00f3 \u00abpara pagarles a los bancos comerciales que se quer\u00edan ir del pa\u00eds\u00bb. Es en el marco de la causa abierta por presunta defraudaci\u00f3n al Estado.<\/p>\n","protected":false},"author":3,"featured_media":0,"comment_status":"closed","ping_status":"closed","sticky":false,"template":"","format":"standard","meta":{"footnotes":""},"categories":[24],"tags":[],"class_list":["post-64724","post","type-post","status-publish","format-standard","hentry","category-politica"],"yoast_head":"<!-- This site is optimized with the Yoast SEO plugin v25.9 - https:\/\/yoast.com\/wordpress\/plugins\/seo\/ -->\n<title>Piden la indagatoria de Mauricio Macri por el destino de los fondos del FMI - Noticias Radio Reflejos<\/title>\n<meta name=\"robots\" content=\"index, follow, max-snippet:-1, max-image-preview:large, max-video-preview:-1\" \/>\n<link rel=\"canonical\" href=\"https:\/\/www.noticiasradioreflejos.com.ar\/2021\/piden-la-indagatoria-de-mauricio-macri-por-el-destino-de-los-fondos-del-fmi\/\" \/>\n<meta property=\"og:locale\" content=\"es_ES\" \/>\n<meta property=\"og:type\" content=\"article\" \/>\n<meta property=\"og:title\" content=\"Piden la indagatoria de Mauricio Macri por el destino de los fondos del FMI - Noticias Radio Reflejos\" \/>\n<meta property=\"og:description\" content=\"La Procuraci\u00f3n del Tesoro present\u00f3 ante la Justicia el pedido para que el expresidente sea citado a declarar, luego de que reconociera que el pr\u00e9stamo se us\u00f3 \u00abpara pagarles a los bancos comerciales que se quer\u00edan ir del pa\u00eds\u00bb. Es en el marco de la causa abierta por presunta defraudaci\u00f3n al Estado.\" \/>\n<meta property=\"og:url\" content=\"https:\/\/www.noticiasradioreflejos.com.ar\/2021\/piden-la-indagatoria-de-mauricio-macri-por-el-destino-de-los-fondos-del-fmi\/\" \/>\n<meta property=\"og:site_name\" content=\"Noticias Radio Reflejos\" \/>\n<meta property=\"article:published_time\" content=\"2021-11-10T15:50:21+00:00\" \/>\n<meta property=\"og:image\" content=\"https:\/\/images.pagina12.com.ar\/styles\/focal_3_2_960x640\/public\/2021-11\/281092-t-c3-a9lam-0.jpeg?itok=vuDmF4u8\" \/>\n<meta name=\"author\" content=\"Arnaldo Botto\" \/>\n<meta name=\"twitter:card\" content=\"summary_large_image\" \/>\n<script type=\"application\/ld+json\" class=\"yoast-schema-graph\">{\"@context\":\"https:\/\/schema.org\",\"@graph\":[{\"@type\":\"WebPage\",\"@id\":\"https:\/\/www.noticiasradioreflejos.com.ar\/2021\/piden-la-indagatoria-de-mauricio-macri-por-el-destino-de-los-fondos-del-fmi\/\",\"url\":\"https:\/\/www.noticiasradioreflejos.com.ar\/2021\/piden-la-indagatoria-de-mauricio-macri-por-el-destino-de-los-fondos-del-fmi\/\",\"name\":\"Piden la indagatoria de Mauricio Macri por el destino de los fondos del FMI - Noticias Radio Reflejos\",\"isPartOf\":{\"@id\":\"https:\/\/www.noticiasradioreflejos.com.ar\/2021\/#website\"},\"primaryImageOfPage\":{\"@id\":\"https:\/\/www.noticiasradioreflejos.com.ar\/2021\/piden-la-indagatoria-de-mauricio-macri-por-el-destino-de-los-fondos-del-fmi\/#primaryimage\"},\"image\":{\"@id\":\"https:\/\/www.noticiasradioreflejos.com.ar\/2021\/piden-la-indagatoria-de-mauricio-macri-por-el-destino-de-los-fondos-del-fmi\/#primaryimage\"},\"thumbnailUrl\":\"https:\/\/images.pagina12.com.ar\/styles\/focal_3_2_960x640\/public\/2021-11\/281092-t-c3-a9lam-0.jpeg?itok=vuDmF4u8\",\"datePublished\":\"2021-11-10T15:50:21+00:00\",\"author\":{\"@id\":\"https:\/\/www.noticiasradioreflejos.com.ar\/2021\/#\/schema\/person\/ad82545263dcc5ec0996818884fd5fb1\"},\"breadcrumb\":{\"@id\":\"https:\/\/www.noticiasradioreflejos.com.ar\/2021\/piden-la-indagatoria-de-mauricio-macri-por-el-destino-de-los-fondos-del-fmi\/#breadcrumb\"},\"inLanguage\":\"es\",\"potentialAction\":[{\"@type\":\"ReadAction\",\"target\":[\"https:\/\/www.noticiasradioreflejos.com.ar\/2021\/piden-la-indagatoria-de-mauricio-macri-por-el-destino-de-los-fondos-del-fmi\/\"]}]},{\"@type\":\"ImageObject\",\"inLanguage\":\"es\",\"@id\":\"https:\/\/www.noticiasradioreflejos.com.ar\/2021\/piden-la-indagatoria-de-mauricio-macri-por-el-destino-de-los-fondos-del-fmi\/#primaryimage\",\"url\":\"https:\/\/images.pagina12.com.ar\/styles\/focal_3_2_960x640\/public\/2021-11\/281092-t-c3-a9lam-0.jpeg?itok=vuDmF4u8\",\"contentUrl\":\"https:\/\/images.pagina12.com.ar\/styles\/focal_3_2_960x640\/public\/2021-11\/281092-t-c3-a9lam-0.jpeg?itok=vuDmF4u8\"},{\"@type\":\"BreadcrumbList\",\"@id\":\"https:\/\/www.noticiasradioreflejos.com.ar\/2021\/piden-la-indagatoria-de-mauricio-macri-por-el-destino-de-los-fondos-del-fmi\/#breadcrumb\",\"itemListElement\":[{\"@type\":\"ListItem\",\"position\":1,\"name\":\"Portada\",\"item\":\"https:\/\/www.noticiasradioreflejos.com.ar\/2021\/\"},{\"@type\":\"ListItem\",\"position\":2,\"name\":\"Piden la indagatoria de Mauricio Macri por el destino de los fondos del FMI\"}]},{\"@type\":\"WebSite\",\"@id\":\"https:\/\/www.noticiasradioreflejos.com.ar\/2021\/#website\",\"url\":\"https:\/\/www.noticiasradioreflejos.com.ar\/2021\/\",\"name\":\"Noticias Radio Reflejos\",\"description\":\"Las noticias de mi comarca\",\"potentialAction\":[{\"@type\":\"SearchAction\",\"target\":{\"@type\":\"EntryPoint\",\"urlTemplate\":\"https:\/\/www.noticiasradioreflejos.com.ar\/2021\/?s={search_term_string}\"},\"query-input\":{\"@type\":\"PropertyValueSpecification\",\"valueRequired\":true,\"valueName\":\"search_term_string\"}}],\"inLanguage\":\"es\"},{\"@type\":\"Person\",\"@id\":\"https:\/\/www.noticiasradioreflejos.com.ar\/2021\/#\/schema\/person\/ad82545263dcc5ec0996818884fd5fb1\",\"name\":\"Arnaldo Botto\",\"image\":{\"@type\":\"ImageObject\",\"inLanguage\":\"es\",\"@id\":\"https:\/\/www.noticiasradioreflejos.com.ar\/2021\/#\/schema\/person\/image\/\",\"url\":\"https:\/\/secure.gravatar.com\/avatar\/55cb5e37c1efa326397366e6974cb338056df65cb50e7d64d1cf314e87504837?s=96&d=mm&r=g\",\"contentUrl\":\"https:\/\/secure.gravatar.com\/avatar\/55cb5e37c1efa326397366e6974cb338056df65cb50e7d64d1cf314e87504837?s=96&d=mm&r=g\",\"caption\":\"Arnaldo Botto\"},\"url\":\"https:\/\/www.noticiasradioreflejos.com.ar\/2021\/author\/arnaldo\/\"}]}<\/script>\n<!-- \/ Yoast SEO plugin. -->","yoast_head_json":{"title":"Piden la indagatoria de Mauricio Macri por el destino de los fondos del FMI - Noticias Radio Reflejos","robots":{"index":"index","follow":"follow","max-snippet":"max-snippet:-1","max-image-preview":"max-image-preview:large","max-video-preview":"max-video-preview:-1"},"canonical":"https:\/\/www.noticiasradioreflejos.com.ar\/2021\/piden-la-indagatoria-de-mauricio-macri-por-el-destino-de-los-fondos-del-fmi\/","og_locale":"es_ES","og_type":"article","og_title":"Piden la indagatoria de Mauricio Macri por el destino de los fondos del FMI - Noticias Radio Reflejos","og_description":"La Procuraci\u00f3n del Tesoro present\u00f3 ante la Justicia el pedido para que el expresidente sea citado a declarar, luego de que reconociera que el pr\u00e9stamo se us\u00f3 \u00abpara pagarles a los bancos comerciales que se quer\u00edan ir del pa\u00eds\u00bb. Es en el marco de la causa abierta por presunta defraudaci\u00f3n al Estado.","og_url":"https:\/\/www.noticiasradioreflejos.com.ar\/2021\/piden-la-indagatoria-de-mauricio-macri-por-el-destino-de-los-fondos-del-fmi\/","og_site_name":"Noticias Radio Reflejos","article_published_time":"2021-11-10T15:50:21+00:00","og_image":[{"url":"https:\/\/images.pagina12.com.ar\/styles\/focal_3_2_960x640\/public\/2021-11\/281092-t-c3-a9lam-0.jpeg?itok=vuDmF4u8","type":"","width":"","height":""}],"author":"Arnaldo Botto","twitter_card":"summary_large_image","schema":{"@context":"https:\/\/schema.org","@graph":[{"@type":"WebPage","@id":"https:\/\/www.noticiasradioreflejos.com.ar\/2021\/piden-la-indagatoria-de-mauricio-macri-por-el-destino-de-los-fondos-del-fmi\/","url":"https:\/\/www.noticiasradioreflejos.com.ar\/2021\/piden-la-indagatoria-de-mauricio-macri-por-el-destino-de-los-fondos-del-fmi\/","name":"Piden la indagatoria de Mauricio Macri por el destino de los fondos del FMI - Noticias Radio Reflejos","isPartOf":{"@id":"https:\/\/www.noticiasradioreflejos.com.ar\/2021\/#website"},"primaryImageOfPage":{"@id":"https:\/\/www.noticiasradioreflejos.com.ar\/2021\/piden-la-indagatoria-de-mauricio-macri-por-el-destino-de-los-fondos-del-fmi\/#primaryimage"},"image":{"@id":"https:\/\/www.noticiasradioreflejos.com.ar\/2021\/piden-la-indagatoria-de-mauricio-macri-por-el-destino-de-los-fondos-del-fmi\/#primaryimage"},"thumbnailUrl":"https:\/\/images.pagina12.com.ar\/styles\/focal_3_2_960x640\/public\/2021-11\/281092-t-c3-a9lam-0.jpeg?itok=vuDmF4u8","datePublished":"2021-11-10T15:50:21+00:00","author":{"@id":"https:\/\/www.noticiasradioreflejos.com.ar\/2021\/#\/schema\/person\/ad82545263dcc5ec0996818884fd5fb1"},"breadcrumb":{"@id":"https:\/\/www.noticiasradioreflejos.com.ar\/2021\/piden-la-indagatoria-de-mauricio-macri-por-el-destino-de-los-fondos-del-fmi\/#breadcrumb"},"inLanguage":"es","potentialAction":[{"@type":"ReadAction","target":["https:\/\/www.noticiasradioreflejos.com.ar\/2021\/piden-la-indagatoria-de-mauricio-macri-por-el-destino-de-los-fondos-del-fmi\/"]}]},{"@type":"ImageObject","inLanguage":"es","@id":"https:\/\/www.noticiasradioreflejos.com.ar\/2021\/piden-la-indagatoria-de-mauricio-macri-por-el-destino-de-los-fondos-del-fmi\/#primaryimage","url":"https:\/\/images.pagina12.com.ar\/styles\/focal_3_2_960x640\/public\/2021-11\/281092-t-c3-a9lam-0.jpeg?itok=vuDmF4u8","contentUrl":"https:\/\/images.pagina12.com.ar\/styles\/focal_3_2_960x640\/public\/2021-11\/281092-t-c3-a9lam-0.jpeg?itok=vuDmF4u8"},{"@type":"BreadcrumbList","@id":"https:\/\/www.noticiasradioreflejos.com.ar\/2021\/piden-la-indagatoria-de-mauricio-macri-por-el-destino-de-los-fondos-del-fmi\/#breadcrumb","itemListElement":[{"@type":"ListItem","position":1,"name":"Portada","item":"https:\/\/www.noticiasradioreflejos.com.ar\/2021\/"},{"@type":"ListItem","position":2,"name":"Piden la indagatoria de Mauricio Macri por el destino de los fondos del FMI"}]},{"@type":"WebSite","@id":"https:\/\/www.noticiasradioreflejos.com.ar\/2021\/#website","url":"https:\/\/www.noticiasradioreflejos.com.ar\/2021\/","name":"Noticias Radio Reflejos","description":"Las noticias de mi comarca","potentialAction":[{"@type":"SearchAction","target":{"@type":"EntryPoint","urlTemplate":"https:\/\/www.noticiasradioreflejos.com.ar\/2021\/?s={search_term_string}"},"query-input":{"@type":"PropertyValueSpecification","valueRequired":true,"valueName":"search_term_string"}}],"inLanguage":"es"},{"@type":"Person","@id":"https:\/\/www.noticiasradioreflejos.com.ar\/2021\/#\/schema\/person\/ad82545263dcc5ec0996818884fd5fb1","name":"Arnaldo Botto","image":{"@type":"ImageObject","inLanguage":"es","@id":"https:\/\/www.noticiasradioreflejos.com.ar\/2021\/#\/schema\/person\/image\/","url":"https:\/\/secure.gravatar.com\/avatar\/55cb5e37c1efa326397366e6974cb338056df65cb50e7d64d1cf314e87504837?s=96&d=mm&r=g","contentUrl":"https:\/\/secure.gravatar.com\/avatar\/55cb5e37c1efa326397366e6974cb338056df65cb50e7d64d1cf314e87504837?s=96&d=mm&r=g","caption":"Arnaldo Botto"},"url":"https:\/\/www.noticiasradioreflejos.com.ar\/2021\/author\/arnaldo\/"}]}},"_links":{"self":[{"href":"https:\/\/www.noticiasradioreflejos.com.ar\/2021\/wp-json\/wp\/v2\/posts\/64724","targetHints":{"allow":["GET"]}}],"collection":[{"href":"https:\/\/www.noticiasradioreflejos.com.ar\/2021\/wp-json\/wp\/v2\/posts"}],"about":[{"href":"https:\/\/www.noticiasradioreflejos.com.ar\/2021\/wp-json\/wp\/v2\/types\/post"}],"author":[{"embeddable":true,"href":"https:\/\/www.noticiasradioreflejos.com.ar\/2021\/wp-json\/wp\/v2\/users\/3"}],"replies":[{"embeddable":true,"href":"https:\/\/www.noticiasradioreflejos.com.ar\/2021\/wp-json\/wp\/v2\/comments?post=64724"}],"version-history":[{"count":1,"href":"https:\/\/www.noticiasradioreflejos.com.ar\/2021\/wp-json\/wp\/v2\/posts\/64724\/revisions"}],"predecessor-version":[{"id":64725,"href":"https:\/\/www.noticiasradioreflejos.com.ar\/2021\/wp-json\/wp\/v2\/posts\/64724\/revisions\/64725"}],"wp:attachment":[{"href":"https:\/\/www.noticiasradioreflejos.com.ar\/2021\/wp-json\/wp\/v2\/media?parent=64724"}],"wp:term":[{"taxonomy":"category","embeddable":true,"href":"https:\/\/www.noticiasradioreflejos.com.ar\/2021\/wp-json\/wp\/v2\/categories?post=64724"},{"taxonomy":"post_tag","embeddable":true,"href":"https:\/\/www.noticiasradioreflejos.com.ar\/2021\/wp-json\/wp\/v2\/tags?post=64724"}],"curies":[{"name":"wp","href":"https:\/\/api.w.org\/{rel}","templated":true}]}}