{"id":64717,"date":"2021-11-10T15:34:29","date_gmt":"2021-11-10T15:34:29","guid":{"rendered":"http:\/\/www.noticiasradioreflejos.com.ar\/2021\/?p=64717"},"modified":"2021-11-10T15:36:39","modified_gmt":"2021-11-10T15:36:39","slug":"calendario-de-eventos-turisticos-del-11-al-18-de-noviembre-del-2021","status":"publish","type":"post","link":"https:\/\/www.noticiasradioreflejos.com.ar\/2021\/calendario-de-eventos-turisticos-del-11-al-18-de-noviembre-del-2021\/","title":{"rendered":"Calendario de eventos tur\u00edsticos del 11 al 18 de noviembre del 2021"},"content":{"rendered":"<p style=\"font-weight: 400;\">Los municipios de la provincia de Buenos Aires tendr\u00e1n para esta semana imperdibles propuestas culturales y visitas guiadas. La capital bonaerense realizar\u00e1 un recorrido por sus edificios m\u00e1s emblem\u00e1ticos, Luj\u00e1n por la historia de la ciudad y los hermanos Ameghino, y Villa Gesell por su ic\u00f3nico museo. Por otro lado, en Olavarr\u00eda se llevar\u00e1 a cabo el encuentro federal de danzas y en Hurlingham, la segunda edici\u00f3n del festival de cine.<!--more--><\/p>\n<p style=\"font-weight: 400;\"><strong>EVENTO CULTURAL<\/strong><\/p>\n<p style=\"font-weight: 400;\"><strong>\u00a0<\/strong><\/p>\n<p style=\"font-weight: 400;\"><strong>OLAVARR\u00cdA<\/strong><\/p>\n<p style=\"font-weight: 400;\"><strong>8\u00ba Encuentro Federal de Danzas \u201cTierra del Granito Rojo\u201d<\/strong><\/p>\n<p style=\"font-weight: 400;\"><em><u>Fecha, hora y plataforma:<\/u><\/em>\u00a0Viernes 12, a las 21:00, en el Teatro Municipal ubicado en Rivadavia n\u00ba 2800.<\/p>\n<p style=\"font-weight: 400;\"><em><u>Descripci\u00f3n:<\/u><\/em>\u00a0La sala local del Teatro Municipal se vestir\u00e1 de danza y color para recibir a los elencos de los centros culturales El Sombrerito de Benito Ju\u00e1rez, El Mal\u00f3n de Laprida, Esencia Nativa de Tapalqu\u00e9, y Blanca y Hugo de Coronel Su\u00e1rez. Tambi\u00e9n se presentar\u00e1n A\u00f1oranzas Criollas, La Huellera, El Fulgor, Bombos Legueros, taller Adultos de Hinojo, Agrupaci\u00f3n Tusunayay, Origen Criollo y Ra\u00edces Criollas. El cierre estar\u00e1 a cargo del Ballet Folkl\u00f3rico Municipal. Entrada arancelada, valor: 300 pesos. Boleter\u00eda del Teatro de martes a viernes, de 08:00 a 12:00. Organiza el grupo Herencia Serrana con el apoyo de la Municipalidad de Olavarr\u00eda.<\/p>\n<p style=\"font-weight: 400;\"><em><u>M\u00e1s informaci\u00f3n:<\/u><\/em>\u00a0Direcci\u00f3n de Turismo de Olavarr\u00eda &#8211;<a href=\"http:\/\/www.facebook.com\/OlavarriaTurismoPaginaOficial\" data-saferedirecturl=\"https:\/\/www.google.com\/url?q=http:\/\/www.facebook.com\/OlavarriaTurismoPaginaOficial&amp;source=gmail&amp;ust=1636641913557000&amp;usg=AFQjCNF7_lY6LGp5spM6YBCLMGw4Cnuxhg\">www.facebook.com\/OlavarriaTurismoPaginaOficial<\/a>\u00a0&#8211;\u00a0<a href=\"http:\/\/www.olavarria.tur.ar\/\" data-saferedirecturl=\"https:\/\/www.google.com\/url?q=http:\/\/www.olavarria.tur.ar&amp;source=gmail&amp;ust=1636641913557000&amp;usg=AFQjCNEwqfjQews52lyd9bt6N-KP6eYcRg\">www.olavarria.tur.ar<\/a>\u00a0&#8211;\u00a0<a href=\"mailto:turismo@olavarria.gov.ar\">turismo@olavarria.gov.ar<\/a><\/p>\n<p style=\"font-weight: 400;\"><strong>\u00a0<\/strong><\/p>\n<p style=\"font-weight: 400;\"><strong>HURLINGHAM<\/strong><\/p>\n<p style=\"font-weight: 400;\"><strong>2\u00ba FestiHur<\/strong><\/p>\n<p style=\"font-weight: 400;\"><em><u>Fecha, hora y plataforma:<\/u><\/em>\u00a0Del jueves 18 al domingo 21, en el Centro Cultural Leopoldo Marechal ubicado en avenida Gobernador Vergara n\u00ba 2396.Programaci\u00f3n en:\u00a0<a href=\"http:\/\/www.festihur.com.ar\/\" data-saferedirecturl=\"https:\/\/www.google.com\/url?q=http:\/\/www.festihur.com.ar&amp;source=gmail&amp;ust=1636641913557000&amp;usg=AFQjCNENXK2PBH_EDO6YczdUroarsb9_VQ\">www.festihur.com.ar<\/a><\/p>\n<p style=\"font-weight: 400;\"><em><u>Descripci\u00f3n:<\/u><\/em>\u00a0El festival de cine de Hurlingham tiene como objetivo fomentar la cultura y la producci\u00f3n cinematogr\u00e1fica tanto en la ciudad como en el resto del pa\u00eds. Contar\u00e1\u00a0con seis competencias oficiales: Largometrajes de ficci\u00f3n, documental, cortometrajes de ficci\u00f3n, documental y animaci\u00f3n.\u00a0Entrada libre y gratuita. Organiza la Municipalidad de Hurlingham con el apoyo del INCAA.<\/p>\n<p style=\"font-weight: 400;\"><em><u>M\u00e1s informaci\u00f3n:<\/u><\/em>\u00a0<a href=\"http:\/\/www.facebook.com\/festihur\" data-saferedirecturl=\"https:\/\/www.google.com\/url?q=http:\/\/www.facebook.com\/festihur&amp;source=gmail&amp;ust=1636641913557000&amp;usg=AFQjCNFLg0YJCcw0T-OpEBRASmpbg3yUOw\">www.facebook.com\/festihur<\/a>\u00a0&#8211;\u00a0<a href=\"http:\/\/www.instagram.com\/festihur\" data-saferedirecturl=\"https:\/\/www.google.com\/url?q=http:\/\/www.instagram.com\/festihur&amp;source=gmail&amp;ust=1636641913557000&amp;usg=AFQjCNGaw0QpL9ENwl2T2sysBHWZh6gU0w\">www.instagram.com\/festihur<\/a><\/p>\n<p style=\"font-weight: 400;\"><strong>\u00a0<\/strong><\/p>\n<p style=\"font-weight: 400;\"><strong>\u00a0<\/strong><\/p>\n<p style=\"font-weight: 400;\"><strong>GENERAL PUEYRRED\u00d3N (Mar del Plata)<\/strong><\/p>\n<p style=\"font-weight: 400;\"><strong>36\u00ba Festival Internacional de Cine<\/strong><\/p>\n<p style=\"font-weight: 400;\"><em><u>Fecha, hora y plataforma:<\/u><\/em>\u00a0Del jueves 18 al domingo 28, en distintas salas de la ciudad. Programaci\u00f3n en:\u00a0<a href=\"https:\/\/www.mardelplatafilmfest.com\/\" data-saferedirecturl=\"https:\/\/www.google.com\/url?q=https:\/\/www.mardelplatafilmfest.com&amp;source=gmail&amp;ust=1636641913557000&amp;usg=AFQjCNGJOL439lbZxlFIt_scAfvqehnL1g\">https:\/\/www.mardelplatafilmfest.com<\/a><\/p>\n<p style=\"font-weight: 400;\"><em><u>Descripci\u00f3n:<\/u><\/em>\u00a0Durante el festival se proyectar\u00e1n 127 pel\u00edculas provenientes de distintos pa\u00edses. Los filmes se organizar\u00e1n en diferentes categor\u00edas: Competencia (Internacional, Latinoamericana de Largometrajes y Cortometrajes, Argentina de Largometrajes y Cortometrajes, Estados Alterados y Work in Progress), Panorama, Homenajes, Retrospectivas y Restauraciones. La entrada ser\u00e1 arancelada: General 90 pesos; estudiantes y jubilados, 60. Se podr\u00e1n adquirir online o en boleter\u00edas. Organiza el Instituto Nacional de Cine y Artes Visuales (INCAA) con el apoyo de la Municipalidad de General Pueyrred\u00f3n.<\/p>\n<p style=\"font-weight: 400;\"><em><u>M\u00e1s informaci\u00f3n:<\/u><\/em>\u00a0EMTUR &#8211;\u00a0<a href=\"http:\/\/www.turismomardelplata.gob.ar\/\" data-saferedirecturl=\"https:\/\/www.google.com\/url?q=http:\/\/www.turismomardelplata.gob.ar&amp;source=gmail&amp;ust=1636641913557000&amp;usg=AFQjCNE3e9HseCQKLwsq9sdx-03Nv2AkvA\">www.turismomardelplata.gob.ar<\/a>\u00a0&#8211;\u00a0<a href=\"mailto:guiadeactividades@turismomardelplata.gov.ar\">guiadeactividades@turismomardelplata.gov.ar<\/a><\/p>\n<p style=\"font-weight: 400;\"><strong>\u00a0<\/strong><\/p>\n<p style=\"font-weight: 400;\"><strong>\u00a0<\/strong><\/p>\n<p style=\"font-weight: 400;\"><strong>VISITAS GUIADAS<\/strong><\/p>\n<p style=\"font-weight: 400;\"><strong>VILLA GESELL<\/strong><\/p>\n<p style=\"font-weight: 400;\"><strong>Conoc\u00e9 el Museo Hist\u00f3rico<\/strong><\/p>\n<p style=\"font-weight: 400;\"><em><u>Fecha, hora y plataforma:<\/u><\/em>\u00a0Del jueves 11 al s\u00e1bado 13, a las 11:00, en Pinar del Norte ubicado en calle 303 y Alameda 202.<\/p>\n<p style=\"font-weight: 400;\"><em><u>Descripci\u00f3n:<\/u><\/em>\u00a0El municipio invita a conocer la historia de este destino y disfrutar de su maravilloso bosque durante este mes, de martes a s\u00e1bado. Entrada arancelada: General 80 pesos, jubilados, geselinos y menores de 12 a\u00f1os no abonan. Organiza el Museo Hist\u00f3rico de Villa Gesell.<\/p>\n<p style=\"font-weight: 400;\"><em><u>M\u00e1s informaci\u00f3n:<\/u><\/em>\u00a0<a href=\"http:\/\/www.facebook.com\/museohistorico.villagesell\" data-saferedirecturl=\"https:\/\/www.google.com\/url?q=http:\/\/www.facebook.com\/museohistorico.villagesell&amp;source=gmail&amp;ust=1636641913557000&amp;usg=AFQjCNEV6lefndYabZ82THDFfPRfoPTi6g\">www.facebook.com\/museohistorico.villagesell<\/a><\/p>\n<p style=\"font-weight: 400;\"><strong>LA PLATA<\/strong><\/p>\n<p style=\"font-weight: 400;\"><strong>Walking tour Baxar \u2013 Eje hist\u00f3rico<\/strong><\/p>\n<p style=\"font-weight: 400;\"><em><u>Fecha, hora y plataforma:<\/u><\/em>\u00a0S\u00e1bado 13, a las 11:00, saldr\u00e1 desde avenida 51 entre 5 y 6.<\/p>\n<p style=\"font-weight: 400;\"><em><u>Descripci\u00f3n:<\/u><\/em>\u00a0El recorrido comenzar\u00e1 con una rese\u00f1a hist\u00f3rica del ex Bazar X. Luego en plaza San Mart\u00edn, se iniciar\u00e1 una guiada que pasar\u00e1 por los edificios emblem\u00e1ticos de la ciudad hasta llegar a plaza Moreno. Actividad gratuita, previa inscripci\u00f3n en: \u00a0<a href=\"https:\/\/linktr.ee\/baxarmercado\" data-saferedirecturl=\"https:\/\/www.google.com\/url?q=https:\/\/linktr.ee\/baxarmercado&amp;source=gmail&amp;ust=1636641913557000&amp;usg=AFQjCNHT5QL9hhRb5nBGCAR-ybk_ah5t9w\">https:\/\/linktr.ee\/baxarmercado<\/a>. Por otras guiadas consultar en\u00a0<a href=\"https:\/\/turismo.laplata.gob.ar\/\" data-saferedirecturl=\"https:\/\/www.google.com\/url?q=https:\/\/turismo.laplata.gob.ar&amp;source=gmail&amp;ust=1636641913557000&amp;usg=AFQjCNG36UGMufx50kCTUtV98XTBsFqOpw\">https:\/\/turismo.laplata.gob.ar<\/a>.\u00a0Organiza el Baxar Mercado con la colaboraci\u00f3n del Ente Municipal de Turismo de La Plata.<\/p>\n<p style=\"font-weight: 400;\"><em><u>M\u00e1s informaci\u00f3n:<\/u><\/em>\u00a0EMATUR &#8211;\u00a0<a href=\"mailto:turismo@laplata.gob.ar\">turismo@laplata.gob.ar<\/a>\u00a0\u2013 (0221) 4895602 &#8211;\u00a0<a href=\"http:\/\/www.instagram.com\/baxarmercado\" data-saferedirecturl=\"https:\/\/www.google.com\/url?q=http:\/\/www.instagram.com\/baxarmercado&amp;source=gmail&amp;ust=1636641913557000&amp;usg=AFQjCNE7Y32OadFXeg-SjeLKNyg9AiiEew\">www.instagram.com\/baxarmercado<\/a><\/p>\n<p style=\"font-weight: 400;\"><strong>\u00a0<\/strong><\/p>\n<p style=\"font-weight: 400;\"><strong>LUJ\u00c1N<\/strong><\/p>\n<p style=\"font-weight: 400;\"><strong>Caminando por la historia de Luj\u00e1n<\/strong><\/p>\n<p style=\"font-weight: 400;\"><em><u>Fecha, hora y plataforma:<\/u><\/em>\u00a0S\u00e1bado 13, a las 10:00,\u00a0partiendo desde el Museo Casa de Ameghino ubicado en Las Heras n\u00ba 466.<\/p>\n<p style=\"font-weight: 400;\"><em><u>Descripci\u00f3n:<\/u><\/em>\u00a0Bajo el t\u00edtulo \u201cDescubriendo a los Ameghino\u201d, se llevar\u00e1 a\u00a0cabo una nueva edici\u00f3n de la primera caminata del ciclo de visitas guiadas patrimoniales. En esta ocasi\u00f3n, se vincular\u00e1n diferentes hitos de la ciudad vinculados a los hermanos cient\u00edficos Ameghino. La actividad ser\u00e1 gratuita y tendr\u00e1 una duraci\u00f3n aproximada de 2:30 horas. Se recomienda llevar calzado c\u00f3modo, gorro y agua. Organiza la Secretar\u00eda de Turismo y Cultura de Luj\u00e1n.<\/p>\n<p style=\"font-weight: 400;\"><em><u>M\u00e1s informaci\u00f3n:<\/u><\/em>\u00a0Secretar\u00eda de Turismo y Cultura &#8211;\u00a0<a href=\"http:\/\/www.instagram.com\/culturasyturismolujan\" data-saferedirecturl=\"https:\/\/www.google.com\/url?q=http:\/\/www.instagram.com\/culturasyturismolujan&amp;source=gmail&amp;ust=1636641913557000&amp;usg=AFQjCNFH8i8qnpLuM9lU6KB__4qyB24cvQ\">www.instagram.com\/culturasyturismolujan<\/a>\u00a0&#8211;\u00a0<a href=\"http:\/\/www.facebook.com\/culturasyturismolujan\" data-saferedirecturl=\"https:\/\/www.google.com\/url?q=http:\/\/www.facebook.com\/culturasyturismolujan&amp;source=gmail&amp;ust=1636641913557000&amp;usg=AFQjCNFHLEuVa56gO-KZC_NXxflgc16tQQ\">www.facebook.com\/culturasyturismolujan<\/a>\u00a0&#8211;\u00a0<a href=\"mailto:turismo@lujan.gov.ar\">turismo@lujan.gov.ar<\/a>\u00a0&#8211; (02323) 427082<\/p>\n<p style=\"font-weight: 400;\"><strong>\u00a0<\/strong><\/p>\n<p style=\"font-weight: 400;\"><strong>\u00a0<\/strong><\/p>\n<p style=\"font-weight: 400;\"><strong>FERIAS Y EXPOSICIONES<\/strong><\/p>\n<p style=\"font-weight: 400;\"><strong>\u00a0<\/strong><\/p>\n<p style=\"font-weight: 400;\"><strong>GENERAL PUEYRRED\u00d3N (Mar del Plata)<\/strong><\/p>\n<p style=\"font-weight: 400;\"><strong>16\u00ba Feria del libro &#8211; Mar del Plata puerto de lectura<\/strong><\/p>\n<p style=\"font-weight: 400;\"><em><u>Fecha, hora y lugar<\/u><\/em>: Del jueves 18 al domingo 28, de 14:00 a 20:00 en el Centro Cultural Estaci\u00f3n Terminal Sur, ubicado en la ex terminal de \u00f3mnibus de la ciudad (Sarmiento n\u00ba 2601).<\/p>\n<p style=\"font-weight: 400;\"><em><u>Descripci\u00f3n:<\/u><\/em>\u00a0Durante las jornadas se desarrollar\u00e1n encuentros entre autores y lectores, en esta edici\u00f3n participar\u00e1n escritores locales. Entrada libre y gratuita. Organizan la Municipalidad de General Pueyrred\u00f3n, la Universidad Nacional de Mar del Plata, la C\u00e1mara de Libreros del Sudoeste de la provincia de Buenos Aires y el Instituto Movilizador de Fondos Cooperativos.<\/p>\n<p style=\"font-weight: 400;\"><em><u>M\u00e1s informaci\u00f3n:<\/u><\/em>\u00a0EMTUR &#8211;\u00a0<a href=\"http:\/\/www.turismomardelplata.gob.ar\/\" data-saferedirecturl=\"https:\/\/www.google.com\/url?q=http:\/\/www.turismomardelplata.gob.ar&amp;source=gmail&amp;ust=1636641913558000&amp;usg=AFQjCNH4wy3oMvUnaBq9SysCLPggZJswjQ\">www.turismomardelplata.gob.ar<\/a>\u00a0&#8211;\u00a0<a href=\"mailto:guiadeactividades@turismomardelplata.gov.ar\">guiadeactividades@turismomardelplata.gov.ar<\/a>\u00a0&#8211; Centro Cultural Estaci\u00f3n Terminal Sur:\u00a0<a href=\"mailto:relacionesinstitucionales@paseoaldreycyc.com.ar\">relacionesinstitucionales@paseoaldreycyc.com.ar<\/a>\u00a0&#8211;\u00a0\u00a0(0223) 4518679.<\/p>\n<p style=\"font-weight: 400;\"><strong>\u00a0<\/strong><\/p>\n<p style=\"font-weight: 400;\">Todas las actividades presenciales se desarrollan bajo los protocolos y el sistema de fases establecidos por el Gobierno de la Provincia de Buenos Aires. Adem\u00e1s, es necesario recordar la importancia de que los asistentes cumplan \u00a0los protocolos b\u00e1sicos de cuidado que consisten en la frecuente higienizaci\u00f3n de manos, el uso permanente de tapaboca-nariz y el respeto de la distancia social.<\/p>\n<p>En caso de viajar con fines tur\u00edsticos por la Provincia, deber\u00e1s \u00a0tramitar el Certificado Turismo a trav\u00e9s de la app CuidAR o en el sitio web\u00a0<a href=\"http:\/\/www.argentina.gob.ar\/circular\" data-saferedirecturl=\"https:\/\/www.google.com\/url?q=http:\/\/www.argentina.gob.ar\/circular&amp;source=gmail&amp;ust=1636641913558000&amp;usg=AFQjCNFl8OB-vt5qoRRCBVYQXbISCVLLSQ\">www.argentina.gob.ar\/circular<\/a><\/p>\n<p style=\"font-weight: 400;\"><u><a href=\"https:\/\/www.argentina.gob.ar\/circular\" data-saferedirecturl=\"https:\/\/www.google.com\/url?q=https:\/\/www.argentina.gob.ar\/circular&amp;source=gmail&amp;ust=1636641913558000&amp;usg=AFQjCNHD8nlUlzvaxRn_txddrEtCajraew\"><br \/>\n<\/a><\/u>Para m\u00e1s informaci\u00f3n del calendario de eventos y actividades, visita nuestra p\u00e1gina web:\u00a0<a href=\"https:\/\/buenosaires.tur.ar\/calendario\" data-saferedirecturl=\"https:\/\/www.google.com\/url?q=https:\/\/buenosaires.tur.ar\/calendario&amp;source=gmail&amp;ust=1636641913558000&amp;usg=AFQjCNFNeSd2BThaD2hs1taachAOKBy5HA\">https:\/\/buenosaires.tur.ar\/calendario<\/a><\/p>\n","protected":false},"excerpt":{"rendered":"<p>Los municipios de la provincia de Buenos Aires tendr\u00e1n para esta semana imperdibles propuestas culturales y visitas guiadas. La capital bonaerense realizar\u00e1 un recorrido por sus edificios m\u00e1s emblem\u00e1ticos, Luj\u00e1n por la historia de la ciudad y los hermanos Ameghino, y Villa Gesell por su ic\u00f3nico museo. Por otro lado, en Olavarr\u00eda se llevar\u00e1 a [&hellip;]<\/p>\n","protected":false},"author":3,"featured_media":0,"comment_status":"closed","ping_status":"closed","sticky":false,"template":"","format":"standard","meta":{"footnotes":""},"categories":[33],"tags":[],"class_list":["post-64717","post","type-post","status-publish","format-standard","hentry","category-turismo"],"yoast_head":"<!-- This site is optimized with the Yoast SEO plugin v25.9 - https:\/\/yoast.com\/wordpress\/plugins\/seo\/ -->\n<title>Calendario de eventos tur\u00edsticos del 11 al 18 de noviembre del 2021 - Noticias Radio Reflejos<\/title>\n<meta name=\"robots\" content=\"index, follow, max-snippet:-1, max-image-preview:large, max-video-preview:-1\" \/>\n<link rel=\"canonical\" href=\"https:\/\/www.noticiasradioreflejos.com.ar\/2021\/calendario-de-eventos-turisticos-del-11-al-18-de-noviembre-del-2021\/\" \/>\n<meta property=\"og:locale\" content=\"es_ES\" \/>\n<meta property=\"og:type\" content=\"article\" \/>\n<meta property=\"og:title\" content=\"Calendario de eventos tur\u00edsticos del 11 al 18 de noviembre del 2021 - Noticias Radio Reflejos\" \/>\n<meta property=\"og:description\" content=\"Los municipios de la provincia de Buenos Aires tendr\u00e1n para esta semana imperdibles propuestas culturales y visitas guiadas. La capital bonaerense realizar\u00e1 un recorrido por sus edificios m\u00e1s emblem\u00e1ticos, Luj\u00e1n por la historia de la ciudad y los hermanos Ameghino, y Villa Gesell por su ic\u00f3nico museo. Por otro lado, en Olavarr\u00eda se llevar\u00e1 a [&hellip;]\" \/>\n<meta property=\"og:url\" content=\"https:\/\/www.noticiasradioreflejos.com.ar\/2021\/calendario-de-eventos-turisticos-del-11-al-18-de-noviembre-del-2021\/\" \/>\n<meta property=\"og:site_name\" content=\"Noticias Radio Reflejos\" \/>\n<meta property=\"article:published_time\" content=\"2021-11-10T15:34:29+00:00\" \/>\n<meta property=\"article:modified_time\" content=\"2021-11-10T15:36:39+00:00\" \/>\n<meta property=\"og:image\" content=\"https:\/\/www.noticiasradioreflejos.com.ar\/2021\/wp-content\/uploads\/2021\/07\/logosol300x200.png\" \/>\n\t<meta property=\"og:image:width\" content=\"300\" \/>\n\t<meta property=\"og:image:height\" content=\"200\" \/>\n\t<meta property=\"og:image:type\" content=\"image\/png\" \/>\n<meta name=\"author\" content=\"Arnaldo Botto\" \/>\n<meta name=\"twitter:card\" content=\"summary_large_image\" \/>\n<script type=\"application\/ld+json\" class=\"yoast-schema-graph\">{\"@context\":\"https:\/\/schema.org\",\"@graph\":[{\"@type\":\"WebPage\",\"@id\":\"https:\/\/www.noticiasradioreflejos.com.ar\/2021\/calendario-de-eventos-turisticos-del-11-al-18-de-noviembre-del-2021\/\",\"url\":\"https:\/\/www.noticiasradioreflejos.com.ar\/2021\/calendario-de-eventos-turisticos-del-11-al-18-de-noviembre-del-2021\/\",\"name\":\"Calendario de eventos tur\u00edsticos del 11 al 18 de noviembre del 2021 - Noticias Radio Reflejos\",\"isPartOf\":{\"@id\":\"https:\/\/www.noticiasradioreflejos.com.ar\/2021\/#website\"},\"datePublished\":\"2021-11-10T15:34:29+00:00\",\"dateModified\":\"2021-11-10T15:36:39+00:00\",\"author\":{\"@id\":\"https:\/\/www.noticiasradioreflejos.com.ar\/2021\/#\/schema\/person\/ad82545263dcc5ec0996818884fd5fb1\"},\"breadcrumb\":{\"@id\":\"https:\/\/www.noticiasradioreflejos.com.ar\/2021\/calendario-de-eventos-turisticos-del-11-al-18-de-noviembre-del-2021\/#breadcrumb\"},\"inLanguage\":\"es\",\"potentialAction\":[{\"@type\":\"ReadAction\",\"target\":[\"https:\/\/www.noticiasradioreflejos.com.ar\/2021\/calendario-de-eventos-turisticos-del-11-al-18-de-noviembre-del-2021\/\"]}]},{\"@type\":\"BreadcrumbList\",\"@id\":\"https:\/\/www.noticiasradioreflejos.com.ar\/2021\/calendario-de-eventos-turisticos-del-11-al-18-de-noviembre-del-2021\/#breadcrumb\",\"itemListElement\":[{\"@type\":\"ListItem\",\"position\":1,\"name\":\"Portada\",\"item\":\"https:\/\/www.noticiasradioreflejos.com.ar\/2021\/\"},{\"@type\":\"ListItem\",\"position\":2,\"name\":\"Calendario de eventos tur\u00edsticos del 11 al 18 de noviembre del 2021\"}]},{\"@type\":\"WebSite\",\"@id\":\"https:\/\/www.noticiasradioreflejos.com.ar\/2021\/#website\",\"url\":\"https:\/\/www.noticiasradioreflejos.com.ar\/2021\/\",\"name\":\"Noticias Radio Reflejos\",\"description\":\"Las noticias de mi comarca\",\"potentialAction\":[{\"@type\":\"SearchAction\",\"target\":{\"@type\":\"EntryPoint\",\"urlTemplate\":\"https:\/\/www.noticiasradioreflejos.com.ar\/2021\/?s={search_term_string}\"},\"query-input\":{\"@type\":\"PropertyValueSpecification\",\"valueRequired\":true,\"valueName\":\"search_term_string\"}}],\"inLanguage\":\"es\"},{\"@type\":\"Person\",\"@id\":\"https:\/\/www.noticiasradioreflejos.com.ar\/2021\/#\/schema\/person\/ad82545263dcc5ec0996818884fd5fb1\",\"name\":\"Arnaldo Botto\",\"image\":{\"@type\":\"ImageObject\",\"inLanguage\":\"es\",\"@id\":\"https:\/\/www.noticiasradioreflejos.com.ar\/2021\/#\/schema\/person\/image\/\",\"url\":\"https:\/\/secure.gravatar.com\/avatar\/55cb5e37c1efa326397366e6974cb338056df65cb50e7d64d1cf314e87504837?s=96&d=mm&r=g\",\"contentUrl\":\"https:\/\/secure.gravatar.com\/avatar\/55cb5e37c1efa326397366e6974cb338056df65cb50e7d64d1cf314e87504837?s=96&d=mm&r=g\",\"caption\":\"Arnaldo Botto\"},\"url\":\"https:\/\/www.noticiasradioreflejos.com.ar\/2021\/author\/arnaldo\/\"}]}<\/script>\n<!-- \/ Yoast SEO plugin. -->","yoast_head_json":{"title":"Calendario de eventos tur\u00edsticos del 11 al 18 de noviembre del 2021 - Noticias Radio Reflejos","robots":{"index":"index","follow":"follow","max-snippet":"max-snippet:-1","max-image-preview":"max-image-preview:large","max-video-preview":"max-video-preview:-1"},"canonical":"https:\/\/www.noticiasradioreflejos.com.ar\/2021\/calendario-de-eventos-turisticos-del-11-al-18-de-noviembre-del-2021\/","og_locale":"es_ES","og_type":"article","og_title":"Calendario de eventos tur\u00edsticos del 11 al 18 de noviembre del 2021 - Noticias Radio Reflejos","og_description":"Los municipios de la provincia de Buenos Aires tendr\u00e1n para esta semana imperdibles propuestas culturales y visitas guiadas. La capital bonaerense realizar\u00e1 un recorrido por sus edificios m\u00e1s emblem\u00e1ticos, Luj\u00e1n por la historia de la ciudad y los hermanos Ameghino, y Villa Gesell por su ic\u00f3nico museo. Por otro lado, en Olavarr\u00eda se llevar\u00e1 a [&hellip;]","og_url":"https:\/\/www.noticiasradioreflejos.com.ar\/2021\/calendario-de-eventos-turisticos-del-11-al-18-de-noviembre-del-2021\/","og_site_name":"Noticias Radio Reflejos","article_published_time":"2021-11-10T15:34:29+00:00","article_modified_time":"2021-11-10T15:36:39+00:00","og_image":[{"width":300,"height":200,"url":"https:\/\/www.noticiasradioreflejos.com.ar\/2021\/wp-content\/uploads\/2021\/07\/logosol300x200.png","type":"image\/png"}],"author":"Arnaldo Botto","twitter_card":"summary_large_image","schema":{"@context":"https:\/\/schema.org","@graph":[{"@type":"WebPage","@id":"https:\/\/www.noticiasradioreflejos.com.ar\/2021\/calendario-de-eventos-turisticos-del-11-al-18-de-noviembre-del-2021\/","url":"https:\/\/www.noticiasradioreflejos.com.ar\/2021\/calendario-de-eventos-turisticos-del-11-al-18-de-noviembre-del-2021\/","name":"Calendario de eventos tur\u00edsticos del 11 al 18 de noviembre del 2021 - Noticias Radio Reflejos","isPartOf":{"@id":"https:\/\/www.noticiasradioreflejos.com.ar\/2021\/#website"},"datePublished":"2021-11-10T15:34:29+00:00","dateModified":"2021-11-10T15:36:39+00:00","author":{"@id":"https:\/\/www.noticiasradioreflejos.com.ar\/2021\/#\/schema\/person\/ad82545263dcc5ec0996818884fd5fb1"},"breadcrumb":{"@id":"https:\/\/www.noticiasradioreflejos.com.ar\/2021\/calendario-de-eventos-turisticos-del-11-al-18-de-noviembre-del-2021\/#breadcrumb"},"inLanguage":"es","potentialAction":[{"@type":"ReadAction","target":["https:\/\/www.noticiasradioreflejos.com.ar\/2021\/calendario-de-eventos-turisticos-del-11-al-18-de-noviembre-del-2021\/"]}]},{"@type":"BreadcrumbList","@id":"https:\/\/www.noticiasradioreflejos.com.ar\/2021\/calendario-de-eventos-turisticos-del-11-al-18-de-noviembre-del-2021\/#breadcrumb","itemListElement":[{"@type":"ListItem","position":1,"name":"Portada","item":"https:\/\/www.noticiasradioreflejos.com.ar\/2021\/"},{"@type":"ListItem","position":2,"name":"Calendario de eventos tur\u00edsticos del 11 al 18 de noviembre del 2021"}]},{"@type":"WebSite","@id":"https:\/\/www.noticiasradioreflejos.com.ar\/2021\/#website","url":"https:\/\/www.noticiasradioreflejos.com.ar\/2021\/","name":"Noticias Radio Reflejos","description":"Las noticias de mi comarca","potentialAction":[{"@type":"SearchAction","target":{"@type":"EntryPoint","urlTemplate":"https:\/\/www.noticiasradioreflejos.com.ar\/2021\/?s={search_term_string}"},"query-input":{"@type":"PropertyValueSpecification","valueRequired":true,"valueName":"search_term_string"}}],"inLanguage":"es"},{"@type":"Person","@id":"https:\/\/www.noticiasradioreflejos.com.ar\/2021\/#\/schema\/person\/ad82545263dcc5ec0996818884fd5fb1","name":"Arnaldo Botto","image":{"@type":"ImageObject","inLanguage":"es","@id":"https:\/\/www.noticiasradioreflejos.com.ar\/2021\/#\/schema\/person\/image\/","url":"https:\/\/secure.gravatar.com\/avatar\/55cb5e37c1efa326397366e6974cb338056df65cb50e7d64d1cf314e87504837?s=96&d=mm&r=g","contentUrl":"https:\/\/secure.gravatar.com\/avatar\/55cb5e37c1efa326397366e6974cb338056df65cb50e7d64d1cf314e87504837?s=96&d=mm&r=g","caption":"Arnaldo Botto"},"url":"https:\/\/www.noticiasradioreflejos.com.ar\/2021\/author\/arnaldo\/"}]}},"_links":{"self":[{"href":"https:\/\/www.noticiasradioreflejos.com.ar\/2021\/wp-json\/wp\/v2\/posts\/64717","targetHints":{"allow":["GET"]}}],"collection":[{"href":"https:\/\/www.noticiasradioreflejos.com.ar\/2021\/wp-json\/wp\/v2\/posts"}],"about":[{"href":"https:\/\/www.noticiasradioreflejos.com.ar\/2021\/wp-json\/wp\/v2\/types\/post"}],"author":[{"embeddable":true,"href":"https:\/\/www.noticiasradioreflejos.com.ar\/2021\/wp-json\/wp\/v2\/users\/3"}],"replies":[{"embeddable":true,"href":"https:\/\/www.noticiasradioreflejos.com.ar\/2021\/wp-json\/wp\/v2\/comments?post=64717"}],"version-history":[{"count":2,"href":"https:\/\/www.noticiasradioreflejos.com.ar\/2021\/wp-json\/wp\/v2\/posts\/64717\/revisions"}],"predecessor-version":[{"id":64720,"href":"https:\/\/www.noticiasradioreflejos.com.ar\/2021\/wp-json\/wp\/v2\/posts\/64717\/revisions\/64720"}],"wp:attachment":[{"href":"https:\/\/www.noticiasradioreflejos.com.ar\/2021\/wp-json\/wp\/v2\/media?parent=64717"}],"wp:term":[{"taxonomy":"category","embeddable":true,"href":"https:\/\/www.noticiasradioreflejos.com.ar\/2021\/wp-json\/wp\/v2\/categories?post=64717"},{"taxonomy":"post_tag","embeddable":true,"href":"https:\/\/www.noticiasradioreflejos.com.ar\/2021\/wp-json\/wp\/v2\/tags?post=64717"}],"curies":[{"name":"wp","href":"https:\/\/api.w.org\/{rel}","templated":true}]}}