{"id":64709,"date":"2021-11-10T13:33:27","date_gmt":"2021-11-10T13:33:27","guid":{"rendered":"http:\/\/www.noticiasradioreflejos.com.ar\/2021\/?p=64709"},"modified":"2021-11-10T13:33:27","modified_gmt":"2021-11-10T13:33:27","slug":"informe-sesion-ordinaria-del-concejo-deliberante-de-tornquist","status":"publish","type":"post","link":"https:\/\/www.noticiasradioreflejos.com.ar\/2021\/informe-sesion-ordinaria-del-concejo-deliberante-de-tornquist\/","title":{"rendered":"Informe sesi\u00f3n ordinaria del Concejo Deliberante de Tornquist"},"content":{"rendered":"<p>Comunicaciones Oficiales y Dict\u00e1menes de las Comisiones<!--more--><\/p>\n<p><strong><u>Expte. <\/u><\/strong><strong><u>N\u00ba 267\/21:<\/u><\/strong> &#8211; D.E. \u2013 Convalida la firma del Programa Bonaerense II Municipios celebrado e\/el Instituto de la Vivienda de la Provincia de Bs. As. y el Municipio de Tornquist. Construcci\u00f3n 10 Viviendas Saldungaray.-<\/p>\n<p>Se solicita tratamiento sobre Tablas.<\/p>\n<p>Se aprueba por unanimidad la Ordenanza N\u00ba \u00a03404\/21 por la que se convalida la firma del Programa Bonaerense II Municipios, celebrado entre el Instituto de la Vivienda de la Provincia de Buenos Aires representado por su Administrador General Lic. Agust\u00edn Pablo SIMONE y la Municipalidad de Tornquist representada por su Intendente Municipal Sr. Sergio Fabi\u00e1n BORDONI. A trav\u00e9s de este Programa \u00a0el Instituto se compromete a prestar asistencia financiera para la realizaci\u00f3n de la obra \u201cConstrucci\u00f3n de 10 viviendas en la Localidad de Saldungaray, Partido de Tornquist\u201d la que deber\u00e1 ser ejecutada de conformidad con la documentaci\u00f3n y lineamientos t\u00e9cnicos aprobados mediante expediente EX 2021-02934269-GDEBA-DPTDIV y en todo de acuerdo a lo establecido en el Decreto Provincial 9104\/78, sus modificatorias, ampliatorios, antecedentes y las Resoluciones N\u00ba 919\/92 y N\u00ba 4522\/00 y modificatorias; y aporta al MUNICIPIO pesos cuarenta y cinco millones ochocientos dos mil doscientos cuarenta y seis con 22\/100\u00a0\u00a0 ($ 45.802.246,22).-<\/p>\n<p>&nbsp;<\/p>\n<p><strong><u>Expte. <\/u><\/strong><strong><u>N\u00ba 268\/21:<\/u><\/strong> &#8211; D.E. \u2013 Convalida la firma del Programa Bonaerense II Municipios celebrado e\/el Instituto de la Vivienda de la Provincia de Bs. As. y el Municipio de Tornquist. Construcci\u00f3n 19 Viviendas Saldungaray<\/p>\n<p>Se solicita tratamiento sobre Tablas.<\/p>\n<p>Se aprueba por unanimidad la Ordenanza N\u00ba 3405\/21 por la que se convalida la firma del Programa Bonaerense II Municipios, celebrado entre el Instituto de la Vivienda de la Provincia de Buenos Aires representado por su Administrador General Lic. Agust\u00edn Pablo SIMONE y la Municipalidad de Tornquist representada por su Intendente Municipal Sr. Sergio Fabi\u00e1n BORDONI. A trav\u00e9s de este Programa, el Instituto <strong>\u00a0<\/strong>se compromete a prestar asistencia financiera para la realizaci\u00f3n de la obra \u201cConstrucci\u00f3n de 19 viviendas en la Localidad de Saldungaray, Partido de Tornquist\u201d la que deber\u00e1 ser ejecutada de conformidad con la documentaci\u00f3n y lineamientos t\u00e9cnicos aprobados mediante expediente EX 2021-06627032-GDEBA-DPTDIV y en todo de acuerdo a lo establecido en el Decreto Provincial 9104\/78, sus modificatorias, ampliatorios, antecedentes y las Resoluciones N\u00ba 919\/92 y N\u00ba 4522\/00 y modificatorias; y aporta \u00a0al MUNICIPIO pesos ochenta y seis millones seiscientos ochenta y tres mil ochocientos veinticinco con 17\/100 ($ 86.683.825,17).-<\/p>\n<p>&nbsp;<\/p>\n<p><strong><u>Expte. <\/u><\/strong><strong><u>N\u00ba 281\/21:<\/u><\/strong> &#8211; D.E. \u2013 Convalida la firma del Programa de Emergencia de Infraestructura Municipal de la Provincia de Buenos Aires (PREIMBA)- Convenio de financiamiento entre la Provincia de Bs. As. y la Municipalidad de Tornquist.-<\/p>\n<p>Se solicita tratamiento sobre Tablas.<\/p>\n<p>Se aprueba por unanimidad la Ordenanza N\u00ba 3406\/21 por la que se convalidase la firma del Programa de Emergencia de Infraestructura Municipal de la Provincia de Buenos Aires (PREIMBA) \u2013 Convenio de Financiamiento de la Provincia de Buenos Aires representado por el Sr. Leonardo Javier NARDINI, en su car\u00e1cter de Ministro de Infraestructura y Servicios P\u00fablicos de la Provincia de Buenos Aires y la Municipalidad de Tornquist representada por su Intendente Municipal Sr. Sergio Fabi\u00e1n BORDONI. Para la financiaci\u00f3n de la Obra: \u201c<em>Construcci\u00f3n de Cord\u00f3n Cuneta, Badenes, Pavimento y Repavimentaci\u00f3n en el Distrito de Tornquist\u201d <\/em>por un monto de pesos: quince millones doscientos treinta y dos mil doscientos ochenta y nueve con catorce centavos ($ 15.232.289,14).-<\/p>\n<p>&nbsp;<\/p>\n<p><strong><u>Expte. <\/u><\/strong><strong><u>N\u00ba 263\/21:<\/u><\/strong> &#8211; N.P. \u2013 Marino Alejandra Elizabeth y Mart\u00ednez Benito Daniel solicitan explotaci\u00f3n del Camping Municipal de Sierra de la Ventana.<\/p>\n<p>Seg\u00fan el dictamen de las Comisiones de ASUNTOS MUNICIPALES, INTERPRETACI\u00d3N Y REGLAMENTO Y OBRAS P\u00daBLICAS, se aprueba por unanimidad la Ordenanza con el N\u00ba 3402\/21 por la que se autoriza la firma del Contrato de Permiso de Uso celebrado entre el Sr. Intendente Municipal Sergio Fabi\u00e1n Bordoni en representaci\u00f3n de la Municipalidad de Tornquist y el Sr. Benito Daniel Mart\u00ednez y la Sra. Alejandra Elizabeth Marino, Camping \u201cLas Acacias\u201d.-<\/p>\n<p>&nbsp;<\/p>\n<p><strong><u>Expte. <\/u><\/strong><strong><u>N\u00ba 7337\/21:<\/u><\/strong> &#8211; Bloques Frente de Todos y Frente Justicialista Cumplir \u2013 Minuta de Comunicaci\u00f3n: Solicita al D.E. reacondicionamiento y\/o reposici\u00f3n de carteler\u00eda en las calles del Distrito.<\/p>\n<p>Se aprueba por unanimidad el dictamen de las Comisiones de ASUNTOS MUNICIPALES, Y OBRAS P\u00daBLICAS que aconseja enviar el mismo al Archivo por haber recibido respuesta del Departamento Ejecutivo.-<\/p>\n<p><strong><u>\u00a0<\/u><\/strong><\/p>\n<p><strong><u>Expte. <\/u><\/strong><strong><u>N\u00ba 7338\/21:<\/u><\/strong> &#8211; Bloques Frente de Todos y Frente Justicialista Cumplir \u2013 Minuta de Comunicaci\u00f3n: Solicita al D.E. Informaci\u00f3n por falta de funcionamiento de varias luminarias en las bicisendas del Distrito de Tornquist.-<\/p>\n<p>Se aprueba por unanimidad el dictamen de las Comisiones de <strong>\u00a0<\/strong>OBRAS P\u00daBLICAS Y ASUNTOS MUNICIPALES, que aconseja enviar el mismo al Archivo por haber recibido respuesta del Departamento Ejecutivo.-<\/p>\n<p>&nbsp;<\/p>\n<p><strong><u>Expte. <\/u><\/strong><strong><u>N\u00ba 7339\/21:<\/u><\/strong> &#8211; Bloques Cambiemos Bs. As., Juntos por el Cambio, Frente de Todos y Frente Justicialista Cumplir &#8211; Minuta de Comunicaci\u00f3n: Solicita al D.E. dar cumplimiento a la Ordenanza N\u00ba 3193\/20<\/p>\n<p>Se aprueba por unanimidad el dictamen de las Comisiones de ASUNTOS MUNICIPALES, Y OBRAS P\u00daBLICAS que aconseja enviar el mismo al Archivo por haber recibido respuesta del Departamento Ejecutivo.-<\/p>\n<p>&nbsp;<\/p>\n<p><strong><u>Expte. <\/u><\/strong><strong><u>N\u00ba 7345\/21:<\/u><\/strong> &#8211; Bloques Cambiemos Bs. As. y Juntos por el Cambio \u2013 Proyecto de Ordenanza: Programa de Capacitaci\u00f3n Permanente en Educaci\u00f3n, Concientizaci\u00f3n y Seguridad Vial p\/agentes municipales y funcionarios que hagan uso de veh\u00edculo mpales.<\/p>\n<p>Se aprueba por unanimidad el dictamen de las Comisiones de ASUNTOS MUNICIPALES e INTERPRETACI\u00d3N Y REGLAMENTO, que aconseja enviar el mismo al Departamento Ejecutivo para que por el \u00e1rea que corresponda se analice la viabilidad del Proyecto de Ordenanza.-<\/p>\n<p>&nbsp;<\/p>\n<p><strong><u>Expte. N<\/u><\/strong><strong><u>\u00ba 7346\/21:<\/u><\/strong> &#8211; N.P. \u2013 Mat\u00edas Ercoli: Solicita se declare de inter\u00e9s municipal el programa radial \u201cSe nos viene la noche\u201d.<\/p>\n<p>Se aprueba por unanimidad el dictamen de las Comisiones de ASUNTOS MUNICIPALES, y CULTURA, EDUCACI\u00d3N, CIENCIA Y TECNOLOG\u00cdA, que aconseja enviar al Sr. Mar\u00edas Ercoli copia de la Ordenanza\u00a0\u00a0 N\u00ba\u00a0 3243\/20 para dar cumplimiento a los requisitos.-<\/p>\n<p><strong>\u00a0<\/strong><\/p>\n<p><strong><u>Expte. N<\/u><\/strong><strong><u>\u00ba 7347\/21:<\/u><\/strong> &#8211; N.P. \u2013 Hugo A Rodr\u00edguez: Solicita aumento cuadro tarifario p\/temporada 2021\/2022 del Balneario \u201cParque Norte\u201d.<\/p>\n<p>Seg\u00fan\u00a0 el dictamen de las Comisiones de ASUNTOS MUNICIPALES, Y OBRAS P\u00daBLICAS se aprueba por unanimidad la Ordenanza con el N\u00ba 3403\/21 por la que se autoriza al Contratista de la Unidad Fiscal Balneario Parque Norte, Sr. Hugo Rodr\u00edguez, a cobrar las tarifas que a continuaci\u00f3n se detallan, correspondientes a la temporada 2021-2022, a partir de la sanci\u00f3n de la presente Ordenanza:<\/p>\n<p><u>ENTRADAS:<\/u><\/p>\n<ul>\n<li>Residentes en el Distrito Mayores (a partir de los 17 a\u00f1os) $ 150.<\/li>\n<li>No residentes en el Distrito Mayores (a partir de los 17 a\u00f1os) $ 300.<\/li>\n<li>Residentes en el Distrito Menores (hasta 16 a\u00f1os) $ 50.<\/li>\n<li>No residentes en el Distrito Menores (hasta 16 a\u00f1os) $ 150.<\/li>\n<\/ul>\n<p><u>DERECHO DE ACAMPE:<\/u><\/p>\n<ul>\n<li>Por d\u00eda $ 600.<\/li>\n<\/ul>\n<p><u>DERECHO A CARPA, MOTOR-HOME y CASILLA:<\/u><\/p>\n<p><u>\u00a0<\/u><\/p>\n<ul>\n<li>Por d\u00eda $ 800.-<\/li>\n<\/ul>\n<p><u>DERECHO BAJADAS DE KAYAC\u00b4S:<\/u> $ 100.-<\/p>\n<p><strong>\u00a0<\/strong><\/p>\n<p><strong><u>Expte. N<\/u><\/strong><strong><u>\u00ba 7348\/21:<\/u><\/strong> &#8211; N.P. \u2013 Laura G. Gamero-docente-escritora: Solicita se declare de inter\u00e9s municipal el libro \u201cCon ra\u00edces en caminos de hierro \u2013 Parte 2\u201d de su autor\u00eda.<\/p>\n<p>De acuerdo al dictamen de las Comisiones de ASUNTOS MUNICIPALES, y CULTURA, EDUCACI\u00d3N, CIENCIA Y TECNOLOG\u00cdA, se aprueba por unanimidad la \u00a0Resoluci\u00f3n N\u00ba 36\/21 por la que se declara de Inter\u00e9s Municipal y Educativo el trabajo de investigaci\u00f3n hist\u00f3rico regional de la obra realizada por la Sra. Laura G. Gamero, la cual se denomina\u00a0 \u201cCon Ra\u00edces en caminos de hierro &#8211; Parte 2\u201d. Se env\u00eda \u00a0copia de la presente a la Sra. Laura G. Gamero.-<\/p>\n<p><strong>\u00a0<\/strong><\/p>\n<p><strong><u>Expte. N<\/u><\/strong><strong><u>\u00ba 7349\/21:<\/u><\/strong> &#8211; N.P. \u2013 Mario Enrique Bruzzone: Solicita se disponga la realizaci\u00f3n de un registro p\u00fablico de autores literarios del Distrito.<\/p>\n<p>Se aprueba por unanimidad el dictamen de las Comisiones de ASUNTOS MUNICIPALES, y CULTURA, EDUCACI\u00d3N, CIENCIA Y TECNOLOG\u00cdA, que \u00a0aconseja enviar el mismo al \u00e1rea de Cultura para que analice la solicitud realizada.-<\/p>\n<p><strong>\u00a0<\/strong><\/p>\n<p><strong><u>Proyectos Presentados<\/u><\/strong><\/p>\n<p><strong>\u00a0<\/strong><\/p>\n<p><strong><u>Bloques Cambiemos Bs. As. y Juntos por el Cambio- Pedido de Informe:<\/u><\/strong> En ref. Becas Municipales- Presupuesto mensual y recortes, se solicita al \u00c1rea de Juventudes, Pol\u00edticas de G\u00e9nero y Diversidades que informe si existe un recorte en el presupuesto de las Becas Municipales. Solicita informaci\u00f3n sobre el presupuesto mensual en becas desde el mes de marzo a la fecha..-<\/p>\n<p>Se solicita formaci\u00f3n de Expediente y tratamiento sobre Tablas.<\/p>\n<p>Se forma el Expediente N\u00ba 7350\/21 y se aprueba por unanimidad enviar al Departamento Ejecutivo para que se d\u00e9 respuesta a lo solicitado. Adem\u00e1s se aprueba por unanimidad la moci\u00f3n de adjuntar una nota a fin de solicitar informaci\u00f3n p\u00fablica en referencia a las casas de estudiantes del Distrito.<\/p>\n<p><strong>\u00a0<\/strong><\/p>\n<p><strong><u>Bloques Cambiemos Bs. As. Y Juntos por el Cambio- Pedido de Informe:<\/u><\/strong> En ref. a terrenos fiscales en la localidad de Tornquist, se solicita al Departamento Ejecutivo informe la cantidad de terrenos fiscales que se encuentran actualmente en la localidad de Tornquist, situaci\u00f3n legal de cada uno, y un detalle de cu\u00e1les terrenos cuentan con los servicios esenciales de agua y luz, y cu\u00e1les no poseen dichos servicios.<\/p>\n<p>Se solicita formaci\u00f3n de Expediente y tratamiento sobre Tablas.<\/p>\n<p>Se forma el Expediente N\u00ba 7351\/21 y se aprueba por unanimidad enviar al Departamento Ejecutivo para que se d\u00e9 respuesta a lo solicitado.<\/p>\n<p>&nbsp;<\/p>\n<p><strong><u>Bloques Frente de Todos y Frente Justicialista Cumplir- Proyecto de Resoluci\u00f3n-<\/u><\/strong> Solicita al D.E. que gestione ante la Direcci\u00f3n Provincial de Vialidad, el estudio correspondiente a fin de instalar un sem\u00e1foro o una rotonda en la intersecci\u00f3n de la Ruta Provincial N\u00ba 72 y Avda. Sarmiento de la localidad de Sierra de la Ventana.-<\/p>\n<p>Se solicita formaci\u00f3n de Expediente y pase a Comisi\u00f3n.-<\/p>\n<p>&nbsp;<\/p>\n<p><strong><u>Bloques Frente de Todos y Frente Justicialista Cumplir- Proyecto de Resoluci\u00f3n-<\/u><\/strong> Solicita firma de Convenio adhiriendo al Programa \u201cBanco de maquinarias, herramientas y materiales\u201d.<\/p>\n<p>Se solicita formaci\u00f3n de Expediente y tratamiento sobre Tablas.<\/p>\n<p>Se forma el Expediente N\u00ba 7352\/21 y se aprueba por unanimidad la Resoluci\u00f3n N\u00ba 37\/21 por la que se solicita al Departamento Ejecutivo Municipal\u00a0 la firma de un Convenio con el Ministerio de Desarrollo de la Naci\u00f3n, adhiriendo al Programa \u201cBanco de maquinarias, herramientas y materiales\u201d. Dicho Programa permite atender a las personas en situaci\u00f3n de alta vulnerabilidad social y econ\u00f3mica, mediante la entrega de insumos, herramientas y\/o equipamiento, permiti\u00e9ndoles generar una fuente de ingresos genuinos, y mitigando, de tal modo, los factores de riesgo y exclusi\u00f3n provocados por el contexto de la emergencia social.-<\/p>\n<p>&nbsp;<\/p>\n<p><strong><u>Asuntos Particulares <\/u><\/strong><\/p>\n<p><strong><u>\u00a0<\/u><\/strong><\/p>\n<p><strong><u>Nota N\u00ba 056\/21- Sociedad de Fomento y Vecinos San Andr\u00e9s de las Sierras<\/u><\/strong><u>&#8211;<\/u> Plantean diferentes problem\u00e1ticas referentes al barrio.-<\/p>\n<p>Se aprueba por unanimidad la formaci\u00f3n de Expediente y pase a Comisi\u00f3n.-<\/p>\n<p>&nbsp;<\/p>\n<p><strong><u>Nota N\u00ba 057\/21- Vecinos Club de Campo Las Verbenas- Sierra de la Ventana-<\/u><\/strong> solicitan reuni\u00f3n \u00a0por los tr\u00e1mites a realizar para poder avanzar en el visado de planos.-<\/p>\n<p>Por Presidencia se organizar\u00e1 la reuni\u00f3n con los vecinos.<\/p>\n<p>&nbsp;<\/p>\n<p><strong><u>Nota N\u00ba 058\/21- Sindicato trabajadores Municipales de Tornquist-<\/u><\/strong> Solicitan reuni\u00f3n en forma conjunta con Concejales y personal de Terapia Intensiva del Hospital Municipal, para el d\u00eda 3 de Noviembre a las 17,30 hs. en el Recinto del H.C.D.<\/p>\n<p>Se da lectura a la nota enviada por el Presidente del \u00a0H.C.D., donde se propone la reuni\u00f3n para el d\u00eda martes 2 de noviembre.<\/p>\n<p><strong>\u00a0<\/strong><\/p>\n<p><strong><u>Nota 059\/21 Sindicato trabajadores Municipales de Tornquist-<\/u><\/strong> En ref. a reuni\u00f3n con Concejales y personal de Terapia Intensiva del Hospital Municipal. Responden no poder asistir a la reuni\u00f3n el d\u00eda martes 2 de noviembre, y reiteran el pedido de realizar la reuni\u00f3n el d\u00eda 3 de noviembre.<\/p>\n<p>Por Presidencia se env\u00eda nota para acordar fecha y horario de la reuni\u00f3n.<\/p>\n<p><strong>\u00a0<\/strong><\/p>\n<p>Alocuciones de los Concejales:<\/p>\n<p>&nbsp;<\/p>\n<p>Concejal Roc\u00edo V\u00e1zquez:<\/p>\n<p>\u201cEn primera instancia quiero hacer menci\u00f3n al Expediente 7352\/21 que presentamos el Bloque del Frente de Todos y Cumplir, que lo que le pedimos es al Ejecutivo la firma de un Convenio con el Ministerio de Desarrollo de Naci\u00f3n. Este Programa de Banco de Maquinarias, Herramientas y Materiales para que pueda funcionar e implementarse en el Distrito se necesita de esa firma y de ese Convenio. Pedimos que se haga con celeridad porque este Programa beneficiar\u00eda a varios habitantes del Distrito, sabemos que hay distritos vecinos que ya lo han implementado y a cuales ya le han llegado herramientas, y bueno, es una de las tantas herramientas que por ah\u00ed puede ofrecer Provincia y Naci\u00f3n que debemos aprovechar y que est\u00e1n justamente destinadas a fomentar el trabajo en los pobladores. As\u00ed que\u00a0 bueno, esperemos que se pueda dar esta firma de Convenio. Por otro lado hoy se hizo un comunicado por parte del Ejecutivo Municipal en relaci\u00f3n a lo que est\u00e1 pasando en la plaza de ac\u00e1 de Tornquist, con los patos y el tema de los perros. Quer\u00eda dejar en claro que est\u00e1 la Ordenanza, 3259\/20,\u00a0 que en esta justamente implica el cuidado y tenencia responsable de los animales y aparte el llamado\u00a0 a la solidaridad por parte de la poblaci\u00f3n, y que tome conciencia que pueda saber y conocer de esta Ordenanza, tambi\u00e9n le pedimos al Ejecutivo que controle para que se pueda cumplir y as\u00ed nos beneficiamos todos los pobladores. Ahora tambi\u00e9n aprobamos el Expediente 267\/21 y 268\/21 que son las viviendas para Saldungaray, aparte de celebrar que lleguen estas viviendas al Distrito tambi\u00e9n celebro que no se hagan en el predio de Mar\u00eda Auxiliadora que era un pedido que ten\u00edamos los habitantes de Saldungaray en su momento, que los Bloques del peronismo siempre apoyaron que se hagan las viviendas pero que no se hagan en ese predio, que pens\u00e1bamos en un Saldungaray a futuro, organizado, urbanizado pero organizado, as\u00ed que bueno, esta es una grata noticia y que se haya podido dar soluci\u00f3n y escuchado a la gente, \u00bfno?, que siempre repetimos esto, que es necesario escuchar a los pobladores. Nada m\u00e1s se\u00f1or Presidente\u201d.<\/p>\n<p>&nbsp;<\/p>\n<p>Concejal Elisabet Nori:<\/p>\n<p>\u201cBueno, en virtud de algunos comentarios trascendidos por autoridades del Poder Ejecutivo de este Distrito, poniendo digamos, en una suerte de tela de juicio el desempe\u00f1o de este Concejo Deliberante. Tengo en mis manos el relevamiento y el seguimiento de todos los Expedientes que han pasado por este Concejo Deliberante desde el 1\u00ba de octubre del a\u00f1o 2020 hasta el 30 de octubre del a\u00f1o 2021. Cuando el Ejecutivo se dice que no tienen Concejales para poder gobernar mejor supuestamente, o que no pueden llevar adelante todas sus iniciativas porque no tienen Concejales alineados con su pol\u00edtica, debo aclarar que de este relevamiento surgen 85 Expedientes que subieron del Poder Ejecutivo, entre contratos de locaci\u00f3n, licitaciones concursos, donaciones, tasas, incrementos salariales, cr\u00e9ditos, etc. De los 85 solamente tres resultaron observados, ni siquiera se puede decir que no fueron aprobados. Uno fue el de la Tasa de Red Vial, ese s\u00ed no se aprob\u00f3, de esa Sesi\u00f3n con Mayores Contribuyentes donde hab\u00eda cinco art\u00edculos para tratar, solamente uno no fue aprobado, los otros cuatro fueron aprobados. Y aclaro que hab\u00eda ac\u00e1 Mayores Contribuyentes, era una Asamblea, es decir que tampoco fue toda la responsabilidad del Concejo Deliberante, en todo caso un acuerdo para no aprobar esas tasas, el aumento de esa tasa. Otro fue el Contrato con la Empresa Biorganic, un contrato que era propuesto, que en realidad tampoco se desaprob\u00f3, baj\u00f3 al Poder Ejecutivo el d\u00eda 21 de septiembre para que se expida en algunos puntos que a\u00fan no hab\u00edan quedado claros, o clarificados a nuestro juicio. El otro Expediente que tampoco se puede decir que no se haya aprobado, simplemente que fue de un proyecto educativo que present\u00f3 la Agencia de Desarrollo que se envi\u00f3 con buen criterio al Honorable Tribunal de Cuentas, y el H.T.C. se expidi\u00f3 diciendo que no ten\u00edamos nosotros injerencia en aprobar o desaprobar el uso de esos fondos, lo cual esto consta en el dictamen que baj\u00f3 el d\u00eda 6 de octubre. Es decir que se podr\u00eda decir que de 85 Expedientes tres solamente resultaron observados. Si eso no es acompa\u00f1ar, \u00bfqu\u00e9 es acompa\u00f1ar? Se aprob\u00f3 el Presupuesto, el C\u00f3digo Tributario, la compensaci\u00f3n de excesos, se aprobaron un mont\u00f3n de obras que son para beneficio de los vecinos de nuestro Distrito. Consideramos que hemos acompa\u00f1ado y sobradamente al Poder Ejecutivo en toda su gesti\u00f3n. Nada m\u00e1s se\u00f1or Presidente\u201d.<\/p>\n<p>&nbsp;<\/p>\n<p>Concejal Jos\u00e9 Fonfr\u00eda:<\/p>\n<p>\u201cBueno, en primer lugar quiero hacer referencia a la nota recibida desde el gremio, firmada por el se\u00f1or Lencina. Me parece que cuando uno habla de reuni\u00f3n pautada, cuando se pauta algo, tienen que estar las partes involucradas de acuerdo. Este se\u00f1or dice que para ma\u00f1ana hab\u00eda una reuni\u00f3n pautada, cuando nunca fue de esa manera. Creo que el tenor de la nota ya es bastante agresiva, o, por llamarlo de alguna manera, o envalentonado, no s\u00e9 por qu\u00e9, pero que realmente, para que diga pautada, tendr\u00edan que haber estado de acuerdo el Concejo Deliberante, el gremio, y la gente involucrada desde el Hospital, lo que es terapia intensiva. Bueno, quiero hacer referencia tambi\u00e9n, justo tengo ac\u00e1 unos recortes, justo no, los traje, obvio; recortes de diarios del a\u00f1o 2013 donde dice:\u201dLa C\u00e1mpora vigila precios y la comuna no participa\u201d, el titular en ese momento de La C\u00e1mpora, candidato a Diputado del Frente para la Victoria Gabriel Godoy es quien comenta en esta nota que son ellos los encargados de cuidar los precios, supuestamente, precios cuidados, precios m\u00e1ximos, esto fue en el 2013, perd\u00f3n, estamos en el 2021 y seguimos con las mismas pr\u00e1cticas, que nunca dieron resultado, que realmente lo que hay que decirle a la poblaci\u00f3n es la verdad, que ese est\u00e1 emitiendo, emitiendo, emitiendo, y que nuestra moneda cada vez tiene menos valor, incluso en lo que es productos agropecuarios. Agro insumos, han aumentado en d\u00f3lares a ra\u00edz de eso que tenemos un desdoblamiento en el tipo de cambio, que llevar a que una tonelada de urea que val\u00eda 500 d\u00f3lares, hoy valga 1000 d\u00f3lares, \u00bfpor qu\u00e9?, porque el d\u00f3lar oficial est\u00e1 a la mitad de lo que est\u00e1 el d\u00f3lar de verdad. Que en realidad no es que el d\u00f3lar aumente, lo que deval\u00faa es lo nuestro, y eso lo sabemos todos, entonces dejar de mentirle a la sociedad y decir que aumentan los productos por el productor, por el campo, por los oligarcas del campo, nono, aumentan porque ellos est\u00e1n emitiendo de una manera salvaje. Otro diario del Observador Serrano del 27 de septiembre del 2014 la juventud radical, creo que ustedes deben haber estado participando, tanto usted se\u00f1or Presidente como el Secretario \u00a0le ped\u00edan al por entonces Intendente Gustavo Trankels, el t\u00edtulo es: \u201cNo queremos m\u00e1s anuncios, la vida de miles de bonaerenses corre riesgos\u201d. Y lo que le piden en esta nota es que se arregle, se repavimente la Ruta 76 y la 72. La 72 en el primero o segundo a\u00f1o de gesti\u00f3n de Bordoni se pudo repavimentar, desde Saldungaray hasta Sierra de la Ventana, gobierno provincial de Cambiemos, porque por ah\u00ed es como que despu\u00e9s escuchamos que en la otra gesti\u00f3n administramos miseria, por lo visto no, hoy la ruta 76, cualquiera de los que venimos de aqu\u00e9l lado del abra realmente est\u00e1 intransitable, realmente est\u00e1 intransitable, hoy, hoy a doce d\u00edas de las elecciones estaban poniendo material para el bacheo, que ni siquiera lo apisonan, as\u00ed que yo creo que a los \u00fanicos que deben haber favorecido es a las compa\u00f1\u00edas, a los que colocan cristales, por la cantidad de parabrisas que se deben haber roto. As\u00ed que bueno, coincido tambi\u00e9n con la Concejal Nori, que \u00faltimamente es como que est\u00e1 de moda echarle las culpas al Concejo Deliberante por todo lo que nos pasa, y realmente cuando escucho a los dos candidatos bueno, uno va de candidato, el otro no, pero cuando escucho a los dos candidatos saco la cuenta y digo, la mitad de su vida por ejemplo se\u00f1or Presidente, usted debe tener 30, 32 a\u00f1os, la mitad de su vida estuvo el Distrito de Tornquist gobernado por ellos dos, uno ocho, el otro lleva seis, catorce, casi la mitad de su vida, cuando termine el mandato va a ser la mitad, y realmente no s\u00e9 c\u00f3mo les da la cara para culpar a otro. Y bueno, como es el mes de la, noviembre es el mes de la tradici\u00f3n les quiero dejar un verso que es consejo del viejo Irala, pero en realidad se los quiero dejar a ellos, a los que nos quieren pegar a nosotros porque no saben c\u00f3mo hacer para justificar lo que no hicieron. Y dice: \u201cLa cosa es sencilla y clara como Dios quiere que sea y el que su charco ensucea pa\u2019que parezca m\u00e1s hondo es el que escuende en el fondo lo que le falta a su idea\u201d. Nada m\u00e1s se\u00f1or Presidente\u201d.<\/p>\n<p>&nbsp;<\/p>\n<p>Concejal Roc\u00edo V\u00e1zquez:<\/p>\n<p>\u201cBueno, no s\u00e9 si voy a poder dar respuesta a todo, pero fui anotando algunas cosas que s\u00ed me parecen importante mostrar otra visi\u00f3n, otra postura, y bueno por algo estamos en Bloques diferentes, \u00bfno? Por un lado todo lo relacionado con la ruta y con el asfalto, yo lo hab\u00edamos mencionado en otra oportunidad, y me parece aclarar que esto corresponde a Vialidad Provincial, que es donde se deber\u00eda hacer la gesti\u00f3n necesaria para poder reacondicionar y despu\u00e9s cuando dice \u201cque no hicieron nada, los ocho\u00a0 a\u00f1os de la gesti\u00f3n de Gustavo, mas los seis a\u00f1os de la gesti\u00f3n de Sergio Bordoni en el Municipio de Tornquist, como habitante y ciudadana de Saldungaray, puede ser que me falten algunas, pero quiero nombrarle al Concejal Fonfr\u00eda, entre las obras que se hicieron en ese momento, se hicieron las viviendas de barrio que beneficiaron a varias familias de Saldungaray, se hizo el Centro de Interpretaci\u00f3n de las Obras de Salamone, se hizo la Oficina de Turismo, se declar\u00f3 a Saldungaray como Pueblo Tur\u00edstico, se gestion\u00f3, porque eso s\u00ed fue una gesti\u00f3n, la compra de Mar\u00eda Auxiliadora donde ahora funciona la Secundaria N\u00ba 4, el CENS 451, Formaci\u00f3n Profesional, y se ayud\u00f3 a distintas instituciones de Saldungaray, despu\u00e9s el resto de mis compa\u00f1eros Concejales por ah\u00ed pueden hacer menci\u00f3n a las obras de las otras localidades. Por eso s\u00ed nosotros decimos que nos diferenciamos, porque en la gesti\u00f3n de Pino en Saldungaray la verdad que ahora celebramos este convenio de viviendas pero nos sent\u00edamos un poco abandonados, pero por ah\u00ed hay que recordar que me llama la atenci\u00f3n que el Concejal Fonfr\u00eda se acuerde de la mala gesti\u00f3n de Bordoni en este momento, y no se acord\u00f3 durante los otros cinco a\u00f1os que acompa\u00f1\u00f3 la gesti\u00f3n de Sergio Bordoni en el Municipio de Tornquist. Entonces, s\u00ed, tenemos memoria, s\u00ed, por eso somos peronistas, y justicialistas, porque creemos que a pesar de la pandemia que nos azot\u00f3, la infraestructura en la provincia es notable, no tengo los datos ac\u00e1 estad\u00edsticos, pero prometo para la pr\u00f3xima reuni\u00f3n de trabajo y sesi\u00f3n traer todo lo que se ha invertido en infraestructura en la Provincia de Buenos Aires, se est\u00e1 gestionando actualmente tambi\u00e9n la Secundaria 4 que esperemos que llegue pronto a la localidad de Saldungaray, hace poco firmamos el convenio para el SUM de la Secundaria N\u00ba 2 de Sierra de la Ventana, nombr\u00e9 reci\u00e9n lo de las viviendas, la verdad es que me parece que a pesar de haber transitado momentos dif\u00edciles se ha hecho lo posible para seguir gestionando y mejorando la vida de los bonaerenses. Y cuadro habl\u00f3 de viejas f\u00f3rmulas como fue lo de Precios Cuidados, hay viejas f\u00f3rmulas que no resultan ni de un lado ni del otro, porque tambi\u00e9n en su momentos Macri para salir de la crisis pidi\u00f3 un endeudamiento que no lleg\u00f3 a buen fin o a donde \u00e9l pretend\u00eda, y me parece que bueno, cuando hacemos memoria tenemos que hacer memoria de todo un poco, dir\u00edamos, \u00bfno?, nada m\u00e1s, solo eso, muchas gracias se\u00f1or Presidente\u201d.<\/p>\n<p>&nbsp;<\/p>\n<p>Concejal Jos\u00e9 Fonfr\u00eda:<\/p>\n<p>\u201cCoincido plenamente en que cuando hacemos memoria tenemos que tener memoria para todo, para todo, coincido en eso con la Concejal V\u00e1zquez. En primer lugar, cuando hablamos de endeudamiento si quieren tambi\u00e9n hablamos del endeudamiento del actual Gobernador de la Provincia, Axel Kiciloff, si quieren hablamos de eso tambi\u00e9n, si queremos tener memoria. Con respecto, si ella escucha bien, yo en ning\u00fan momento dije \u201cno hicieron nada\u201d, dije \u201cjustifican lo que no hicieron\u201d, son dos cosas distintas a decir no hicieron nada. En tercer lugar las casas a las que hace referencia que fueron gestionadas, y llevado a cabo durante la gesti\u00f3n de Gustavo Trankels, cabe recordar tambi\u00e9n que costaron un 50% m\u00e1s porque hubo que levantar todos los pisos, hubo que\u00a0 revocar todas las paredes de nuevo, entonces si tenemos memoria tenemos que tener memoria para todo, tiene raz\u00f3n la Concejal V\u00e1zquez. Con respecto a lo de la ruta, la ruta, la Corrales en Saldungaray, se hab\u00eda levantado totalmente, la hab\u00eda levantado la gesti\u00f3n de Gustavo, y nunca m\u00e1s se volvi\u00f3 a reasfaltar, hasta la otra gesti\u00f3n, hasta la gesti\u00f3n de Cambiemos. SE trataron, se trataron de pavimentar dos cuadras, una semana antes, sobre la Juan B. Gil, una semana antes de las elecciones, que tampoco dio resultado, digo con respecto al resultado de las elecciones. Y cuando digo lo de la ruta, lo digo porque si el actual, no se realmente cual es el cargo que ocupa dentro de Vialidad Nacional pero, el ex intendente y tiene los contactos que tiene que lo habl\u00e1bamos el otro d\u00eda, en una reuni\u00f3n con la Concejal Romero que esos contactos fueran utilizados, porque no creo que est\u00e9 tan lejos Vialidad Nacional de Provincial, entonces para eso, nada m\u00e1s se\u00f1or Presidente\u201d.<\/p>\n<p>&nbsp;<\/p>\n<p>Concejal Roc\u00edo V\u00e1zquez:<\/p>\n<p>\u201cNada. Solo aclarar la \u00faltima parte, en relaci\u00f3n a los contactos, la gesti\u00f3n se tiene que hacer desde el Ejecutivo, esa es la funci\u00f3n del Intendente, y Gustavo ha dicho p\u00fablicamente que \u00e9l est\u00e1 a disposici\u00f3n y no tiene ning\u00fan problema en colaborar en todo lo que sea necesario y beneficioso para el Distrito. Nada m\u00e1s\u201d.<\/p>\n<p>&nbsp;<\/p>\n<p>Concejal Claudio Iribarren:<\/p>\n<p>\u201cB\u00e1sicamente, me parece se manifiesta que estamos en un clima pre electoral, \u00bfno?, creo que no ameritaba este tipo de intercambios en este momento, pero si es por una cuesti\u00f3n de electoralismo ante la duda que pueda llegar\u00a0 a haber en la poblaci\u00f3n que es quien define realmente quienes han sido los intendentes que sobradamente, por algo han tenido dos gestiones, sin duda para m\u00ed Gustavo es la persona que obra por obra, localidad por localidad m\u00e1s gestion\u00f3 para este Distrito, y creo que Sergio Bordoni tambi\u00e9n ha hecho una gesti\u00f3n importante, creo son gente tremendamente comprometida y desmerecerlo desde el propio \u00e1mbito pol\u00edtico me parece una chicana. Y si es por una cuesti\u00f3n electoral, en poquito tiempo se definen estas situaciones, yo simplemente decirle a la poblaci\u00f3n que si tiene dudas, el mejor refugio siempre en la b\u00fasqueda de la justicia social fue, es y ser\u00e1 el peronismo. Nada m\u00e1s se\u00f1or Presidente\u201d.<\/p>\n<p>&nbsp;<\/p>\n<p>Concejal Juan Manuel Ibarra:<\/p>\n<p>\u201cYo voy a retomar la \u00faltima parte de la alocuci\u00f3n del Concejal Fonfr\u00eda, que dice \u201cno saben c\u00f3mo hacer para justificar lo que no hicieron\u201d. Yo creo que no saben c\u00f3mo hacer y a quien echarle las culpas para justificar puede ser que lo que no hicieron, y lo que hicieron. En referencia a las declaraciones del Intendente Bordoni, que bien aclar\u00f3 y despej\u00f3 algunas dudas la Concejal Nori, tambi\u00e9n quer\u00eda sumar alg\u00fan par de datos m\u00e1s, para que no quede en el aire, en una nota dada hace un par de d\u00edas atr\u00e1s, el Intendente nos culpa de no dejarlo gobernar, de que le votamos en contra, de que culpa nuestra si no votamos el Presupuesto, no se lo aprobamos, no van a recibir aumento los empleados, casi que dir\u00eda hasta en un tono desafiante y amenazante, por lo menos as\u00ed lo noto yo, hac\u00eda referencia concretamente al, el Intendente \u00bfno?, al aumento que no aprobamos hace unos meses atr\u00e1s de la Tasa Vial. En realidad lo que nosotros hicimos es no estar aprobando, c\u00f3mo decirlo, no estar aprobando algo que realmente estaba mal, que no correspond\u00eda. En ese momento es cuando se cierra la exportaci\u00f3n, y perjudica de manera directa a esta zona, a los productores de esta zona, y seguido a eso, y se lo digo porque yo recorro el oeste a diario, s\u00ed por mi trabajo, hab\u00eda caminos que hac\u00eda dos a\u00f1os que no pasaba una m\u00e1quina, entonces sinceramente nos parec\u00eda un desprop\u00f3sito aumentar por una Tasa que no se est\u00e1 prestando. Es por eso que, sencillamente, no aprobamos el aumento, no es que quer\u00edamos perjudicar al Intendente, seguidamente me llam\u00f3 tambi\u00e9n much\u00edsimo la atenci\u00f3n en la nota que dio, que utiliz\u00f3 much\u00edsimas veces la palabra recapacitar, est\u00e1 pidiendo a los votantes que recapaciten, sinceramente, yo lo tomar\u00eda como una falta de respeto, en caso de ser un votante. Habla de que los prestadores tur\u00edsticos tienen que recapacitar tambi\u00e9n, porque cuando vinieron a buscar respuestas se les dio respuestas, desde el Ejecutivo. A ver, creo que es lo que corresponde, para eso fue elegido, cuando ten\u00eda la camiseta de Juntos por el Cambio, de Cambiemos, y para eso est\u00e1n en funci\u00f3n, para dar respuestas, para eso estamos en funci\u00f3n, para dar respuestas. Hoy echar en cara que se est\u00e1n dando respuestas la verdad es que no, creo que no corresponde, por lo menos yo no veo y no siento la pol\u00edtica as\u00ed. Tambi\u00e9n dice del tremendo esfuerzo que est\u00e1n haciendo los pol\u00edticos, la casta pol\u00edtica, bueno yo le recuerdo al Intendente que el esfuerzo lo hizo la sociedad, estuvimos varios, casi demasiados meses cerrados, los negocios cerrados, gente sin trabajo, y sobre todo los prestadores tur\u00edsticos. Entonces, c\u00f3mo les va a decir hoy desagradecidos y que recapaciten su voto. Cuando estuvieron meses y meses cerrados, con sus negocios sin poder abrir. Es una l\u00e1stima que juegue de esta forma, como dice el Concejal Iribarren, seguramente justificado porque estamos a d\u00edas de las pr\u00f3ximas elecciones. Pero bueno, es seguir confundiendo a la gente. Personalmente creo que lo que la gente hizo en las pasadas elecciones y seguramente se van a repetir ahora, es castigar, no quiero que suene tan duro pero, castigar la traici\u00f3n, porque eso es lo que hizo el Jefe Comunal\u00a0 con algunos de sus allegados, traicionaron el voto popular, tal vez ah\u00ed tendr\u00eda que buscar las respuestas que se est\u00e1n dando en las urnas, y no echando culpas al Concejo Deliberante. Gracias se\u00f1or Presidente\u201d.<\/p>\n<p>&nbsp;<\/p>\n<p>HONORABLE CONCEJO DELIBERANTE<\/p>\n<p>&nbsp;<\/p>\n<p>&nbsp;<\/p>\n<p>&nbsp;<\/p>\n","protected":false},"excerpt":{"rendered":"<p>Comunicaciones Oficiales y Dict\u00e1menes de las Comisiones<\/p>\n","protected":false},"author":3,"featured_media":0,"comment_status":"closed","ping_status":"closed","sticky":false,"template":"","format":"standard","meta":{"footnotes":""},"categories":[28],"tags":[],"class_list":["post-64709","post","type-post","status-publish","format-standard","hentry","category-municipales"],"yoast_head":"<!-- This site is optimized with the Yoast SEO plugin v25.9 - https:\/\/yoast.com\/wordpress\/plugins\/seo\/ -->\n<title>Informe sesi\u00f3n ordinaria del Concejo Deliberante de Tornquist - Noticias Radio Reflejos<\/title>\n<meta name=\"robots\" content=\"index, follow, max-snippet:-1, max-image-preview:large, max-video-preview:-1\" \/>\n<link rel=\"canonical\" href=\"https:\/\/www.noticiasradioreflejos.com.ar\/2021\/informe-sesion-ordinaria-del-concejo-deliberante-de-tornquist\/\" \/>\n<meta property=\"og:locale\" content=\"es_ES\" \/>\n<meta property=\"og:type\" content=\"article\" \/>\n<meta property=\"og:title\" content=\"Informe sesi\u00f3n ordinaria del Concejo Deliberante de Tornquist - Noticias Radio Reflejos\" \/>\n<meta property=\"og:description\" content=\"Comunicaciones Oficiales y Dict\u00e1menes de las Comisiones\" \/>\n<meta property=\"og:url\" content=\"https:\/\/www.noticiasradioreflejos.com.ar\/2021\/informe-sesion-ordinaria-del-concejo-deliberante-de-tornquist\/\" \/>\n<meta property=\"og:site_name\" content=\"Noticias Radio Reflejos\" \/>\n<meta property=\"article:published_time\" content=\"2021-11-10T13:33:27+00:00\" \/>\n<meta property=\"og:image\" content=\"https:\/\/www.noticiasradioreflejos.com.ar\/2021\/wp-content\/uploads\/2021\/07\/logosol300x200.png\" \/>\n\t<meta property=\"og:image:width\" content=\"300\" \/>\n\t<meta property=\"og:image:height\" content=\"200\" \/>\n\t<meta property=\"og:image:type\" content=\"image\/png\" \/>\n<meta name=\"author\" content=\"Arnaldo Botto\" \/>\n<meta name=\"twitter:card\" content=\"summary_large_image\" \/>\n<script type=\"application\/ld+json\" class=\"yoast-schema-graph\">{\"@context\":\"https:\/\/schema.org\",\"@graph\":[{\"@type\":\"WebPage\",\"@id\":\"https:\/\/www.noticiasradioreflejos.com.ar\/2021\/informe-sesion-ordinaria-del-concejo-deliberante-de-tornquist\/\",\"url\":\"https:\/\/www.noticiasradioreflejos.com.ar\/2021\/informe-sesion-ordinaria-del-concejo-deliberante-de-tornquist\/\",\"name\":\"Informe sesi\u00f3n ordinaria del Concejo Deliberante de Tornquist - Noticias Radio Reflejos\",\"isPartOf\":{\"@id\":\"https:\/\/www.noticiasradioreflejos.com.ar\/2021\/#website\"},\"datePublished\":\"2021-11-10T13:33:27+00:00\",\"author\":{\"@id\":\"https:\/\/www.noticiasradioreflejos.com.ar\/2021\/#\/schema\/person\/ad82545263dcc5ec0996818884fd5fb1\"},\"breadcrumb\":{\"@id\":\"https:\/\/www.noticiasradioreflejos.com.ar\/2021\/informe-sesion-ordinaria-del-concejo-deliberante-de-tornquist\/#breadcrumb\"},\"inLanguage\":\"es\",\"potentialAction\":[{\"@type\":\"ReadAction\",\"target\":[\"https:\/\/www.noticiasradioreflejos.com.ar\/2021\/informe-sesion-ordinaria-del-concejo-deliberante-de-tornquist\/\"]}]},{\"@type\":\"BreadcrumbList\",\"@id\":\"https:\/\/www.noticiasradioreflejos.com.ar\/2021\/informe-sesion-ordinaria-del-concejo-deliberante-de-tornquist\/#breadcrumb\",\"itemListElement\":[{\"@type\":\"ListItem\",\"position\":1,\"name\":\"Portada\",\"item\":\"https:\/\/www.noticiasradioreflejos.com.ar\/2021\/\"},{\"@type\":\"ListItem\",\"position\":2,\"name\":\"Informe sesi\u00f3n ordinaria del Concejo Deliberante de Tornquist\"}]},{\"@type\":\"WebSite\",\"@id\":\"https:\/\/www.noticiasradioreflejos.com.ar\/2021\/#website\",\"url\":\"https:\/\/www.noticiasradioreflejos.com.ar\/2021\/\",\"name\":\"Noticias Radio Reflejos\",\"description\":\"Las noticias de mi comarca\",\"potentialAction\":[{\"@type\":\"SearchAction\",\"target\":{\"@type\":\"EntryPoint\",\"urlTemplate\":\"https:\/\/www.noticiasradioreflejos.com.ar\/2021\/?s={search_term_string}\"},\"query-input\":{\"@type\":\"PropertyValueSpecification\",\"valueRequired\":true,\"valueName\":\"search_term_string\"}}],\"inLanguage\":\"es\"},{\"@type\":\"Person\",\"@id\":\"https:\/\/www.noticiasradioreflejos.com.ar\/2021\/#\/schema\/person\/ad82545263dcc5ec0996818884fd5fb1\",\"name\":\"Arnaldo Botto\",\"image\":{\"@type\":\"ImageObject\",\"inLanguage\":\"es\",\"@id\":\"https:\/\/www.noticiasradioreflejos.com.ar\/2021\/#\/schema\/person\/image\/\",\"url\":\"https:\/\/secure.gravatar.com\/avatar\/55cb5e37c1efa326397366e6974cb338056df65cb50e7d64d1cf314e87504837?s=96&d=mm&r=g\",\"contentUrl\":\"https:\/\/secure.gravatar.com\/avatar\/55cb5e37c1efa326397366e6974cb338056df65cb50e7d64d1cf314e87504837?s=96&d=mm&r=g\",\"caption\":\"Arnaldo Botto\"},\"url\":\"https:\/\/www.noticiasradioreflejos.com.ar\/2021\/author\/arnaldo\/\"}]}<\/script>\n<!-- \/ Yoast SEO plugin. -->","yoast_head_json":{"title":"Informe sesi\u00f3n ordinaria del Concejo Deliberante de Tornquist - Noticias Radio Reflejos","robots":{"index":"index","follow":"follow","max-snippet":"max-snippet:-1","max-image-preview":"max-image-preview:large","max-video-preview":"max-video-preview:-1"},"canonical":"https:\/\/www.noticiasradioreflejos.com.ar\/2021\/informe-sesion-ordinaria-del-concejo-deliberante-de-tornquist\/","og_locale":"es_ES","og_type":"article","og_title":"Informe sesi\u00f3n ordinaria del Concejo Deliberante de Tornquist - Noticias Radio Reflejos","og_description":"Comunicaciones Oficiales y Dict\u00e1menes de las Comisiones","og_url":"https:\/\/www.noticiasradioreflejos.com.ar\/2021\/informe-sesion-ordinaria-del-concejo-deliberante-de-tornquist\/","og_site_name":"Noticias Radio Reflejos","article_published_time":"2021-11-10T13:33:27+00:00","og_image":[{"width":300,"height":200,"url":"https:\/\/www.noticiasradioreflejos.com.ar\/2021\/wp-content\/uploads\/2021\/07\/logosol300x200.png","type":"image\/png"}],"author":"Arnaldo Botto","twitter_card":"summary_large_image","schema":{"@context":"https:\/\/schema.org","@graph":[{"@type":"WebPage","@id":"https:\/\/www.noticiasradioreflejos.com.ar\/2021\/informe-sesion-ordinaria-del-concejo-deliberante-de-tornquist\/","url":"https:\/\/www.noticiasradioreflejos.com.ar\/2021\/informe-sesion-ordinaria-del-concejo-deliberante-de-tornquist\/","name":"Informe sesi\u00f3n ordinaria del Concejo Deliberante de Tornquist - Noticias Radio Reflejos","isPartOf":{"@id":"https:\/\/www.noticiasradioreflejos.com.ar\/2021\/#website"},"datePublished":"2021-11-10T13:33:27+00:00","author":{"@id":"https:\/\/www.noticiasradioreflejos.com.ar\/2021\/#\/schema\/person\/ad82545263dcc5ec0996818884fd5fb1"},"breadcrumb":{"@id":"https:\/\/www.noticiasradioreflejos.com.ar\/2021\/informe-sesion-ordinaria-del-concejo-deliberante-de-tornquist\/#breadcrumb"},"inLanguage":"es","potentialAction":[{"@type":"ReadAction","target":["https:\/\/www.noticiasradioreflejos.com.ar\/2021\/informe-sesion-ordinaria-del-concejo-deliberante-de-tornquist\/"]}]},{"@type":"BreadcrumbList","@id":"https:\/\/www.noticiasradioreflejos.com.ar\/2021\/informe-sesion-ordinaria-del-concejo-deliberante-de-tornquist\/#breadcrumb","itemListElement":[{"@type":"ListItem","position":1,"name":"Portada","item":"https:\/\/www.noticiasradioreflejos.com.ar\/2021\/"},{"@type":"ListItem","position":2,"name":"Informe sesi\u00f3n ordinaria del Concejo Deliberante de Tornquist"}]},{"@type":"WebSite","@id":"https:\/\/www.noticiasradioreflejos.com.ar\/2021\/#website","url":"https:\/\/www.noticiasradioreflejos.com.ar\/2021\/","name":"Noticias Radio Reflejos","description":"Las noticias de mi comarca","potentialAction":[{"@type":"SearchAction","target":{"@type":"EntryPoint","urlTemplate":"https:\/\/www.noticiasradioreflejos.com.ar\/2021\/?s={search_term_string}"},"query-input":{"@type":"PropertyValueSpecification","valueRequired":true,"valueName":"search_term_string"}}],"inLanguage":"es"},{"@type":"Person","@id":"https:\/\/www.noticiasradioreflejos.com.ar\/2021\/#\/schema\/person\/ad82545263dcc5ec0996818884fd5fb1","name":"Arnaldo Botto","image":{"@type":"ImageObject","inLanguage":"es","@id":"https:\/\/www.noticiasradioreflejos.com.ar\/2021\/#\/schema\/person\/image\/","url":"https:\/\/secure.gravatar.com\/avatar\/55cb5e37c1efa326397366e6974cb338056df65cb50e7d64d1cf314e87504837?s=96&d=mm&r=g","contentUrl":"https:\/\/secure.gravatar.com\/avatar\/55cb5e37c1efa326397366e6974cb338056df65cb50e7d64d1cf314e87504837?s=96&d=mm&r=g","caption":"Arnaldo Botto"},"url":"https:\/\/www.noticiasradioreflejos.com.ar\/2021\/author\/arnaldo\/"}]}},"_links":{"self":[{"href":"https:\/\/www.noticiasradioreflejos.com.ar\/2021\/wp-json\/wp\/v2\/posts\/64709","targetHints":{"allow":["GET"]}}],"collection":[{"href":"https:\/\/www.noticiasradioreflejos.com.ar\/2021\/wp-json\/wp\/v2\/posts"}],"about":[{"href":"https:\/\/www.noticiasradioreflejos.com.ar\/2021\/wp-json\/wp\/v2\/types\/post"}],"author":[{"embeddable":true,"href":"https:\/\/www.noticiasradioreflejos.com.ar\/2021\/wp-json\/wp\/v2\/users\/3"}],"replies":[{"embeddable":true,"href":"https:\/\/www.noticiasradioreflejos.com.ar\/2021\/wp-json\/wp\/v2\/comments?post=64709"}],"version-history":[{"count":1,"href":"https:\/\/www.noticiasradioreflejos.com.ar\/2021\/wp-json\/wp\/v2\/posts\/64709\/revisions"}],"predecessor-version":[{"id":64712,"href":"https:\/\/www.noticiasradioreflejos.com.ar\/2021\/wp-json\/wp\/v2\/posts\/64709\/revisions\/64712"}],"wp:attachment":[{"href":"https:\/\/www.noticiasradioreflejos.com.ar\/2021\/wp-json\/wp\/v2\/media?parent=64709"}],"wp:term":[{"taxonomy":"category","embeddable":true,"href":"https:\/\/www.noticiasradioreflejos.com.ar\/2021\/wp-json\/wp\/v2\/categories?post=64709"},{"taxonomy":"post_tag","embeddable":true,"href":"https:\/\/www.noticiasradioreflejos.com.ar\/2021\/wp-json\/wp\/v2\/tags?post=64709"}],"curies":[{"name":"wp","href":"https:\/\/api.w.org\/{rel}","templated":true}]}}