{"id":64704,"date":"2021-11-10T12:18:59","date_gmt":"2021-11-10T12:18:59","guid":{"rendered":"http:\/\/www.noticiasradioreflejos.com.ar\/2021\/?p=64704"},"modified":"2021-11-10T12:18:59","modified_gmt":"2021-11-10T12:18:59","slug":"recuerdan-los-70-anos-de-la-primera-eleccion-con-voto-femenino","status":"publish","type":"post","link":"https:\/\/www.noticiasradioreflejos.com.ar\/2021\/recuerdan-los-70-anos-de-la-primera-eleccion-con-voto-femenino\/","title":{"rendered":"Recuerdan los 70 a\u00f1os de la primera elecci\u00f3n con voto femenino"},"content":{"rendered":"<p>Con una actividad federal, el Ministerio de Mujeres, G\u00e9neros y Diversidad buscar\u00e1 \u00abvisibilizar las luchas que llevan adelante las mujeres y LGBTIQ+ organizadas desde hace m\u00e1s de 100 a\u00f1os para conquistar sus derechos pol\u00edticos\u00bb.<!--more--><\/p>\n<p>El Ministerio de las Mujeres, G\u00e9neros y Diversidad, a cargo de Elizabeth G\u00f3mez Alcorta, realizar\u00e1 este mi\u00e9rcoles un evento federal denominado \u00abUn voto por la paridad\u00bb, en la que se espera que miles de mujeres de todo el pa\u00eds se encuentren para conmemorar los 70 a\u00f1os de la primera vez en la historia argentina en que ejercieron su derecho al voto y a ser electas.<\/p>\n<p>La actividad, que se realizar\u00e1 durante la tarde de manera simult\u00e1nea en las plazas centrales de cada capital provincial y de la ciudad de Buenos Aires, ser\u00e1 \u00abuna experiencia l\u00fadica y creativa, en la que se proyectar\u00e1n materiales audiovisuales y se abrir\u00e1n rondas de intercambio para aportar al debate actual sobre el fortalecimiento de la democracia, la paridad y el derecho de todas, todes y todos a participar en igualdad en el \u00e1mbito p\u00fablico y de representaci\u00f3n pol\u00edtica\u00bb, seg\u00fan detallaron desde el ministerio.<\/p>\n<p><strong>A las 16.30, G\u00f3mez Alcorta participar\u00e1 de la acci\u00f3n federal en La Plata, junto a la ministra bonaerense del \u00e1rea, Estela D\u00edaz, en tanto que a las 18.15 la funcionaria estar\u00e1 en el acto que se realizar\u00e1 en la Plaza de Mayo.<\/strong><\/p>\n<figure class=\"mb-3\"><img decoding=\"async\" class=\" lazy \" src=\"https:\/\/www.telam.com.ar\/thumbs\/bluesteel\/advf\/imagenes\/2021\/11\/618ba34743c44_900.jpg\" alt=\"Actividad federal Un voto por la paridad\" \/><\/p>\n<div class=\"media-icons\"><\/div><figcaption>Actividad federal: \u00abUn voto por la paridad\u00bb<\/figcaption><\/figure>\n<p>Con esta acci\u00f3n federal, el Ministerio de la Mujer, G\u00e9neros y Diversidad tiene el objetivo de \u00abvisibilizar las luchas que llevan adelante las mujeres y LGBTIQ+ organizadas desde hace m\u00e1s de 100 a\u00f1os para conquistar sus derechos pol\u00edticos y ejercerlos en condiciones de igualdad y libres de violencias por motivos de g\u00e9nero\u00bb, consignaron a trav\u00e9s de un comunicado.<\/p>\n<p>En los diferentes puntos, participar\u00e1n de la actividad la ministra G\u00f3mez Alcorta; la secretaria de Pol\u00edticas de Igualdad y Diversidad, Mar\u00eda Cristina Perceval; la subsecretaria de Pol\u00edticas de Igualdad, Pilar Escalante; la directora nacional de Articulaci\u00f3n de Pol\u00edticas Integrales de Igualdad, Graciela Santos; y la directora de Promoci\u00f3n de la Igualdad en la Participaci\u00f3n Pol\u00edtica, Fernanda Fern\u00e1ndez.<\/p>\n<p><strong>En la provincia de Buenos Aires, el evento ser\u00e1 de 16 a 18 en La Plata<\/strong>, en el ministerio de las Mujeres, Pol\u00edticas de G\u00e9nero y Diversidad Sexual, ubicado en la\u00a0<strong>Calle 53 entre 5 y 6<\/strong>.<\/p>\n<p><strong>En la ciudad de Buenos Aires se realizar\u00e1 en la Plaza de Mayo de 16 a 19<\/strong>;\u00a0<strong>en C\u00f3rdoba ser\u00e1 a las 18 en la calle R\u00edo Uruguay 900 (Capital); y en Santa Fe se realizar\u00e1 en la explanada de \u00abEl Molino: F\u00e1brica Cultural\u00bb de 17 a 19.<\/strong><\/p>\n<figure class=\"mb-3\"><img decoding=\"async\" class=\" lazy \" src=\"https:\/\/www.telam.com.ar\/thumbs\/bluesteel\/advf\/imagenes\/2020\/11\/5fac0d55788f5_900.jpg\" alt=\"El voto femenino se materializ tras aos de lucha\" \/><\/p>\n<div class=\"media-icons\"><\/div><figcaption>El voto femenino se materializ\u00f3 tras a\u00f1os de lucha.<\/figcaption><\/figure>\n<p>El lugar y el horario en que se realizar\u00e1 la acci\u00f3n federal en las provincias por los 70 a\u00f1os del voto femenino se puede consultar en el portal Argentina.gob.ar.<\/p>\n<p>Para el Ministerio, \u00abel voto femenino es un logro que se materializ\u00f3 tras a\u00f1os de lucha de distintos sectores y que, luego de la sanci\u00f3n en 1947 de la Ley N\u00b0 13.010, impulsada por Evita, se pudo concretar gracias al despliegue territorial sin precedentes que implic\u00f3, por ejemplo, la campa\u00f1a de enrolamiento y empadronamiento que se llev\u00f3 a cabo para inscribir a las mujeres a lo ancho y a lo largo del pa\u00eds\u00bb.<\/p>\n<p>\u00abFue as\u00ed como el 11 de noviembre de 1951 las mujeres pudieron ejercer por primera vez su derecho al voto y a ser elegidas representantes\u00bb, recordaron.<\/p>\n<figure class=\"mb-3\"><img decoding=\"async\" class=\" lazy \" src=\"https:\/\/www.telam.com.ar\/thumbs\/bluesteel\/advf\/imagenes\/2020\/11\/5fac0d556e22d_900.jpg\" alt=\"El 11 de noviembre de 1951 las mujeres pudieron ejercer por primera vez su derecho al voto\" \/><\/p>\n<div class=\"media-icons\"><\/div><figcaption>El 11 de noviembre de 1951 las mujeres pudieron ejercer por primera vez su derecho al voto.<\/figcaption><\/figure>\n<p>En ese sentido, desde esa cartera advirtieron que \u00absin embargo, la construcci\u00f3n de igualdad contin\u00faa enfrentando numerosos desaf\u00edos\u00bb.<\/p>\n<p>\u00abEl camino de fortalecimiento de la paridad en la participaci\u00f3n pol\u00edtica requiere un Estado presente a trav\u00e9s de pol\u00edticas p\u00fablicas que permitan hacer realidad los compromisos asumidos con la agenda de g\u00e9nero y diversidad, con la convicci\u00f3n de que cuando la participaci\u00f3n pol\u00edtica es igualitaria, la democracia se fortalece\u00bb, remarcaron.<\/p>\n","protected":false},"excerpt":{"rendered":"<p>Con una actividad federal, el Ministerio de Mujeres, G\u00e9neros y Diversidad buscar\u00e1 \u00abvisibilizar las luchas que llevan adelante las mujeres y LGBTIQ+ organizadas desde hace m\u00e1s de 100 a\u00f1os para conquistar sus derechos pol\u00edticos\u00bb.<\/p>\n","protected":false},"author":3,"featured_media":0,"comment_status":"closed","ping_status":"closed","sticky":false,"template":"","format":"standard","meta":{"footnotes":""},"categories":[24],"tags":[],"class_list":["post-64704","post","type-post","status-publish","format-standard","hentry","category-politica"],"yoast_head":"<!-- This site is optimized with the Yoast SEO plugin v25.9 - https:\/\/yoast.com\/wordpress\/plugins\/seo\/ -->\n<title>Recuerdan los 70 a\u00f1os de la primera elecci\u00f3n con voto femenino - Noticias Radio Reflejos<\/title>\n<meta name=\"robots\" content=\"index, follow, max-snippet:-1, max-image-preview:large, max-video-preview:-1\" \/>\n<link rel=\"canonical\" href=\"https:\/\/www.noticiasradioreflejos.com.ar\/2021\/recuerdan-los-70-anos-de-la-primera-eleccion-con-voto-femenino\/\" \/>\n<meta property=\"og:locale\" content=\"es_ES\" \/>\n<meta property=\"og:type\" content=\"article\" \/>\n<meta property=\"og:title\" content=\"Recuerdan los 70 a\u00f1os de la primera elecci\u00f3n con voto femenino - Noticias Radio Reflejos\" \/>\n<meta property=\"og:description\" content=\"Con una actividad federal, el Ministerio de Mujeres, G\u00e9neros y Diversidad buscar\u00e1 \u00abvisibilizar las luchas que llevan adelante las mujeres y LGBTIQ+ organizadas desde hace m\u00e1s de 100 a\u00f1os para conquistar sus derechos pol\u00edticos\u00bb.\" \/>\n<meta property=\"og:url\" content=\"https:\/\/www.noticiasradioreflejos.com.ar\/2021\/recuerdan-los-70-anos-de-la-primera-eleccion-con-voto-femenino\/\" \/>\n<meta property=\"og:site_name\" content=\"Noticias Radio Reflejos\" \/>\n<meta property=\"article:published_time\" content=\"2021-11-10T12:18:59+00:00\" \/>\n<meta property=\"og:image\" content=\"https:\/\/www.telam.com.ar\/thumbs\/bluesteel\/advf\/imagenes\/2021\/11\/618ba34743c44_900.jpg\" \/>\n<meta name=\"author\" content=\"Arnaldo Botto\" \/>\n<meta name=\"twitter:card\" content=\"summary_large_image\" \/>\n<script type=\"application\/ld+json\" class=\"yoast-schema-graph\">{\"@context\":\"https:\/\/schema.org\",\"@graph\":[{\"@type\":\"WebPage\",\"@id\":\"https:\/\/www.noticiasradioreflejos.com.ar\/2021\/recuerdan-los-70-anos-de-la-primera-eleccion-con-voto-femenino\/\",\"url\":\"https:\/\/www.noticiasradioreflejos.com.ar\/2021\/recuerdan-los-70-anos-de-la-primera-eleccion-con-voto-femenino\/\",\"name\":\"Recuerdan los 70 a\u00f1os de la primera elecci\u00f3n con voto femenino - Noticias Radio Reflejos\",\"isPartOf\":{\"@id\":\"https:\/\/www.noticiasradioreflejos.com.ar\/2021\/#website\"},\"primaryImageOfPage\":{\"@id\":\"https:\/\/www.noticiasradioreflejos.com.ar\/2021\/recuerdan-los-70-anos-de-la-primera-eleccion-con-voto-femenino\/#primaryimage\"},\"image\":{\"@id\":\"https:\/\/www.noticiasradioreflejos.com.ar\/2021\/recuerdan-los-70-anos-de-la-primera-eleccion-con-voto-femenino\/#primaryimage\"},\"thumbnailUrl\":\"https:\/\/www.telam.com.ar\/thumbs\/bluesteel\/advf\/imagenes\/2021\/11\/618ba34743c44_900.jpg\",\"datePublished\":\"2021-11-10T12:18:59+00:00\",\"author\":{\"@id\":\"https:\/\/www.noticiasradioreflejos.com.ar\/2021\/#\/schema\/person\/ad82545263dcc5ec0996818884fd5fb1\"},\"breadcrumb\":{\"@id\":\"https:\/\/www.noticiasradioreflejos.com.ar\/2021\/recuerdan-los-70-anos-de-la-primera-eleccion-con-voto-femenino\/#breadcrumb\"},\"inLanguage\":\"es\",\"potentialAction\":[{\"@type\":\"ReadAction\",\"target\":[\"https:\/\/www.noticiasradioreflejos.com.ar\/2021\/recuerdan-los-70-anos-de-la-primera-eleccion-con-voto-femenino\/\"]}]},{\"@type\":\"ImageObject\",\"inLanguage\":\"es\",\"@id\":\"https:\/\/www.noticiasradioreflejos.com.ar\/2021\/recuerdan-los-70-anos-de-la-primera-eleccion-con-voto-femenino\/#primaryimage\",\"url\":\"https:\/\/www.telam.com.ar\/thumbs\/bluesteel\/advf\/imagenes\/2021\/11\/618ba34743c44_900.jpg\",\"contentUrl\":\"https:\/\/www.telam.com.ar\/thumbs\/bluesteel\/advf\/imagenes\/2021\/11\/618ba34743c44_900.jpg\"},{\"@type\":\"BreadcrumbList\",\"@id\":\"https:\/\/www.noticiasradioreflejos.com.ar\/2021\/recuerdan-los-70-anos-de-la-primera-eleccion-con-voto-femenino\/#breadcrumb\",\"itemListElement\":[{\"@type\":\"ListItem\",\"position\":1,\"name\":\"Portada\",\"item\":\"https:\/\/www.noticiasradioreflejos.com.ar\/2021\/\"},{\"@type\":\"ListItem\",\"position\":2,\"name\":\"Recuerdan los 70 a\u00f1os de la primera elecci\u00f3n con voto femenino\"}]},{\"@type\":\"WebSite\",\"@id\":\"https:\/\/www.noticiasradioreflejos.com.ar\/2021\/#website\",\"url\":\"https:\/\/www.noticiasradioreflejos.com.ar\/2021\/\",\"name\":\"Noticias Radio Reflejos\",\"description\":\"Las noticias de mi comarca\",\"potentialAction\":[{\"@type\":\"SearchAction\",\"target\":{\"@type\":\"EntryPoint\",\"urlTemplate\":\"https:\/\/www.noticiasradioreflejos.com.ar\/2021\/?s={search_term_string}\"},\"query-input\":{\"@type\":\"PropertyValueSpecification\",\"valueRequired\":true,\"valueName\":\"search_term_string\"}}],\"inLanguage\":\"es\"},{\"@type\":\"Person\",\"@id\":\"https:\/\/www.noticiasradioreflejos.com.ar\/2021\/#\/schema\/person\/ad82545263dcc5ec0996818884fd5fb1\",\"name\":\"Arnaldo Botto\",\"image\":{\"@type\":\"ImageObject\",\"inLanguage\":\"es\",\"@id\":\"https:\/\/www.noticiasradioreflejos.com.ar\/2021\/#\/schema\/person\/image\/\",\"url\":\"https:\/\/secure.gravatar.com\/avatar\/55cb5e37c1efa326397366e6974cb338056df65cb50e7d64d1cf314e87504837?s=96&d=mm&r=g\",\"contentUrl\":\"https:\/\/secure.gravatar.com\/avatar\/55cb5e37c1efa326397366e6974cb338056df65cb50e7d64d1cf314e87504837?s=96&d=mm&r=g\",\"caption\":\"Arnaldo Botto\"},\"url\":\"https:\/\/www.noticiasradioreflejos.com.ar\/2021\/author\/arnaldo\/\"}]}<\/script>\n<!-- \/ Yoast SEO plugin. -->","yoast_head_json":{"title":"Recuerdan los 70 a\u00f1os de la primera elecci\u00f3n con voto femenino - Noticias Radio Reflejos","robots":{"index":"index","follow":"follow","max-snippet":"max-snippet:-1","max-image-preview":"max-image-preview:large","max-video-preview":"max-video-preview:-1"},"canonical":"https:\/\/www.noticiasradioreflejos.com.ar\/2021\/recuerdan-los-70-anos-de-la-primera-eleccion-con-voto-femenino\/","og_locale":"es_ES","og_type":"article","og_title":"Recuerdan los 70 a\u00f1os de la primera elecci\u00f3n con voto femenino - Noticias Radio Reflejos","og_description":"Con una actividad federal, el Ministerio de Mujeres, G\u00e9neros y Diversidad buscar\u00e1 \u00abvisibilizar las luchas que llevan adelante las mujeres y LGBTIQ+ organizadas desde hace m\u00e1s de 100 a\u00f1os para conquistar sus derechos pol\u00edticos\u00bb.","og_url":"https:\/\/www.noticiasradioreflejos.com.ar\/2021\/recuerdan-los-70-anos-de-la-primera-eleccion-con-voto-femenino\/","og_site_name":"Noticias Radio Reflejos","article_published_time":"2021-11-10T12:18:59+00:00","og_image":[{"url":"https:\/\/www.telam.com.ar\/thumbs\/bluesteel\/advf\/imagenes\/2021\/11\/618ba34743c44_900.jpg","type":"","width":"","height":""}],"author":"Arnaldo Botto","twitter_card":"summary_large_image","schema":{"@context":"https:\/\/schema.org","@graph":[{"@type":"WebPage","@id":"https:\/\/www.noticiasradioreflejos.com.ar\/2021\/recuerdan-los-70-anos-de-la-primera-eleccion-con-voto-femenino\/","url":"https:\/\/www.noticiasradioreflejos.com.ar\/2021\/recuerdan-los-70-anos-de-la-primera-eleccion-con-voto-femenino\/","name":"Recuerdan los 70 a\u00f1os de la primera elecci\u00f3n con voto femenino - Noticias Radio Reflejos","isPartOf":{"@id":"https:\/\/www.noticiasradioreflejos.com.ar\/2021\/#website"},"primaryImageOfPage":{"@id":"https:\/\/www.noticiasradioreflejos.com.ar\/2021\/recuerdan-los-70-anos-de-la-primera-eleccion-con-voto-femenino\/#primaryimage"},"image":{"@id":"https:\/\/www.noticiasradioreflejos.com.ar\/2021\/recuerdan-los-70-anos-de-la-primera-eleccion-con-voto-femenino\/#primaryimage"},"thumbnailUrl":"https:\/\/www.telam.com.ar\/thumbs\/bluesteel\/advf\/imagenes\/2021\/11\/618ba34743c44_900.jpg","datePublished":"2021-11-10T12:18:59+00:00","author":{"@id":"https:\/\/www.noticiasradioreflejos.com.ar\/2021\/#\/schema\/person\/ad82545263dcc5ec0996818884fd5fb1"},"breadcrumb":{"@id":"https:\/\/www.noticiasradioreflejos.com.ar\/2021\/recuerdan-los-70-anos-de-la-primera-eleccion-con-voto-femenino\/#breadcrumb"},"inLanguage":"es","potentialAction":[{"@type":"ReadAction","target":["https:\/\/www.noticiasradioreflejos.com.ar\/2021\/recuerdan-los-70-anos-de-la-primera-eleccion-con-voto-femenino\/"]}]},{"@type":"ImageObject","inLanguage":"es","@id":"https:\/\/www.noticiasradioreflejos.com.ar\/2021\/recuerdan-los-70-anos-de-la-primera-eleccion-con-voto-femenino\/#primaryimage","url":"https:\/\/www.telam.com.ar\/thumbs\/bluesteel\/advf\/imagenes\/2021\/11\/618ba34743c44_900.jpg","contentUrl":"https:\/\/www.telam.com.ar\/thumbs\/bluesteel\/advf\/imagenes\/2021\/11\/618ba34743c44_900.jpg"},{"@type":"BreadcrumbList","@id":"https:\/\/www.noticiasradioreflejos.com.ar\/2021\/recuerdan-los-70-anos-de-la-primera-eleccion-con-voto-femenino\/#breadcrumb","itemListElement":[{"@type":"ListItem","position":1,"name":"Portada","item":"https:\/\/www.noticiasradioreflejos.com.ar\/2021\/"},{"@type":"ListItem","position":2,"name":"Recuerdan los 70 a\u00f1os de la primera elecci\u00f3n con voto femenino"}]},{"@type":"WebSite","@id":"https:\/\/www.noticiasradioreflejos.com.ar\/2021\/#website","url":"https:\/\/www.noticiasradioreflejos.com.ar\/2021\/","name":"Noticias Radio Reflejos","description":"Las noticias de mi comarca","potentialAction":[{"@type":"SearchAction","target":{"@type":"EntryPoint","urlTemplate":"https:\/\/www.noticiasradioreflejos.com.ar\/2021\/?s={search_term_string}"},"query-input":{"@type":"PropertyValueSpecification","valueRequired":true,"valueName":"search_term_string"}}],"inLanguage":"es"},{"@type":"Person","@id":"https:\/\/www.noticiasradioreflejos.com.ar\/2021\/#\/schema\/person\/ad82545263dcc5ec0996818884fd5fb1","name":"Arnaldo Botto","image":{"@type":"ImageObject","inLanguage":"es","@id":"https:\/\/www.noticiasradioreflejos.com.ar\/2021\/#\/schema\/person\/image\/","url":"https:\/\/secure.gravatar.com\/avatar\/55cb5e37c1efa326397366e6974cb338056df65cb50e7d64d1cf314e87504837?s=96&d=mm&r=g","contentUrl":"https:\/\/secure.gravatar.com\/avatar\/55cb5e37c1efa326397366e6974cb338056df65cb50e7d64d1cf314e87504837?s=96&d=mm&r=g","caption":"Arnaldo Botto"},"url":"https:\/\/www.noticiasradioreflejos.com.ar\/2021\/author\/arnaldo\/"}]}},"_links":{"self":[{"href":"https:\/\/www.noticiasradioreflejos.com.ar\/2021\/wp-json\/wp\/v2\/posts\/64704","targetHints":{"allow":["GET"]}}],"collection":[{"href":"https:\/\/www.noticiasradioreflejos.com.ar\/2021\/wp-json\/wp\/v2\/posts"}],"about":[{"href":"https:\/\/www.noticiasradioreflejos.com.ar\/2021\/wp-json\/wp\/v2\/types\/post"}],"author":[{"embeddable":true,"href":"https:\/\/www.noticiasradioreflejos.com.ar\/2021\/wp-json\/wp\/v2\/users\/3"}],"replies":[{"embeddable":true,"href":"https:\/\/www.noticiasradioreflejos.com.ar\/2021\/wp-json\/wp\/v2\/comments?post=64704"}],"version-history":[{"count":1,"href":"https:\/\/www.noticiasradioreflejos.com.ar\/2021\/wp-json\/wp\/v2\/posts\/64704\/revisions"}],"predecessor-version":[{"id":64706,"href":"https:\/\/www.noticiasradioreflejos.com.ar\/2021\/wp-json\/wp\/v2\/posts\/64704\/revisions\/64706"}],"wp:attachment":[{"href":"https:\/\/www.noticiasradioreflejos.com.ar\/2021\/wp-json\/wp\/v2\/media?parent=64704"}],"wp:term":[{"taxonomy":"category","embeddable":true,"href":"https:\/\/www.noticiasradioreflejos.com.ar\/2021\/wp-json\/wp\/v2\/categories?post=64704"},{"taxonomy":"post_tag","embeddable":true,"href":"https:\/\/www.noticiasradioreflejos.com.ar\/2021\/wp-json\/wp\/v2\/tags?post=64704"}],"curies":[{"name":"wp","href":"https:\/\/api.w.org\/{rel}","templated":true}]}}