{"id":64685,"date":"2021-11-10T09:58:40","date_gmt":"2021-11-10T09:58:40","guid":{"rendered":"http:\/\/www.noticiasradioreflejos.com.ar\/2021\/?p=64685"},"modified":"2021-11-10T10:08:26","modified_gmt":"2021-11-10T10:08:26","slug":"creemos-que-siendo-mayoria-vamos-a-poder-defender-todas-estas-propuestas","status":"publish","type":"post","link":"https:\/\/www.noticiasradioreflejos.com.ar\/2021\/creemos-que-siendo-mayoria-vamos-a-poder-defender-todas-estas-propuestas\/","title":{"rendered":"\u00abCreemos que siendo mayor\u00eda vamos a poder defender todas estas propuestas\u00bb."},"content":{"rendered":"<p>El candidato del <strong>Frente de Todos Tornquist<\/strong>,, comerciante y vecino de Sierra de la Ventana, nos da detalles del trabajo de la fuerza pol\u00edtica antes del cierre de campa\u00f1a con miras a las elecciones del pr\u00f3ximo domingo.<!--more--><\/p>\n<p>\u00abSomos muy positivos a lo que puede llegar a pasar el domingo. Tenemos tenencia a que por ah\u00ed podamos llegar a meter el tercer concejal, que en este caso ser\u00eda Sof\u00eda Ugarte de Saldungaray\u00bb fueron las primeras palabras del candidato a concejal por el Frente de Todos.<\/p>\n<p>Desde el partido, est\u00e1n impulsando el proyecto del Ente Mixto, que se refiere a un ente conformado entre el municipio y distintas asociaciones de comerciantes, prestadores tur\u00edsticos y dem\u00e1s. \u00abLo que queremos desde el espacio nuestro es que se lleve a cabo como corresponde. El ente mixto va a hablar por el turismo, para facilitar al vecino y al turista\u00bb. En cuanto al presupuesto, agreg\u00f3 que a\u00fan no est\u00e1 definido.<\/p>\n<p>\u00abHay que estar cerca del vecino, escuchar al vecino. Creo que la diferencia de las dos listas, que ante los ojos nuestros son parecidas, es tratar de plasmar por escrito y defender todas estas ideas y estos proyectos. Hay un mont\u00f3n en Sierra de la Ventana; hay calles para asfaltar, est\u00e1 la obra de cloacas que qued\u00f3 abandonada hace 4 o 5 a\u00f1os&#8230;\u00bb expres\u00f3 el candidato a concejal en referencia a los aspectos que se podr\u00edan trabajar desde el Honorable Concejo Deliberante.<\/p>\n<p>\u00abA lo que vamos con el Frente de Todos es apelar a que el domingo ser mayor\u00eda, para poder defender mejor en el Concejo Deliberante\u00bb les comunic\u00f3 a los oyentes. \u00abCreemos que siendo mayor\u00eda vamos a poder defender todas estas propuestas\u00bb.<\/p>\n<p>Finalmente, Juan Ignacio opin\u00f3 acerca de la carta compartida por el candidato a concejal por Juntos por Tornquist, Luis Castro: \u00abYo creo que no hay que subestimar a los j\u00f3venes. Lo que menos queremos es marearlos. Tenemos todo para salir adelante, para nosotros la comarca tur\u00edstica es una burbuja. A nivel pa\u00eds, estamos en auge. La pandemia nos golpe\u00f3 a todos, pero vamos a salir adelante\u00bb.<\/p>\n<p>Nota completa a continuaci\u00f3n:<br \/>\n<iframe loading=\"lazy\" src=\"https:\/\/w.soundcloud.com\/player\/?url=https%3A\/\/api.soundcloud.com\/tracks\/1156829320&amp;color=%23ff5500&amp;auto_play=false&amp;hide_related=false&amp;show_comments=true&amp;show_user=true&amp;show_reposts=false&amp;show_teaser=true\" width=\"100%\" height=\"166\" frameborder=\"no\" scrolling=\"no\"><\/iframe><\/p>\n<div style=\"font-size: 10px; color: #cccccc; line-break: anywhere; word-break: normal; overflow: hidden; white-space: nowrap; text-overflow: ellipsis; font-family: Interstate,Lucida Grande,Lucida Sans Unicode,Lucida Sans,Garuda,Verdana,Tahoma,sans-serif; font-weight: 100;\"><a style=\"color: #cccccc; text-decoration: none;\" title=\"fmreflejos 103.7\" href=\"https:\/\/soundcloud.com\/fmreflejos-103-7\" target=\"_blank\" rel=\"noopener\">fmreflejos 103.7<\/a> \u00b7 <a style=\"color: #cccccc; text-decoration: none;\" title=\"Juan Ignacio Monasterio\" href=\"https:\/\/soundcloud.com\/fmreflejos-103-7\/juan-ignacio-monasterio-1\" target=\"_blank\" rel=\"noopener\">Juan Ignacio Monasterio<\/a><\/div>\n","protected":false},"excerpt":{"rendered":"<p>El candidato del Frente de Todos Tornquist,, comerciante y vecino de Sierra de la Ventana, nos da detalles del trabajo de la fuerza pol\u00edtica antes del cierre de campa\u00f1a con miras a las elecciones del pr\u00f3ximo domingo.<\/p>\n","protected":false},"author":3,"featured_media":0,"comment_status":"closed","ping_status":"closed","sticky":false,"template":"","format":"standard","meta":{"footnotes":""},"categories":[24],"tags":[48],"class_list":["post-64685","post","type-post","status-publish","format-standard","hentry","category-politica","tag-destacada"],"yoast_head":"<!-- This site is optimized with the Yoast SEO plugin v25.9 - https:\/\/yoast.com\/wordpress\/plugins\/seo\/ -->\n<title>&quot;Creemos que siendo mayor\u00eda vamos a poder defender todas estas propuestas&quot;. - Noticias Radio Reflejos<\/title>\n<meta name=\"robots\" content=\"index, follow, max-snippet:-1, max-image-preview:large, max-video-preview:-1\" \/>\n<link rel=\"canonical\" href=\"https:\/\/www.noticiasradioreflejos.com.ar\/2021\/creemos-que-siendo-mayoria-vamos-a-poder-defender-todas-estas-propuestas\/\" \/>\n<meta property=\"og:locale\" content=\"es_ES\" \/>\n<meta property=\"og:type\" content=\"article\" \/>\n<meta property=\"og:title\" content=\"&quot;Creemos que siendo mayor\u00eda vamos a poder defender todas estas propuestas&quot;. - Noticias Radio Reflejos\" \/>\n<meta property=\"og:description\" content=\"El candidato del Frente de Todos Tornquist,, comerciante y vecino de Sierra de la Ventana, nos da detalles del trabajo de la fuerza pol\u00edtica antes del cierre de campa\u00f1a con miras a las elecciones del pr\u00f3ximo domingo.\" \/>\n<meta property=\"og:url\" content=\"https:\/\/www.noticiasradioreflejos.com.ar\/2021\/creemos-que-siendo-mayoria-vamos-a-poder-defender-todas-estas-propuestas\/\" \/>\n<meta property=\"og:site_name\" content=\"Noticias Radio Reflejos\" \/>\n<meta property=\"article:published_time\" content=\"2021-11-10T09:58:40+00:00\" \/>\n<meta property=\"article:modified_time\" content=\"2021-11-10T10:08:26+00:00\" \/>\n<meta property=\"og:image\" content=\"https:\/\/www.noticiasradioreflejos.com.ar\/2021\/wp-content\/uploads\/2021\/07\/logosol300x200.png\" \/>\n\t<meta property=\"og:image:width\" content=\"300\" \/>\n\t<meta property=\"og:image:height\" content=\"200\" \/>\n\t<meta property=\"og:image:type\" content=\"image\/png\" \/>\n<meta name=\"author\" content=\"Arnaldo Botto\" \/>\n<meta name=\"twitter:card\" content=\"summary_large_image\" \/>\n<script type=\"application\/ld+json\" class=\"yoast-schema-graph\">{\"@context\":\"https:\/\/schema.org\",\"@graph\":[{\"@type\":\"WebPage\",\"@id\":\"https:\/\/www.noticiasradioreflejos.com.ar\/2021\/creemos-que-siendo-mayoria-vamos-a-poder-defender-todas-estas-propuestas\/\",\"url\":\"https:\/\/www.noticiasradioreflejos.com.ar\/2021\/creemos-que-siendo-mayoria-vamos-a-poder-defender-todas-estas-propuestas\/\",\"name\":\"\\\"Creemos que siendo mayor\u00eda vamos a poder defender todas estas propuestas\\\". - Noticias Radio Reflejos\",\"isPartOf\":{\"@id\":\"https:\/\/www.noticiasradioreflejos.com.ar\/2021\/#website\"},\"datePublished\":\"2021-11-10T09:58:40+00:00\",\"dateModified\":\"2021-11-10T10:08:26+00:00\",\"author\":{\"@id\":\"https:\/\/www.noticiasradioreflejos.com.ar\/2021\/#\/schema\/person\/ad82545263dcc5ec0996818884fd5fb1\"},\"breadcrumb\":{\"@id\":\"https:\/\/www.noticiasradioreflejos.com.ar\/2021\/creemos-que-siendo-mayoria-vamos-a-poder-defender-todas-estas-propuestas\/#breadcrumb\"},\"inLanguage\":\"es\",\"potentialAction\":[{\"@type\":\"ReadAction\",\"target\":[\"https:\/\/www.noticiasradioreflejos.com.ar\/2021\/creemos-que-siendo-mayoria-vamos-a-poder-defender-todas-estas-propuestas\/\"]}]},{\"@type\":\"BreadcrumbList\",\"@id\":\"https:\/\/www.noticiasradioreflejos.com.ar\/2021\/creemos-que-siendo-mayoria-vamos-a-poder-defender-todas-estas-propuestas\/#breadcrumb\",\"itemListElement\":[{\"@type\":\"ListItem\",\"position\":1,\"name\":\"Portada\",\"item\":\"https:\/\/www.noticiasradioreflejos.com.ar\/2021\/\"},{\"@type\":\"ListItem\",\"position\":2,\"name\":\"\u00abCreemos que siendo mayor\u00eda vamos a poder defender todas estas propuestas\u00bb.\"}]},{\"@type\":\"WebSite\",\"@id\":\"https:\/\/www.noticiasradioreflejos.com.ar\/2021\/#website\",\"url\":\"https:\/\/www.noticiasradioreflejos.com.ar\/2021\/\",\"name\":\"Noticias Radio Reflejos\",\"description\":\"Las noticias de mi comarca\",\"potentialAction\":[{\"@type\":\"SearchAction\",\"target\":{\"@type\":\"EntryPoint\",\"urlTemplate\":\"https:\/\/www.noticiasradioreflejos.com.ar\/2021\/?s={search_term_string}\"},\"query-input\":{\"@type\":\"PropertyValueSpecification\",\"valueRequired\":true,\"valueName\":\"search_term_string\"}}],\"inLanguage\":\"es\"},{\"@type\":\"Person\",\"@id\":\"https:\/\/www.noticiasradioreflejos.com.ar\/2021\/#\/schema\/person\/ad82545263dcc5ec0996818884fd5fb1\",\"name\":\"Arnaldo Botto\",\"image\":{\"@type\":\"ImageObject\",\"inLanguage\":\"es\",\"@id\":\"https:\/\/www.noticiasradioreflejos.com.ar\/2021\/#\/schema\/person\/image\/\",\"url\":\"https:\/\/secure.gravatar.com\/avatar\/55cb5e37c1efa326397366e6974cb338056df65cb50e7d64d1cf314e87504837?s=96&d=mm&r=g\",\"contentUrl\":\"https:\/\/secure.gravatar.com\/avatar\/55cb5e37c1efa326397366e6974cb338056df65cb50e7d64d1cf314e87504837?s=96&d=mm&r=g\",\"caption\":\"Arnaldo Botto\"},\"url\":\"https:\/\/www.noticiasradioreflejos.com.ar\/2021\/author\/arnaldo\/\"}]}<\/script>\n<!-- \/ Yoast SEO plugin. -->","yoast_head_json":{"title":"\"Creemos que siendo mayor\u00eda vamos a poder defender todas estas propuestas\". - Noticias Radio Reflejos","robots":{"index":"index","follow":"follow","max-snippet":"max-snippet:-1","max-image-preview":"max-image-preview:large","max-video-preview":"max-video-preview:-1"},"canonical":"https:\/\/www.noticiasradioreflejos.com.ar\/2021\/creemos-que-siendo-mayoria-vamos-a-poder-defender-todas-estas-propuestas\/","og_locale":"es_ES","og_type":"article","og_title":"\"Creemos que siendo mayor\u00eda vamos a poder defender todas estas propuestas\". - Noticias Radio Reflejos","og_description":"El candidato del Frente de Todos Tornquist,, comerciante y vecino de Sierra de la Ventana, nos da detalles del trabajo de la fuerza pol\u00edtica antes del cierre de campa\u00f1a con miras a las elecciones del pr\u00f3ximo domingo.","og_url":"https:\/\/www.noticiasradioreflejos.com.ar\/2021\/creemos-que-siendo-mayoria-vamos-a-poder-defender-todas-estas-propuestas\/","og_site_name":"Noticias Radio Reflejos","article_published_time":"2021-11-10T09:58:40+00:00","article_modified_time":"2021-11-10T10:08:26+00:00","og_image":[{"width":300,"height":200,"url":"https:\/\/www.noticiasradioreflejos.com.ar\/2021\/wp-content\/uploads\/2021\/07\/logosol300x200.png","type":"image\/png"}],"author":"Arnaldo Botto","twitter_card":"summary_large_image","schema":{"@context":"https:\/\/schema.org","@graph":[{"@type":"WebPage","@id":"https:\/\/www.noticiasradioreflejos.com.ar\/2021\/creemos-que-siendo-mayoria-vamos-a-poder-defender-todas-estas-propuestas\/","url":"https:\/\/www.noticiasradioreflejos.com.ar\/2021\/creemos-que-siendo-mayoria-vamos-a-poder-defender-todas-estas-propuestas\/","name":"\"Creemos que siendo mayor\u00eda vamos a poder defender todas estas propuestas\". - Noticias Radio Reflejos","isPartOf":{"@id":"https:\/\/www.noticiasradioreflejos.com.ar\/2021\/#website"},"datePublished":"2021-11-10T09:58:40+00:00","dateModified":"2021-11-10T10:08:26+00:00","author":{"@id":"https:\/\/www.noticiasradioreflejos.com.ar\/2021\/#\/schema\/person\/ad82545263dcc5ec0996818884fd5fb1"},"breadcrumb":{"@id":"https:\/\/www.noticiasradioreflejos.com.ar\/2021\/creemos-que-siendo-mayoria-vamos-a-poder-defender-todas-estas-propuestas\/#breadcrumb"},"inLanguage":"es","potentialAction":[{"@type":"ReadAction","target":["https:\/\/www.noticiasradioreflejos.com.ar\/2021\/creemos-que-siendo-mayoria-vamos-a-poder-defender-todas-estas-propuestas\/"]}]},{"@type":"BreadcrumbList","@id":"https:\/\/www.noticiasradioreflejos.com.ar\/2021\/creemos-que-siendo-mayoria-vamos-a-poder-defender-todas-estas-propuestas\/#breadcrumb","itemListElement":[{"@type":"ListItem","position":1,"name":"Portada","item":"https:\/\/www.noticiasradioreflejos.com.ar\/2021\/"},{"@type":"ListItem","position":2,"name":"\u00abCreemos que siendo mayor\u00eda vamos a poder defender todas estas propuestas\u00bb."}]},{"@type":"WebSite","@id":"https:\/\/www.noticiasradioreflejos.com.ar\/2021\/#website","url":"https:\/\/www.noticiasradioreflejos.com.ar\/2021\/","name":"Noticias Radio Reflejos","description":"Las noticias de mi comarca","potentialAction":[{"@type":"SearchAction","target":{"@type":"EntryPoint","urlTemplate":"https:\/\/www.noticiasradioreflejos.com.ar\/2021\/?s={search_term_string}"},"query-input":{"@type":"PropertyValueSpecification","valueRequired":true,"valueName":"search_term_string"}}],"inLanguage":"es"},{"@type":"Person","@id":"https:\/\/www.noticiasradioreflejos.com.ar\/2021\/#\/schema\/person\/ad82545263dcc5ec0996818884fd5fb1","name":"Arnaldo Botto","image":{"@type":"ImageObject","inLanguage":"es","@id":"https:\/\/www.noticiasradioreflejos.com.ar\/2021\/#\/schema\/person\/image\/","url":"https:\/\/secure.gravatar.com\/avatar\/55cb5e37c1efa326397366e6974cb338056df65cb50e7d64d1cf314e87504837?s=96&d=mm&r=g","contentUrl":"https:\/\/secure.gravatar.com\/avatar\/55cb5e37c1efa326397366e6974cb338056df65cb50e7d64d1cf314e87504837?s=96&d=mm&r=g","caption":"Arnaldo Botto"},"url":"https:\/\/www.noticiasradioreflejos.com.ar\/2021\/author\/arnaldo\/"}]}},"_links":{"self":[{"href":"https:\/\/www.noticiasradioreflejos.com.ar\/2021\/wp-json\/wp\/v2\/posts\/64685","targetHints":{"allow":["GET"]}}],"collection":[{"href":"https:\/\/www.noticiasradioreflejos.com.ar\/2021\/wp-json\/wp\/v2\/posts"}],"about":[{"href":"https:\/\/www.noticiasradioreflejos.com.ar\/2021\/wp-json\/wp\/v2\/types\/post"}],"author":[{"embeddable":true,"href":"https:\/\/www.noticiasradioreflejos.com.ar\/2021\/wp-json\/wp\/v2\/users\/3"}],"replies":[{"embeddable":true,"href":"https:\/\/www.noticiasradioreflejos.com.ar\/2021\/wp-json\/wp\/v2\/comments?post=64685"}],"version-history":[{"count":4,"href":"https:\/\/www.noticiasradioreflejos.com.ar\/2021\/wp-json\/wp\/v2\/posts\/64685\/revisions"}],"predecessor-version":[{"id":64696,"href":"https:\/\/www.noticiasradioreflejos.com.ar\/2021\/wp-json\/wp\/v2\/posts\/64685\/revisions\/64696"}],"wp:attachment":[{"href":"https:\/\/www.noticiasradioreflejos.com.ar\/2021\/wp-json\/wp\/v2\/media?parent=64685"}],"wp:term":[{"taxonomy":"category","embeddable":true,"href":"https:\/\/www.noticiasradioreflejos.com.ar\/2021\/wp-json\/wp\/v2\/categories?post=64685"},{"taxonomy":"post_tag","embeddable":true,"href":"https:\/\/www.noticiasradioreflejos.com.ar\/2021\/wp-json\/wp\/v2\/tags?post=64685"}],"curies":[{"name":"wp","href":"https:\/\/api.w.org\/{rel}","templated":true}]}}