{"id":64292,"date":"2021-10-28T21:54:43","date_gmt":"2021-10-28T21:54:43","guid":{"rendered":"http:\/\/www.noticiasradioreflejos.com.ar\/2021\/?p=64292"},"modified":"2021-10-28T21:54:57","modified_gmt":"2021-10-28T21:54:57","slug":"juan-piedrabuena-el-joven-de-saldungaray-apasionado-por-el-voley-que-entrena-con-la-seleccion-nacional-en-el-cenard","status":"publish","type":"post","link":"https:\/\/www.noticiasradioreflejos.com.ar\/2021\/juan-piedrabuena-el-joven-de-saldungaray-apasionado-por-el-voley-que-entrena-con-la-seleccion-nacional-en-el-cenard\/","title":{"rendered":"Juan Piedrabuena: El joven de Saldungaray apasionado por el Voley que entrena con la Selecci\u00f3n Nacional en el CENARD"},"content":{"rendered":"<p><strong>Juan Bautista Piedrabuena<\/strong> es un deportista de 17 a\u00f1os oriundo de Saldungaray, preseleccionado por la Selecci\u00f3n Argentina de Voley. Esta ma\u00f1ana, conversamos con su padre, el profesor de Educaci\u00f3n F\u00edsica Eber Piedrabuena, para que nos comparta los detalles de esta pre selecci\u00f3n de Juan y nos comente c\u00f3mo se siente.<!--more--><\/p>\n<p>\u00abLa verdad que la emoci\u00f3n es muy grande, compartida con los amigos, los conocidos y mucho tambi\u00e9n con los compa\u00f1eros y el cuerpo t\u00e9cnico de Bah\u00eda Blanca. Juan tiene 16 a\u00f1os y est\u00e1 jugando en Liniers en varias categor\u00edas, ahora est\u00e1 entrenando con la primera divisi\u00f3n de Liniers que se est\u00e1 preparando para ir a San Juan en la Liga Federal\u00bb mencion\u00f3 orgulloso el pap\u00e1 de Juan.<\/p>\n<p><a title=\"Juan Piedra pegando\" href=\"https:\/\/www.flickr.com\/photos\/182279889@N02\/51636507200\/in\/dateposted-public\/\" data-flickr-embed=\"true\"><img loading=\"lazy\" decoding=\"async\" src=\"https:\/\/live.staticflickr.com\/65535\/51636507200_5bb9f08b29.jpg\" alt=\"Juan Piedra pegando\" width=\"479\" height=\"427\" \/><\/a><script async src=\"\/\/embedr.flickr.com\/assets\/client-code.js\" charset=\"utf-8\"><\/script><br \/>\n<span style=\"color: #339966;\"><strong><em>Bien arriba, en el ataque; Juan Bautista con sus inmejorables condiciones f\u00edsicas y t\u00e9cnicas.<\/em><\/strong><\/span><\/p>\n<p>Eber explic\u00f3 que Juan est\u00e1 pre seleccionado para la U17 de la Selecci\u00f3n. \u00abConvocaron a chicos categor\u00eda 2005 \/ 2006, se les hicieron algunas evaluaciones y algunos requisitos, y, dentro de esos requisitos que ped\u00edan, Juan cumpl\u00eda con los par\u00e1metros\u00bb. Mencion\u00f3 que las condiciones eran la altura mayor a 1.85, alcance de una mano, alcance de las dos manos y salto de ataque.<\/p>\n<p>&nbsp;<\/p>\n<p>\u00ab\u00c9l est\u00e1 feliz. Su pasi\u00f3n es el voley, no se pierde ning\u00fan entrenamiento, se volvi\u00f3 fan\u00e1tico del voley\u00bb comparti\u00f3 c\u00f3mo se siente su hijo con la disciplina. \u00abEstoy eternamente agradecido y con el grupo humano que tiene el Club Liniers\u00bb destac\u00f3 el compa\u00f1erismo y el aliento de los compa\u00f1eros y el t\u00e9cnico de Juan.<\/p>\n<p><a title=\"Juan Piedrabuena\" href=\"https:\/\/www.flickr.com\/photos\/182279889@N02\/51635869313\/in\/dateposted-public\/\" data-flickr-embed=\"true\"><img loading=\"lazy\" decoding=\"async\" src=\"https:\/\/live.staticflickr.com\/65535\/51635869313_3c3f20466c_z.jpg\" alt=\"Juan Piedrabuena\" width=\"640\" height=\"427\" \/><\/a><script async src=\"\/\/embedr.flickr.com\/assets\/client-code.js\" charset=\"utf-8\"><\/script><br \/>\n<span style=\"color: #339966;\"><strong><em>Juan con la camiseta de Liniers de Bah\u00eda Blanca<\/em><\/strong><\/span><\/p>\n<p>Le preguntamos a Eber qu\u00e9 es lo que se definir\u00e1 en el CeNARD de aqu\u00ed al martes: \u00abEsto es una pre selecci\u00f3n. No s\u00e9 si habr\u00e1 alg\u00fan torneo, pero es un plan de captaci\u00f3n en el cual se van a definir los chicos con los cuales van a seguir trabajando de ac\u00e1 en adelante\u00bb.<\/p>\n<p><em>Nota completa a continuaci\u00f3n:<\/em><br \/>\n<iframe loading=\"lazy\" src=\"https:\/\/w.soundcloud.com\/player\/?url=https%3A\/\/api.soundcloud.com\/tracks\/1149817528&amp;color=%23ff5500&amp;auto_play=false&amp;hide_related=false&amp;show_comments=true&amp;show_user=true&amp;show_reposts=false&amp;show_teaser=true\" width=\"100%\" height=\"166\" frameborder=\"no\" scrolling=\"no\"><\/iframe><\/p>\n<div style=\"font-size: 10px; color: #cccccc; line-break: anywhere; word-break: normal; overflow: hidden; white-space: nowrap; text-overflow: ellipsis; font-family: Interstate,Lucida Grande,Lucida Sans Unicode,Lucida Sans,Garuda,Verdana,Tahoma,sans-serif; font-weight: 100;\"><a style=\"color: #cccccc; text-decoration: none;\" title=\"fmreflejos 103.7\" href=\"https:\/\/soundcloud.com\/fmreflejos-103-7\" target=\"_blank\" rel=\"noopener\">fmreflejos 103.7<\/a> \u00b7 <a style=\"color: #cccccc; text-decoration: none;\" title=\"Eber Piedrabuena\" href=\"https:\/\/soundcloud.com\/fmreflejos-103-7\/eber-piedrabuena-3\" target=\"_blank\" rel=\"noopener\">Eber Piedrabuena<\/a><\/div>\n<p><a title=\"juan piedra (2)\" href=\"https:\/\/www.flickr.com\/photos\/182279889@N02\/51634821332\/in\/dateposted-public\/\" data-flickr-embed=\"true\"><img loading=\"lazy\" decoding=\"async\" src=\"https:\/\/live.staticflickr.com\/65535\/51634821332_40c58fea98.jpg\" alt=\"juan piedra (2)\" width=\"500\" height=\"375\" \/><\/a><script async src=\"\/\/embedr.flickr.com\/assets\/client-code.js\" charset=\"utf-8\"><\/script><\/p>\n","protected":false},"excerpt":{"rendered":"<p>Juan Bautista Piedrabuena es un deportista de 17 a\u00f1os oriundo de Saldungaray, preseleccionado por la Selecci\u00f3n Argentina de Voley. Esta ma\u00f1ana, conversamos con su padre, el profesor de Educaci\u00f3n F\u00edsica Eber Piedrabuena, para que nos comparta los detalles de esta pre selecci\u00f3n de Juan y nos comente c\u00f3mo se siente.<\/p>\n","protected":false},"author":3,"featured_media":0,"comment_status":"closed","ping_status":"closed","sticky":false,"template":"","format":"standard","meta":{"footnotes":""},"categories":[27],"tags":[48],"class_list":["post-64292","post","type-post","status-publish","format-standard","hentry","category-deportes","tag-destacada"],"yoast_head":"<!-- This site is optimized with the Yoast SEO plugin v25.9 - https:\/\/yoast.com\/wordpress\/plugins\/seo\/ -->\n<title>Juan Piedrabuena: El joven de Saldungaray apasionado por el Voley que entrena con la Selecci\u00f3n Nacional en el CENARD - Noticias Radio Reflejos<\/title>\n<meta name=\"robots\" content=\"index, follow, max-snippet:-1, max-image-preview:large, max-video-preview:-1\" \/>\n<link rel=\"canonical\" href=\"https:\/\/www.noticiasradioreflejos.com.ar\/2021\/juan-piedrabuena-el-joven-de-saldungaray-apasionado-por-el-voley-que-entrena-con-la-seleccion-nacional-en-el-cenard\/\" \/>\n<meta property=\"og:locale\" content=\"es_ES\" \/>\n<meta property=\"og:type\" content=\"article\" \/>\n<meta property=\"og:title\" content=\"Juan Piedrabuena: El joven de Saldungaray apasionado por el Voley que entrena con la Selecci\u00f3n Nacional en el CENARD - Noticias Radio Reflejos\" \/>\n<meta property=\"og:description\" content=\"Juan Bautista Piedrabuena es un deportista de 17 a\u00f1os oriundo de Saldungaray, preseleccionado por la Selecci\u00f3n Argentina de Voley. Esta ma\u00f1ana, conversamos con su padre, el profesor de Educaci\u00f3n F\u00edsica Eber Piedrabuena, para que nos comparta los detalles de esta pre selecci\u00f3n de Juan y nos comente c\u00f3mo se siente.\" \/>\n<meta property=\"og:url\" content=\"https:\/\/www.noticiasradioreflejos.com.ar\/2021\/juan-piedrabuena-el-joven-de-saldungaray-apasionado-por-el-voley-que-entrena-con-la-seleccion-nacional-en-el-cenard\/\" \/>\n<meta property=\"og:site_name\" content=\"Noticias Radio Reflejos\" \/>\n<meta property=\"article:published_time\" content=\"2021-10-28T21:54:43+00:00\" \/>\n<meta property=\"article:modified_time\" content=\"2021-10-28T21:54:57+00:00\" \/>\n<meta property=\"og:image\" content=\"https:\/\/live.staticflickr.com\/65535\/51636507200_5bb9f08b29.jpg\" \/>\n<meta name=\"author\" content=\"Arnaldo Botto\" \/>\n<meta name=\"twitter:card\" content=\"summary_large_image\" \/>\n<script type=\"application\/ld+json\" class=\"yoast-schema-graph\">{\"@context\":\"https:\/\/schema.org\",\"@graph\":[{\"@type\":\"WebPage\",\"@id\":\"https:\/\/www.noticiasradioreflejos.com.ar\/2021\/juan-piedrabuena-el-joven-de-saldungaray-apasionado-por-el-voley-que-entrena-con-la-seleccion-nacional-en-el-cenard\/\",\"url\":\"https:\/\/www.noticiasradioreflejos.com.ar\/2021\/juan-piedrabuena-el-joven-de-saldungaray-apasionado-por-el-voley-que-entrena-con-la-seleccion-nacional-en-el-cenard\/\",\"name\":\"Juan Piedrabuena: El joven de Saldungaray apasionado por el Voley que entrena con la Selecci\u00f3n Nacional en el CENARD - Noticias Radio Reflejos\",\"isPartOf\":{\"@id\":\"https:\/\/www.noticiasradioreflejos.com.ar\/2021\/#website\"},\"primaryImageOfPage\":{\"@id\":\"https:\/\/www.noticiasradioreflejos.com.ar\/2021\/juan-piedrabuena-el-joven-de-saldungaray-apasionado-por-el-voley-que-entrena-con-la-seleccion-nacional-en-el-cenard\/#primaryimage\"},\"image\":{\"@id\":\"https:\/\/www.noticiasradioreflejos.com.ar\/2021\/juan-piedrabuena-el-joven-de-saldungaray-apasionado-por-el-voley-que-entrena-con-la-seleccion-nacional-en-el-cenard\/#primaryimage\"},\"thumbnailUrl\":\"https:\/\/live.staticflickr.com\/65535\/51636507200_5bb9f08b29.jpg\",\"datePublished\":\"2021-10-28T21:54:43+00:00\",\"dateModified\":\"2021-10-28T21:54:57+00:00\",\"author\":{\"@id\":\"https:\/\/www.noticiasradioreflejos.com.ar\/2021\/#\/schema\/person\/ad82545263dcc5ec0996818884fd5fb1\"},\"breadcrumb\":{\"@id\":\"https:\/\/www.noticiasradioreflejos.com.ar\/2021\/juan-piedrabuena-el-joven-de-saldungaray-apasionado-por-el-voley-que-entrena-con-la-seleccion-nacional-en-el-cenard\/#breadcrumb\"},\"inLanguage\":\"es\",\"potentialAction\":[{\"@type\":\"ReadAction\",\"target\":[\"https:\/\/www.noticiasradioreflejos.com.ar\/2021\/juan-piedrabuena-el-joven-de-saldungaray-apasionado-por-el-voley-que-entrena-con-la-seleccion-nacional-en-el-cenard\/\"]}]},{\"@type\":\"ImageObject\",\"inLanguage\":\"es\",\"@id\":\"https:\/\/www.noticiasradioreflejos.com.ar\/2021\/juan-piedrabuena-el-joven-de-saldungaray-apasionado-por-el-voley-que-entrena-con-la-seleccion-nacional-en-el-cenard\/#primaryimage\",\"url\":\"https:\/\/live.staticflickr.com\/65535\/51636507200_5bb9f08b29.jpg\",\"contentUrl\":\"https:\/\/live.staticflickr.com\/65535\/51636507200_5bb9f08b29.jpg\"},{\"@type\":\"BreadcrumbList\",\"@id\":\"https:\/\/www.noticiasradioreflejos.com.ar\/2021\/juan-piedrabuena-el-joven-de-saldungaray-apasionado-por-el-voley-que-entrena-con-la-seleccion-nacional-en-el-cenard\/#breadcrumb\",\"itemListElement\":[{\"@type\":\"ListItem\",\"position\":1,\"name\":\"Portada\",\"item\":\"https:\/\/www.noticiasradioreflejos.com.ar\/2021\/\"},{\"@type\":\"ListItem\",\"position\":2,\"name\":\"Juan Piedrabuena: El joven de Saldungaray apasionado por el Voley que entrena con la Selecci\u00f3n Nacional en el CENARD\"}]},{\"@type\":\"WebSite\",\"@id\":\"https:\/\/www.noticiasradioreflejos.com.ar\/2021\/#website\",\"url\":\"https:\/\/www.noticiasradioreflejos.com.ar\/2021\/\",\"name\":\"Noticias Radio Reflejos\",\"description\":\"Las noticias de mi comarca\",\"potentialAction\":[{\"@type\":\"SearchAction\",\"target\":{\"@type\":\"EntryPoint\",\"urlTemplate\":\"https:\/\/www.noticiasradioreflejos.com.ar\/2021\/?s={search_term_string}\"},\"query-input\":{\"@type\":\"PropertyValueSpecification\",\"valueRequired\":true,\"valueName\":\"search_term_string\"}}],\"inLanguage\":\"es\"},{\"@type\":\"Person\",\"@id\":\"https:\/\/www.noticiasradioreflejos.com.ar\/2021\/#\/schema\/person\/ad82545263dcc5ec0996818884fd5fb1\",\"name\":\"Arnaldo Botto\",\"image\":{\"@type\":\"ImageObject\",\"inLanguage\":\"es\",\"@id\":\"https:\/\/www.noticiasradioreflejos.com.ar\/2021\/#\/schema\/person\/image\/\",\"url\":\"https:\/\/secure.gravatar.com\/avatar\/55cb5e37c1efa326397366e6974cb338056df65cb50e7d64d1cf314e87504837?s=96&d=mm&r=g\",\"contentUrl\":\"https:\/\/secure.gravatar.com\/avatar\/55cb5e37c1efa326397366e6974cb338056df65cb50e7d64d1cf314e87504837?s=96&d=mm&r=g\",\"caption\":\"Arnaldo Botto\"},\"url\":\"https:\/\/www.noticiasradioreflejos.com.ar\/2021\/author\/arnaldo\/\"}]}<\/script>\n<!-- \/ Yoast SEO plugin. -->","yoast_head_json":{"title":"Juan Piedrabuena: El joven de Saldungaray apasionado por el Voley que entrena con la Selecci\u00f3n Nacional en el CENARD - Noticias Radio Reflejos","robots":{"index":"index","follow":"follow","max-snippet":"max-snippet:-1","max-image-preview":"max-image-preview:large","max-video-preview":"max-video-preview:-1"},"canonical":"https:\/\/www.noticiasradioreflejos.com.ar\/2021\/juan-piedrabuena-el-joven-de-saldungaray-apasionado-por-el-voley-que-entrena-con-la-seleccion-nacional-en-el-cenard\/","og_locale":"es_ES","og_type":"article","og_title":"Juan Piedrabuena: El joven de Saldungaray apasionado por el Voley que entrena con la Selecci\u00f3n Nacional en el CENARD - Noticias Radio Reflejos","og_description":"Juan Bautista Piedrabuena es un deportista de 17 a\u00f1os oriundo de Saldungaray, preseleccionado por la Selecci\u00f3n Argentina de Voley. Esta ma\u00f1ana, conversamos con su padre, el profesor de Educaci\u00f3n F\u00edsica Eber Piedrabuena, para que nos comparta los detalles de esta pre selecci\u00f3n de Juan y nos comente c\u00f3mo se siente.","og_url":"https:\/\/www.noticiasradioreflejos.com.ar\/2021\/juan-piedrabuena-el-joven-de-saldungaray-apasionado-por-el-voley-que-entrena-con-la-seleccion-nacional-en-el-cenard\/","og_site_name":"Noticias Radio Reflejos","article_published_time":"2021-10-28T21:54:43+00:00","article_modified_time":"2021-10-28T21:54:57+00:00","og_image":[{"url":"https:\/\/live.staticflickr.com\/65535\/51636507200_5bb9f08b29.jpg","type":"","width":"","height":""}],"author":"Arnaldo Botto","twitter_card":"summary_large_image","schema":{"@context":"https:\/\/schema.org","@graph":[{"@type":"WebPage","@id":"https:\/\/www.noticiasradioreflejos.com.ar\/2021\/juan-piedrabuena-el-joven-de-saldungaray-apasionado-por-el-voley-que-entrena-con-la-seleccion-nacional-en-el-cenard\/","url":"https:\/\/www.noticiasradioreflejos.com.ar\/2021\/juan-piedrabuena-el-joven-de-saldungaray-apasionado-por-el-voley-que-entrena-con-la-seleccion-nacional-en-el-cenard\/","name":"Juan Piedrabuena: El joven de Saldungaray apasionado por el Voley que entrena con la Selecci\u00f3n Nacional en el CENARD - Noticias Radio Reflejos","isPartOf":{"@id":"https:\/\/www.noticiasradioreflejos.com.ar\/2021\/#website"},"primaryImageOfPage":{"@id":"https:\/\/www.noticiasradioreflejos.com.ar\/2021\/juan-piedrabuena-el-joven-de-saldungaray-apasionado-por-el-voley-que-entrena-con-la-seleccion-nacional-en-el-cenard\/#primaryimage"},"image":{"@id":"https:\/\/www.noticiasradioreflejos.com.ar\/2021\/juan-piedrabuena-el-joven-de-saldungaray-apasionado-por-el-voley-que-entrena-con-la-seleccion-nacional-en-el-cenard\/#primaryimage"},"thumbnailUrl":"https:\/\/live.staticflickr.com\/65535\/51636507200_5bb9f08b29.jpg","datePublished":"2021-10-28T21:54:43+00:00","dateModified":"2021-10-28T21:54:57+00:00","author":{"@id":"https:\/\/www.noticiasradioreflejos.com.ar\/2021\/#\/schema\/person\/ad82545263dcc5ec0996818884fd5fb1"},"breadcrumb":{"@id":"https:\/\/www.noticiasradioreflejos.com.ar\/2021\/juan-piedrabuena-el-joven-de-saldungaray-apasionado-por-el-voley-que-entrena-con-la-seleccion-nacional-en-el-cenard\/#breadcrumb"},"inLanguage":"es","potentialAction":[{"@type":"ReadAction","target":["https:\/\/www.noticiasradioreflejos.com.ar\/2021\/juan-piedrabuena-el-joven-de-saldungaray-apasionado-por-el-voley-que-entrena-con-la-seleccion-nacional-en-el-cenard\/"]}]},{"@type":"ImageObject","inLanguage":"es","@id":"https:\/\/www.noticiasradioreflejos.com.ar\/2021\/juan-piedrabuena-el-joven-de-saldungaray-apasionado-por-el-voley-que-entrena-con-la-seleccion-nacional-en-el-cenard\/#primaryimage","url":"https:\/\/live.staticflickr.com\/65535\/51636507200_5bb9f08b29.jpg","contentUrl":"https:\/\/live.staticflickr.com\/65535\/51636507200_5bb9f08b29.jpg"},{"@type":"BreadcrumbList","@id":"https:\/\/www.noticiasradioreflejos.com.ar\/2021\/juan-piedrabuena-el-joven-de-saldungaray-apasionado-por-el-voley-que-entrena-con-la-seleccion-nacional-en-el-cenard\/#breadcrumb","itemListElement":[{"@type":"ListItem","position":1,"name":"Portada","item":"https:\/\/www.noticiasradioreflejos.com.ar\/2021\/"},{"@type":"ListItem","position":2,"name":"Juan Piedrabuena: El joven de Saldungaray apasionado por el Voley que entrena con la Selecci\u00f3n Nacional en el CENARD"}]},{"@type":"WebSite","@id":"https:\/\/www.noticiasradioreflejos.com.ar\/2021\/#website","url":"https:\/\/www.noticiasradioreflejos.com.ar\/2021\/","name":"Noticias Radio Reflejos","description":"Las noticias de mi comarca","potentialAction":[{"@type":"SearchAction","target":{"@type":"EntryPoint","urlTemplate":"https:\/\/www.noticiasradioreflejos.com.ar\/2021\/?s={search_term_string}"},"query-input":{"@type":"PropertyValueSpecification","valueRequired":true,"valueName":"search_term_string"}}],"inLanguage":"es"},{"@type":"Person","@id":"https:\/\/www.noticiasradioreflejos.com.ar\/2021\/#\/schema\/person\/ad82545263dcc5ec0996818884fd5fb1","name":"Arnaldo Botto","image":{"@type":"ImageObject","inLanguage":"es","@id":"https:\/\/www.noticiasradioreflejos.com.ar\/2021\/#\/schema\/person\/image\/","url":"https:\/\/secure.gravatar.com\/avatar\/55cb5e37c1efa326397366e6974cb338056df65cb50e7d64d1cf314e87504837?s=96&d=mm&r=g","contentUrl":"https:\/\/secure.gravatar.com\/avatar\/55cb5e37c1efa326397366e6974cb338056df65cb50e7d64d1cf314e87504837?s=96&d=mm&r=g","caption":"Arnaldo Botto"},"url":"https:\/\/www.noticiasradioreflejos.com.ar\/2021\/author\/arnaldo\/"}]}},"_links":{"self":[{"href":"https:\/\/www.noticiasradioreflejos.com.ar\/2021\/wp-json\/wp\/v2\/posts\/64292","targetHints":{"allow":["GET"]}}],"collection":[{"href":"https:\/\/www.noticiasradioreflejos.com.ar\/2021\/wp-json\/wp\/v2\/posts"}],"about":[{"href":"https:\/\/www.noticiasradioreflejos.com.ar\/2021\/wp-json\/wp\/v2\/types\/post"}],"author":[{"embeddable":true,"href":"https:\/\/www.noticiasradioreflejos.com.ar\/2021\/wp-json\/wp\/v2\/users\/3"}],"replies":[{"embeddable":true,"href":"https:\/\/www.noticiasradioreflejos.com.ar\/2021\/wp-json\/wp\/v2\/comments?post=64292"}],"version-history":[{"count":2,"href":"https:\/\/www.noticiasradioreflejos.com.ar\/2021\/wp-json\/wp\/v2\/posts\/64292\/revisions"}],"predecessor-version":[{"id":64299,"href":"https:\/\/www.noticiasradioreflejos.com.ar\/2021\/wp-json\/wp\/v2\/posts\/64292\/revisions\/64299"}],"wp:attachment":[{"href":"https:\/\/www.noticiasradioreflejos.com.ar\/2021\/wp-json\/wp\/v2\/media?parent=64292"}],"wp:term":[{"taxonomy":"category","embeddable":true,"href":"https:\/\/www.noticiasradioreflejos.com.ar\/2021\/wp-json\/wp\/v2\/categories?post=64292"},{"taxonomy":"post_tag","embeddable":true,"href":"https:\/\/www.noticiasradioreflejos.com.ar\/2021\/wp-json\/wp\/v2\/tags?post=64292"}],"curies":[{"name":"wp","href":"https:\/\/api.w.org\/{rel}","templated":true}]}}