{"id":64287,"date":"2021-10-28T21:27:52","date_gmt":"2021-10-28T21:27:52","guid":{"rendered":"http:\/\/www.noticiasradioreflejos.com.ar\/2021\/?p=64287"},"modified":"2021-10-28T21:30:45","modified_gmt":"2021-10-28T21:30:45","slug":"vimos-toda-la-potencialidad-y-las-necesidades-de-los-distintos-refuerzos-para-generar-trabajo-genuino-y-puestos-laborales","status":"publish","type":"post","link":"https:\/\/www.noticiasradioreflejos.com.ar\/2021\/vimos-toda-la-potencialidad-y-las-necesidades-de-los-distintos-refuerzos-para-generar-trabajo-genuino-y-puestos-laborales\/","title":{"rendered":"\u00abVimos toda la potencialidad y las necesidades de los distintos refuerzos para generar trabajo genuino y puestos laborales\u00bb."},"content":{"rendered":"<p>La Secretaria de Producci\u00f3n, Comercio e Industria de Tornquist Municipio, presenta \u00abVentania Produce\u00bb, evento que se realizar\u00e1 en el Centro Cultural de Sierra de la Ventana este 30 y 31 de Octubre. En dicho evento, se realizar\u00e1n distintas muestras de emprendedores y escuelas locales. Adem\u00e1s, habr\u00e1n charlas y exposiciones y tambi\u00e9n se comercializar\u00e1n productos realizados por los alumnos de las capacitaciones brindadas por la Secretar\u00eda.<!--more--><\/p>\n<p>\u00abEl trabajo se hizo a partir de un gran diagn\u00f3stico de qu\u00e9 es lo que se produce en este territorio. A partir de ese diagn\u00f3stico, vimos toda la potencialidad y las necesidades de los distintos refuerzos para generar trabajo genuino y puestos laborales\u00bb explic\u00f3 Susana c\u00f3mo fue que eligieron las capacitaciones para brindarles a los vecinos de Tornquist. Entre las enumeradas por la Secretaria de Producci\u00f3n, Comercio e Industria estaban los cursos de panificados, el curso de apicultura y el curso de huertas. \u00abTambi\u00e9n invitamos productores locales\u00bb agreg\u00f3.<\/p>\n<p>Susana explic\u00f3 que desde cada disciplina de las capacitaciones, se realizar\u00e1n diferentes actividades en la muestra, como por ejemplo, demostraci\u00f3n de recetas, muestra de herramientas de trabajo de apicultores y entrega de plantines y macetas del curso de huertas.<\/p>\n<p>Adem\u00e1s, mencion\u00f3 que las escuelas y el CEP tambi\u00e9n estar\u00e1n compartiendo su trabajo realizado. Tambi\u00e9n estar\u00e1n actuando all\u00ed algunas bandas locales.<\/p>\n<p><a title=\"Ventania produce (2)\" href=\"https:\/\/www.flickr.com\/photos\/182279889@N02\/51636946425\/in\/dateposted-public\/\" data-flickr-embed=\"true\"><img loading=\"lazy\" decoding=\"async\" src=\"https:\/\/live.staticflickr.com\/65535\/51636946425_96345fa23a_z.jpg\" alt=\"Ventania produce (2)\" width=\"640\" height=\"640\" \/><\/a><script async src=\"\/\/embedr.flickr.com\/assets\/client-code.js\" charset=\"utf-8\"><\/script><\/p>\n<p>\u00abVa a haber una gran movida de nuestros productores y de todas las posibilidades que ofrece la comarca\u00bb expres\u00f3. \u00abVa a ser un d\u00eda para poder escuchar, informarse, generar interrogantes, degustar quesos, chasinados, va a ser una linda jornada S\u00e1bado y Domingo\u00bb.<\/p>\n<p>\u00abHay mucha demanda de trabajo pero hay poca mano de obra capacitada\u00bb present\u00f3 el punta pi\u00e9 de las capacitaciones brindadas por la Secretar\u00eda a cargo de Susana. \u00abLa idea del a\u00f1o pr\u00f3ximo es capacitar en electricistas, alba\u00f1iler\u00eda, adem\u00e1s del sistema de alimentos y gastronom\u00eda\u00bb agreg\u00f3.<\/p>\n<p>Susana mencion\u00f3 que tambi\u00e9n en el Ventana Produce habr\u00e1 patio de comidas y una cantina. LA entrada es libre y gratuita.<\/p>\n<p>\u00abLos esperamos, es un trabajo que se ha hecho con muy poca gente pero con una calidad de profesores y de docentes que la verdad que ha sido incre\u00edble\u00bb expres\u00f3 finalmente.<\/p>\n<p><iframe loading=\"lazy\" src=\"https:\/\/w.soundcloud.com\/player\/?url=https%3A\/\/api.soundcloud.com\/tracks\/1149497236&amp;color=%23ff5500&amp;auto_play=false&amp;hide_related=false&amp;show_comments=true&amp;show_user=true&amp;show_reposts=false&amp;show_teaser=true\" width=\"100%\" height=\"166\" frameborder=\"no\" scrolling=\"no\"><\/iframe><\/p>\n<div style=\"font-size: 10px; color: #cccccc; line-break: anywhere; word-break: normal; overflow: hidden; white-space: nowrap; text-overflow: ellipsis; font-family: Interstate,Lucida Grande,Lucida Sans Unicode,Lucida Sans,Garuda,Verdana,Tahoma,sans-serif; font-weight: 100;\"><a style=\"color: #cccccc; text-decoration: none;\" title=\"fmreflejos 103.7\" href=\"https:\/\/soundcloud.com\/fmreflejos-103-7\" target=\"_blank\" rel=\"noopener\">fmreflejos 103.7<\/a> \u00b7 <a style=\"color: #cccccc; text-decoration: none;\" title=\"Susana Dos Santos\" href=\"https:\/\/soundcloud.com\/fmreflejos-103-7\/susana-dos-santos-774720284\" target=\"_blank\" rel=\"noopener\">Susana Dos Santos<\/a><\/div>\n<p><a title=\"Ventania produce (1)\" href=\"https:\/\/www.flickr.com\/photos\/182279889@N02\/51636738584\/in\/dateposted-public\/\" data-flickr-embed=\"true\"><img loading=\"lazy\" decoding=\"async\" src=\"https:\/\/live.staticflickr.com\/65535\/51636738584_af42e7c6bd_z.jpg\" alt=\"Ventania produce (1)\" width=\"640\" height=\"640\" \/><\/a><script async src=\"\/\/embedr.flickr.com\/assets\/client-code.js\" charset=\"utf-8\"><\/script><\/p>\n<p><a title=\"Ventania produce (4)\" href=\"https:\/\/www.flickr.com\/photos\/182279889@N02\/51636946400\/in\/dateposted-public\/\" data-flickr-embed=\"true\"><img loading=\"lazy\" decoding=\"async\" src=\"https:\/\/live.staticflickr.com\/65535\/51636946400_41e58a3ec0_z.jpg\" alt=\"Ventania produce (4)\" width=\"640\" height=\"640\" \/><\/a><script async src=\"\/\/embedr.flickr.com\/assets\/client-code.js\" charset=\"utf-8\"><\/script><\/p>\n","protected":false},"excerpt":{"rendered":"<p>La Secretaria de Producci\u00f3n, Comercio e Industria de Tornquist Municipio, presenta \u00abVentania Produce\u00bb, evento que se realizar\u00e1 en el Centro Cultural de Sierra de la Ventana este 30 y 31 de Octubre. En dicho evento, se realizar\u00e1n distintas muestras de emprendedores y escuelas locales. Adem\u00e1s, habr\u00e1n charlas y exposiciones y tambi\u00e9n se comercializar\u00e1n productos realizados [&hellip;]<\/p>\n","protected":false},"author":3,"featured_media":0,"comment_status":"closed","ping_status":"closed","sticky":false,"template":"","format":"standard","meta":{"footnotes":""},"categories":[28,26,33],"tags":[48],"class_list":["post-64287","post","type-post","status-publish","format-standard","hentry","category-municipales","category-sociedad","category-turismo","tag-destacada"],"yoast_head":"<!-- This site is optimized with the Yoast SEO plugin v25.9 - https:\/\/yoast.com\/wordpress\/plugins\/seo\/ -->\n<title>&quot;Vimos toda la potencialidad y las necesidades de los distintos refuerzos para generar trabajo genuino y puestos laborales&quot;. - Noticias Radio Reflejos<\/title>\n<meta name=\"robots\" content=\"index, follow, max-snippet:-1, max-image-preview:large, max-video-preview:-1\" \/>\n<link rel=\"canonical\" href=\"https:\/\/www.noticiasradioreflejos.com.ar\/2021\/vimos-toda-la-potencialidad-y-las-necesidades-de-los-distintos-refuerzos-para-generar-trabajo-genuino-y-puestos-laborales\/\" \/>\n<meta property=\"og:locale\" content=\"es_ES\" \/>\n<meta property=\"og:type\" content=\"article\" \/>\n<meta property=\"og:title\" content=\"&quot;Vimos toda la potencialidad y las necesidades de los distintos refuerzos para generar trabajo genuino y puestos laborales&quot;. - Noticias Radio Reflejos\" \/>\n<meta property=\"og:description\" content=\"La Secretaria de Producci\u00f3n, Comercio e Industria de Tornquist Municipio, presenta \u00abVentania Produce\u00bb, evento que se realizar\u00e1 en el Centro Cultural de Sierra de la Ventana este 30 y 31 de Octubre. En dicho evento, se realizar\u00e1n distintas muestras de emprendedores y escuelas locales. Adem\u00e1s, habr\u00e1n charlas y exposiciones y tambi\u00e9n se comercializar\u00e1n productos realizados [&hellip;]\" \/>\n<meta property=\"og:url\" content=\"https:\/\/www.noticiasradioreflejos.com.ar\/2021\/vimos-toda-la-potencialidad-y-las-necesidades-de-los-distintos-refuerzos-para-generar-trabajo-genuino-y-puestos-laborales\/\" \/>\n<meta property=\"og:site_name\" content=\"Noticias Radio Reflejos\" \/>\n<meta property=\"article:published_time\" content=\"2021-10-28T21:27:52+00:00\" \/>\n<meta property=\"article:modified_time\" content=\"2021-10-28T21:30:45+00:00\" \/>\n<meta property=\"og:image\" content=\"https:\/\/live.staticflickr.com\/65535\/51636946425_96345fa23a_z.jpg\" \/>\n<meta name=\"author\" content=\"Arnaldo Botto\" \/>\n<meta name=\"twitter:card\" content=\"summary_large_image\" \/>\n<script type=\"application\/ld+json\" class=\"yoast-schema-graph\">{\"@context\":\"https:\/\/schema.org\",\"@graph\":[{\"@type\":\"WebPage\",\"@id\":\"https:\/\/www.noticiasradioreflejos.com.ar\/2021\/vimos-toda-la-potencialidad-y-las-necesidades-de-los-distintos-refuerzos-para-generar-trabajo-genuino-y-puestos-laborales\/\",\"url\":\"https:\/\/www.noticiasradioreflejos.com.ar\/2021\/vimos-toda-la-potencialidad-y-las-necesidades-de-los-distintos-refuerzos-para-generar-trabajo-genuino-y-puestos-laborales\/\",\"name\":\"\\\"Vimos toda la potencialidad y las necesidades de los distintos refuerzos para generar trabajo genuino y puestos laborales\\\". - Noticias Radio Reflejos\",\"isPartOf\":{\"@id\":\"https:\/\/www.noticiasradioreflejos.com.ar\/2021\/#website\"},\"primaryImageOfPage\":{\"@id\":\"https:\/\/www.noticiasradioreflejos.com.ar\/2021\/vimos-toda-la-potencialidad-y-las-necesidades-de-los-distintos-refuerzos-para-generar-trabajo-genuino-y-puestos-laborales\/#primaryimage\"},\"image\":{\"@id\":\"https:\/\/www.noticiasradioreflejos.com.ar\/2021\/vimos-toda-la-potencialidad-y-las-necesidades-de-los-distintos-refuerzos-para-generar-trabajo-genuino-y-puestos-laborales\/#primaryimage\"},\"thumbnailUrl\":\"https:\/\/live.staticflickr.com\/65535\/51636946425_96345fa23a_z.jpg\",\"datePublished\":\"2021-10-28T21:27:52+00:00\",\"dateModified\":\"2021-10-28T21:30:45+00:00\",\"author\":{\"@id\":\"https:\/\/www.noticiasradioreflejos.com.ar\/2021\/#\/schema\/person\/ad82545263dcc5ec0996818884fd5fb1\"},\"breadcrumb\":{\"@id\":\"https:\/\/www.noticiasradioreflejos.com.ar\/2021\/vimos-toda-la-potencialidad-y-las-necesidades-de-los-distintos-refuerzos-para-generar-trabajo-genuino-y-puestos-laborales\/#breadcrumb\"},\"inLanguage\":\"es\",\"potentialAction\":[{\"@type\":\"ReadAction\",\"target\":[\"https:\/\/www.noticiasradioreflejos.com.ar\/2021\/vimos-toda-la-potencialidad-y-las-necesidades-de-los-distintos-refuerzos-para-generar-trabajo-genuino-y-puestos-laborales\/\"]}]},{\"@type\":\"ImageObject\",\"inLanguage\":\"es\",\"@id\":\"https:\/\/www.noticiasradioreflejos.com.ar\/2021\/vimos-toda-la-potencialidad-y-las-necesidades-de-los-distintos-refuerzos-para-generar-trabajo-genuino-y-puestos-laborales\/#primaryimage\",\"url\":\"https:\/\/live.staticflickr.com\/65535\/51636946425_96345fa23a_z.jpg\",\"contentUrl\":\"https:\/\/live.staticflickr.com\/65535\/51636946425_96345fa23a_z.jpg\"},{\"@type\":\"BreadcrumbList\",\"@id\":\"https:\/\/www.noticiasradioreflejos.com.ar\/2021\/vimos-toda-la-potencialidad-y-las-necesidades-de-los-distintos-refuerzos-para-generar-trabajo-genuino-y-puestos-laborales\/#breadcrumb\",\"itemListElement\":[{\"@type\":\"ListItem\",\"position\":1,\"name\":\"Portada\",\"item\":\"https:\/\/www.noticiasradioreflejos.com.ar\/2021\/\"},{\"@type\":\"ListItem\",\"position\":2,\"name\":\"\u00abVimos toda la potencialidad y las necesidades de los distintos refuerzos para generar trabajo genuino y puestos laborales\u00bb.\"}]},{\"@type\":\"WebSite\",\"@id\":\"https:\/\/www.noticiasradioreflejos.com.ar\/2021\/#website\",\"url\":\"https:\/\/www.noticiasradioreflejos.com.ar\/2021\/\",\"name\":\"Noticias Radio Reflejos\",\"description\":\"Las noticias de mi comarca\",\"potentialAction\":[{\"@type\":\"SearchAction\",\"target\":{\"@type\":\"EntryPoint\",\"urlTemplate\":\"https:\/\/www.noticiasradioreflejos.com.ar\/2021\/?s={search_term_string}\"},\"query-input\":{\"@type\":\"PropertyValueSpecification\",\"valueRequired\":true,\"valueName\":\"search_term_string\"}}],\"inLanguage\":\"es\"},{\"@type\":\"Person\",\"@id\":\"https:\/\/www.noticiasradioreflejos.com.ar\/2021\/#\/schema\/person\/ad82545263dcc5ec0996818884fd5fb1\",\"name\":\"Arnaldo Botto\",\"image\":{\"@type\":\"ImageObject\",\"inLanguage\":\"es\",\"@id\":\"https:\/\/www.noticiasradioreflejos.com.ar\/2021\/#\/schema\/person\/image\/\",\"url\":\"https:\/\/secure.gravatar.com\/avatar\/55cb5e37c1efa326397366e6974cb338056df65cb50e7d64d1cf314e87504837?s=96&d=mm&r=g\",\"contentUrl\":\"https:\/\/secure.gravatar.com\/avatar\/55cb5e37c1efa326397366e6974cb338056df65cb50e7d64d1cf314e87504837?s=96&d=mm&r=g\",\"caption\":\"Arnaldo Botto\"},\"url\":\"https:\/\/www.noticiasradioreflejos.com.ar\/2021\/author\/arnaldo\/\"}]}<\/script>\n<!-- \/ Yoast SEO plugin. -->","yoast_head_json":{"title":"\"Vimos toda la potencialidad y las necesidades de los distintos refuerzos para generar trabajo genuino y puestos laborales\". - Noticias Radio Reflejos","robots":{"index":"index","follow":"follow","max-snippet":"max-snippet:-1","max-image-preview":"max-image-preview:large","max-video-preview":"max-video-preview:-1"},"canonical":"https:\/\/www.noticiasradioreflejos.com.ar\/2021\/vimos-toda-la-potencialidad-y-las-necesidades-de-los-distintos-refuerzos-para-generar-trabajo-genuino-y-puestos-laborales\/","og_locale":"es_ES","og_type":"article","og_title":"\"Vimos toda la potencialidad y las necesidades de los distintos refuerzos para generar trabajo genuino y puestos laborales\". - Noticias Radio Reflejos","og_description":"La Secretaria de Producci\u00f3n, Comercio e Industria de Tornquist Municipio, presenta \u00abVentania Produce\u00bb, evento que se realizar\u00e1 en el Centro Cultural de Sierra de la Ventana este 30 y 31 de Octubre. En dicho evento, se realizar\u00e1n distintas muestras de emprendedores y escuelas locales. Adem\u00e1s, habr\u00e1n charlas y exposiciones y tambi\u00e9n se comercializar\u00e1n productos realizados [&hellip;]","og_url":"https:\/\/www.noticiasradioreflejos.com.ar\/2021\/vimos-toda-la-potencialidad-y-las-necesidades-de-los-distintos-refuerzos-para-generar-trabajo-genuino-y-puestos-laborales\/","og_site_name":"Noticias Radio Reflejos","article_published_time":"2021-10-28T21:27:52+00:00","article_modified_time":"2021-10-28T21:30:45+00:00","og_image":[{"url":"https:\/\/live.staticflickr.com\/65535\/51636946425_96345fa23a_z.jpg","type":"","width":"","height":""}],"author":"Arnaldo Botto","twitter_card":"summary_large_image","schema":{"@context":"https:\/\/schema.org","@graph":[{"@type":"WebPage","@id":"https:\/\/www.noticiasradioreflejos.com.ar\/2021\/vimos-toda-la-potencialidad-y-las-necesidades-de-los-distintos-refuerzos-para-generar-trabajo-genuino-y-puestos-laborales\/","url":"https:\/\/www.noticiasradioreflejos.com.ar\/2021\/vimos-toda-la-potencialidad-y-las-necesidades-de-los-distintos-refuerzos-para-generar-trabajo-genuino-y-puestos-laborales\/","name":"\"Vimos toda la potencialidad y las necesidades de los distintos refuerzos para generar trabajo genuino y puestos laborales\". - Noticias Radio Reflejos","isPartOf":{"@id":"https:\/\/www.noticiasradioreflejos.com.ar\/2021\/#website"},"primaryImageOfPage":{"@id":"https:\/\/www.noticiasradioreflejos.com.ar\/2021\/vimos-toda-la-potencialidad-y-las-necesidades-de-los-distintos-refuerzos-para-generar-trabajo-genuino-y-puestos-laborales\/#primaryimage"},"image":{"@id":"https:\/\/www.noticiasradioreflejos.com.ar\/2021\/vimos-toda-la-potencialidad-y-las-necesidades-de-los-distintos-refuerzos-para-generar-trabajo-genuino-y-puestos-laborales\/#primaryimage"},"thumbnailUrl":"https:\/\/live.staticflickr.com\/65535\/51636946425_96345fa23a_z.jpg","datePublished":"2021-10-28T21:27:52+00:00","dateModified":"2021-10-28T21:30:45+00:00","author":{"@id":"https:\/\/www.noticiasradioreflejos.com.ar\/2021\/#\/schema\/person\/ad82545263dcc5ec0996818884fd5fb1"},"breadcrumb":{"@id":"https:\/\/www.noticiasradioreflejos.com.ar\/2021\/vimos-toda-la-potencialidad-y-las-necesidades-de-los-distintos-refuerzos-para-generar-trabajo-genuino-y-puestos-laborales\/#breadcrumb"},"inLanguage":"es","potentialAction":[{"@type":"ReadAction","target":["https:\/\/www.noticiasradioreflejos.com.ar\/2021\/vimos-toda-la-potencialidad-y-las-necesidades-de-los-distintos-refuerzos-para-generar-trabajo-genuino-y-puestos-laborales\/"]}]},{"@type":"ImageObject","inLanguage":"es","@id":"https:\/\/www.noticiasradioreflejos.com.ar\/2021\/vimos-toda-la-potencialidad-y-las-necesidades-de-los-distintos-refuerzos-para-generar-trabajo-genuino-y-puestos-laborales\/#primaryimage","url":"https:\/\/live.staticflickr.com\/65535\/51636946425_96345fa23a_z.jpg","contentUrl":"https:\/\/live.staticflickr.com\/65535\/51636946425_96345fa23a_z.jpg"},{"@type":"BreadcrumbList","@id":"https:\/\/www.noticiasradioreflejos.com.ar\/2021\/vimos-toda-la-potencialidad-y-las-necesidades-de-los-distintos-refuerzos-para-generar-trabajo-genuino-y-puestos-laborales\/#breadcrumb","itemListElement":[{"@type":"ListItem","position":1,"name":"Portada","item":"https:\/\/www.noticiasradioreflejos.com.ar\/2021\/"},{"@type":"ListItem","position":2,"name":"\u00abVimos toda la potencialidad y las necesidades de los distintos refuerzos para generar trabajo genuino y puestos laborales\u00bb."}]},{"@type":"WebSite","@id":"https:\/\/www.noticiasradioreflejos.com.ar\/2021\/#website","url":"https:\/\/www.noticiasradioreflejos.com.ar\/2021\/","name":"Noticias Radio Reflejos","description":"Las noticias de mi comarca","potentialAction":[{"@type":"SearchAction","target":{"@type":"EntryPoint","urlTemplate":"https:\/\/www.noticiasradioreflejos.com.ar\/2021\/?s={search_term_string}"},"query-input":{"@type":"PropertyValueSpecification","valueRequired":true,"valueName":"search_term_string"}}],"inLanguage":"es"},{"@type":"Person","@id":"https:\/\/www.noticiasradioreflejos.com.ar\/2021\/#\/schema\/person\/ad82545263dcc5ec0996818884fd5fb1","name":"Arnaldo Botto","image":{"@type":"ImageObject","inLanguage":"es","@id":"https:\/\/www.noticiasradioreflejos.com.ar\/2021\/#\/schema\/person\/image\/","url":"https:\/\/secure.gravatar.com\/avatar\/55cb5e37c1efa326397366e6974cb338056df65cb50e7d64d1cf314e87504837?s=96&d=mm&r=g","contentUrl":"https:\/\/secure.gravatar.com\/avatar\/55cb5e37c1efa326397366e6974cb338056df65cb50e7d64d1cf314e87504837?s=96&d=mm&r=g","caption":"Arnaldo Botto"},"url":"https:\/\/www.noticiasradioreflejos.com.ar\/2021\/author\/arnaldo\/"}]}},"_links":{"self":[{"href":"https:\/\/www.noticiasradioreflejos.com.ar\/2021\/wp-json\/wp\/v2\/posts\/64287","targetHints":{"allow":["GET"]}}],"collection":[{"href":"https:\/\/www.noticiasradioreflejos.com.ar\/2021\/wp-json\/wp\/v2\/posts"}],"about":[{"href":"https:\/\/www.noticiasradioreflejos.com.ar\/2021\/wp-json\/wp\/v2\/types\/post"}],"author":[{"embeddable":true,"href":"https:\/\/www.noticiasradioreflejos.com.ar\/2021\/wp-json\/wp\/v2\/users\/3"}],"replies":[{"embeddable":true,"href":"https:\/\/www.noticiasradioreflejos.com.ar\/2021\/wp-json\/wp\/v2\/comments?post=64287"}],"version-history":[{"count":2,"href":"https:\/\/www.noticiasradioreflejos.com.ar\/2021\/wp-json\/wp\/v2\/posts\/64287\/revisions"}],"predecessor-version":[{"id":64297,"href":"https:\/\/www.noticiasradioreflejos.com.ar\/2021\/wp-json\/wp\/v2\/posts\/64287\/revisions\/64297"}],"wp:attachment":[{"href":"https:\/\/www.noticiasradioreflejos.com.ar\/2021\/wp-json\/wp\/v2\/media?parent=64287"}],"wp:term":[{"taxonomy":"category","embeddable":true,"href":"https:\/\/www.noticiasradioreflejos.com.ar\/2021\/wp-json\/wp\/v2\/categories?post=64287"},{"taxonomy":"post_tag","embeddable":true,"href":"https:\/\/www.noticiasradioreflejos.com.ar\/2021\/wp-json\/wp\/v2\/tags?post=64287"}],"curies":[{"name":"wp","href":"https:\/\/api.w.org\/{rel}","templated":true}]}}