{"id":64282,"date":"2021-10-28T21:14:00","date_gmt":"2021-10-28T21:14:00","guid":{"rendered":"http:\/\/www.noticiasradioreflejos.com.ar\/2021\/?p=64282"},"modified":"2021-10-28T21:14:00","modified_gmt":"2021-10-28T21:14:00","slug":"desde-el-municipio-y-la-oficina-de-empleo-queremos-colaborar-para-la-gente-que-no-tiene-laburo-y-darle-al-empleador-el-recurso-humano-que-necesita","status":"publish","type":"post","link":"https:\/\/www.noticiasradioreflejos.com.ar\/2021\/desde-el-municipio-y-la-oficina-de-empleo-queremos-colaborar-para-la-gente-que-no-tiene-laburo-y-darle-al-empleador-el-recurso-humano-que-necesita\/","title":{"rendered":"\u00abDesde el Municipio y la oficina de empleo queremos colaborar para la gente que no tiene laburo y darle al empleador el recurso humano que necesita.\u00bb"},"content":{"rendered":"<p>Esta ma\u00f1ana el Secretario de Desarrollo de Tornquist Municipio, inform\u00f3 a trav\u00e9s de la radio que se est\u00e1n buscando 6 personas para complejos tur\u00edsticos en Sierra de la Ventana. En esta nota, Gonzalo nos explica el funcionamiento de la oficina de empleo y los planes y programas activos que hay para conseguir empleados y capacitaciones.<!--more--><\/p>\n<p>\u00abDesde el Municipio y la oficina de empleo queremos colaborar para la gente que no tiene laburo y darle al empleador el recurso humano que necesita. En este caso necesitamos dar respuesta urgente para el turismo que est\u00e1 movi\u00e9ndose mucho\u00bb mencion\u00f3 el Secretario de Desarrollo al comenzar la nota.<\/p>\n<p>\u00abLos rubros que estamos necesitando cubrir est\u00e1n limpieza, cocina, mantenimiento, recepci\u00f3n y mozos. Lo hacemos puntualmente porque queremos darle la oportunidad al empleador de que se ajuste la b\u00fasqueda y se resuelva lo antes posible\u00bb se refiri\u00f3 Gonzalo a que esta b\u00fasqueda de personal se sale de lo com\u00fan en relaci\u00f3n al m\u00e9todo que utilizan desde la oficina de empleo para el este fin.<\/p>\n<p>Gonzalo explic\u00f3 uno de los planes del Ministerio de Trabajo de Naci\u00f3n. Coment\u00f3 que el programa b\u00e1sico permite incorporar un empleado a un costo 0, \u00fanicamente cubriendo un seguro. \u00abEsa persona le ayuda (al empleador) en sus tareas diarias 4 horas por d\u00eda\u00bb. El Secretario de Desarrollo mencion\u00f3 que lo que hacen desde la Oficina de Empleo es registrar a la persona interesada en participar, al empleador, y se eleva la informaci\u00f3n al Ministerio. Aproximadamente 20 o 30 d\u00edas despu\u00e9s, se le da el alta para que esa persona pueda colaborar y reforzar o alivianar al empleador.<\/p>\n<p>\u00abEn la base de empleo tenemos cargadas m\u00e1s de 70 personas. Esa base muchas veces hay que actualizarla, pero bajo ese n\u00famero m\u00e1s o menos sabemos que est\u00e1n anotadas y son quienes primero recomendamos cuando un empleador viene a demandar personal\u00bb resalt\u00f3 Gonzalo la importancia de acercar los curr\u00edculums en caso de que los vecinos est\u00e9n buscando trabajo.<\/p>\n<p>Gonzalo coment\u00f3 que las personas anotadas se dividen en distintos rubros que cubren auxiliares de limpieza, empleados dom\u00e9sticos y changas (alba\u00f1iler\u00eda, electricista, mantenimiento en general, construcciones). \u00abDespu\u00e9s tenemos algunos profesionales tambi\u00e9n y cuidado de ni\u00f1os tambi\u00e9n es un rubro que se ofrece\u00bb inform\u00f3. Adem\u00e1s, mencion\u00f3 al rubro de cocina. \u00abTodas estas experiencias pueden ser tambi\u00e9n aplicadas al turismo\u00bb destac\u00f3 Gonzalo.<\/p>\n<p>El Secretario de Desarrollo tambi\u00e9n mencion\u00f3 que desde el \u00e1rea de empleo se est\u00e1 dando una mano a quienes quieran emprender, brindando una ayuda para comprarse los materiales iniciales necesarios para comenzar sus proyectos. Adem\u00e1s, mencion\u00f3 que tambi\u00e9n est\u00e1n trabajando en diferentes capacitaciones para diferentes rubros.<\/p>\n<p>291 &#8211; 4 940 809 es el n\u00famero de tel\u00e9fono de la Oficina de Empleo para que puedan comunicarse y el mail es empleotornquist@gmail.com<\/p>\n<p><em>Nota completa a continuaci\u00f3n:<\/em><br \/>\n<iframe loading=\"lazy\" src=\"https:\/\/w.soundcloud.com\/player\/?url=https%3A\/\/api.soundcloud.com\/tracks\/1149485920&amp;color=%23ff5500&amp;auto_play=false&amp;hide_related=false&amp;show_comments=true&amp;show_user=true&amp;show_reposts=false&amp;show_teaser=true\" width=\"100%\" height=\"166\" frameborder=\"no\" scrolling=\"no\"><\/iframe><\/p>\n<div style=\"font-size: 10px; color: #cccccc; line-break: anywhere; word-break: normal; overflow: hidden; white-space: nowrap; text-overflow: ellipsis; font-family: Interstate,Lucida Grande,Lucida Sans Unicode,Lucida Sans,Garuda,Verdana,Tahoma,sans-serif; font-weight: 100;\"><a style=\"color: #cccccc; text-decoration: none;\" title=\"fmreflejos 103.7\" href=\"https:\/\/soundcloud.com\/fmreflejos-103-7\" target=\"_blank\" rel=\"noopener\">fmreflejos 103.7<\/a> \u00b7 <a style=\"color: #cccccc; text-decoration: none;\" title=\"Gonzalo Iparraguirre\" href=\"https:\/\/soundcloud.com\/fmreflejos-103-7\/gonzalo-iparraguirre-4\" target=\"_blank\" rel=\"noopener\">Gonzalo Iparraguirre<\/a><\/div>\n","protected":false},"excerpt":{"rendered":"<p>Esta ma\u00f1ana el Secretario de Desarrollo de Tornquist Municipio, inform\u00f3 a trav\u00e9s de la radio que se est\u00e1n buscando 6 personas para complejos tur\u00edsticos en Sierra de la Ventana. En esta nota, Gonzalo nos explica el funcionamiento de la oficina de empleo y los planes y programas activos que hay para conseguir empleados y capacitaciones.<\/p>\n","protected":false},"author":3,"featured_media":64293,"comment_status":"closed","ping_status":"closed","sticky":false,"template":"","format":"standard","meta":{"footnotes":""},"categories":[36,24,26],"tags":[48],"class_list":["post-64282","post","type-post","status-publish","format-standard","has-post-thumbnail","hentry","category-economia","category-politica","category-sociedad","tag-destacada"],"yoast_head":"<!-- This site is optimized with the Yoast SEO plugin v25.9 - https:\/\/yoast.com\/wordpress\/plugins\/seo\/ -->\n<title>&quot;Desde el Municipio y la oficina de empleo queremos colaborar para la gente que no tiene laburo y darle al empleador el recurso humano que necesita.&quot; - Noticias Radio Reflejos<\/title>\n<meta name=\"robots\" content=\"index, follow, max-snippet:-1, max-image-preview:large, max-video-preview:-1\" \/>\n<link rel=\"canonical\" href=\"https:\/\/www.noticiasradioreflejos.com.ar\/2021\/desde-el-municipio-y-la-oficina-de-empleo-queremos-colaborar-para-la-gente-que-no-tiene-laburo-y-darle-al-empleador-el-recurso-humano-que-necesita\/\" \/>\n<meta property=\"og:locale\" content=\"es_ES\" \/>\n<meta property=\"og:type\" content=\"article\" \/>\n<meta property=\"og:title\" content=\"&quot;Desde el Municipio y la oficina de empleo queremos colaborar para la gente que no tiene laburo y darle al empleador el recurso humano que necesita.&quot; - Noticias Radio Reflejos\" \/>\n<meta property=\"og:description\" content=\"Esta ma\u00f1ana el Secretario de Desarrollo de Tornquist Municipio, inform\u00f3 a trav\u00e9s de la radio que se est\u00e1n buscando 6 personas para complejos tur\u00edsticos en Sierra de la Ventana. En esta nota, Gonzalo nos explica el funcionamiento de la oficina de empleo y los planes y programas activos que hay para conseguir empleados y capacitaciones.\" \/>\n<meta property=\"og:url\" content=\"https:\/\/www.noticiasradioreflejos.com.ar\/2021\/desde-el-municipio-y-la-oficina-de-empleo-queremos-colaborar-para-la-gente-que-no-tiene-laburo-y-darle-al-empleador-el-recurso-humano-que-necesita\/\" \/>\n<meta property=\"og:site_name\" content=\"Noticias Radio Reflejos\" \/>\n<meta property=\"article:published_time\" content=\"2021-10-28T21:14:00+00:00\" \/>\n<meta property=\"og:image\" content=\"https:\/\/www.noticiasradioreflejos.com.ar\/2021\/wp-content\/uploads\/2021\/10\/Gonzalo-Iparraguirre.jpg\" \/>\n\t<meta property=\"og:image:width\" content=\"1201\" \/>\n\t<meta property=\"og:image:height\" content=\"697\" \/>\n\t<meta property=\"og:image:type\" content=\"image\/jpeg\" \/>\n<meta name=\"author\" content=\"Arnaldo Botto\" \/>\n<meta name=\"twitter:card\" content=\"summary_large_image\" \/>\n<script type=\"application\/ld+json\" class=\"yoast-schema-graph\">{\"@context\":\"https:\/\/schema.org\",\"@graph\":[{\"@type\":\"WebPage\",\"@id\":\"https:\/\/www.noticiasradioreflejos.com.ar\/2021\/desde-el-municipio-y-la-oficina-de-empleo-queremos-colaborar-para-la-gente-que-no-tiene-laburo-y-darle-al-empleador-el-recurso-humano-que-necesita\/\",\"url\":\"https:\/\/www.noticiasradioreflejos.com.ar\/2021\/desde-el-municipio-y-la-oficina-de-empleo-queremos-colaborar-para-la-gente-que-no-tiene-laburo-y-darle-al-empleador-el-recurso-humano-que-necesita\/\",\"name\":\"\\\"Desde el Municipio y la oficina de empleo queremos colaborar para la gente que no tiene laburo y darle al empleador el recurso humano que necesita.\\\" - Noticias Radio Reflejos\",\"isPartOf\":{\"@id\":\"https:\/\/www.noticiasradioreflejos.com.ar\/2021\/#website\"},\"primaryImageOfPage\":{\"@id\":\"https:\/\/www.noticiasradioreflejos.com.ar\/2021\/desde-el-municipio-y-la-oficina-de-empleo-queremos-colaborar-para-la-gente-que-no-tiene-laburo-y-darle-al-empleador-el-recurso-humano-que-necesita\/#primaryimage\"},\"image\":{\"@id\":\"https:\/\/www.noticiasradioreflejos.com.ar\/2021\/desde-el-municipio-y-la-oficina-de-empleo-queremos-colaborar-para-la-gente-que-no-tiene-laburo-y-darle-al-empleador-el-recurso-humano-que-necesita\/#primaryimage\"},\"thumbnailUrl\":\"https:\/\/www.noticiasradioreflejos.com.ar\/2021\/wp-content\/uploads\/2021\/10\/Gonzalo-Iparraguirre.jpg\",\"datePublished\":\"2021-10-28T21:14:00+00:00\",\"author\":{\"@id\":\"https:\/\/www.noticiasradioreflejos.com.ar\/2021\/#\/schema\/person\/ad82545263dcc5ec0996818884fd5fb1\"},\"breadcrumb\":{\"@id\":\"https:\/\/www.noticiasradioreflejos.com.ar\/2021\/desde-el-municipio-y-la-oficina-de-empleo-queremos-colaborar-para-la-gente-que-no-tiene-laburo-y-darle-al-empleador-el-recurso-humano-que-necesita\/#breadcrumb\"},\"inLanguage\":\"es\",\"potentialAction\":[{\"@type\":\"ReadAction\",\"target\":[\"https:\/\/www.noticiasradioreflejos.com.ar\/2021\/desde-el-municipio-y-la-oficina-de-empleo-queremos-colaborar-para-la-gente-que-no-tiene-laburo-y-darle-al-empleador-el-recurso-humano-que-necesita\/\"]}]},{\"@type\":\"ImageObject\",\"inLanguage\":\"es\",\"@id\":\"https:\/\/www.noticiasradioreflejos.com.ar\/2021\/desde-el-municipio-y-la-oficina-de-empleo-queremos-colaborar-para-la-gente-que-no-tiene-laburo-y-darle-al-empleador-el-recurso-humano-que-necesita\/#primaryimage\",\"url\":\"https:\/\/www.noticiasradioreflejos.com.ar\/2021\/wp-content\/uploads\/2021\/10\/Gonzalo-Iparraguirre.jpg\",\"contentUrl\":\"https:\/\/www.noticiasradioreflejos.com.ar\/2021\/wp-content\/uploads\/2021\/10\/Gonzalo-Iparraguirre.jpg\",\"width\":1201,\"height\":697},{\"@type\":\"BreadcrumbList\",\"@id\":\"https:\/\/www.noticiasradioreflejos.com.ar\/2021\/desde-el-municipio-y-la-oficina-de-empleo-queremos-colaborar-para-la-gente-que-no-tiene-laburo-y-darle-al-empleador-el-recurso-humano-que-necesita\/#breadcrumb\",\"itemListElement\":[{\"@type\":\"ListItem\",\"position\":1,\"name\":\"Portada\",\"item\":\"https:\/\/www.noticiasradioreflejos.com.ar\/2021\/\"},{\"@type\":\"ListItem\",\"position\":2,\"name\":\"\u00abDesde el Municipio y la oficina de empleo queremos colaborar para la gente que no tiene laburo y darle al empleador el recurso humano que necesita.\u00bb\"}]},{\"@type\":\"WebSite\",\"@id\":\"https:\/\/www.noticiasradioreflejos.com.ar\/2021\/#website\",\"url\":\"https:\/\/www.noticiasradioreflejos.com.ar\/2021\/\",\"name\":\"Noticias Radio Reflejos\",\"description\":\"Las noticias de mi comarca\",\"potentialAction\":[{\"@type\":\"SearchAction\",\"target\":{\"@type\":\"EntryPoint\",\"urlTemplate\":\"https:\/\/www.noticiasradioreflejos.com.ar\/2021\/?s={search_term_string}\"},\"query-input\":{\"@type\":\"PropertyValueSpecification\",\"valueRequired\":true,\"valueName\":\"search_term_string\"}}],\"inLanguage\":\"es\"},{\"@type\":\"Person\",\"@id\":\"https:\/\/www.noticiasradioreflejos.com.ar\/2021\/#\/schema\/person\/ad82545263dcc5ec0996818884fd5fb1\",\"name\":\"Arnaldo Botto\",\"image\":{\"@type\":\"ImageObject\",\"inLanguage\":\"es\",\"@id\":\"https:\/\/www.noticiasradioreflejos.com.ar\/2021\/#\/schema\/person\/image\/\",\"url\":\"https:\/\/secure.gravatar.com\/avatar\/55cb5e37c1efa326397366e6974cb338056df65cb50e7d64d1cf314e87504837?s=96&d=mm&r=g\",\"contentUrl\":\"https:\/\/secure.gravatar.com\/avatar\/55cb5e37c1efa326397366e6974cb338056df65cb50e7d64d1cf314e87504837?s=96&d=mm&r=g\",\"caption\":\"Arnaldo Botto\"},\"url\":\"https:\/\/www.noticiasradioreflejos.com.ar\/2021\/author\/arnaldo\/\"}]}<\/script>\n<!-- \/ Yoast SEO plugin. -->","yoast_head_json":{"title":"\"Desde el Municipio y la oficina de empleo queremos colaborar para la gente que no tiene laburo y darle al empleador el recurso humano que necesita.\" - Noticias Radio Reflejos","robots":{"index":"index","follow":"follow","max-snippet":"max-snippet:-1","max-image-preview":"max-image-preview:large","max-video-preview":"max-video-preview:-1"},"canonical":"https:\/\/www.noticiasradioreflejos.com.ar\/2021\/desde-el-municipio-y-la-oficina-de-empleo-queremos-colaborar-para-la-gente-que-no-tiene-laburo-y-darle-al-empleador-el-recurso-humano-que-necesita\/","og_locale":"es_ES","og_type":"article","og_title":"\"Desde el Municipio y la oficina de empleo queremos colaborar para la gente que no tiene laburo y darle al empleador el recurso humano que necesita.\" - Noticias Radio Reflejos","og_description":"Esta ma\u00f1ana el Secretario de Desarrollo de Tornquist Municipio, inform\u00f3 a trav\u00e9s de la radio que se est\u00e1n buscando 6 personas para complejos tur\u00edsticos en Sierra de la Ventana. En esta nota, Gonzalo nos explica el funcionamiento de la oficina de empleo y los planes y programas activos que hay para conseguir empleados y capacitaciones.","og_url":"https:\/\/www.noticiasradioreflejos.com.ar\/2021\/desde-el-municipio-y-la-oficina-de-empleo-queremos-colaborar-para-la-gente-que-no-tiene-laburo-y-darle-al-empleador-el-recurso-humano-que-necesita\/","og_site_name":"Noticias Radio Reflejos","article_published_time":"2021-10-28T21:14:00+00:00","og_image":[{"width":1201,"height":697,"url":"https:\/\/www.noticiasradioreflejos.com.ar\/2021\/wp-content\/uploads\/2021\/10\/Gonzalo-Iparraguirre.jpg","type":"image\/jpeg"}],"author":"Arnaldo Botto","twitter_card":"summary_large_image","schema":{"@context":"https:\/\/schema.org","@graph":[{"@type":"WebPage","@id":"https:\/\/www.noticiasradioreflejos.com.ar\/2021\/desde-el-municipio-y-la-oficina-de-empleo-queremos-colaborar-para-la-gente-que-no-tiene-laburo-y-darle-al-empleador-el-recurso-humano-que-necesita\/","url":"https:\/\/www.noticiasradioreflejos.com.ar\/2021\/desde-el-municipio-y-la-oficina-de-empleo-queremos-colaborar-para-la-gente-que-no-tiene-laburo-y-darle-al-empleador-el-recurso-humano-que-necesita\/","name":"\"Desde el Municipio y la oficina de empleo queremos colaborar para la gente que no tiene laburo y darle al empleador el recurso humano que necesita.\" - Noticias Radio Reflejos","isPartOf":{"@id":"https:\/\/www.noticiasradioreflejos.com.ar\/2021\/#website"},"primaryImageOfPage":{"@id":"https:\/\/www.noticiasradioreflejos.com.ar\/2021\/desde-el-municipio-y-la-oficina-de-empleo-queremos-colaborar-para-la-gente-que-no-tiene-laburo-y-darle-al-empleador-el-recurso-humano-que-necesita\/#primaryimage"},"image":{"@id":"https:\/\/www.noticiasradioreflejos.com.ar\/2021\/desde-el-municipio-y-la-oficina-de-empleo-queremos-colaborar-para-la-gente-que-no-tiene-laburo-y-darle-al-empleador-el-recurso-humano-que-necesita\/#primaryimage"},"thumbnailUrl":"https:\/\/www.noticiasradioreflejos.com.ar\/2021\/wp-content\/uploads\/2021\/10\/Gonzalo-Iparraguirre.jpg","datePublished":"2021-10-28T21:14:00+00:00","author":{"@id":"https:\/\/www.noticiasradioreflejos.com.ar\/2021\/#\/schema\/person\/ad82545263dcc5ec0996818884fd5fb1"},"breadcrumb":{"@id":"https:\/\/www.noticiasradioreflejos.com.ar\/2021\/desde-el-municipio-y-la-oficina-de-empleo-queremos-colaborar-para-la-gente-que-no-tiene-laburo-y-darle-al-empleador-el-recurso-humano-que-necesita\/#breadcrumb"},"inLanguage":"es","potentialAction":[{"@type":"ReadAction","target":["https:\/\/www.noticiasradioreflejos.com.ar\/2021\/desde-el-municipio-y-la-oficina-de-empleo-queremos-colaborar-para-la-gente-que-no-tiene-laburo-y-darle-al-empleador-el-recurso-humano-que-necesita\/"]}]},{"@type":"ImageObject","inLanguage":"es","@id":"https:\/\/www.noticiasradioreflejos.com.ar\/2021\/desde-el-municipio-y-la-oficina-de-empleo-queremos-colaborar-para-la-gente-que-no-tiene-laburo-y-darle-al-empleador-el-recurso-humano-que-necesita\/#primaryimage","url":"https:\/\/www.noticiasradioreflejos.com.ar\/2021\/wp-content\/uploads\/2021\/10\/Gonzalo-Iparraguirre.jpg","contentUrl":"https:\/\/www.noticiasradioreflejos.com.ar\/2021\/wp-content\/uploads\/2021\/10\/Gonzalo-Iparraguirre.jpg","width":1201,"height":697},{"@type":"BreadcrumbList","@id":"https:\/\/www.noticiasradioreflejos.com.ar\/2021\/desde-el-municipio-y-la-oficina-de-empleo-queremos-colaborar-para-la-gente-que-no-tiene-laburo-y-darle-al-empleador-el-recurso-humano-que-necesita\/#breadcrumb","itemListElement":[{"@type":"ListItem","position":1,"name":"Portada","item":"https:\/\/www.noticiasradioreflejos.com.ar\/2021\/"},{"@type":"ListItem","position":2,"name":"\u00abDesde el Municipio y la oficina de empleo queremos colaborar para la gente que no tiene laburo y darle al empleador el recurso humano que necesita.\u00bb"}]},{"@type":"WebSite","@id":"https:\/\/www.noticiasradioreflejos.com.ar\/2021\/#website","url":"https:\/\/www.noticiasradioreflejos.com.ar\/2021\/","name":"Noticias Radio Reflejos","description":"Las noticias de mi comarca","potentialAction":[{"@type":"SearchAction","target":{"@type":"EntryPoint","urlTemplate":"https:\/\/www.noticiasradioreflejos.com.ar\/2021\/?s={search_term_string}"},"query-input":{"@type":"PropertyValueSpecification","valueRequired":true,"valueName":"search_term_string"}}],"inLanguage":"es"},{"@type":"Person","@id":"https:\/\/www.noticiasradioreflejos.com.ar\/2021\/#\/schema\/person\/ad82545263dcc5ec0996818884fd5fb1","name":"Arnaldo Botto","image":{"@type":"ImageObject","inLanguage":"es","@id":"https:\/\/www.noticiasradioreflejos.com.ar\/2021\/#\/schema\/person\/image\/","url":"https:\/\/secure.gravatar.com\/avatar\/55cb5e37c1efa326397366e6974cb338056df65cb50e7d64d1cf314e87504837?s=96&d=mm&r=g","contentUrl":"https:\/\/secure.gravatar.com\/avatar\/55cb5e37c1efa326397366e6974cb338056df65cb50e7d64d1cf314e87504837?s=96&d=mm&r=g","caption":"Arnaldo Botto"},"url":"https:\/\/www.noticiasradioreflejos.com.ar\/2021\/author\/arnaldo\/"}]}},"_links":{"self":[{"href":"https:\/\/www.noticiasradioreflejos.com.ar\/2021\/wp-json\/wp\/v2\/posts\/64282","targetHints":{"allow":["GET"]}}],"collection":[{"href":"https:\/\/www.noticiasradioreflejos.com.ar\/2021\/wp-json\/wp\/v2\/posts"}],"about":[{"href":"https:\/\/www.noticiasradioreflejos.com.ar\/2021\/wp-json\/wp\/v2\/types\/post"}],"author":[{"embeddable":true,"href":"https:\/\/www.noticiasradioreflejos.com.ar\/2021\/wp-json\/wp\/v2\/users\/3"}],"replies":[{"embeddable":true,"href":"https:\/\/www.noticiasradioreflejos.com.ar\/2021\/wp-json\/wp\/v2\/comments?post=64282"}],"version-history":[{"count":2,"href":"https:\/\/www.noticiasradioreflejos.com.ar\/2021\/wp-json\/wp\/v2\/posts\/64282\/revisions"}],"predecessor-version":[{"id":64294,"href":"https:\/\/www.noticiasradioreflejos.com.ar\/2021\/wp-json\/wp\/v2\/posts\/64282\/revisions\/64294"}],"wp:featuredmedia":[{"embeddable":true,"href":"https:\/\/www.noticiasradioreflejos.com.ar\/2021\/wp-json\/wp\/v2\/media\/64293"}],"wp:attachment":[{"href":"https:\/\/www.noticiasradioreflejos.com.ar\/2021\/wp-json\/wp\/v2\/media?parent=64282"}],"wp:term":[{"taxonomy":"category","embeddable":true,"href":"https:\/\/www.noticiasradioreflejos.com.ar\/2021\/wp-json\/wp\/v2\/categories?post=64282"},{"taxonomy":"post_tag","embeddable":true,"href":"https:\/\/www.noticiasradioreflejos.com.ar\/2021\/wp-json\/wp\/v2\/tags?post=64282"}],"curies":[{"name":"wp","href":"https:\/\/api.w.org\/{rel}","templated":true}]}}