{"id":64269,"date":"2021-10-28T13:11:51","date_gmt":"2021-10-28T13:11:51","guid":{"rendered":"http:\/\/www.noticiasradioreflejos.com.ar\/2021\/?p=64269"},"modified":"2021-10-28T13:11:51","modified_gmt":"2021-10-28T13:11:51","slug":"bomberos-voluntarios-de-sierra-de-la-ventana-comenzo-con-la-campana-asociate","status":"publish","type":"post","link":"https:\/\/www.noticiasradioreflejos.com.ar\/2021\/bomberos-voluntarios-de-sierra-de-la-ventana-comenzo-con-la-campana-asociate\/","title":{"rendered":"Bomberos Voluntarios de Sierra de la Ventana comenz\u00f3 con la campa\u00f1a ASOCIATE"},"content":{"rendered":"<p>La Asociaci\u00f3n de Bomberos Voluntarios de Sierra de la Ventana comenz\u00f3 con la campa\u00f1a ASOCIATE, para todas aquellas personas que quieran asociarse y colaborar con la instituci\u00f3n, adem\u00e1s para actualizar datos de los antiguos socios.<!--more--><\/p>\n<p>La misma se realiza a trav\u00e9s de un link que se est\u00e1 difundiendo por WhatsApp, \u00e9ste enlace los comunica a una l\u00ednea que se abri\u00f3 s\u00f3lo para socios.<\/p>\n<p>Hay que tener en cuenta que esta l\u00ednea <strong>NO se utiliza para emergencias, es \u00fanicamente un canal de comunicaci\u00f3n para socios<\/strong>.<\/p>\n<p>Otra de las buenas noticias es que se sum\u00f3 Mercado Pago y Cuenta DNI para que puedan abonar las cuotas.<\/p>\n<p>&nbsp;<\/p>\n<p>WhatsApp 291 4296233<\/p>\n","protected":false},"excerpt":{"rendered":"<p>La Asociaci\u00f3n de Bomberos Voluntarios de Sierra de la Ventana comenz\u00f3 con la campa\u00f1a ASOCIATE, para todas aquellas personas que quieran asociarse y colaborar con la instituci\u00f3n, adem\u00e1s para actualizar datos de los antiguos socios.<\/p>\n","protected":false},"author":3,"featured_media":0,"comment_status":"closed","ping_status":"closed","sticky":false,"template":"","format":"standard","meta":{"footnotes":""},"categories":[1],"tags":[],"class_list":["post-64269","post","type-post","status-publish","format-standard","hentry","category-sin-categoria"],"yoast_head":"<!-- This site is optimized with the Yoast SEO plugin v25.9 - https:\/\/yoast.com\/wordpress\/plugins\/seo\/ -->\n<title>Bomberos Voluntarios de Sierra de la Ventana comenz\u00f3 con la campa\u00f1a ASOCIATE - Noticias Radio Reflejos<\/title>\n<meta name=\"robots\" content=\"index, follow, max-snippet:-1, max-image-preview:large, max-video-preview:-1\" \/>\n<link rel=\"canonical\" href=\"https:\/\/www.noticiasradioreflejos.com.ar\/2021\/bomberos-voluntarios-de-sierra-de-la-ventana-comenzo-con-la-campana-asociate\/\" \/>\n<meta property=\"og:locale\" content=\"es_ES\" \/>\n<meta property=\"og:type\" content=\"article\" \/>\n<meta property=\"og:title\" content=\"Bomberos Voluntarios de Sierra de la Ventana comenz\u00f3 con la campa\u00f1a ASOCIATE - Noticias Radio Reflejos\" \/>\n<meta property=\"og:description\" content=\"La Asociaci\u00f3n de Bomberos Voluntarios de Sierra de la Ventana comenz\u00f3 con la campa\u00f1a ASOCIATE, para todas aquellas personas que quieran asociarse y colaborar con la instituci\u00f3n, adem\u00e1s para actualizar datos de los antiguos socios.\" \/>\n<meta property=\"og:url\" content=\"https:\/\/www.noticiasradioreflejos.com.ar\/2021\/bomberos-voluntarios-de-sierra-de-la-ventana-comenzo-con-la-campana-asociate\/\" \/>\n<meta property=\"og:site_name\" content=\"Noticias Radio Reflejos\" \/>\n<meta property=\"article:published_time\" content=\"2021-10-28T13:11:51+00:00\" \/>\n<meta property=\"og:image\" content=\"https:\/\/www.noticiasradioreflejos.com.ar\/2021\/wp-content\/uploads\/2021\/07\/logosol300x200.png\" \/>\n\t<meta property=\"og:image:width\" content=\"300\" \/>\n\t<meta property=\"og:image:height\" content=\"200\" \/>\n\t<meta property=\"og:image:type\" content=\"image\/png\" \/>\n<meta name=\"author\" content=\"Arnaldo Botto\" \/>\n<meta name=\"twitter:card\" content=\"summary_large_image\" \/>\n<script type=\"application\/ld+json\" class=\"yoast-schema-graph\">{\"@context\":\"https:\/\/schema.org\",\"@graph\":[{\"@type\":\"WebPage\",\"@id\":\"https:\/\/www.noticiasradioreflejos.com.ar\/2021\/bomberos-voluntarios-de-sierra-de-la-ventana-comenzo-con-la-campana-asociate\/\",\"url\":\"https:\/\/www.noticiasradioreflejos.com.ar\/2021\/bomberos-voluntarios-de-sierra-de-la-ventana-comenzo-con-la-campana-asociate\/\",\"name\":\"Bomberos Voluntarios de Sierra de la Ventana comenz\u00f3 con la campa\u00f1a ASOCIATE - Noticias Radio Reflejos\",\"isPartOf\":{\"@id\":\"https:\/\/www.noticiasradioreflejos.com.ar\/2021\/#website\"},\"datePublished\":\"2021-10-28T13:11:51+00:00\",\"author\":{\"@id\":\"https:\/\/www.noticiasradioreflejos.com.ar\/2021\/#\/schema\/person\/ad82545263dcc5ec0996818884fd5fb1\"},\"breadcrumb\":{\"@id\":\"https:\/\/www.noticiasradioreflejos.com.ar\/2021\/bomberos-voluntarios-de-sierra-de-la-ventana-comenzo-con-la-campana-asociate\/#breadcrumb\"},\"inLanguage\":\"es\",\"potentialAction\":[{\"@type\":\"ReadAction\",\"target\":[\"https:\/\/www.noticiasradioreflejos.com.ar\/2021\/bomberos-voluntarios-de-sierra-de-la-ventana-comenzo-con-la-campana-asociate\/\"]}]},{\"@type\":\"BreadcrumbList\",\"@id\":\"https:\/\/www.noticiasradioreflejos.com.ar\/2021\/bomberos-voluntarios-de-sierra-de-la-ventana-comenzo-con-la-campana-asociate\/#breadcrumb\",\"itemListElement\":[{\"@type\":\"ListItem\",\"position\":1,\"name\":\"Portada\",\"item\":\"https:\/\/www.noticiasradioreflejos.com.ar\/2021\/\"},{\"@type\":\"ListItem\",\"position\":2,\"name\":\"Bomberos Voluntarios de Sierra de la Ventana comenz\u00f3 con la campa\u00f1a ASOCIATE\"}]},{\"@type\":\"WebSite\",\"@id\":\"https:\/\/www.noticiasradioreflejos.com.ar\/2021\/#website\",\"url\":\"https:\/\/www.noticiasradioreflejos.com.ar\/2021\/\",\"name\":\"Noticias Radio Reflejos\",\"description\":\"Las noticias de mi comarca\",\"potentialAction\":[{\"@type\":\"SearchAction\",\"target\":{\"@type\":\"EntryPoint\",\"urlTemplate\":\"https:\/\/www.noticiasradioreflejos.com.ar\/2021\/?s={search_term_string}\"},\"query-input\":{\"@type\":\"PropertyValueSpecification\",\"valueRequired\":true,\"valueName\":\"search_term_string\"}}],\"inLanguage\":\"es\"},{\"@type\":\"Person\",\"@id\":\"https:\/\/www.noticiasradioreflejos.com.ar\/2021\/#\/schema\/person\/ad82545263dcc5ec0996818884fd5fb1\",\"name\":\"Arnaldo Botto\",\"image\":{\"@type\":\"ImageObject\",\"inLanguage\":\"es\",\"@id\":\"https:\/\/www.noticiasradioreflejos.com.ar\/2021\/#\/schema\/person\/image\/\",\"url\":\"https:\/\/secure.gravatar.com\/avatar\/55cb5e37c1efa326397366e6974cb338056df65cb50e7d64d1cf314e87504837?s=96&d=mm&r=g\",\"contentUrl\":\"https:\/\/secure.gravatar.com\/avatar\/55cb5e37c1efa326397366e6974cb338056df65cb50e7d64d1cf314e87504837?s=96&d=mm&r=g\",\"caption\":\"Arnaldo Botto\"},\"url\":\"https:\/\/www.noticiasradioreflejos.com.ar\/2021\/author\/arnaldo\/\"}]}<\/script>\n<!-- \/ Yoast SEO plugin. -->","yoast_head_json":{"title":"Bomberos Voluntarios de Sierra de la Ventana comenz\u00f3 con la campa\u00f1a ASOCIATE - Noticias Radio Reflejos","robots":{"index":"index","follow":"follow","max-snippet":"max-snippet:-1","max-image-preview":"max-image-preview:large","max-video-preview":"max-video-preview:-1"},"canonical":"https:\/\/www.noticiasradioreflejos.com.ar\/2021\/bomberos-voluntarios-de-sierra-de-la-ventana-comenzo-con-la-campana-asociate\/","og_locale":"es_ES","og_type":"article","og_title":"Bomberos Voluntarios de Sierra de la Ventana comenz\u00f3 con la campa\u00f1a ASOCIATE - Noticias Radio Reflejos","og_description":"La Asociaci\u00f3n de Bomberos Voluntarios de Sierra de la Ventana comenz\u00f3 con la campa\u00f1a ASOCIATE, para todas aquellas personas que quieran asociarse y colaborar con la instituci\u00f3n, adem\u00e1s para actualizar datos de los antiguos socios.","og_url":"https:\/\/www.noticiasradioreflejos.com.ar\/2021\/bomberos-voluntarios-de-sierra-de-la-ventana-comenzo-con-la-campana-asociate\/","og_site_name":"Noticias Radio Reflejos","article_published_time":"2021-10-28T13:11:51+00:00","og_image":[{"width":300,"height":200,"url":"https:\/\/www.noticiasradioreflejos.com.ar\/2021\/wp-content\/uploads\/2021\/07\/logosol300x200.png","type":"image\/png"}],"author":"Arnaldo Botto","twitter_card":"summary_large_image","schema":{"@context":"https:\/\/schema.org","@graph":[{"@type":"WebPage","@id":"https:\/\/www.noticiasradioreflejos.com.ar\/2021\/bomberos-voluntarios-de-sierra-de-la-ventana-comenzo-con-la-campana-asociate\/","url":"https:\/\/www.noticiasradioreflejos.com.ar\/2021\/bomberos-voluntarios-de-sierra-de-la-ventana-comenzo-con-la-campana-asociate\/","name":"Bomberos Voluntarios de Sierra de la Ventana comenz\u00f3 con la campa\u00f1a ASOCIATE - Noticias Radio Reflejos","isPartOf":{"@id":"https:\/\/www.noticiasradioreflejos.com.ar\/2021\/#website"},"datePublished":"2021-10-28T13:11:51+00:00","author":{"@id":"https:\/\/www.noticiasradioreflejos.com.ar\/2021\/#\/schema\/person\/ad82545263dcc5ec0996818884fd5fb1"},"breadcrumb":{"@id":"https:\/\/www.noticiasradioreflejos.com.ar\/2021\/bomberos-voluntarios-de-sierra-de-la-ventana-comenzo-con-la-campana-asociate\/#breadcrumb"},"inLanguage":"es","potentialAction":[{"@type":"ReadAction","target":["https:\/\/www.noticiasradioreflejos.com.ar\/2021\/bomberos-voluntarios-de-sierra-de-la-ventana-comenzo-con-la-campana-asociate\/"]}]},{"@type":"BreadcrumbList","@id":"https:\/\/www.noticiasradioreflejos.com.ar\/2021\/bomberos-voluntarios-de-sierra-de-la-ventana-comenzo-con-la-campana-asociate\/#breadcrumb","itemListElement":[{"@type":"ListItem","position":1,"name":"Portada","item":"https:\/\/www.noticiasradioreflejos.com.ar\/2021\/"},{"@type":"ListItem","position":2,"name":"Bomberos Voluntarios de Sierra de la Ventana comenz\u00f3 con la campa\u00f1a ASOCIATE"}]},{"@type":"WebSite","@id":"https:\/\/www.noticiasradioreflejos.com.ar\/2021\/#website","url":"https:\/\/www.noticiasradioreflejos.com.ar\/2021\/","name":"Noticias Radio Reflejos","description":"Las noticias de mi comarca","potentialAction":[{"@type":"SearchAction","target":{"@type":"EntryPoint","urlTemplate":"https:\/\/www.noticiasradioreflejos.com.ar\/2021\/?s={search_term_string}"},"query-input":{"@type":"PropertyValueSpecification","valueRequired":true,"valueName":"search_term_string"}}],"inLanguage":"es"},{"@type":"Person","@id":"https:\/\/www.noticiasradioreflejos.com.ar\/2021\/#\/schema\/person\/ad82545263dcc5ec0996818884fd5fb1","name":"Arnaldo Botto","image":{"@type":"ImageObject","inLanguage":"es","@id":"https:\/\/www.noticiasradioreflejos.com.ar\/2021\/#\/schema\/person\/image\/","url":"https:\/\/secure.gravatar.com\/avatar\/55cb5e37c1efa326397366e6974cb338056df65cb50e7d64d1cf314e87504837?s=96&d=mm&r=g","contentUrl":"https:\/\/secure.gravatar.com\/avatar\/55cb5e37c1efa326397366e6974cb338056df65cb50e7d64d1cf314e87504837?s=96&d=mm&r=g","caption":"Arnaldo Botto"},"url":"https:\/\/www.noticiasradioreflejos.com.ar\/2021\/author\/arnaldo\/"}]}},"_links":{"self":[{"href":"https:\/\/www.noticiasradioreflejos.com.ar\/2021\/wp-json\/wp\/v2\/posts\/64269","targetHints":{"allow":["GET"]}}],"collection":[{"href":"https:\/\/www.noticiasradioreflejos.com.ar\/2021\/wp-json\/wp\/v2\/posts"}],"about":[{"href":"https:\/\/www.noticiasradioreflejos.com.ar\/2021\/wp-json\/wp\/v2\/types\/post"}],"author":[{"embeddable":true,"href":"https:\/\/www.noticiasradioreflejos.com.ar\/2021\/wp-json\/wp\/v2\/users\/3"}],"replies":[{"embeddable":true,"href":"https:\/\/www.noticiasradioreflejos.com.ar\/2021\/wp-json\/wp\/v2\/comments?post=64269"}],"version-history":[{"count":1,"href":"https:\/\/www.noticiasradioreflejos.com.ar\/2021\/wp-json\/wp\/v2\/posts\/64269\/revisions"}],"predecessor-version":[{"id":64271,"href":"https:\/\/www.noticiasradioreflejos.com.ar\/2021\/wp-json\/wp\/v2\/posts\/64269\/revisions\/64271"}],"wp:attachment":[{"href":"https:\/\/www.noticiasradioreflejos.com.ar\/2021\/wp-json\/wp\/v2\/media?parent=64269"}],"wp:term":[{"taxonomy":"category","embeddable":true,"href":"https:\/\/www.noticiasradioreflejos.com.ar\/2021\/wp-json\/wp\/v2\/categories?post=64269"},{"taxonomy":"post_tag","embeddable":true,"href":"https:\/\/www.noticiasradioreflejos.com.ar\/2021\/wp-json\/wp\/v2\/tags?post=64269"}],"curies":[{"name":"wp","href":"https:\/\/api.w.org\/{rel}","templated":true}]}}