{"id":64263,"date":"2021-10-28T11:50:29","date_gmt":"2021-10-28T11:50:29","guid":{"rendered":"http:\/\/www.noticiasradioreflejos.com.ar\/2021\/?p=64263"},"modified":"2021-10-28T11:51:29","modified_gmt":"2021-10-28T11:51:29","slug":"el-2021-uno-de-los-anos-mas-calidos-y-secos-de-las-ultimas-seis-decadas-en-la-argentina","status":"publish","type":"post","link":"https:\/\/www.noticiasradioreflejos.com.ar\/2021\/el-2021-uno-de-los-anos-mas-calidos-y-secos-de-las-ultimas-seis-decadas-en-la-argentina\/","title":{"rendered":"El 2021, uno de los a\u00f1os m\u00e1s c\u00e1lidos y secos de las \u00faltimas seis d\u00e9cadas en la Argentina"},"content":{"rendered":"<div class=\"head-content\">\n<p>El per\u00edodo entre enero y septiembre se ubica como el s\u00e9ptimo a\u00f1o m\u00e1s c\u00e1lido y el octavo m\u00e1s seco desde 1961, seg\u00fan los datos presentados por el SMN. Adem\u00e1s se registraron tres olas de calor y tres olas de fr\u00edo muy intensas.<\/p>\n<\/div>\n<p><!--more--><\/p>\n<div class=\"main-content-block\">\n<div class=\"main-box clearfix\">\n<div class=\"wrapper-main-section clearfix\">\n<div class=\"wrapper-editable-content\">\n<div class=\"editable-content clearfix\">\n<div id=\"image\" class=\"image\">\n<p><img decoding=\"async\" title=\"El per\u00edodo entre enero y septiembre de 2021 es el s\u00e9ptimo m\u00e1s c\u00e1lido y el octavo m\u00e1s seco de los \u00faltimos 60 a\u00f1os.\" src=\"https:\/\/www.telam.com.ar\/advf\/imagenes\/2020\/02\/5e3c3ec246b7e_1004x565.jpg\" alt=\"El per\u00edodo entre enero y septiembre de 2021 es el s\u00e9ptimo m\u00e1s c\u00e1lido y el octavo m\u00e1s seco de los \u00faltimos 60 a\u00f1os.\" \/><\/p>\n<div class=\"epigrafe\">El per\u00edodo entre enero y septiembre de 2021 es el s\u00e9ptimo m\u00e1s c\u00e1lido y el octavo m\u00e1s seco de los \u00faltimos 60 a\u00f1os.<\/div>\n<\/div>\n<p>El per\u00edodo entre enero y septiembre de 2021 es el s\u00e9ptimo m\u00e1s c\u00e1lido y el octavo m\u00e1s seco de los \u00faltimos 60 a\u00f1os, seg\u00fan los datos presentados por el Servicio Meteorol\u00f3gico Nacional (SMN)\u00a0<strong>durante la Mesa Ampliada del Gabinete Nacional de Cambio Clim\u00e1tico, en la que las autoridades nacionales ratificaron que Argentina presentar\u00e1 ante la ONU una actualizaci\u00f3n de su compromiso de reducci\u00f3n de emisiones de carbono.<\/strong><\/p>\n<p>La informaci\u00f3n fue presentada a trav\u00e9s de una videoconferencia de la que participaron organizaciones sociales, universidades, instituciones y gobiernos locales para abordar\u00a0<strong>la participaci\u00f3n de Argentina en la Conferencia de las Naciones Unidas sobre el Cambio Clim\u00e1tico de 2021 (Cop26) que comienza este domingo en la ciudad escocesa de Glasgow.<\/strong><\/p>\n<p>El presidente Alberto Fern\u00e1ndez ya hab\u00eda adelantado en abril de este a\u00f1o la voluntad de Argentina para aumentar su compromiso respecto del anuncio de 2020, en el que propon\u00eda reducir sus emisiones para 2030 a 358,8 megatoneladas de di\u00f3xido de carbono, y establecer un nuevo objetivo de 349,16 megatoneladas en ese plazo.<\/p>\n<p><strong>La directora del Servicio Meteorol\u00f3gico Nacional (SMN), Celeste Saulo<\/strong>, inform\u00f3 que \u201ccon los datos recabados hasta septiembre el 2021 se ubica como el s\u00e9ptimo m\u00e1s c\u00e1lido y el octavo m\u00e1s seco desde 1961, adem\u00e1s se registraron tres olas de calor y tres olas de fr\u00edo muy intensas\u201d.<\/p>\n<blockquote class=\"twitter-tweet\" data-width=\"500\" data-dnt=\"true\">\n<p lang=\"es\" dir=\"ltr\">\ud83c\udf0eRUMBO A LA <a href=\"https:\/\/twitter.com\/hashtag\/COP26?src=hash&amp;ref_src=twsrc%5Etfw\">#COP26<\/a> <br \/>Hoy estaremos en la Mesa Ampliada del Gabinete Nacional de Cambio Clim\u00e1tico, donde presentaremos el Reporte Preliminar del Clima en Argentina (ene-sep-2021) como insumo para la pol\u00edtica clim\u00e1tica nacional que se presentar\u00e1 en la 26\u00b0Conferencia de las Partes <a href=\"https:\/\/t.co\/9yJLi37Lji\">pic.twitter.com\/9yJLi37Lji<\/a><\/p>\n<p>&mdash; SMN Argentina (@SMN_Argentina) <a href=\"https:\/\/twitter.com\/SMN_Argentina\/status\/1453388178291896332?ref_src=twsrc%5Etfw\">October 27, 2021<\/a><\/p><\/blockquote>\n<p><script async src=\"https:\/\/platform.twitter.com\/widgets.js\" charset=\"utf-8\"><\/script><\/p>\n<p>\u201cEn lo que va del a\u00f1o\u00a0<strong>los mayores aumentos de temperatura se registraron en la Patagonia<\/strong>, mientras que\u00a0<strong>la cuenca del Paran\u00e1 presenta la bajante m\u00e1s extrema desde 1944<\/strong>\u00a0y la<strong>\u00a0zona cordillerana atraviesa una importante sequ\u00eda\u201d,<\/strong>\u00a0detall\u00f3.<\/p>\n<p>Saulo apunt\u00f3 que\u00a0<strong>\u201cvenimos de un invierno seco y sin nevadas\u00a0<\/strong>y en la comparaci\u00f3n interanual se registran aumentos de las concentraciones de di\u00f3xido de carbono y metano en la atm\u00f3sfera; tambi\u00e9n se manifiesta una evoluci\u00f3n del agujero de ozono en un a\u00f1o en que 5 de las 6 bases permanentes que Argentina tiene en su territorio ant\u00e1rtico marcaron temperaturas sobre cero\u201d.<\/p>\n<p>\u201c<strong>El 22 de enero la ciudad rionegrina de Cipolletti marc\u00f3 una m\u00e1xima de 43,8 grados<\/strong>\u00a0y hubo localidades que sufrieron olas de calor de hasta ocho d\u00edas consecutivos, mientras que el 15 de junio la ciudad rionegrina de Maquinchao registr\u00f3 una m\u00ednima de 15,3 grados bajo cero y un d\u00eda despu\u00e9s hubo nevadas inusuales en C\u00f3rdoba y San Luis; este a\u00f1o tambi\u00e9n hubo olas de fr\u00edo en provincias como Chaco o Formosa\u201d, ejemplific\u00f3.<\/p>\n<p>La funcionaria a\u00f1adi\u00f3 que \u201cLa cuenca del Paran\u00e1 presenta en estos momentos una situaci\u00f3n de sequ\u00eda extrema o excepcional en el 64 por ciento de su extensi\u00f3n, y en un a\u00f1o seco tambi\u00e9n se vivieron lluvias extraordinarias como la que afect\u00f3 a la localidad bonaerense de Dolores, donde en un solo d\u00eda cayeron 276 mm que es lo que en ese lugar llueve en tres meses\u201d.<\/p>\n<p><strong>\u201cA nivel global la temperatura de enero a septiembre fue la m\u00e1s alta desde 1880, mientras que la temperatura de septiembre fue la m\u00e1s alta desde 1880<\/strong>\u201d, complet\u00f3 Saulo.<\/p>\n<p><strong>El secretario de Cambio Clim\u00e1tico, Desarrollo Sostenible e Innovaci\u00f3n del Ministerio de Ambiente, Rodrigo Rodr\u00edguez Tornquist,<\/strong>\u00a0afirm\u00f3 que \u201cla evidencia cient\u00edfica sobre el impacto del cambio clim\u00e1tico aceler\u00f3 la discusi\u00f3n pol\u00edtica en todo el mundo, y creemos importante sostener que frente a este desaf\u00edo todos los pa\u00edses tenemos responsabilidades comunes pero diferenciadas\u201d.<\/p>\n<p>\u201cEntendemos que los ejes m\u00e1s importantes para avanzar son la concientizaci\u00f3n, la planificaci\u00f3n estrat\u00e9gica, el fortalecimiento de capacidades y especialmente la participaci\u00f3n p\u00fablica\u201d, complet\u00f3 Rodr\u00edguez Tornquist.<\/p>\n<p><strong>La directora Nacional de Cambio Clim\u00e1tico, Florencia Mitchell,\u00a0<\/strong>afirm\u00f3 en tanto que \u201c<strong>la estrategia argentina para abordar esta problem\u00e1tica est\u00e1 basada en la transici\u00f3n energ\u00e9tica; el transporte sustentable; la gesti\u00f3n de agricultura, ganader\u00eda, pesca y bosques; la conservaci\u00f3n de ecosistemas y recursos naturales; y la transici\u00f3n productiva\u201d.<\/strong><\/p>\n<p>\u201cRespecto de la transici\u00f3n energ\u00e9tica el objetivo es avanzar sobre la eficiencia, la resiliencia del sistema, el desarrollo del hidr\u00f3geno, la federalizaci\u00f3n, el desarrollo de tecnolog\u00edas nacionales, el impulso a las energ\u00edas limpias y la gasificaci\u00f3n\u201d, indic\u00f3.<\/p>\n<p>Mitchell sostuvo que \u201cen referencia al transporte sostenible se busca fortalecer la planificaci\u00f3n urbana, el aprovechamiento de v\u00edas navegables, el reemplazo de combustibles f\u00f3siles y la adaptaci\u00f3n de la infraestructura\u201d.<\/p>\n<p>\u201cEn la gesti\u00f3n de la agricultura, la ganader\u00eda, la pesca y los bosques se busca trabajar sobre la actividad ganadera, la deforestaci\u00f3n, la gesti\u00f3n de riesgos, la diversificaci\u00f3n de la producci\u00f3n, el manejo integrado de ecosistemas, y la reubicaci\u00f3n y arraigo\u201d, mencion\u00f3.<\/p>\n<p>La funcionaria remarc\u00f3 que \u201c<strong>uno de los objetivos para proteger nuestros ecosistemas es el ordenamiento del territorio, la conectividad de paisajes, el manejo adaptativo, las tareas de restauraci\u00f3n y la ampliaci\u00f3n de la superficie de conservaci\u00f3n\u201d.<\/strong><\/p>\n<p>\u201cLa transici\u00f3n productiva implica avanzar en la gesti\u00f3n de riesgos, el desarrollo de cadenas de valor y la valorizaci\u00f3n de corrientes residuales\u201d, indic\u00f3.<\/p>\n<p>\u201cEn el eje que concebimos como territorios sostenibles y resilientes se busca avanzar en la gesti\u00f3n de recursos h\u00eddricos, la de los residuos y efluentes, la prevenci\u00f3n y contingencia de eventos extremos, h\u00e1bitats y viviendas sostenibles, la generaci\u00f3n distribuida de energ\u00eda, la producci\u00f3n local de alimentos y la infraestructura verde\u201d, finaliz\u00f3 Mitchell.<\/p>\n<\/div>\n<\/div>\n<\/div>\n<\/div>\n<\/div>\n","protected":false},"excerpt":{"rendered":"<p>El per\u00edodo entre enero y septiembre se ubica como el s\u00e9ptimo a\u00f1o m\u00e1s c\u00e1lido y el octavo m\u00e1s seco desde 1961, seg\u00fan los datos presentados por el SMN. Adem\u00e1s se registraron tres olas de calor y tres olas de fr\u00edo muy intensas.<\/p>\n","protected":false},"author":3,"featured_media":53811,"comment_status":"closed","ping_status":"closed","sticky":false,"template":"","format":"standard","meta":{"footnotes":""},"categories":[1],"tags":[],"class_list":["post-64263","post","type-post","status-publish","format-standard","has-post-thumbnail","hentry","category-sin-categoria"],"yoast_head":"<!-- This site is optimized with the Yoast SEO plugin v25.9 - https:\/\/yoast.com\/wordpress\/plugins\/seo\/ -->\n<title>El 2021, uno de los a\u00f1os m\u00e1s c\u00e1lidos y secos de las \u00faltimas seis d\u00e9cadas en la Argentina - Noticias Radio Reflejos<\/title>\n<meta name=\"robots\" content=\"index, follow, max-snippet:-1, max-image-preview:large, max-video-preview:-1\" \/>\n<link rel=\"canonical\" href=\"https:\/\/www.noticiasradioreflejos.com.ar\/2021\/el-2021-uno-de-los-anos-mas-calidos-y-secos-de-las-ultimas-seis-decadas-en-la-argentina\/\" \/>\n<meta property=\"og:locale\" content=\"es_ES\" \/>\n<meta property=\"og:type\" content=\"article\" \/>\n<meta property=\"og:title\" content=\"El 2021, uno de los a\u00f1os m\u00e1s c\u00e1lidos y secos de las \u00faltimas seis d\u00e9cadas en la Argentina - Noticias Radio Reflejos\" \/>\n<meta property=\"og:description\" content=\"El per\u00edodo entre enero y septiembre se ubica como el s\u00e9ptimo a\u00f1o m\u00e1s c\u00e1lido y el octavo m\u00e1s seco desde 1961, seg\u00fan los datos presentados por el SMN. Adem\u00e1s se registraron tres olas de calor y tres olas de fr\u00edo muy intensas.\" \/>\n<meta property=\"og:url\" content=\"https:\/\/www.noticiasradioreflejos.com.ar\/2021\/el-2021-uno-de-los-anos-mas-calidos-y-secos-de-las-ultimas-seis-decadas-en-la-argentina\/\" \/>\n<meta property=\"og:site_name\" content=\"Noticias Radio Reflejos\" \/>\n<meta property=\"article:published_time\" content=\"2021-10-28T11:50:29+00:00\" \/>\n<meta property=\"article:modified_time\" content=\"2021-10-28T11:51:29+00:00\" \/>\n<meta property=\"og:image\" content=\"https:\/\/www.noticiasradioreflejos.com.ar\/2021\/wp-content\/uploads\/2021\/03\/Cerro-Tres-Picos-6-1.jpg\" \/>\n\t<meta property=\"og:image:width\" content=\"640\" \/>\n\t<meta property=\"og:image:height\" content=\"277\" \/>\n\t<meta property=\"og:image:type\" content=\"image\/jpeg\" \/>\n<meta name=\"author\" content=\"Arnaldo Botto\" \/>\n<meta name=\"twitter:card\" content=\"summary_large_image\" \/>\n<script type=\"application\/ld+json\" class=\"yoast-schema-graph\">{\"@context\":\"https:\/\/schema.org\",\"@graph\":[{\"@type\":\"WebPage\",\"@id\":\"https:\/\/www.noticiasradioreflejos.com.ar\/2021\/el-2021-uno-de-los-anos-mas-calidos-y-secos-de-las-ultimas-seis-decadas-en-la-argentina\/\",\"url\":\"https:\/\/www.noticiasradioreflejos.com.ar\/2021\/el-2021-uno-de-los-anos-mas-calidos-y-secos-de-las-ultimas-seis-decadas-en-la-argentina\/\",\"name\":\"El 2021, uno de los a\u00f1os m\u00e1s c\u00e1lidos y secos de las \u00faltimas seis d\u00e9cadas en la Argentina - Noticias Radio Reflejos\",\"isPartOf\":{\"@id\":\"https:\/\/www.noticiasradioreflejos.com.ar\/2021\/#website\"},\"primaryImageOfPage\":{\"@id\":\"https:\/\/www.noticiasradioreflejos.com.ar\/2021\/el-2021-uno-de-los-anos-mas-calidos-y-secos-de-las-ultimas-seis-decadas-en-la-argentina\/#primaryimage\"},\"image\":{\"@id\":\"https:\/\/www.noticiasradioreflejos.com.ar\/2021\/el-2021-uno-de-los-anos-mas-calidos-y-secos-de-las-ultimas-seis-decadas-en-la-argentina\/#primaryimage\"},\"thumbnailUrl\":\"https:\/\/www.noticiasradioreflejos.com.ar\/2021\/wp-content\/uploads\/2021\/03\/Cerro-Tres-Picos-6-1.jpg\",\"datePublished\":\"2021-10-28T11:50:29+00:00\",\"dateModified\":\"2021-10-28T11:51:29+00:00\",\"author\":{\"@id\":\"https:\/\/www.noticiasradioreflejos.com.ar\/2021\/#\/schema\/person\/ad82545263dcc5ec0996818884fd5fb1\"},\"breadcrumb\":{\"@id\":\"https:\/\/www.noticiasradioreflejos.com.ar\/2021\/el-2021-uno-de-los-anos-mas-calidos-y-secos-de-las-ultimas-seis-decadas-en-la-argentina\/#breadcrumb\"},\"inLanguage\":\"es\",\"potentialAction\":[{\"@type\":\"ReadAction\",\"target\":[\"https:\/\/www.noticiasradioreflejos.com.ar\/2021\/el-2021-uno-de-los-anos-mas-calidos-y-secos-de-las-ultimas-seis-decadas-en-la-argentina\/\"]}]},{\"@type\":\"ImageObject\",\"inLanguage\":\"es\",\"@id\":\"https:\/\/www.noticiasradioreflejos.com.ar\/2021\/el-2021-uno-de-los-anos-mas-calidos-y-secos-de-las-ultimas-seis-decadas-en-la-argentina\/#primaryimage\",\"url\":\"https:\/\/www.noticiasradioreflejos.com.ar\/2021\/wp-content\/uploads\/2021\/03\/Cerro-Tres-Picos-6-1.jpg\",\"contentUrl\":\"https:\/\/www.noticiasradioreflejos.com.ar\/2021\/wp-content\/uploads\/2021\/03\/Cerro-Tres-Picos-6-1.jpg\",\"width\":640,\"height\":277},{\"@type\":\"BreadcrumbList\",\"@id\":\"https:\/\/www.noticiasradioreflejos.com.ar\/2021\/el-2021-uno-de-los-anos-mas-calidos-y-secos-de-las-ultimas-seis-decadas-en-la-argentina\/#breadcrumb\",\"itemListElement\":[{\"@type\":\"ListItem\",\"position\":1,\"name\":\"Portada\",\"item\":\"https:\/\/www.noticiasradioreflejos.com.ar\/2021\/\"},{\"@type\":\"ListItem\",\"position\":2,\"name\":\"El 2021, uno de los a\u00f1os m\u00e1s c\u00e1lidos y secos de las \u00faltimas seis d\u00e9cadas en la Argentina\"}]},{\"@type\":\"WebSite\",\"@id\":\"https:\/\/www.noticiasradioreflejos.com.ar\/2021\/#website\",\"url\":\"https:\/\/www.noticiasradioreflejos.com.ar\/2021\/\",\"name\":\"Noticias Radio Reflejos\",\"description\":\"Las noticias de mi comarca\",\"potentialAction\":[{\"@type\":\"SearchAction\",\"target\":{\"@type\":\"EntryPoint\",\"urlTemplate\":\"https:\/\/www.noticiasradioreflejos.com.ar\/2021\/?s={search_term_string}\"},\"query-input\":{\"@type\":\"PropertyValueSpecification\",\"valueRequired\":true,\"valueName\":\"search_term_string\"}}],\"inLanguage\":\"es\"},{\"@type\":\"Person\",\"@id\":\"https:\/\/www.noticiasradioreflejos.com.ar\/2021\/#\/schema\/person\/ad82545263dcc5ec0996818884fd5fb1\",\"name\":\"Arnaldo Botto\",\"image\":{\"@type\":\"ImageObject\",\"inLanguage\":\"es\",\"@id\":\"https:\/\/www.noticiasradioreflejos.com.ar\/2021\/#\/schema\/person\/image\/\",\"url\":\"https:\/\/secure.gravatar.com\/avatar\/55cb5e37c1efa326397366e6974cb338056df65cb50e7d64d1cf314e87504837?s=96&d=mm&r=g\",\"contentUrl\":\"https:\/\/secure.gravatar.com\/avatar\/55cb5e37c1efa326397366e6974cb338056df65cb50e7d64d1cf314e87504837?s=96&d=mm&r=g\",\"caption\":\"Arnaldo Botto\"},\"url\":\"https:\/\/www.noticiasradioreflejos.com.ar\/2021\/author\/arnaldo\/\"}]}<\/script>\n<!-- \/ Yoast SEO plugin. -->","yoast_head_json":{"title":"El 2021, uno de los a\u00f1os m\u00e1s c\u00e1lidos y secos de las \u00faltimas seis d\u00e9cadas en la Argentina - Noticias Radio Reflejos","robots":{"index":"index","follow":"follow","max-snippet":"max-snippet:-1","max-image-preview":"max-image-preview:large","max-video-preview":"max-video-preview:-1"},"canonical":"https:\/\/www.noticiasradioreflejos.com.ar\/2021\/el-2021-uno-de-los-anos-mas-calidos-y-secos-de-las-ultimas-seis-decadas-en-la-argentina\/","og_locale":"es_ES","og_type":"article","og_title":"El 2021, uno de los a\u00f1os m\u00e1s c\u00e1lidos y secos de las \u00faltimas seis d\u00e9cadas en la Argentina - Noticias Radio Reflejos","og_description":"El per\u00edodo entre enero y septiembre se ubica como el s\u00e9ptimo a\u00f1o m\u00e1s c\u00e1lido y el octavo m\u00e1s seco desde 1961, seg\u00fan los datos presentados por el SMN. Adem\u00e1s se registraron tres olas de calor y tres olas de fr\u00edo muy intensas.","og_url":"https:\/\/www.noticiasradioreflejos.com.ar\/2021\/el-2021-uno-de-los-anos-mas-calidos-y-secos-de-las-ultimas-seis-decadas-en-la-argentina\/","og_site_name":"Noticias Radio Reflejos","article_published_time":"2021-10-28T11:50:29+00:00","article_modified_time":"2021-10-28T11:51:29+00:00","og_image":[{"width":640,"height":277,"url":"https:\/\/www.noticiasradioreflejos.com.ar\/2021\/wp-content\/uploads\/2021\/03\/Cerro-Tres-Picos-6-1.jpg","type":"image\/jpeg"}],"author":"Arnaldo Botto","twitter_card":"summary_large_image","schema":{"@context":"https:\/\/schema.org","@graph":[{"@type":"WebPage","@id":"https:\/\/www.noticiasradioreflejos.com.ar\/2021\/el-2021-uno-de-los-anos-mas-calidos-y-secos-de-las-ultimas-seis-decadas-en-la-argentina\/","url":"https:\/\/www.noticiasradioreflejos.com.ar\/2021\/el-2021-uno-de-los-anos-mas-calidos-y-secos-de-las-ultimas-seis-decadas-en-la-argentina\/","name":"El 2021, uno de los a\u00f1os m\u00e1s c\u00e1lidos y secos de las \u00faltimas seis d\u00e9cadas en la Argentina - Noticias Radio Reflejos","isPartOf":{"@id":"https:\/\/www.noticiasradioreflejos.com.ar\/2021\/#website"},"primaryImageOfPage":{"@id":"https:\/\/www.noticiasradioreflejos.com.ar\/2021\/el-2021-uno-de-los-anos-mas-calidos-y-secos-de-las-ultimas-seis-decadas-en-la-argentina\/#primaryimage"},"image":{"@id":"https:\/\/www.noticiasradioreflejos.com.ar\/2021\/el-2021-uno-de-los-anos-mas-calidos-y-secos-de-las-ultimas-seis-decadas-en-la-argentina\/#primaryimage"},"thumbnailUrl":"https:\/\/www.noticiasradioreflejos.com.ar\/2021\/wp-content\/uploads\/2021\/03\/Cerro-Tres-Picos-6-1.jpg","datePublished":"2021-10-28T11:50:29+00:00","dateModified":"2021-10-28T11:51:29+00:00","author":{"@id":"https:\/\/www.noticiasradioreflejos.com.ar\/2021\/#\/schema\/person\/ad82545263dcc5ec0996818884fd5fb1"},"breadcrumb":{"@id":"https:\/\/www.noticiasradioreflejos.com.ar\/2021\/el-2021-uno-de-los-anos-mas-calidos-y-secos-de-las-ultimas-seis-decadas-en-la-argentina\/#breadcrumb"},"inLanguage":"es","potentialAction":[{"@type":"ReadAction","target":["https:\/\/www.noticiasradioreflejos.com.ar\/2021\/el-2021-uno-de-los-anos-mas-calidos-y-secos-de-las-ultimas-seis-decadas-en-la-argentina\/"]}]},{"@type":"ImageObject","inLanguage":"es","@id":"https:\/\/www.noticiasradioreflejos.com.ar\/2021\/el-2021-uno-de-los-anos-mas-calidos-y-secos-de-las-ultimas-seis-decadas-en-la-argentina\/#primaryimage","url":"https:\/\/www.noticiasradioreflejos.com.ar\/2021\/wp-content\/uploads\/2021\/03\/Cerro-Tres-Picos-6-1.jpg","contentUrl":"https:\/\/www.noticiasradioreflejos.com.ar\/2021\/wp-content\/uploads\/2021\/03\/Cerro-Tres-Picos-6-1.jpg","width":640,"height":277},{"@type":"BreadcrumbList","@id":"https:\/\/www.noticiasradioreflejos.com.ar\/2021\/el-2021-uno-de-los-anos-mas-calidos-y-secos-de-las-ultimas-seis-decadas-en-la-argentina\/#breadcrumb","itemListElement":[{"@type":"ListItem","position":1,"name":"Portada","item":"https:\/\/www.noticiasradioreflejos.com.ar\/2021\/"},{"@type":"ListItem","position":2,"name":"El 2021, uno de los a\u00f1os m\u00e1s c\u00e1lidos y secos de las \u00faltimas seis d\u00e9cadas en la Argentina"}]},{"@type":"WebSite","@id":"https:\/\/www.noticiasradioreflejos.com.ar\/2021\/#website","url":"https:\/\/www.noticiasradioreflejos.com.ar\/2021\/","name":"Noticias Radio Reflejos","description":"Las noticias de mi comarca","potentialAction":[{"@type":"SearchAction","target":{"@type":"EntryPoint","urlTemplate":"https:\/\/www.noticiasradioreflejos.com.ar\/2021\/?s={search_term_string}"},"query-input":{"@type":"PropertyValueSpecification","valueRequired":true,"valueName":"search_term_string"}}],"inLanguage":"es"},{"@type":"Person","@id":"https:\/\/www.noticiasradioreflejos.com.ar\/2021\/#\/schema\/person\/ad82545263dcc5ec0996818884fd5fb1","name":"Arnaldo Botto","image":{"@type":"ImageObject","inLanguage":"es","@id":"https:\/\/www.noticiasradioreflejos.com.ar\/2021\/#\/schema\/person\/image\/","url":"https:\/\/secure.gravatar.com\/avatar\/55cb5e37c1efa326397366e6974cb338056df65cb50e7d64d1cf314e87504837?s=96&d=mm&r=g","contentUrl":"https:\/\/secure.gravatar.com\/avatar\/55cb5e37c1efa326397366e6974cb338056df65cb50e7d64d1cf314e87504837?s=96&d=mm&r=g","caption":"Arnaldo Botto"},"url":"https:\/\/www.noticiasradioreflejos.com.ar\/2021\/author\/arnaldo\/"}]}},"_links":{"self":[{"href":"https:\/\/www.noticiasradioreflejos.com.ar\/2021\/wp-json\/wp\/v2\/posts\/64263","targetHints":{"allow":["GET"]}}],"collection":[{"href":"https:\/\/www.noticiasradioreflejos.com.ar\/2021\/wp-json\/wp\/v2\/posts"}],"about":[{"href":"https:\/\/www.noticiasradioreflejos.com.ar\/2021\/wp-json\/wp\/v2\/types\/post"}],"author":[{"embeddable":true,"href":"https:\/\/www.noticiasradioreflejos.com.ar\/2021\/wp-json\/wp\/v2\/users\/3"}],"replies":[{"embeddable":true,"href":"https:\/\/www.noticiasradioreflejos.com.ar\/2021\/wp-json\/wp\/v2\/comments?post=64263"}],"version-history":[{"count":1,"href":"https:\/\/www.noticiasradioreflejos.com.ar\/2021\/wp-json\/wp\/v2\/posts\/64263\/revisions"}],"predecessor-version":[{"id":64265,"href":"https:\/\/www.noticiasradioreflejos.com.ar\/2021\/wp-json\/wp\/v2\/posts\/64263\/revisions\/64265"}],"wp:featuredmedia":[{"embeddable":true,"href":"https:\/\/www.noticiasradioreflejos.com.ar\/2021\/wp-json\/wp\/v2\/media\/53811"}],"wp:attachment":[{"href":"https:\/\/www.noticiasradioreflejos.com.ar\/2021\/wp-json\/wp\/v2\/media?parent=64263"}],"wp:term":[{"taxonomy":"category","embeddable":true,"href":"https:\/\/www.noticiasradioreflejos.com.ar\/2021\/wp-json\/wp\/v2\/categories?post=64263"},{"taxonomy":"post_tag","embeddable":true,"href":"https:\/\/www.noticiasradioreflejos.com.ar\/2021\/wp-json\/wp\/v2\/tags?post=64263"}],"curies":[{"name":"wp","href":"https:\/\/api.w.org\/{rel}","templated":true}]}}