{"id":64159,"date":"2021-10-26T20:46:56","date_gmt":"2021-10-26T20:46:56","guid":{"rendered":"http:\/\/www.noticiasradioreflejos.com.ar\/2021\/?p=64159"},"modified":"2021-10-26T20:46:56","modified_gmt":"2021-10-26T20:46:56","slug":"me-voy-a-abrir-y-dejo-la-puerta-abierta-a-un-llamado-a-convocatoria-a-todos-los-que-quieran-participar","status":"publish","type":"post","link":"https:\/\/www.noticiasradioreflejos.com.ar\/2021\/me-voy-a-abrir-y-dejo-la-puerta-abierta-a-un-llamado-a-convocatoria-a-todos-los-que-quieran-participar\/","title":{"rendered":"\u00abMe voy a abrir y dejo la puerta abierta a un llamado a convocatoria a todos los que quieran participar\u00bb"},"content":{"rendered":"<p>Esta ma\u00f1ana conversamos con el secretario del sindicato de Empleados Municipales de Tornquist, para abordar varios temas, entre ellos la ropa de trabajo, entrega de un importante terreno en Sierra de la Ventana por parte del intendente, salarios y pr\u00f3ximas elecciones.<!--more--><\/p>\n<p>Claudio explic\u00f3 que desde el sindicato trabajan con una financiera que otorga cr\u00e9ditos a los afiliados para poder obtener dinero en efectivo y comprarse lo que necesiten. \u00abHasta el 14 de Noviembre lo van a renovar los cr\u00e9ditos\u00bb inform\u00f3.<\/p>\n<p>Otra de las noticias fue que repartieron algunas tarjetas con un 10 % de descuento para los empleados municipales afiliados al sindicato en el supermercado El Porvenir. Claudio mencion\u00f3 que estos beneficios son \u00fanicamente para las personas residentes en Tornquist, que se est\u00e1n evaluando los mismos beneficios para el otro lado de las sierras. \u00abTenemos un convenio con gente de Sierra, no con los mismos proveedores que Tornquist, pero de cualquier manera, todos los afiliados est\u00e1n en conocimiento de la existencia de la tarjeta\u00bb.<\/p>\n<p>Tambi\u00e9n estuvimos conversando acerca de la ropa para los empleados municipales. \u00abSe hizo un acuerdo con la textil de Tornquist para proveer de ropa a la gente de los corralones y a la gente de los hogares. Faltar\u00eda toda la parte administrativa y turismo. El ejecutivo se comprometi\u00f3 pero hay atrasos con la tela y dem\u00e1s\u00bb.<\/p>\n<p>\u00abNosotros siempre decimos que al Ejecutivo le toca ser elegido por el voto popular y en este per\u00edodo de gesti\u00f3n tiene que ir todo agarrado de la mano, y ah\u00ed entran los Concejales\u00bb opin\u00f3 acerca del apoyo que se necesita de los concejales para realizar la administraci\u00f3n del Municipio. \u00abNo es f\u00e1cil gestionar\u00bb expres\u00f3 en relaci\u00f3n a lo anteriormente mencionado.<\/p>\n<p>\u00abEste intendente nos cedi\u00f3 un terreno cerca del corral\u00f3n municipal para la gente de Sierra de la Ventana, Villa Ventana y Saldungaray, que ya tenemos pautado llegar a Diciembre con una escritura en la mano para hacer algo para la gente. Tenemos pensado un sal\u00f3n como el que tenemos ac\u00e1 en Tornquist\u00bb inform\u00f3 acerca del gesto de Sergio Bordoni con el sindicato. \u00abSolicitamos la escritura para pagarlo como corresponde y hacer lo que corresponde\u00bb. El terreno en cuesti\u00f3n es un gran lote que cuenta con una divisi\u00f3n.<\/p>\n<p>En relaci\u00f3n a los salarios, Claudio mencion\u00f3: \u00abEl INDEC marca el 52%. Ya hab\u00edamos solicitado un 15 % y el intendente dijo que para el mes de Octubre llegar\u00edamos con un 5 % m\u00e1s. As\u00ed que llegar\u00edamos con un 35 % m\u00e1s del salario b\u00e1sico\u00bb.<\/p>\n<p>\u00abMe voy a abrir y dejo la puerta abierta a un llamado a convocatoria a todos los que quieran participar\u00bb mencion\u00f3 finalmente en torno a las elecciones dentro del sindicato. \u00abCreo que a todas las cuestiones hay que ir cambi\u00e1ndole la cara. Entendemos que hay muchos compa\u00f1eros municipales que tienen capacidades\u00bb.<\/p>\n<p><em>Nota completa a continuaci\u00f3n.<\/em><br \/>\n<iframe loading=\"lazy\" src=\"https:\/\/w.soundcloud.com\/player\/?url=https%3A\/\/api.soundcloud.com\/tracks\/1148349157&amp;color=%23ff5500&amp;auto_play=false&amp;hide_related=false&amp;show_comments=true&amp;show_user=true&amp;show_reposts=false&amp;show_teaser=true\" width=\"100%\" height=\"166\" frameborder=\"no\" scrolling=\"no\"><\/iframe><\/p>\n<div style=\"font-size: 10px; color: #cccccc; line-break: anywhere; word-break: normal; overflow: hidden; white-space: nowrap; text-overflow: ellipsis; font-family: Interstate,Lucida Grande,Lucida Sans Unicode,Lucida Sans,Garuda,Verdana,Tahoma,sans-serif; font-weight: 100;\"><a style=\"color: #cccccc; text-decoration: none;\" title=\"fmreflejos 103.7\" href=\"https:\/\/soundcloud.com\/fmreflejos-103-7\" target=\"_blank\" rel=\"noopener\">fmreflejos 103.7<\/a> \u00b7 <a style=\"color: #cccccc; text-decoration: none;\" title=\"Claudio Lencinas\" href=\"https:\/\/soundcloud.com\/fmreflejos-103-7\/claudio-lencinas-1\" target=\"_blank\" rel=\"noopener\">Claudio Lencinas<\/a><\/div>\n","protected":false},"excerpt":{"rendered":"<p>Esta ma\u00f1ana conversamos con el secretario del sindicato de Empleados Municipales de Tornquist, para abordar varios temas, entre ellos la ropa de trabajo, entrega de un importante terreno en Sierra de la Ventana por parte del intendente, salarios y pr\u00f3ximas elecciones.<\/p>\n","protected":false},"author":3,"featured_media":50628,"comment_status":"closed","ping_status":"closed","sticky":false,"template":"","format":"standard","meta":{"footnotes":""},"categories":[26],"tags":[48],"class_list":["post-64159","post","type-post","status-publish","format-standard","has-post-thumbnail","hentry","category-sociedad","tag-destacada"],"yoast_head":"<!-- This site is optimized with the Yoast SEO plugin v25.9 - https:\/\/yoast.com\/wordpress\/plugins\/seo\/ -->\n<title>&quot;Me voy a abrir y dejo la puerta abierta a un llamado a convocatoria a todos los que quieran participar&quot; - Noticias Radio Reflejos<\/title>\n<meta name=\"robots\" content=\"index, follow, max-snippet:-1, max-image-preview:large, max-video-preview:-1\" \/>\n<link rel=\"canonical\" href=\"https:\/\/www.noticiasradioreflejos.com.ar\/2021\/me-voy-a-abrir-y-dejo-la-puerta-abierta-a-un-llamado-a-convocatoria-a-todos-los-que-quieran-participar\/\" \/>\n<meta property=\"og:locale\" content=\"es_ES\" \/>\n<meta property=\"og:type\" content=\"article\" \/>\n<meta property=\"og:title\" content=\"&quot;Me voy a abrir y dejo la puerta abierta a un llamado a convocatoria a todos los que quieran participar&quot; - Noticias Radio Reflejos\" \/>\n<meta property=\"og:description\" content=\"Esta ma\u00f1ana conversamos con el secretario del sindicato de Empleados Municipales de Tornquist, para abordar varios temas, entre ellos la ropa de trabajo, entrega de un importante terreno en Sierra de la Ventana por parte del intendente, salarios y pr\u00f3ximas elecciones.\" \/>\n<meta property=\"og:url\" content=\"https:\/\/www.noticiasradioreflejos.com.ar\/2021\/me-voy-a-abrir-y-dejo-la-puerta-abierta-a-un-llamado-a-convocatoria-a-todos-los-que-quieran-participar\/\" \/>\n<meta property=\"og:site_name\" content=\"Noticias Radio Reflejos\" \/>\n<meta property=\"article:published_time\" content=\"2021-10-26T20:46:56+00:00\" \/>\n<meta property=\"og:image\" content=\"https:\/\/www.noticiasradioreflejos.com.ar\/2021\/wp-content\/uploads\/2020\/12\/Lencinas.jpg\" \/>\n\t<meta property=\"og:image:width\" content=\"550\" \/>\n\t<meta property=\"og:image:height\" content=\"483\" \/>\n\t<meta property=\"og:image:type\" content=\"image\/jpeg\" \/>\n<meta name=\"author\" content=\"Arnaldo Botto\" \/>\n<meta name=\"twitter:card\" content=\"summary_large_image\" \/>\n<script type=\"application\/ld+json\" class=\"yoast-schema-graph\">{\"@context\":\"https:\/\/schema.org\",\"@graph\":[{\"@type\":\"WebPage\",\"@id\":\"https:\/\/www.noticiasradioreflejos.com.ar\/2021\/me-voy-a-abrir-y-dejo-la-puerta-abierta-a-un-llamado-a-convocatoria-a-todos-los-que-quieran-participar\/\",\"url\":\"https:\/\/www.noticiasradioreflejos.com.ar\/2021\/me-voy-a-abrir-y-dejo-la-puerta-abierta-a-un-llamado-a-convocatoria-a-todos-los-que-quieran-participar\/\",\"name\":\"\\\"Me voy a abrir y dejo la puerta abierta a un llamado a convocatoria a todos los que quieran participar\\\" - Noticias Radio Reflejos\",\"isPartOf\":{\"@id\":\"https:\/\/www.noticiasradioreflejos.com.ar\/2021\/#website\"},\"primaryImageOfPage\":{\"@id\":\"https:\/\/www.noticiasradioreflejos.com.ar\/2021\/me-voy-a-abrir-y-dejo-la-puerta-abierta-a-un-llamado-a-convocatoria-a-todos-los-que-quieran-participar\/#primaryimage\"},\"image\":{\"@id\":\"https:\/\/www.noticiasradioreflejos.com.ar\/2021\/me-voy-a-abrir-y-dejo-la-puerta-abierta-a-un-llamado-a-convocatoria-a-todos-los-que-quieran-participar\/#primaryimage\"},\"thumbnailUrl\":\"https:\/\/www.noticiasradioreflejos.com.ar\/2021\/wp-content\/uploads\/2020\/12\/Lencinas.jpg\",\"datePublished\":\"2021-10-26T20:46:56+00:00\",\"author\":{\"@id\":\"https:\/\/www.noticiasradioreflejos.com.ar\/2021\/#\/schema\/person\/ad82545263dcc5ec0996818884fd5fb1\"},\"breadcrumb\":{\"@id\":\"https:\/\/www.noticiasradioreflejos.com.ar\/2021\/me-voy-a-abrir-y-dejo-la-puerta-abierta-a-un-llamado-a-convocatoria-a-todos-los-que-quieran-participar\/#breadcrumb\"},\"inLanguage\":\"es\",\"potentialAction\":[{\"@type\":\"ReadAction\",\"target\":[\"https:\/\/www.noticiasradioreflejos.com.ar\/2021\/me-voy-a-abrir-y-dejo-la-puerta-abierta-a-un-llamado-a-convocatoria-a-todos-los-que-quieran-participar\/\"]}]},{\"@type\":\"ImageObject\",\"inLanguage\":\"es\",\"@id\":\"https:\/\/www.noticiasradioreflejos.com.ar\/2021\/me-voy-a-abrir-y-dejo-la-puerta-abierta-a-un-llamado-a-convocatoria-a-todos-los-que-quieran-participar\/#primaryimage\",\"url\":\"https:\/\/www.noticiasradioreflejos.com.ar\/2021\/wp-content\/uploads\/2020\/12\/Lencinas.jpg\",\"contentUrl\":\"https:\/\/www.noticiasradioreflejos.com.ar\/2021\/wp-content\/uploads\/2020\/12\/Lencinas.jpg\",\"width\":550,\"height\":483},{\"@type\":\"BreadcrumbList\",\"@id\":\"https:\/\/www.noticiasradioreflejos.com.ar\/2021\/me-voy-a-abrir-y-dejo-la-puerta-abierta-a-un-llamado-a-convocatoria-a-todos-los-que-quieran-participar\/#breadcrumb\",\"itemListElement\":[{\"@type\":\"ListItem\",\"position\":1,\"name\":\"Portada\",\"item\":\"https:\/\/www.noticiasradioreflejos.com.ar\/2021\/\"},{\"@type\":\"ListItem\",\"position\":2,\"name\":\"\u00abMe voy a abrir y dejo la puerta abierta a un llamado a convocatoria a todos los que quieran participar\u00bb\"}]},{\"@type\":\"WebSite\",\"@id\":\"https:\/\/www.noticiasradioreflejos.com.ar\/2021\/#website\",\"url\":\"https:\/\/www.noticiasradioreflejos.com.ar\/2021\/\",\"name\":\"Noticias Radio Reflejos\",\"description\":\"Las noticias de mi comarca\",\"potentialAction\":[{\"@type\":\"SearchAction\",\"target\":{\"@type\":\"EntryPoint\",\"urlTemplate\":\"https:\/\/www.noticiasradioreflejos.com.ar\/2021\/?s={search_term_string}\"},\"query-input\":{\"@type\":\"PropertyValueSpecification\",\"valueRequired\":true,\"valueName\":\"search_term_string\"}}],\"inLanguage\":\"es\"},{\"@type\":\"Person\",\"@id\":\"https:\/\/www.noticiasradioreflejos.com.ar\/2021\/#\/schema\/person\/ad82545263dcc5ec0996818884fd5fb1\",\"name\":\"Arnaldo Botto\",\"image\":{\"@type\":\"ImageObject\",\"inLanguage\":\"es\",\"@id\":\"https:\/\/www.noticiasradioreflejos.com.ar\/2021\/#\/schema\/person\/image\/\",\"url\":\"https:\/\/secure.gravatar.com\/avatar\/55cb5e37c1efa326397366e6974cb338056df65cb50e7d64d1cf314e87504837?s=96&d=mm&r=g\",\"contentUrl\":\"https:\/\/secure.gravatar.com\/avatar\/55cb5e37c1efa326397366e6974cb338056df65cb50e7d64d1cf314e87504837?s=96&d=mm&r=g\",\"caption\":\"Arnaldo Botto\"},\"url\":\"https:\/\/www.noticiasradioreflejos.com.ar\/2021\/author\/arnaldo\/\"}]}<\/script>\n<!-- \/ Yoast SEO plugin. -->","yoast_head_json":{"title":"\"Me voy a abrir y dejo la puerta abierta a un llamado a convocatoria a todos los que quieran participar\" - Noticias Radio Reflejos","robots":{"index":"index","follow":"follow","max-snippet":"max-snippet:-1","max-image-preview":"max-image-preview:large","max-video-preview":"max-video-preview:-1"},"canonical":"https:\/\/www.noticiasradioreflejos.com.ar\/2021\/me-voy-a-abrir-y-dejo-la-puerta-abierta-a-un-llamado-a-convocatoria-a-todos-los-que-quieran-participar\/","og_locale":"es_ES","og_type":"article","og_title":"\"Me voy a abrir y dejo la puerta abierta a un llamado a convocatoria a todos los que quieran participar\" - Noticias Radio Reflejos","og_description":"Esta ma\u00f1ana conversamos con el secretario del sindicato de Empleados Municipales de Tornquist, para abordar varios temas, entre ellos la ropa de trabajo, entrega de un importante terreno en Sierra de la Ventana por parte del intendente, salarios y pr\u00f3ximas elecciones.","og_url":"https:\/\/www.noticiasradioreflejos.com.ar\/2021\/me-voy-a-abrir-y-dejo-la-puerta-abierta-a-un-llamado-a-convocatoria-a-todos-los-que-quieran-participar\/","og_site_name":"Noticias Radio Reflejos","article_published_time":"2021-10-26T20:46:56+00:00","og_image":[{"width":550,"height":483,"url":"https:\/\/www.noticiasradioreflejos.com.ar\/2021\/wp-content\/uploads\/2020\/12\/Lencinas.jpg","type":"image\/jpeg"}],"author":"Arnaldo Botto","twitter_card":"summary_large_image","schema":{"@context":"https:\/\/schema.org","@graph":[{"@type":"WebPage","@id":"https:\/\/www.noticiasradioreflejos.com.ar\/2021\/me-voy-a-abrir-y-dejo-la-puerta-abierta-a-un-llamado-a-convocatoria-a-todos-los-que-quieran-participar\/","url":"https:\/\/www.noticiasradioreflejos.com.ar\/2021\/me-voy-a-abrir-y-dejo-la-puerta-abierta-a-un-llamado-a-convocatoria-a-todos-los-que-quieran-participar\/","name":"\"Me voy a abrir y dejo la puerta abierta a un llamado a convocatoria a todos los que quieran participar\" - Noticias Radio Reflejos","isPartOf":{"@id":"https:\/\/www.noticiasradioreflejos.com.ar\/2021\/#website"},"primaryImageOfPage":{"@id":"https:\/\/www.noticiasradioreflejos.com.ar\/2021\/me-voy-a-abrir-y-dejo-la-puerta-abierta-a-un-llamado-a-convocatoria-a-todos-los-que-quieran-participar\/#primaryimage"},"image":{"@id":"https:\/\/www.noticiasradioreflejos.com.ar\/2021\/me-voy-a-abrir-y-dejo-la-puerta-abierta-a-un-llamado-a-convocatoria-a-todos-los-que-quieran-participar\/#primaryimage"},"thumbnailUrl":"https:\/\/www.noticiasradioreflejos.com.ar\/2021\/wp-content\/uploads\/2020\/12\/Lencinas.jpg","datePublished":"2021-10-26T20:46:56+00:00","author":{"@id":"https:\/\/www.noticiasradioreflejos.com.ar\/2021\/#\/schema\/person\/ad82545263dcc5ec0996818884fd5fb1"},"breadcrumb":{"@id":"https:\/\/www.noticiasradioreflejos.com.ar\/2021\/me-voy-a-abrir-y-dejo-la-puerta-abierta-a-un-llamado-a-convocatoria-a-todos-los-que-quieran-participar\/#breadcrumb"},"inLanguage":"es","potentialAction":[{"@type":"ReadAction","target":["https:\/\/www.noticiasradioreflejos.com.ar\/2021\/me-voy-a-abrir-y-dejo-la-puerta-abierta-a-un-llamado-a-convocatoria-a-todos-los-que-quieran-participar\/"]}]},{"@type":"ImageObject","inLanguage":"es","@id":"https:\/\/www.noticiasradioreflejos.com.ar\/2021\/me-voy-a-abrir-y-dejo-la-puerta-abierta-a-un-llamado-a-convocatoria-a-todos-los-que-quieran-participar\/#primaryimage","url":"https:\/\/www.noticiasradioreflejos.com.ar\/2021\/wp-content\/uploads\/2020\/12\/Lencinas.jpg","contentUrl":"https:\/\/www.noticiasradioreflejos.com.ar\/2021\/wp-content\/uploads\/2020\/12\/Lencinas.jpg","width":550,"height":483},{"@type":"BreadcrumbList","@id":"https:\/\/www.noticiasradioreflejos.com.ar\/2021\/me-voy-a-abrir-y-dejo-la-puerta-abierta-a-un-llamado-a-convocatoria-a-todos-los-que-quieran-participar\/#breadcrumb","itemListElement":[{"@type":"ListItem","position":1,"name":"Portada","item":"https:\/\/www.noticiasradioreflejos.com.ar\/2021\/"},{"@type":"ListItem","position":2,"name":"\u00abMe voy a abrir y dejo la puerta abierta a un llamado a convocatoria a todos los que quieran participar\u00bb"}]},{"@type":"WebSite","@id":"https:\/\/www.noticiasradioreflejos.com.ar\/2021\/#website","url":"https:\/\/www.noticiasradioreflejos.com.ar\/2021\/","name":"Noticias Radio Reflejos","description":"Las noticias de mi comarca","potentialAction":[{"@type":"SearchAction","target":{"@type":"EntryPoint","urlTemplate":"https:\/\/www.noticiasradioreflejos.com.ar\/2021\/?s={search_term_string}"},"query-input":{"@type":"PropertyValueSpecification","valueRequired":true,"valueName":"search_term_string"}}],"inLanguage":"es"},{"@type":"Person","@id":"https:\/\/www.noticiasradioreflejos.com.ar\/2021\/#\/schema\/person\/ad82545263dcc5ec0996818884fd5fb1","name":"Arnaldo Botto","image":{"@type":"ImageObject","inLanguage":"es","@id":"https:\/\/www.noticiasradioreflejos.com.ar\/2021\/#\/schema\/person\/image\/","url":"https:\/\/secure.gravatar.com\/avatar\/55cb5e37c1efa326397366e6974cb338056df65cb50e7d64d1cf314e87504837?s=96&d=mm&r=g","contentUrl":"https:\/\/secure.gravatar.com\/avatar\/55cb5e37c1efa326397366e6974cb338056df65cb50e7d64d1cf314e87504837?s=96&d=mm&r=g","caption":"Arnaldo Botto"},"url":"https:\/\/www.noticiasradioreflejos.com.ar\/2021\/author\/arnaldo\/"}]}},"_links":{"self":[{"href":"https:\/\/www.noticiasradioreflejos.com.ar\/2021\/wp-json\/wp\/v2\/posts\/64159","targetHints":{"allow":["GET"]}}],"collection":[{"href":"https:\/\/www.noticiasradioreflejos.com.ar\/2021\/wp-json\/wp\/v2\/posts"}],"about":[{"href":"https:\/\/www.noticiasradioreflejos.com.ar\/2021\/wp-json\/wp\/v2\/types\/post"}],"author":[{"embeddable":true,"href":"https:\/\/www.noticiasradioreflejos.com.ar\/2021\/wp-json\/wp\/v2\/users\/3"}],"replies":[{"embeddable":true,"href":"https:\/\/www.noticiasradioreflejos.com.ar\/2021\/wp-json\/wp\/v2\/comments?post=64159"}],"version-history":[{"count":4,"href":"https:\/\/www.noticiasradioreflejos.com.ar\/2021\/wp-json\/wp\/v2\/posts\/64159\/revisions"}],"predecessor-version":[{"id":64173,"href":"https:\/\/www.noticiasradioreflejos.com.ar\/2021\/wp-json\/wp\/v2\/posts\/64159\/revisions\/64173"}],"wp:featuredmedia":[{"embeddable":true,"href":"https:\/\/www.noticiasradioreflejos.com.ar\/2021\/wp-json\/wp\/v2\/media\/50628"}],"wp:attachment":[{"href":"https:\/\/www.noticiasradioreflejos.com.ar\/2021\/wp-json\/wp\/v2\/media?parent=64159"}],"wp:term":[{"taxonomy":"category","embeddable":true,"href":"https:\/\/www.noticiasradioreflejos.com.ar\/2021\/wp-json\/wp\/v2\/categories?post=64159"},{"taxonomy":"post_tag","embeddable":true,"href":"https:\/\/www.noticiasradioreflejos.com.ar\/2021\/wp-json\/wp\/v2\/tags?post=64159"}],"curies":[{"name":"wp","href":"https:\/\/api.w.org\/{rel}","templated":true}]}}