{"id":64136,"date":"2021-10-26T11:03:24","date_gmt":"2021-10-26T11:03:24","guid":{"rendered":"http:\/\/www.noticiasradioreflejos.com.ar\/2021\/?p=64136"},"modified":"2021-10-26T11:03:24","modified_gmt":"2021-10-26T11:03:24","slug":"intensa-actividad-deportiva-en-el-distrito-este-fin-de-semana","status":"publish","type":"post","link":"https:\/\/www.noticiasradioreflejos.com.ar\/2021\/intensa-actividad-deportiva-en-el-distrito-este-fin-de-semana\/","title":{"rendered":"Intensa actividad deportiva en el distrito este fin de semana"},"content":{"rendered":"<p>Los grupos de Newcom y B\u00e1squet municipales participaron, este fin de semana, de competencias deportivas.<!--more--><\/p>\n<p><a title=\"Deportes del finde (2)\" href=\"https:\/\/www.flickr.com\/photos\/182279889@N02\/51629427867\/in\/dateposted-public\/\" data-flickr-embed=\"true\" data-header=\"true\"><img loading=\"lazy\" decoding=\"async\" src=\"https:\/\/live.staticflickr.com\/65535\/51629427867_a12daf0665_z.jpg\" alt=\"Deportes del finde (2)\" width=\"640\" height=\"479\" \/><\/a><script async src=\"\/\/embedr.flickr.com\/assets\/client-code.js\" charset=\"utf-8\"><\/script><\/p>\n<p>El s\u00e1bado 23, los integrantes del Newcom municipal fueron anfitriones en el 2\u00b0 encuentro de la disciplina que se desarroll\u00f3 en instalaciones del gimnasio municipal \u201cEva Per\u00f3n\u201d, y del polideportivo \u201cMario Gandini\u201d del Club Automoto.<\/p>\n<p>Participaron de la jornada equipos de las localidades P\u00faan, Darregueira, Coronel Dorrego, Bah\u00eda Blanca, Monte Hermoso y Puerto Madryn.<\/p>\n<p><a title=\"Deportes del finde (8)\" href=\"https:\/\/www.flickr.com\/photos\/182279889@N02\/51631110395\/in\/dateposted-public\/\" data-flickr-embed=\"true\" data-header=\"true\"><img loading=\"lazy\" decoding=\"async\" src=\"https:\/\/live.staticflickr.com\/65535\/51631110395_2867e0f28f_z.jpg\" alt=\"Deportes del finde (8)\" width=\"640\" height=\"360\" \/><\/a><script async src=\"\/\/embedr.flickr.com\/assets\/client-code.js\" charset=\"utf-8\"><\/script><\/p>\n<p>Por otro lado, el domingo 24, el grupo de b\u00e1squet municipal, a cargo de Sergio Pettoroso llev\u00f3 a cabo la 15\u00b0 edici\u00f3n del encuentro denominado \u201cSomos Deportedependientes\u201d<\/p>\n<p>Las instalaciones elegidas fueron las del gimnasio municipal y el play\u00f3n del CEF N\u00b09, para disputar este tradicional encuentro, del que participaron categor\u00edas infantiles mixtas de Deportivo Sarmiento (Coronel Su\u00e1rez), Independiente (Dorrego), Independiente (Pig\u00fc\u00e9), CEF N\u00b0 9 (Tornquist), Alem (Pringles) y las Escuelas Municipales de Carhu\u00e9 y Saldungaray.<\/p>\n<p>Tambi\u00e9n el domingo, se desarroll\u00f3 en la localidad de Saldungaray la carrera \u201cDesafio Cross Trail\u201d, donde los deportistas del grupo de Running municipal tuvieron una destacada actuaci\u00f3n, logrando subir al podio: Mabel Garcia, Felix Coceres, Jonathan Alchao y el profesor del grupo Juan Gisler.<br \/>\nDe la competencia participaron alrededor de 480 atletas.<\/p>\n<p><a title=\"Deportes del finde (1)\" href=\"https:\/\/www.flickr.com\/photos\/182279889@N02\/51629427952\/in\/dateposted-public\/\" data-flickr-embed=\"true\" data-header=\"true\"><img loading=\"lazy\" decoding=\"async\" src=\"https:\/\/live.staticflickr.com\/65535\/51629427952_8a2556d880_z.jpg\" alt=\"Deportes del finde (1)\" width=\"640\" height=\"426\" \/><\/a><script async src=\"\/\/embedr.flickr.com\/assets\/client-code.js\" charset=\"utf-8\"><\/script><\/p>\n<p>Hubo adem\u00e1s una notoria participaci\u00f3n de los j\u00f3venes de la escuela de Atletismo municipal, que participaron del torneo \u201cSocios Fundadores\u201d, organizado por el Club VR Entrena de la ciudad de Bah\u00eda Blanca, logrando varios lugares en el podio.<\/p>\n<p>Desde la Direcci\u00f3n de Deportes se destaca la gran participaci\u00f3n de los j\u00f3venes y adultos en las actividades propuestas, resaltando los grandes valores que logran transmitirse en cada una de las competencias: superaci\u00f3n, perseverancia, voluntad, respeto, solidaridad y compa\u00f1erismo.<\/p>\n<p>El \u00e1rea de deportes municipal agradece a las instituciones por ceder las instalaciones para que puedan realizarse los distintos encuentros deportivos.<\/p>\n<p><a title=\"Deportes del finde (12)\" href=\"https:\/\/www.flickr.com\/photos\/182279889@N02\/51630475513\/in\/dateposted-public\/\" data-flickr-embed=\"true\" data-header=\"true\"><img loading=\"lazy\" decoding=\"async\" src=\"https:\/\/live.staticflickr.com\/65535\/51630475513_173fc851cc_z.jpg\" alt=\"Deportes del finde (12)\" width=\"360\" height=\"640\" \/><\/a><script async src=\"\/\/embedr.flickr.com\/assets\/client-code.js\" charset=\"utf-8\"><\/script><\/p>\n<p><a title=\"Deportes del finde (11)\" href=\"https:\/\/www.flickr.com\/photos\/182279889@N02\/51630251326\/in\/dateposted-public\/\" data-flickr-embed=\"true\" data-header=\"true\"><img loading=\"lazy\" decoding=\"async\" src=\"https:\/\/live.staticflickr.com\/65535\/51630251326_7b2787d24a_z.jpg\" alt=\"Deportes del finde (11)\" width=\"640\" height=\"360\" \/><\/a><script async src=\"\/\/embedr.flickr.com\/assets\/client-code.js\" charset=\"utf-8\"><\/script><\/p>\n<p>&nbsp;<\/p>\n","protected":false},"excerpt":{"rendered":"<p>Los grupos de Newcom y B\u00e1squet municipales participaron, este fin de semana, de competencias deportivas.<\/p>\n","protected":false},"author":3,"featured_media":0,"comment_status":"closed","ping_status":"closed","sticky":false,"template":"","format":"standard","meta":{"footnotes":""},"categories":[27,28],"tags":[],"class_list":["post-64136","post","type-post","status-publish","format-standard","hentry","category-deportes","category-municipales"],"yoast_head":"<!-- This site is optimized with the Yoast SEO plugin v25.9 - https:\/\/yoast.com\/wordpress\/plugins\/seo\/ -->\n<title>Intensa actividad deportiva en el distrito este fin de semana - Noticias Radio Reflejos<\/title>\n<meta name=\"robots\" content=\"index, follow, max-snippet:-1, max-image-preview:large, max-video-preview:-1\" \/>\n<link rel=\"canonical\" href=\"https:\/\/www.noticiasradioreflejos.com.ar\/2021\/intensa-actividad-deportiva-en-el-distrito-este-fin-de-semana\/\" \/>\n<meta property=\"og:locale\" content=\"es_ES\" \/>\n<meta property=\"og:type\" content=\"article\" \/>\n<meta property=\"og:title\" content=\"Intensa actividad deportiva en el distrito este fin de semana - Noticias Radio Reflejos\" \/>\n<meta property=\"og:description\" content=\"Los grupos de Newcom y B\u00e1squet municipales participaron, este fin de semana, de competencias deportivas.\" \/>\n<meta property=\"og:url\" content=\"https:\/\/www.noticiasradioreflejos.com.ar\/2021\/intensa-actividad-deportiva-en-el-distrito-este-fin-de-semana\/\" \/>\n<meta property=\"og:site_name\" content=\"Noticias Radio Reflejos\" \/>\n<meta property=\"article:published_time\" content=\"2021-10-26T11:03:24+00:00\" \/>\n<meta property=\"og:image\" content=\"https:\/\/live.staticflickr.com\/65535\/51629427867_a12daf0665_z.jpg\" \/>\n<meta name=\"author\" content=\"Arnaldo Botto\" \/>\n<meta name=\"twitter:card\" content=\"summary_large_image\" \/>\n<script type=\"application\/ld+json\" class=\"yoast-schema-graph\">{\"@context\":\"https:\/\/schema.org\",\"@graph\":[{\"@type\":\"WebPage\",\"@id\":\"https:\/\/www.noticiasradioreflejos.com.ar\/2021\/intensa-actividad-deportiva-en-el-distrito-este-fin-de-semana\/\",\"url\":\"https:\/\/www.noticiasradioreflejos.com.ar\/2021\/intensa-actividad-deportiva-en-el-distrito-este-fin-de-semana\/\",\"name\":\"Intensa actividad deportiva en el distrito este fin de semana - Noticias Radio Reflejos\",\"isPartOf\":{\"@id\":\"https:\/\/www.noticiasradioreflejos.com.ar\/2021\/#website\"},\"primaryImageOfPage\":{\"@id\":\"https:\/\/www.noticiasradioreflejos.com.ar\/2021\/intensa-actividad-deportiva-en-el-distrito-este-fin-de-semana\/#primaryimage\"},\"image\":{\"@id\":\"https:\/\/www.noticiasradioreflejos.com.ar\/2021\/intensa-actividad-deportiva-en-el-distrito-este-fin-de-semana\/#primaryimage\"},\"thumbnailUrl\":\"https:\/\/live.staticflickr.com\/65535\/51629427867_a12daf0665_z.jpg\",\"datePublished\":\"2021-10-26T11:03:24+00:00\",\"author\":{\"@id\":\"https:\/\/www.noticiasradioreflejos.com.ar\/2021\/#\/schema\/person\/ad82545263dcc5ec0996818884fd5fb1\"},\"breadcrumb\":{\"@id\":\"https:\/\/www.noticiasradioreflejos.com.ar\/2021\/intensa-actividad-deportiva-en-el-distrito-este-fin-de-semana\/#breadcrumb\"},\"inLanguage\":\"es\",\"potentialAction\":[{\"@type\":\"ReadAction\",\"target\":[\"https:\/\/www.noticiasradioreflejos.com.ar\/2021\/intensa-actividad-deportiva-en-el-distrito-este-fin-de-semana\/\"]}]},{\"@type\":\"ImageObject\",\"inLanguage\":\"es\",\"@id\":\"https:\/\/www.noticiasradioreflejos.com.ar\/2021\/intensa-actividad-deportiva-en-el-distrito-este-fin-de-semana\/#primaryimage\",\"url\":\"https:\/\/live.staticflickr.com\/65535\/51629427867_a12daf0665_z.jpg\",\"contentUrl\":\"https:\/\/live.staticflickr.com\/65535\/51629427867_a12daf0665_z.jpg\"},{\"@type\":\"BreadcrumbList\",\"@id\":\"https:\/\/www.noticiasradioreflejos.com.ar\/2021\/intensa-actividad-deportiva-en-el-distrito-este-fin-de-semana\/#breadcrumb\",\"itemListElement\":[{\"@type\":\"ListItem\",\"position\":1,\"name\":\"Portada\",\"item\":\"https:\/\/www.noticiasradioreflejos.com.ar\/2021\/\"},{\"@type\":\"ListItem\",\"position\":2,\"name\":\"Intensa actividad deportiva en el distrito este fin de semana\"}]},{\"@type\":\"WebSite\",\"@id\":\"https:\/\/www.noticiasradioreflejos.com.ar\/2021\/#website\",\"url\":\"https:\/\/www.noticiasradioreflejos.com.ar\/2021\/\",\"name\":\"Noticias Radio Reflejos\",\"description\":\"Las noticias de mi comarca\",\"potentialAction\":[{\"@type\":\"SearchAction\",\"target\":{\"@type\":\"EntryPoint\",\"urlTemplate\":\"https:\/\/www.noticiasradioreflejos.com.ar\/2021\/?s={search_term_string}\"},\"query-input\":{\"@type\":\"PropertyValueSpecification\",\"valueRequired\":true,\"valueName\":\"search_term_string\"}}],\"inLanguage\":\"es\"},{\"@type\":\"Person\",\"@id\":\"https:\/\/www.noticiasradioreflejos.com.ar\/2021\/#\/schema\/person\/ad82545263dcc5ec0996818884fd5fb1\",\"name\":\"Arnaldo Botto\",\"image\":{\"@type\":\"ImageObject\",\"inLanguage\":\"es\",\"@id\":\"https:\/\/www.noticiasradioreflejos.com.ar\/2021\/#\/schema\/person\/image\/\",\"url\":\"https:\/\/secure.gravatar.com\/avatar\/55cb5e37c1efa326397366e6974cb338056df65cb50e7d64d1cf314e87504837?s=96&d=mm&r=g\",\"contentUrl\":\"https:\/\/secure.gravatar.com\/avatar\/55cb5e37c1efa326397366e6974cb338056df65cb50e7d64d1cf314e87504837?s=96&d=mm&r=g\",\"caption\":\"Arnaldo Botto\"},\"url\":\"https:\/\/www.noticiasradioreflejos.com.ar\/2021\/author\/arnaldo\/\"}]}<\/script>\n<!-- \/ Yoast SEO plugin. -->","yoast_head_json":{"title":"Intensa actividad deportiva en el distrito este fin de semana - Noticias Radio Reflejos","robots":{"index":"index","follow":"follow","max-snippet":"max-snippet:-1","max-image-preview":"max-image-preview:large","max-video-preview":"max-video-preview:-1"},"canonical":"https:\/\/www.noticiasradioreflejos.com.ar\/2021\/intensa-actividad-deportiva-en-el-distrito-este-fin-de-semana\/","og_locale":"es_ES","og_type":"article","og_title":"Intensa actividad deportiva en el distrito este fin de semana - Noticias Radio Reflejos","og_description":"Los grupos de Newcom y B\u00e1squet municipales participaron, este fin de semana, de competencias deportivas.","og_url":"https:\/\/www.noticiasradioreflejos.com.ar\/2021\/intensa-actividad-deportiva-en-el-distrito-este-fin-de-semana\/","og_site_name":"Noticias Radio Reflejos","article_published_time":"2021-10-26T11:03:24+00:00","og_image":[{"url":"https:\/\/live.staticflickr.com\/65535\/51629427867_a12daf0665_z.jpg","type":"","width":"","height":""}],"author":"Arnaldo Botto","twitter_card":"summary_large_image","schema":{"@context":"https:\/\/schema.org","@graph":[{"@type":"WebPage","@id":"https:\/\/www.noticiasradioreflejos.com.ar\/2021\/intensa-actividad-deportiva-en-el-distrito-este-fin-de-semana\/","url":"https:\/\/www.noticiasradioreflejos.com.ar\/2021\/intensa-actividad-deportiva-en-el-distrito-este-fin-de-semana\/","name":"Intensa actividad deportiva en el distrito este fin de semana - Noticias Radio Reflejos","isPartOf":{"@id":"https:\/\/www.noticiasradioreflejos.com.ar\/2021\/#website"},"primaryImageOfPage":{"@id":"https:\/\/www.noticiasradioreflejos.com.ar\/2021\/intensa-actividad-deportiva-en-el-distrito-este-fin-de-semana\/#primaryimage"},"image":{"@id":"https:\/\/www.noticiasradioreflejos.com.ar\/2021\/intensa-actividad-deportiva-en-el-distrito-este-fin-de-semana\/#primaryimage"},"thumbnailUrl":"https:\/\/live.staticflickr.com\/65535\/51629427867_a12daf0665_z.jpg","datePublished":"2021-10-26T11:03:24+00:00","author":{"@id":"https:\/\/www.noticiasradioreflejos.com.ar\/2021\/#\/schema\/person\/ad82545263dcc5ec0996818884fd5fb1"},"breadcrumb":{"@id":"https:\/\/www.noticiasradioreflejos.com.ar\/2021\/intensa-actividad-deportiva-en-el-distrito-este-fin-de-semana\/#breadcrumb"},"inLanguage":"es","potentialAction":[{"@type":"ReadAction","target":["https:\/\/www.noticiasradioreflejos.com.ar\/2021\/intensa-actividad-deportiva-en-el-distrito-este-fin-de-semana\/"]}]},{"@type":"ImageObject","inLanguage":"es","@id":"https:\/\/www.noticiasradioreflejos.com.ar\/2021\/intensa-actividad-deportiva-en-el-distrito-este-fin-de-semana\/#primaryimage","url":"https:\/\/live.staticflickr.com\/65535\/51629427867_a12daf0665_z.jpg","contentUrl":"https:\/\/live.staticflickr.com\/65535\/51629427867_a12daf0665_z.jpg"},{"@type":"BreadcrumbList","@id":"https:\/\/www.noticiasradioreflejos.com.ar\/2021\/intensa-actividad-deportiva-en-el-distrito-este-fin-de-semana\/#breadcrumb","itemListElement":[{"@type":"ListItem","position":1,"name":"Portada","item":"https:\/\/www.noticiasradioreflejos.com.ar\/2021\/"},{"@type":"ListItem","position":2,"name":"Intensa actividad deportiva en el distrito este fin de semana"}]},{"@type":"WebSite","@id":"https:\/\/www.noticiasradioreflejos.com.ar\/2021\/#website","url":"https:\/\/www.noticiasradioreflejos.com.ar\/2021\/","name":"Noticias Radio Reflejos","description":"Las noticias de mi comarca","potentialAction":[{"@type":"SearchAction","target":{"@type":"EntryPoint","urlTemplate":"https:\/\/www.noticiasradioreflejos.com.ar\/2021\/?s={search_term_string}"},"query-input":{"@type":"PropertyValueSpecification","valueRequired":true,"valueName":"search_term_string"}}],"inLanguage":"es"},{"@type":"Person","@id":"https:\/\/www.noticiasradioreflejos.com.ar\/2021\/#\/schema\/person\/ad82545263dcc5ec0996818884fd5fb1","name":"Arnaldo Botto","image":{"@type":"ImageObject","inLanguage":"es","@id":"https:\/\/www.noticiasradioreflejos.com.ar\/2021\/#\/schema\/person\/image\/","url":"https:\/\/secure.gravatar.com\/avatar\/55cb5e37c1efa326397366e6974cb338056df65cb50e7d64d1cf314e87504837?s=96&d=mm&r=g","contentUrl":"https:\/\/secure.gravatar.com\/avatar\/55cb5e37c1efa326397366e6974cb338056df65cb50e7d64d1cf314e87504837?s=96&d=mm&r=g","caption":"Arnaldo Botto"},"url":"https:\/\/www.noticiasradioreflejos.com.ar\/2021\/author\/arnaldo\/"}]}},"_links":{"self":[{"href":"https:\/\/www.noticiasradioreflejos.com.ar\/2021\/wp-json\/wp\/v2\/posts\/64136","targetHints":{"allow":["GET"]}}],"collection":[{"href":"https:\/\/www.noticiasradioreflejos.com.ar\/2021\/wp-json\/wp\/v2\/posts"}],"about":[{"href":"https:\/\/www.noticiasradioreflejos.com.ar\/2021\/wp-json\/wp\/v2\/types\/post"}],"author":[{"embeddable":true,"href":"https:\/\/www.noticiasradioreflejos.com.ar\/2021\/wp-json\/wp\/v2\/users\/3"}],"replies":[{"embeddable":true,"href":"https:\/\/www.noticiasradioreflejos.com.ar\/2021\/wp-json\/wp\/v2\/comments?post=64136"}],"version-history":[{"count":1,"href":"https:\/\/www.noticiasradioreflejos.com.ar\/2021\/wp-json\/wp\/v2\/posts\/64136\/revisions"}],"predecessor-version":[{"id":64138,"href":"https:\/\/www.noticiasradioreflejos.com.ar\/2021\/wp-json\/wp\/v2\/posts\/64136\/revisions\/64138"}],"wp:attachment":[{"href":"https:\/\/www.noticiasradioreflejos.com.ar\/2021\/wp-json\/wp\/v2\/media?parent=64136"}],"wp:term":[{"taxonomy":"category","embeddable":true,"href":"https:\/\/www.noticiasradioreflejos.com.ar\/2021\/wp-json\/wp\/v2\/categories?post=64136"},{"taxonomy":"post_tag","embeddable":true,"href":"https:\/\/www.noticiasradioreflejos.com.ar\/2021\/wp-json\/wp\/v2\/tags?post=64136"}],"curies":[{"name":"wp","href":"https:\/\/api.w.org\/{rel}","templated":true}]}}