{"id":64130,"date":"2021-10-25T21:49:10","date_gmt":"2021-10-25T21:49:10","guid":{"rendered":"http:\/\/www.noticiasradioreflejos.com.ar\/2021\/?p=64130"},"modified":"2021-10-25T21:49:10","modified_gmt":"2021-10-25T21:49:10","slug":"codigos-qr-para-todas-las-obras-de-francisco-salamone-un-proyecto-educativo-del-int-fortin-pavon-que-representara-a-la-region","status":"publish","type":"post","link":"https:\/\/www.noticiasradioreflejos.com.ar\/2021\/codigos-qr-para-todas-las-obras-de-francisco-salamone-un-proyecto-educativo-del-int-fortin-pavon-que-representara-a-la-region\/","title":{"rendered":"C\u00f3digos QR para todas las obras de Francisco Salamone. Un proyecto educativo del Int. Fort\u00edn Pav\u00f3n que representar\u00e1 a la regi\u00f3n."},"content":{"rendered":"<p><strong>Rosana Olgiati<\/strong>, directora del Fort\u00edn Pav\u00f3n de Saldungaray, utiliza el espacio de la radio para presentar un proyecto reconocido por el programa \u00abLas Escuelas Hacen\u00bb y realizado por los alumnos de sexto a\u00f1o del instituto, el cual involucra las reconocidas obras del arquitecto e ingeniero civil, Francisco Salamone. Adem\u00e1s, conversamos con <strong>Joaqu\u00edn Diaz Dube<\/strong>, uno de los alumnos que participan del proyecto.<!--more--><\/p>\n<p><a title=\"QR Salamone (3)\" href=\"https:\/\/www.flickr.com\/photos\/182279889@N02\/51629888920\/in\/dateposted-public\/\" data-flickr-embed=\"true\" data-header=\"true\"><img loading=\"lazy\" decoding=\"async\" src=\"https:\/\/live.staticflickr.com\/65535\/51629888920_2f0950895f_z.jpg\" alt=\"QR Salamone (3)\" width=\"640\" height=\"360\" \/><\/a><script async src=\"\/\/embedr.flickr.com\/assets\/client-code.js\" charset=\"utf-8\"><\/script><\/p>\n<p><strong><em>Imagen del 2019 &#8211; Presentaci\u00f3n del proyecto al Congreso de Art Dec\u00f3 del Rio de la Plata.<\/em><\/strong><\/p>\n<p>\u00abEste proyecto comenz\u00f3 en adhesi\u00f3n al aniversario de nuestro pueblo. Empezamos a trabajar un 19 de Agosto. La idea era armar los c\u00f3digos QR para todas las obras de Francisco Salamone. Trabajamos en conjunto con el Municipio y ATUCOS para recibir a los participantes del Congreso de las Obras de Salamone para recorrer todas las obras\u00bb coment\u00f3 Rosana como se pens\u00f3 el proyecto.<\/p>\n<p>\u00abJunto con la arquitecta del municipio, los chicos amaron una maqueta donde estaban los c\u00f3digos QR donde los turistas pod\u00edan escanear los c\u00f3digos y ver la informaci\u00f3n de cada obra\u00bb continu\u00f3.<\/p>\n<p><a title=\"QR Salamone (2)\" href=\"https:\/\/www.flickr.com\/photos\/182279889@N02\/51628207347\/in\/dateposted-public\/\" data-flickr-embed=\"true\" data-header=\"true\"><img loading=\"lazy\" decoding=\"async\" src=\"https:\/\/live.staticflickr.com\/65535\/51628207347_58aea3f88d_z.jpg\" alt=\"QR Salamone (2)\" width=\"640\" height=\"360\" \/><\/a><script async src=\"\/\/embedr.flickr.com\/assets\/client-code.js\" charset=\"utf-8\"><\/script><\/p>\n<p>Rosana coment\u00f3 que durante la pandemia siguieron trabajando y que este 13 de Octubre fueron convocados al programa \u00abLas Escuelas Hacen\u00bb, un programa para las escuelas de gesti\u00f3n privada. \u00abFue elegido entre 18 colegios para representar en otra instancia a toda la regi\u00f3n 23, as\u00ed que seguimos trabajando en lo que se viene para presentar los primeros d\u00edas de Noviembre\u00bb mencion\u00f3 la directora en relaci\u00f3n al proyecto.<\/p>\n<p>Tambi\u00e9n estuvimos hablando con <strong>Joaqu\u00edn Diaz Dube<\/strong>, uno de los alumnos involucrados en el proyecto. \u00abLos turistas que vienen no todos son de parar e informarse. Se nos ocurri\u00f3 que al pasarse por las obras en Saldungaray, se les puede llamar la atenci\u00f3n con un c\u00f3digo QR para informaci\u00f3n\u00bb explic\u00f3 el alumno cu\u00e1l es el origen de la idea disparadora del proyecto.<\/p>\n<p>\u00abNo pensamos que \u00edbamos a llegar a esta instancia, y si seguimos el proyecto se puede llegar a algo muy grande\u00bb expres\u00f3 Joaqu\u00edn finalmente.<\/p>\n<p>Nota completa a continuaci\u00f3n:<br \/>\n<iframe loading=\"lazy\" src=\"https:\/\/w.soundcloud.com\/player\/?url=https%3A\/\/api.soundcloud.com\/tracks\/1147643524&amp;color=%23ff5500&amp;auto_play=false&amp;hide_related=false&amp;show_comments=true&amp;show_user=true&amp;show_reposts=false&amp;show_teaser=true\" width=\"100%\" height=\"166\" frameborder=\"no\" scrolling=\"no\"><\/iframe><\/p>\n<div style=\"font-size: 10px; color: #cccccc; line-break: anywhere; word-break: normal; overflow: hidden; white-space: nowrap; text-overflow: ellipsis; font-family: Interstate,Lucida Grande,Lucida Sans Unicode,Lucida Sans,Garuda,Verdana,Tahoma,sans-serif; font-weight: 100;\"><a style=\"color: #cccccc; text-decoration: none;\" title=\"fmreflejos 103.7\" href=\"https:\/\/soundcloud.com\/fmreflejos-103-7\" target=\"_blank\" rel=\"noopener\">fmreflejos 103.7<\/a> \u00b7 <a style=\"color: #cccccc; text-decoration: none;\" title=\"Rosana Olgiati\" href=\"https:\/\/soundcloud.com\/fmreflejos-103-7\/rosana-olgiati\" target=\"_blank\" rel=\"noopener\">Rosana Olgiati<\/a><\/div>\n<p><a title=\"QR Salamone (1)\" href=\"https:\/\/www.flickr.com\/photos\/182279889@N02\/51629684454\/in\/dateposted-public\/\" data-flickr-embed=\"true\" data-header=\"true\"><img loading=\"lazy\" decoding=\"async\" src=\"https:\/\/live.staticflickr.com\/65535\/51629684454_8f8ccfb0d7_z.jpg\" alt=\"QR Salamone (1)\" width=\"640\" height=\"360\" \/><\/a><script async src=\"\/\/embedr.flickr.com\/assets\/client-code.js\" charset=\"utf-8\"><\/script><\/p>\n<p><strong><em>Imagen del 2019 &#8211; Presentaci\u00f3n del proyecto al Congreso de Art Dec\u00f3 del Rio de la Plata.<\/em><\/strong><\/p>\n","protected":false},"excerpt":{"rendered":"<p>Rosana Olgiati, directora del Fort\u00edn Pav\u00f3n de Saldungaray, utiliza el espacio de la radio para presentar un proyecto reconocido por el programa \u00abLas Escuelas Hacen\u00bb y realizado por los alumnos de sexto a\u00f1o del instituto, el cual involucra las reconocidas obras del arquitecto e ingeniero civil, Francisco Salamone. Adem\u00e1s, conversamos con Joaqu\u00edn Diaz Dube, uno [&hellip;]<\/p>\n","protected":false},"author":3,"featured_media":0,"comment_status":"closed","ping_status":"closed","sticky":false,"template":"","format":"standard","meta":{"footnotes":""},"categories":[34,26,33],"tags":[48],"class_list":["post-64130","post","type-post","status-publish","format-standard","hentry","category-educacion","category-sociedad","category-turismo","tag-destacada"],"yoast_head":"<!-- This site is optimized with the Yoast SEO plugin v25.9 - https:\/\/yoast.com\/wordpress\/plugins\/seo\/ -->\n<title>C\u00f3digos QR para todas las obras de Francisco Salamone. Un proyecto educativo del Int. Fort\u00edn Pav\u00f3n que representar\u00e1 a la regi\u00f3n. - Noticias Radio Reflejos<\/title>\n<meta name=\"robots\" content=\"index, follow, max-snippet:-1, max-image-preview:large, max-video-preview:-1\" \/>\n<link rel=\"canonical\" href=\"https:\/\/www.noticiasradioreflejos.com.ar\/2021\/codigos-qr-para-todas-las-obras-de-francisco-salamone-un-proyecto-educativo-del-int-fortin-pavon-que-representara-a-la-region\/\" \/>\n<meta property=\"og:locale\" content=\"es_ES\" \/>\n<meta property=\"og:type\" content=\"article\" \/>\n<meta property=\"og:title\" content=\"C\u00f3digos QR para todas las obras de Francisco Salamone. Un proyecto educativo del Int. Fort\u00edn Pav\u00f3n que representar\u00e1 a la regi\u00f3n. - Noticias Radio Reflejos\" \/>\n<meta property=\"og:description\" content=\"Rosana Olgiati, directora del Fort\u00edn Pav\u00f3n de Saldungaray, utiliza el espacio de la radio para presentar un proyecto reconocido por el programa \u00abLas Escuelas Hacen\u00bb y realizado por los alumnos de sexto a\u00f1o del instituto, el cual involucra las reconocidas obras del arquitecto e ingeniero civil, Francisco Salamone. Adem\u00e1s, conversamos con Joaqu\u00edn Diaz Dube, uno [&hellip;]\" \/>\n<meta property=\"og:url\" content=\"https:\/\/www.noticiasradioreflejos.com.ar\/2021\/codigos-qr-para-todas-las-obras-de-francisco-salamone-un-proyecto-educativo-del-int-fortin-pavon-que-representara-a-la-region\/\" \/>\n<meta property=\"og:site_name\" content=\"Noticias Radio Reflejos\" \/>\n<meta property=\"article:published_time\" content=\"2021-10-25T21:49:10+00:00\" \/>\n<meta property=\"og:image\" content=\"https:\/\/live.staticflickr.com\/65535\/51629888920_2f0950895f_z.jpg\" \/>\n<meta name=\"author\" content=\"Arnaldo Botto\" \/>\n<meta name=\"twitter:card\" content=\"summary_large_image\" \/>\n<script type=\"application\/ld+json\" class=\"yoast-schema-graph\">{\"@context\":\"https:\/\/schema.org\",\"@graph\":[{\"@type\":\"WebPage\",\"@id\":\"https:\/\/www.noticiasradioreflejos.com.ar\/2021\/codigos-qr-para-todas-las-obras-de-francisco-salamone-un-proyecto-educativo-del-int-fortin-pavon-que-representara-a-la-region\/\",\"url\":\"https:\/\/www.noticiasradioreflejos.com.ar\/2021\/codigos-qr-para-todas-las-obras-de-francisco-salamone-un-proyecto-educativo-del-int-fortin-pavon-que-representara-a-la-region\/\",\"name\":\"C\u00f3digos QR para todas las obras de Francisco Salamone. Un proyecto educativo del Int. Fort\u00edn Pav\u00f3n que representar\u00e1 a la regi\u00f3n. - Noticias Radio Reflejos\",\"isPartOf\":{\"@id\":\"https:\/\/www.noticiasradioreflejos.com.ar\/2021\/#website\"},\"primaryImageOfPage\":{\"@id\":\"https:\/\/www.noticiasradioreflejos.com.ar\/2021\/codigos-qr-para-todas-las-obras-de-francisco-salamone-un-proyecto-educativo-del-int-fortin-pavon-que-representara-a-la-region\/#primaryimage\"},\"image\":{\"@id\":\"https:\/\/www.noticiasradioreflejos.com.ar\/2021\/codigos-qr-para-todas-las-obras-de-francisco-salamone-un-proyecto-educativo-del-int-fortin-pavon-que-representara-a-la-region\/#primaryimage\"},\"thumbnailUrl\":\"https:\/\/live.staticflickr.com\/65535\/51629888920_2f0950895f_z.jpg\",\"datePublished\":\"2021-10-25T21:49:10+00:00\",\"author\":{\"@id\":\"https:\/\/www.noticiasradioreflejos.com.ar\/2021\/#\/schema\/person\/ad82545263dcc5ec0996818884fd5fb1\"},\"breadcrumb\":{\"@id\":\"https:\/\/www.noticiasradioreflejos.com.ar\/2021\/codigos-qr-para-todas-las-obras-de-francisco-salamone-un-proyecto-educativo-del-int-fortin-pavon-que-representara-a-la-region\/#breadcrumb\"},\"inLanguage\":\"es\",\"potentialAction\":[{\"@type\":\"ReadAction\",\"target\":[\"https:\/\/www.noticiasradioreflejos.com.ar\/2021\/codigos-qr-para-todas-las-obras-de-francisco-salamone-un-proyecto-educativo-del-int-fortin-pavon-que-representara-a-la-region\/\"]}]},{\"@type\":\"ImageObject\",\"inLanguage\":\"es\",\"@id\":\"https:\/\/www.noticiasradioreflejos.com.ar\/2021\/codigos-qr-para-todas-las-obras-de-francisco-salamone-un-proyecto-educativo-del-int-fortin-pavon-que-representara-a-la-region\/#primaryimage\",\"url\":\"https:\/\/live.staticflickr.com\/65535\/51629888920_2f0950895f_z.jpg\",\"contentUrl\":\"https:\/\/live.staticflickr.com\/65535\/51629888920_2f0950895f_z.jpg\"},{\"@type\":\"BreadcrumbList\",\"@id\":\"https:\/\/www.noticiasradioreflejos.com.ar\/2021\/codigos-qr-para-todas-las-obras-de-francisco-salamone-un-proyecto-educativo-del-int-fortin-pavon-que-representara-a-la-region\/#breadcrumb\",\"itemListElement\":[{\"@type\":\"ListItem\",\"position\":1,\"name\":\"Portada\",\"item\":\"https:\/\/www.noticiasradioreflejos.com.ar\/2021\/\"},{\"@type\":\"ListItem\",\"position\":2,\"name\":\"C\u00f3digos QR para todas las obras de Francisco Salamone. Un proyecto educativo del Int. Fort\u00edn Pav\u00f3n que representar\u00e1 a la regi\u00f3n.\"}]},{\"@type\":\"WebSite\",\"@id\":\"https:\/\/www.noticiasradioreflejos.com.ar\/2021\/#website\",\"url\":\"https:\/\/www.noticiasradioreflejos.com.ar\/2021\/\",\"name\":\"Noticias Radio Reflejos\",\"description\":\"Las noticias de mi comarca\",\"potentialAction\":[{\"@type\":\"SearchAction\",\"target\":{\"@type\":\"EntryPoint\",\"urlTemplate\":\"https:\/\/www.noticiasradioreflejos.com.ar\/2021\/?s={search_term_string}\"},\"query-input\":{\"@type\":\"PropertyValueSpecification\",\"valueRequired\":true,\"valueName\":\"search_term_string\"}}],\"inLanguage\":\"es\"},{\"@type\":\"Person\",\"@id\":\"https:\/\/www.noticiasradioreflejos.com.ar\/2021\/#\/schema\/person\/ad82545263dcc5ec0996818884fd5fb1\",\"name\":\"Arnaldo Botto\",\"image\":{\"@type\":\"ImageObject\",\"inLanguage\":\"es\",\"@id\":\"https:\/\/www.noticiasradioreflejos.com.ar\/2021\/#\/schema\/person\/image\/\",\"url\":\"https:\/\/secure.gravatar.com\/avatar\/55cb5e37c1efa326397366e6974cb338056df65cb50e7d64d1cf314e87504837?s=96&d=mm&r=g\",\"contentUrl\":\"https:\/\/secure.gravatar.com\/avatar\/55cb5e37c1efa326397366e6974cb338056df65cb50e7d64d1cf314e87504837?s=96&d=mm&r=g\",\"caption\":\"Arnaldo Botto\"},\"url\":\"https:\/\/www.noticiasradioreflejos.com.ar\/2021\/author\/arnaldo\/\"}]}<\/script>\n<!-- \/ Yoast SEO plugin. -->","yoast_head_json":{"title":"C\u00f3digos QR para todas las obras de Francisco Salamone. Un proyecto educativo del Int. Fort\u00edn Pav\u00f3n que representar\u00e1 a la regi\u00f3n. - Noticias Radio Reflejos","robots":{"index":"index","follow":"follow","max-snippet":"max-snippet:-1","max-image-preview":"max-image-preview:large","max-video-preview":"max-video-preview:-1"},"canonical":"https:\/\/www.noticiasradioreflejos.com.ar\/2021\/codigos-qr-para-todas-las-obras-de-francisco-salamone-un-proyecto-educativo-del-int-fortin-pavon-que-representara-a-la-region\/","og_locale":"es_ES","og_type":"article","og_title":"C\u00f3digos QR para todas las obras de Francisco Salamone. Un proyecto educativo del Int. Fort\u00edn Pav\u00f3n que representar\u00e1 a la regi\u00f3n. - Noticias Radio Reflejos","og_description":"Rosana Olgiati, directora del Fort\u00edn Pav\u00f3n de Saldungaray, utiliza el espacio de la radio para presentar un proyecto reconocido por el programa \u00abLas Escuelas Hacen\u00bb y realizado por los alumnos de sexto a\u00f1o del instituto, el cual involucra las reconocidas obras del arquitecto e ingeniero civil, Francisco Salamone. Adem\u00e1s, conversamos con Joaqu\u00edn Diaz Dube, uno [&hellip;]","og_url":"https:\/\/www.noticiasradioreflejos.com.ar\/2021\/codigos-qr-para-todas-las-obras-de-francisco-salamone-un-proyecto-educativo-del-int-fortin-pavon-que-representara-a-la-region\/","og_site_name":"Noticias Radio Reflejos","article_published_time":"2021-10-25T21:49:10+00:00","og_image":[{"url":"https:\/\/live.staticflickr.com\/65535\/51629888920_2f0950895f_z.jpg","type":"","width":"","height":""}],"author":"Arnaldo Botto","twitter_card":"summary_large_image","schema":{"@context":"https:\/\/schema.org","@graph":[{"@type":"WebPage","@id":"https:\/\/www.noticiasradioreflejos.com.ar\/2021\/codigos-qr-para-todas-las-obras-de-francisco-salamone-un-proyecto-educativo-del-int-fortin-pavon-que-representara-a-la-region\/","url":"https:\/\/www.noticiasradioreflejos.com.ar\/2021\/codigos-qr-para-todas-las-obras-de-francisco-salamone-un-proyecto-educativo-del-int-fortin-pavon-que-representara-a-la-region\/","name":"C\u00f3digos QR para todas las obras de Francisco Salamone. Un proyecto educativo del Int. Fort\u00edn Pav\u00f3n que representar\u00e1 a la regi\u00f3n. - Noticias Radio Reflejos","isPartOf":{"@id":"https:\/\/www.noticiasradioreflejos.com.ar\/2021\/#website"},"primaryImageOfPage":{"@id":"https:\/\/www.noticiasradioreflejos.com.ar\/2021\/codigos-qr-para-todas-las-obras-de-francisco-salamone-un-proyecto-educativo-del-int-fortin-pavon-que-representara-a-la-region\/#primaryimage"},"image":{"@id":"https:\/\/www.noticiasradioreflejos.com.ar\/2021\/codigos-qr-para-todas-las-obras-de-francisco-salamone-un-proyecto-educativo-del-int-fortin-pavon-que-representara-a-la-region\/#primaryimage"},"thumbnailUrl":"https:\/\/live.staticflickr.com\/65535\/51629888920_2f0950895f_z.jpg","datePublished":"2021-10-25T21:49:10+00:00","author":{"@id":"https:\/\/www.noticiasradioreflejos.com.ar\/2021\/#\/schema\/person\/ad82545263dcc5ec0996818884fd5fb1"},"breadcrumb":{"@id":"https:\/\/www.noticiasradioreflejos.com.ar\/2021\/codigos-qr-para-todas-las-obras-de-francisco-salamone-un-proyecto-educativo-del-int-fortin-pavon-que-representara-a-la-region\/#breadcrumb"},"inLanguage":"es","potentialAction":[{"@type":"ReadAction","target":["https:\/\/www.noticiasradioreflejos.com.ar\/2021\/codigos-qr-para-todas-las-obras-de-francisco-salamone-un-proyecto-educativo-del-int-fortin-pavon-que-representara-a-la-region\/"]}]},{"@type":"ImageObject","inLanguage":"es","@id":"https:\/\/www.noticiasradioreflejos.com.ar\/2021\/codigos-qr-para-todas-las-obras-de-francisco-salamone-un-proyecto-educativo-del-int-fortin-pavon-que-representara-a-la-region\/#primaryimage","url":"https:\/\/live.staticflickr.com\/65535\/51629888920_2f0950895f_z.jpg","contentUrl":"https:\/\/live.staticflickr.com\/65535\/51629888920_2f0950895f_z.jpg"},{"@type":"BreadcrumbList","@id":"https:\/\/www.noticiasradioreflejos.com.ar\/2021\/codigos-qr-para-todas-las-obras-de-francisco-salamone-un-proyecto-educativo-del-int-fortin-pavon-que-representara-a-la-region\/#breadcrumb","itemListElement":[{"@type":"ListItem","position":1,"name":"Portada","item":"https:\/\/www.noticiasradioreflejos.com.ar\/2021\/"},{"@type":"ListItem","position":2,"name":"C\u00f3digos QR para todas las obras de Francisco Salamone. Un proyecto educativo del Int. Fort\u00edn Pav\u00f3n que representar\u00e1 a la regi\u00f3n."}]},{"@type":"WebSite","@id":"https:\/\/www.noticiasradioreflejos.com.ar\/2021\/#website","url":"https:\/\/www.noticiasradioreflejos.com.ar\/2021\/","name":"Noticias Radio Reflejos","description":"Las noticias de mi comarca","potentialAction":[{"@type":"SearchAction","target":{"@type":"EntryPoint","urlTemplate":"https:\/\/www.noticiasradioreflejos.com.ar\/2021\/?s={search_term_string}"},"query-input":{"@type":"PropertyValueSpecification","valueRequired":true,"valueName":"search_term_string"}}],"inLanguage":"es"},{"@type":"Person","@id":"https:\/\/www.noticiasradioreflejos.com.ar\/2021\/#\/schema\/person\/ad82545263dcc5ec0996818884fd5fb1","name":"Arnaldo Botto","image":{"@type":"ImageObject","inLanguage":"es","@id":"https:\/\/www.noticiasradioreflejos.com.ar\/2021\/#\/schema\/person\/image\/","url":"https:\/\/secure.gravatar.com\/avatar\/55cb5e37c1efa326397366e6974cb338056df65cb50e7d64d1cf314e87504837?s=96&d=mm&r=g","contentUrl":"https:\/\/secure.gravatar.com\/avatar\/55cb5e37c1efa326397366e6974cb338056df65cb50e7d64d1cf314e87504837?s=96&d=mm&r=g","caption":"Arnaldo Botto"},"url":"https:\/\/www.noticiasradioreflejos.com.ar\/2021\/author\/arnaldo\/"}]}},"_links":{"self":[{"href":"https:\/\/www.noticiasradioreflejos.com.ar\/2021\/wp-json\/wp\/v2\/posts\/64130","targetHints":{"allow":["GET"]}}],"collection":[{"href":"https:\/\/www.noticiasradioreflejos.com.ar\/2021\/wp-json\/wp\/v2\/posts"}],"about":[{"href":"https:\/\/www.noticiasradioreflejos.com.ar\/2021\/wp-json\/wp\/v2\/types\/post"}],"author":[{"embeddable":true,"href":"https:\/\/www.noticiasradioreflejos.com.ar\/2021\/wp-json\/wp\/v2\/users\/3"}],"replies":[{"embeddable":true,"href":"https:\/\/www.noticiasradioreflejos.com.ar\/2021\/wp-json\/wp\/v2\/comments?post=64130"}],"version-history":[{"count":2,"href":"https:\/\/www.noticiasradioreflejos.com.ar\/2021\/wp-json\/wp\/v2\/posts\/64130\/revisions"}],"predecessor-version":[{"id":64135,"href":"https:\/\/www.noticiasradioreflejos.com.ar\/2021\/wp-json\/wp\/v2\/posts\/64130\/revisions\/64135"}],"wp:attachment":[{"href":"https:\/\/www.noticiasradioreflejos.com.ar\/2021\/wp-json\/wp\/v2\/media?parent=64130"}],"wp:term":[{"taxonomy":"category","embeddable":true,"href":"https:\/\/www.noticiasradioreflejos.com.ar\/2021\/wp-json\/wp\/v2\/categories?post=64130"},{"taxonomy":"post_tag","embeddable":true,"href":"https:\/\/www.noticiasradioreflejos.com.ar\/2021\/wp-json\/wp\/v2\/tags?post=64130"}],"curies":[{"name":"wp","href":"https:\/\/api.w.org\/{rel}","templated":true}]}}