{"id":64119,"date":"2021-10-25T21:16:32","date_gmt":"2021-10-25T21:16:32","guid":{"rendered":"http:\/\/www.noticiasradioreflejos.com.ar\/2021\/?p=64119"},"modified":"2021-10-25T21:16:32","modified_gmt":"2021-10-25T21:16:32","slug":"entiendo-la-campana-politica-lo-que-no-entiendo-es-la-difamacion-pero-son-las-reglas-de-la-politica","status":"publish","type":"post","link":"https:\/\/www.noticiasradioreflejos.com.ar\/2021\/entiendo-la-campana-politica-lo-que-no-entiendo-es-la-difamacion-pero-son-las-reglas-de-la-politica\/","title":{"rendered":"\u00abEntiendo la campa\u00f1a pol\u00edtica. Lo que no entiendo es la difamaci\u00f3n, pero son las reglas de la pol\u00edtica\u00bb."},"content":{"rendered":"<p>El Secretario de Salud de Tornquist Municipio, dio referencias acerca de la situaci\u00f3n actual de la pandemia. Adem\u00e1s, nos puso al d\u00eda sobre el funcionamiento del Hospital Municipal ahora que los contagios de Covid-19 se han reducido y, por lo tanto, la atenci\u00f3n de casos positivos en la instituci\u00f3n. Tambi\u00e9n opin\u00f3 sobre las guardias activas en el Hospital Menor de Sierra de la Ventana y la campa\u00f1a pol\u00edtica.<!--more--><\/p>\n<p>\u00abNo podemos hablar de una post pandemia, podemos decir que nos est\u00e1 dando un tiempo como nos dio el a\u00f1o pasado. Podemos trabajar con m\u00e1s conocimiento que antes y con m\u00e1s seguridad. Sigue habiendo nuevas cepas del virus y todav\u00eda no tenemos agotada la circulaci\u00f3n viral\u00bb opin\u00f3 el m\u00e9dico cuando le preguntamos si ya est\u00e1 llegando el fin de la pandemia.<\/p>\n<p>\u00abVamos a ver c\u00f3mo se comportan estas cepas. En teor\u00eda, por lo que habl\u00e9 con especialistas, no deber\u00edan causarnos problemas porque tenemos la vacuna y baja circulaci\u00f3n viral\u00bb mencion\u00f3 en relaci\u00f3n a las nuevas cepas del virus que est\u00e1n apareciendo en diferentes partes del mundo. El m\u00e9dico explic\u00f3 que se dan en zonas que son muy pobladas, como Rusia, por ejemplo. \u00abNosotros vamos mirando lo que les pasa a estas poblaciones y ah\u00ed podemos hacer una prospecci\u00f3n de lo que nos puede pasar a nosotros y prepararnos\u00bb.<\/p>\n<p>Le consultamos al director del Hospital Municipal qu\u00e9 utilidad se le est\u00e1 dando a todas las incorporaciones tecnol\u00f3gicas en el \u00e1rea de salud que en un principio fueron pensadas para trabajar en torno a la pandemia, a lo que respondi\u00f3: \u00abLa tecnolog\u00eda era muy necesaria en el partido de Tornquist. Tuvimos la suerte de contar con el compromiso del intendente de dar la mejor atenci\u00f3n a la poblaci\u00f3n y no depender de las derivaciones. No solo nos dej\u00f3 aut\u00f3nomos sino que pudimos asistir a otros lugares. Toda la inversi\u00f3n que se hizo es para que perdure, se sostenga y que pueda seguir dando servicio\u00bb.<\/p>\n<p>Daniel mencion\u00f3 que, si bien no se tiene una capacidad plena, la terapia intensiva sigue trabajando. Adem\u00e1s, mencion\u00f3 que desde que se abri\u00f3 el \u00e1rea, no se tuvieron que hacer derivaciones a ning\u00fan distrito vecino ya que se pod\u00edan cubrir los casos patol\u00f3gicos con los recursos del mismo hospital.<\/p>\n<p><img loading=\"lazy\" decoding=\"async\" class=\"aligncenter size-full wp-image-59334\" src=\"http:\/\/www.noticiasradioreflejos.com.ar\/2021\/wp-content\/uploads\/2021\/06\/Hospital-menor-E.-Aldaya-10.jpeg\" alt=\"\" width=\"1160\" height=\"653\" srcset=\"https:\/\/www.noticiasradioreflejos.com.ar\/2021\/wp-content\/uploads\/2021\/06\/Hospital-menor-E.-Aldaya-10.jpeg 1160w, https:\/\/www.noticiasradioreflejos.com.ar\/2021\/wp-content\/uploads\/2021\/06\/Hospital-menor-E.-Aldaya-10-300x169.jpeg 300w, https:\/\/www.noticiasradioreflejos.com.ar\/2021\/wp-content\/uploads\/2021\/06\/Hospital-menor-E.-Aldaya-10-1024x576.jpeg 1024w, https:\/\/www.noticiasradioreflejos.com.ar\/2021\/wp-content\/uploads\/2021\/06\/Hospital-menor-E.-Aldaya-10-768x432.jpeg 768w, https:\/\/www.noticiasradioreflejos.com.ar\/2021\/wp-content\/uploads\/2021\/06\/Hospital-menor-E.-Aldaya-10-750x422.jpeg 750w, https:\/\/www.noticiasradioreflejos.com.ar\/2021\/wp-content\/uploads\/2021\/06\/Hospital-menor-E.-Aldaya-10-1140x642.jpeg 1140w\" sizes=\"auto, (max-width: 1160px) 100vw, 1160px\" \/><\/p>\n<p>&nbsp;<\/p>\n<p>\u00abCon la misma gente tuvimos que duplicar servicios, se tuvieron que cubrir las licencias y no tuvimos vacaciones\u00bb coment\u00f3 la situaci\u00f3n del personal de salud desde marzo del 2020. \u00abEl personal le puso el pecho y se puso a la altura de las circunstancias. Recibimos gente que nos capacite, el personal de terapia intensiva esta viajando todas las semanas para cursos de di\u00e1lisis, el personal de radiolog\u00eda esta viajando a Bah\u00eda Blanca capacit\u00e1ndose para la instalaci\u00f3n del tom\u00f3grafo. A pesar del gran trabajo, de encontrarse exhausto, el personal le puso todas las ganas y respondi\u00f3 como corresponde\u00bb.<\/p>\n<p>Tambi\u00e9n estuvimos conversando acerca de la decisi\u00f3n del intendente de poner guardias activas en el Hospital Menor de Sierra de la Ventana. \u00abEntiendo la campa\u00f1a pol\u00edtica. Lo que no entiendo es la difamaci\u00f3n, pero son las reglas de la pol\u00edtica. Lo que nosotros planteamos a los se\u00f1ores concejales, es que hubiera estado muy interesante tener una comisi\u00f3n de salud que intervenga activamente en el hospital para darnos ayuda en palear las grandes dificultades burocr\u00e1ticas y estatutarias que tenemos para poder dar la rapidez de respuesta que tanto nos exigen\u00bb. Daniel agreg\u00f3 que el hecho de poner guardias activas es una exigencia correspondiente a la categor\u00eda del Hospital Menor, aunque admite que hay algunos problemas para concretarlas, como por ejemplo el hecho de que no est\u00e9n presupuestadas o que no se cuenten con m\u00e9dicos que quieran agarrarlas, por lo que habr\u00eda que llamar m\u00e1s profesionales desde otros distritos. \u00abQue hoy no haya guardia activa no es un tema pol\u00edtico, es simplemente una cuesti\u00f3n de recurso humano\u00bb.<\/p>\n<p><strong>Nota completa:<\/strong><\/p>\n<p><iframe loading=\"lazy\" src=\"https:\/\/w.soundcloud.com\/player\/?url=https%3A\/\/api.soundcloud.com\/tracks\/1147624570&amp;color=%23ff5500&amp;auto_play=false&amp;hide_related=false&amp;show_comments=true&amp;show_user=true&amp;show_reposts=false&amp;show_teaser=true\" width=\"100%\" height=\"166\" frameborder=\"no\" scrolling=\"no\"><\/iframe><\/p>\n<div style=\"font-size: 10px; color: #cccccc; line-break: anywhere; word-break: normal; overflow: hidden; white-space: nowrap; text-overflow: ellipsis; font-family: Interstate,Lucida Grande,Lucida Sans Unicode,Lucida Sans,Garuda,Verdana,Tahoma,sans-serif; font-weight: 100;\"><a style=\"color: #cccccc; text-decoration: none;\" title=\"fmreflejos 103.7\" href=\"https:\/\/soundcloud.com\/fmreflejos-103-7\" target=\"_blank\" rel=\"noopener\">fmreflejos 103.7<\/a> \u00b7 <a style=\"color: #cccccc; text-decoration: none;\" title=\"Daniel Barca\" href=\"https:\/\/soundcloud.com\/fmreflejos-103-7\/daniel-barca\" target=\"_blank\" rel=\"noopener\">Daniel Barca<\/a><\/div>\n","protected":false},"excerpt":{"rendered":"<p>El Secretario de Salud de Tornquist Municipio, dio referencias acerca de la situaci\u00f3n actual de la pandemia. Adem\u00e1s, nos puso al d\u00eda sobre el funcionamiento del Hospital Municipal ahora que los contagios de Covid-19 se han reducido y, por lo tanto, la atenci\u00f3n de casos positivos en la instituci\u00f3n. Tambi\u00e9n opin\u00f3 sobre las guardias activas [&hellip;]<\/p>\n","protected":false},"author":3,"featured_media":0,"comment_status":"closed","ping_status":"closed","sticky":false,"template":"","format":"standard","meta":{"footnotes":""},"categories":[28,30],"tags":[48],"class_list":["post-64119","post","type-post","status-publish","format-standard","hentry","category-municipales","category-salud","tag-destacada"],"yoast_head":"<!-- This site is optimized with the Yoast SEO plugin v25.9 - https:\/\/yoast.com\/wordpress\/plugins\/seo\/ -->\n<title>&quot;Entiendo la campa\u00f1a pol\u00edtica. Lo que no entiendo es la difamaci\u00f3n, pero son las reglas de la pol\u00edtica&quot;. - Noticias Radio Reflejos<\/title>\n<meta name=\"robots\" content=\"index, follow, max-snippet:-1, max-image-preview:large, max-video-preview:-1\" \/>\n<link rel=\"canonical\" href=\"https:\/\/www.noticiasradioreflejos.com.ar\/2021\/entiendo-la-campana-politica-lo-que-no-entiendo-es-la-difamacion-pero-son-las-reglas-de-la-politica\/\" \/>\n<meta property=\"og:locale\" content=\"es_ES\" \/>\n<meta property=\"og:type\" content=\"article\" \/>\n<meta property=\"og:title\" content=\"&quot;Entiendo la campa\u00f1a pol\u00edtica. Lo que no entiendo es la difamaci\u00f3n, pero son las reglas de la pol\u00edtica&quot;. - Noticias Radio Reflejos\" \/>\n<meta property=\"og:description\" content=\"El Secretario de Salud de Tornquist Municipio, dio referencias acerca de la situaci\u00f3n actual de la pandemia. Adem\u00e1s, nos puso al d\u00eda sobre el funcionamiento del Hospital Municipal ahora que los contagios de Covid-19 se han reducido y, por lo tanto, la atenci\u00f3n de casos positivos en la instituci\u00f3n. Tambi\u00e9n opin\u00f3 sobre las guardias activas [&hellip;]\" \/>\n<meta property=\"og:url\" content=\"https:\/\/www.noticiasradioreflejos.com.ar\/2021\/entiendo-la-campana-politica-lo-que-no-entiendo-es-la-difamacion-pero-son-las-reglas-de-la-politica\/\" \/>\n<meta property=\"og:site_name\" content=\"Noticias Radio Reflejos\" \/>\n<meta property=\"article:published_time\" content=\"2021-10-25T21:16:32+00:00\" \/>\n<meta property=\"og:image\" content=\"http:\/\/www.noticiasradioreflejos.com.ar\/2021\/wp-content\/uploads\/2021\/06\/Hospital-menor-E.-Aldaya-10.jpeg\" \/>\n<meta name=\"author\" content=\"Arnaldo Botto\" \/>\n<meta name=\"twitter:card\" content=\"summary_large_image\" \/>\n<script type=\"application\/ld+json\" class=\"yoast-schema-graph\">{\"@context\":\"https:\/\/schema.org\",\"@graph\":[{\"@type\":\"WebPage\",\"@id\":\"https:\/\/www.noticiasradioreflejos.com.ar\/2021\/entiendo-la-campana-politica-lo-que-no-entiendo-es-la-difamacion-pero-son-las-reglas-de-la-politica\/\",\"url\":\"https:\/\/www.noticiasradioreflejos.com.ar\/2021\/entiendo-la-campana-politica-lo-que-no-entiendo-es-la-difamacion-pero-son-las-reglas-de-la-politica\/\",\"name\":\"\\\"Entiendo la campa\u00f1a pol\u00edtica. Lo que no entiendo es la difamaci\u00f3n, pero son las reglas de la pol\u00edtica\\\". - Noticias Radio Reflejos\",\"isPartOf\":{\"@id\":\"https:\/\/www.noticiasradioreflejos.com.ar\/2021\/#website\"},\"primaryImageOfPage\":{\"@id\":\"https:\/\/www.noticiasradioreflejos.com.ar\/2021\/entiendo-la-campana-politica-lo-que-no-entiendo-es-la-difamacion-pero-son-las-reglas-de-la-politica\/#primaryimage\"},\"image\":{\"@id\":\"https:\/\/www.noticiasradioreflejos.com.ar\/2021\/entiendo-la-campana-politica-lo-que-no-entiendo-es-la-difamacion-pero-son-las-reglas-de-la-politica\/#primaryimage\"},\"thumbnailUrl\":\"http:\/\/www.noticiasradioreflejos.com.ar\/2021\/wp-content\/uploads\/2021\/06\/Hospital-menor-E.-Aldaya-10.jpeg\",\"datePublished\":\"2021-10-25T21:16:32+00:00\",\"author\":{\"@id\":\"https:\/\/www.noticiasradioreflejos.com.ar\/2021\/#\/schema\/person\/ad82545263dcc5ec0996818884fd5fb1\"},\"breadcrumb\":{\"@id\":\"https:\/\/www.noticiasradioreflejos.com.ar\/2021\/entiendo-la-campana-politica-lo-que-no-entiendo-es-la-difamacion-pero-son-las-reglas-de-la-politica\/#breadcrumb\"},\"inLanguage\":\"es\",\"potentialAction\":[{\"@type\":\"ReadAction\",\"target\":[\"https:\/\/www.noticiasradioreflejos.com.ar\/2021\/entiendo-la-campana-politica-lo-que-no-entiendo-es-la-difamacion-pero-son-las-reglas-de-la-politica\/\"]}]},{\"@type\":\"ImageObject\",\"inLanguage\":\"es\",\"@id\":\"https:\/\/www.noticiasradioreflejos.com.ar\/2021\/entiendo-la-campana-politica-lo-que-no-entiendo-es-la-difamacion-pero-son-las-reglas-de-la-politica\/#primaryimage\",\"url\":\"https:\/\/www.noticiasradioreflejos.com.ar\/2021\/wp-content\/uploads\/2021\/06\/Hospital-menor-E.-Aldaya-10.jpeg\",\"contentUrl\":\"https:\/\/www.noticiasradioreflejos.com.ar\/2021\/wp-content\/uploads\/2021\/06\/Hospital-menor-E.-Aldaya-10.jpeg\",\"width\":1160,\"height\":653},{\"@type\":\"BreadcrumbList\",\"@id\":\"https:\/\/www.noticiasradioreflejos.com.ar\/2021\/entiendo-la-campana-politica-lo-que-no-entiendo-es-la-difamacion-pero-son-las-reglas-de-la-politica\/#breadcrumb\",\"itemListElement\":[{\"@type\":\"ListItem\",\"position\":1,\"name\":\"Portada\",\"item\":\"https:\/\/www.noticiasradioreflejos.com.ar\/2021\/\"},{\"@type\":\"ListItem\",\"position\":2,\"name\":\"\u00abEntiendo la campa\u00f1a pol\u00edtica. Lo que no entiendo es la difamaci\u00f3n, pero son las reglas de la pol\u00edtica\u00bb.\"}]},{\"@type\":\"WebSite\",\"@id\":\"https:\/\/www.noticiasradioreflejos.com.ar\/2021\/#website\",\"url\":\"https:\/\/www.noticiasradioreflejos.com.ar\/2021\/\",\"name\":\"Noticias Radio Reflejos\",\"description\":\"Las noticias de mi comarca\",\"potentialAction\":[{\"@type\":\"SearchAction\",\"target\":{\"@type\":\"EntryPoint\",\"urlTemplate\":\"https:\/\/www.noticiasradioreflejos.com.ar\/2021\/?s={search_term_string}\"},\"query-input\":{\"@type\":\"PropertyValueSpecification\",\"valueRequired\":true,\"valueName\":\"search_term_string\"}}],\"inLanguage\":\"es\"},{\"@type\":\"Person\",\"@id\":\"https:\/\/www.noticiasradioreflejos.com.ar\/2021\/#\/schema\/person\/ad82545263dcc5ec0996818884fd5fb1\",\"name\":\"Arnaldo Botto\",\"image\":{\"@type\":\"ImageObject\",\"inLanguage\":\"es\",\"@id\":\"https:\/\/www.noticiasradioreflejos.com.ar\/2021\/#\/schema\/person\/image\/\",\"url\":\"https:\/\/secure.gravatar.com\/avatar\/55cb5e37c1efa326397366e6974cb338056df65cb50e7d64d1cf314e87504837?s=96&d=mm&r=g\",\"contentUrl\":\"https:\/\/secure.gravatar.com\/avatar\/55cb5e37c1efa326397366e6974cb338056df65cb50e7d64d1cf314e87504837?s=96&d=mm&r=g\",\"caption\":\"Arnaldo Botto\"},\"url\":\"https:\/\/www.noticiasradioreflejos.com.ar\/2021\/author\/arnaldo\/\"}]}<\/script>\n<!-- \/ Yoast SEO plugin. -->","yoast_head_json":{"title":"\"Entiendo la campa\u00f1a pol\u00edtica. Lo que no entiendo es la difamaci\u00f3n, pero son las reglas de la pol\u00edtica\". - Noticias Radio Reflejos","robots":{"index":"index","follow":"follow","max-snippet":"max-snippet:-1","max-image-preview":"max-image-preview:large","max-video-preview":"max-video-preview:-1"},"canonical":"https:\/\/www.noticiasradioreflejos.com.ar\/2021\/entiendo-la-campana-politica-lo-que-no-entiendo-es-la-difamacion-pero-son-las-reglas-de-la-politica\/","og_locale":"es_ES","og_type":"article","og_title":"\"Entiendo la campa\u00f1a pol\u00edtica. Lo que no entiendo es la difamaci\u00f3n, pero son las reglas de la pol\u00edtica\". - Noticias Radio Reflejos","og_description":"El Secretario de Salud de Tornquist Municipio, dio referencias acerca de la situaci\u00f3n actual de la pandemia. Adem\u00e1s, nos puso al d\u00eda sobre el funcionamiento del Hospital Municipal ahora que los contagios de Covid-19 se han reducido y, por lo tanto, la atenci\u00f3n de casos positivos en la instituci\u00f3n. Tambi\u00e9n opin\u00f3 sobre las guardias activas [&hellip;]","og_url":"https:\/\/www.noticiasradioreflejos.com.ar\/2021\/entiendo-la-campana-politica-lo-que-no-entiendo-es-la-difamacion-pero-son-las-reglas-de-la-politica\/","og_site_name":"Noticias Radio Reflejos","article_published_time":"2021-10-25T21:16:32+00:00","og_image":[{"url":"http:\/\/www.noticiasradioreflejos.com.ar\/2021\/wp-content\/uploads\/2021\/06\/Hospital-menor-E.-Aldaya-10.jpeg","type":"","width":"","height":""}],"author":"Arnaldo Botto","twitter_card":"summary_large_image","schema":{"@context":"https:\/\/schema.org","@graph":[{"@type":"WebPage","@id":"https:\/\/www.noticiasradioreflejos.com.ar\/2021\/entiendo-la-campana-politica-lo-que-no-entiendo-es-la-difamacion-pero-son-las-reglas-de-la-politica\/","url":"https:\/\/www.noticiasradioreflejos.com.ar\/2021\/entiendo-la-campana-politica-lo-que-no-entiendo-es-la-difamacion-pero-son-las-reglas-de-la-politica\/","name":"\"Entiendo la campa\u00f1a pol\u00edtica. Lo que no entiendo es la difamaci\u00f3n, pero son las reglas de la pol\u00edtica\". - Noticias Radio Reflejos","isPartOf":{"@id":"https:\/\/www.noticiasradioreflejos.com.ar\/2021\/#website"},"primaryImageOfPage":{"@id":"https:\/\/www.noticiasradioreflejos.com.ar\/2021\/entiendo-la-campana-politica-lo-que-no-entiendo-es-la-difamacion-pero-son-las-reglas-de-la-politica\/#primaryimage"},"image":{"@id":"https:\/\/www.noticiasradioreflejos.com.ar\/2021\/entiendo-la-campana-politica-lo-que-no-entiendo-es-la-difamacion-pero-son-las-reglas-de-la-politica\/#primaryimage"},"thumbnailUrl":"http:\/\/www.noticiasradioreflejos.com.ar\/2021\/wp-content\/uploads\/2021\/06\/Hospital-menor-E.-Aldaya-10.jpeg","datePublished":"2021-10-25T21:16:32+00:00","author":{"@id":"https:\/\/www.noticiasradioreflejos.com.ar\/2021\/#\/schema\/person\/ad82545263dcc5ec0996818884fd5fb1"},"breadcrumb":{"@id":"https:\/\/www.noticiasradioreflejos.com.ar\/2021\/entiendo-la-campana-politica-lo-que-no-entiendo-es-la-difamacion-pero-son-las-reglas-de-la-politica\/#breadcrumb"},"inLanguage":"es","potentialAction":[{"@type":"ReadAction","target":["https:\/\/www.noticiasradioreflejos.com.ar\/2021\/entiendo-la-campana-politica-lo-que-no-entiendo-es-la-difamacion-pero-son-las-reglas-de-la-politica\/"]}]},{"@type":"ImageObject","inLanguage":"es","@id":"https:\/\/www.noticiasradioreflejos.com.ar\/2021\/entiendo-la-campana-politica-lo-que-no-entiendo-es-la-difamacion-pero-son-las-reglas-de-la-politica\/#primaryimage","url":"https:\/\/www.noticiasradioreflejos.com.ar\/2021\/wp-content\/uploads\/2021\/06\/Hospital-menor-E.-Aldaya-10.jpeg","contentUrl":"https:\/\/www.noticiasradioreflejos.com.ar\/2021\/wp-content\/uploads\/2021\/06\/Hospital-menor-E.-Aldaya-10.jpeg","width":1160,"height":653},{"@type":"BreadcrumbList","@id":"https:\/\/www.noticiasradioreflejos.com.ar\/2021\/entiendo-la-campana-politica-lo-que-no-entiendo-es-la-difamacion-pero-son-las-reglas-de-la-politica\/#breadcrumb","itemListElement":[{"@type":"ListItem","position":1,"name":"Portada","item":"https:\/\/www.noticiasradioreflejos.com.ar\/2021\/"},{"@type":"ListItem","position":2,"name":"\u00abEntiendo la campa\u00f1a pol\u00edtica. Lo que no entiendo es la difamaci\u00f3n, pero son las reglas de la pol\u00edtica\u00bb."}]},{"@type":"WebSite","@id":"https:\/\/www.noticiasradioreflejos.com.ar\/2021\/#website","url":"https:\/\/www.noticiasradioreflejos.com.ar\/2021\/","name":"Noticias Radio Reflejos","description":"Las noticias de mi comarca","potentialAction":[{"@type":"SearchAction","target":{"@type":"EntryPoint","urlTemplate":"https:\/\/www.noticiasradioreflejos.com.ar\/2021\/?s={search_term_string}"},"query-input":{"@type":"PropertyValueSpecification","valueRequired":true,"valueName":"search_term_string"}}],"inLanguage":"es"},{"@type":"Person","@id":"https:\/\/www.noticiasradioreflejos.com.ar\/2021\/#\/schema\/person\/ad82545263dcc5ec0996818884fd5fb1","name":"Arnaldo Botto","image":{"@type":"ImageObject","inLanguage":"es","@id":"https:\/\/www.noticiasradioreflejos.com.ar\/2021\/#\/schema\/person\/image\/","url":"https:\/\/secure.gravatar.com\/avatar\/55cb5e37c1efa326397366e6974cb338056df65cb50e7d64d1cf314e87504837?s=96&d=mm&r=g","contentUrl":"https:\/\/secure.gravatar.com\/avatar\/55cb5e37c1efa326397366e6974cb338056df65cb50e7d64d1cf314e87504837?s=96&d=mm&r=g","caption":"Arnaldo Botto"},"url":"https:\/\/www.noticiasradioreflejos.com.ar\/2021\/author\/arnaldo\/"}]}},"_links":{"self":[{"href":"https:\/\/www.noticiasradioreflejos.com.ar\/2021\/wp-json\/wp\/v2\/posts\/64119","targetHints":{"allow":["GET"]}}],"collection":[{"href":"https:\/\/www.noticiasradioreflejos.com.ar\/2021\/wp-json\/wp\/v2\/posts"}],"about":[{"href":"https:\/\/www.noticiasradioreflejos.com.ar\/2021\/wp-json\/wp\/v2\/types\/post"}],"author":[{"embeddable":true,"href":"https:\/\/www.noticiasradioreflejos.com.ar\/2021\/wp-json\/wp\/v2\/users\/3"}],"replies":[{"embeddable":true,"href":"https:\/\/www.noticiasradioreflejos.com.ar\/2021\/wp-json\/wp\/v2\/comments?post=64119"}],"version-history":[{"count":2,"href":"https:\/\/www.noticiasradioreflejos.com.ar\/2021\/wp-json\/wp\/v2\/posts\/64119\/revisions"}],"predecessor-version":[{"id":64132,"href":"https:\/\/www.noticiasradioreflejos.com.ar\/2021\/wp-json\/wp\/v2\/posts\/64119\/revisions\/64132"}],"wp:attachment":[{"href":"https:\/\/www.noticiasradioreflejos.com.ar\/2021\/wp-json\/wp\/v2\/media?parent=64119"}],"wp:term":[{"taxonomy":"category","embeddable":true,"href":"https:\/\/www.noticiasradioreflejos.com.ar\/2021\/wp-json\/wp\/v2\/categories?post=64119"},{"taxonomy":"post_tag","embeddable":true,"href":"https:\/\/www.noticiasradioreflejos.com.ar\/2021\/wp-json\/wp\/v2\/tags?post=64119"}],"curies":[{"name":"wp","href":"https:\/\/api.w.org\/{rel}","templated":true}]}}