{"id":640,"date":"2016-09-08T15:19:28","date_gmt":"2016-09-08T15:19:28","guid":{"rendered":"http:\/\/noticiasradioreflejos.com.ar\/noticias\/?p=640"},"modified":"2016-09-08T15:19:28","modified_gmt":"2016-09-08T15:19:28","slug":"entregaron-los-fondos-del-p-p-a-los-bomberos-de-villa-ventana","status":"publish","type":"post","link":"https:\/\/www.noticiasradioreflejos.com.ar\/2021\/entregaron-los-fondos-del-p-p-a-los-bomberos-de-villa-ventana\/","title":{"rendered":"Entregaron los fondos del P.P a los Bomberos de Villa Ventana"},"content":{"rendered":"<p>Ayer siendo las 20:30 hs en el cuartel de Bomberos de Villa Ventana se hizo la entrega del cheque correspondiente al Presupuesto Participativo para los ganadores, en este caso, Bomberos Voluntarios de Villa Ventana se adjudicaron el cheque tras ganar las elecciones consiguiendo 121 votos.<!--more--><br \/>\nEl se\u00f1or delegado Alfredo Alarcon hizo entrega del premio en nombre del Intendente Sergio Bordoni, qui\u00e9n se encontraba en La Plata realizando gestiones para el Municipio.<br \/>\nRa\u00fal Salerno como Presidente y toda su comisi\u00f3n recibieron el ansiado premio y se emocionaron tras lograr el sue\u00f1o de la casa propia.<br \/>\nLas obras ya se encuentran en marcha y prontamente se ver\u00e1n los resultados antes del aniversario del Cuartel.<br \/>\n<iframe loading=\"lazy\" src=\"https:\/\/w.soundcloud.com\/player\/?url=https%3A\/\/api.soundcloud.com\/tracks\/281962752&amp;color=ff5500&amp;auto_play=false&amp;hide_related=false&amp;show_comments=true&amp;show_user=true&amp;show_reposts=false\" width=\"100%\" height=\"166\" frameborder=\"no\" scrolling=\"no\"><\/iframe><br \/>\n<iframe loading=\"lazy\" src=\"https:\/\/w.soundcloud.com\/player\/?url=https%3A\/\/api.soundcloud.com\/tracks\/281961625&amp;color=ff5500&amp;auto_play=false&amp;hide_related=false&amp;show_comments=true&amp;show_user=true&amp;show_reposts=false\" width=\"100%\" height=\"166\" frameborder=\"no\" scrolling=\"no\"><\/iframe><a title=\"20160907_204013\" href=\"http:\/\/farm9.staticflickr.com\/8106\/28918342224_0482b572d4_c.jpg\" rel=\"\"><br \/>\n<\/a><br \/>\n<a title=\"20160907_203822\" href=\"http:\/\/farm9.staticflickr.com\/8375\/29463171631_9f638231d4_c.jpg\" rel=\"\"><img loading=\"lazy\" decoding=\"async\" class=\"aligncenter\" title=\"20160907_203822\" src=\"http:\/\/farm9.staticflickr.com\/8375\/29463171631_9f638231d4_c.jpg\" alt=\"20160907_203822\" width=\"450\" height=\"800\" \/><\/a><br \/>\n<a title=\"20160907_203849\" href=\"http:\/\/farm8.staticflickr.com\/7562\/29462979521_11287aba8c_c.jpg\" rel=\"\"><img loading=\"lazy\" decoding=\"async\" class=\"aligncenter\" title=\"20160907_203849\" src=\"http:\/\/farm8.staticflickr.com\/7562\/29462979521_11287aba8c_c.jpg\" alt=\"20160907_203849\" width=\"800\" height=\"450\" \/><\/a><br \/>\n<a title=\"20160907_203807\" href=\"http:\/\/farm9.staticflickr.com\/8260\/29543472135_681939d3ef_c.jpg\" rel=\"\"><img loading=\"lazy\" decoding=\"async\" class=\"aligncenter\" title=\"20160907_203807\" src=\"http:\/\/farm9.staticflickr.com\/8260\/29543472135_681939d3ef_c.jpg\" alt=\"20160907_203807\" width=\"450\" height=\"800\" \/><\/a><br \/>\n<a title=\"20160907_203233\" href=\"http:\/\/farm9.staticflickr.com\/8343\/29543508215_0d1d011044_c.jpg\" rel=\"\"><img loading=\"lazy\" decoding=\"async\" class=\"aligncenter\" title=\"20160907_203233\" src=\"http:\/\/farm9.staticflickr.com\/8343\/29543508215_0d1d011044_c.jpg\" alt=\"20160907_203233\" width=\"800\" height=\"450\" \/><\/a><br \/>\n<a title=\"20160907_203200\" href=\"http:\/\/farm9.staticflickr.com\/8047\/29543532025_a09c7d9070_c.jpg\" rel=\"\"><img loading=\"lazy\" decoding=\"async\" class=\"aligncenter\" title=\"20160907_203200\" src=\"http:\/\/farm9.staticflickr.com\/8047\/29543532025_a09c7d9070_c.jpg\" alt=\"20160907_203200\" width=\"800\" height=\"450\" \/><\/a><\/p>\n","protected":false},"excerpt":{"rendered":"<p>Ayer siendo las 20:30 hs en el cuartel de Bomberos de Villa Ventana se hizo la entrega del cheque correspondiente al Presupuesto Participativo para los ganadores, en este caso, Bomberos Voluntarios de Villa Ventana se adjudicaron el cheque tras ganar las elecciones consiguiendo 121 votos.<\/p>\n","protected":false},"author":3,"featured_media":0,"comment_status":"closed","ping_status":"open","sticky":false,"template":"","format":"standard","meta":{"footnotes":""},"categories":[26],"tags":[],"class_list":["post-640","post","type-post","status-publish","format-standard","hentry","category-sociedad"],"yoast_head":"<!-- This site is optimized with the Yoast SEO plugin v25.9 - https:\/\/yoast.com\/wordpress\/plugins\/seo\/ -->\n<title>Entregaron los fondos del P.P a los Bomberos de Villa Ventana - Noticias Radio Reflejos<\/title>\n<meta name=\"robots\" content=\"index, follow, max-snippet:-1, max-image-preview:large, max-video-preview:-1\" \/>\n<link rel=\"canonical\" href=\"https:\/\/www.noticiasradioreflejos.com.ar\/2021\/entregaron-los-fondos-del-p-p-a-los-bomberos-de-villa-ventana\/\" \/>\n<meta property=\"og:locale\" content=\"es_ES\" \/>\n<meta property=\"og:type\" content=\"article\" \/>\n<meta property=\"og:title\" content=\"Entregaron los fondos del P.P a los Bomberos de Villa Ventana - Noticias Radio Reflejos\" \/>\n<meta property=\"og:description\" content=\"Ayer siendo las 20:30 hs en el cuartel de Bomberos de Villa Ventana se hizo la entrega del cheque correspondiente al Presupuesto Participativo para los ganadores, en este caso, Bomberos Voluntarios de Villa Ventana se adjudicaron el cheque tras ganar las elecciones consiguiendo 121 votos.\" \/>\n<meta property=\"og:url\" content=\"https:\/\/www.noticiasradioreflejos.com.ar\/2021\/entregaron-los-fondos-del-p-p-a-los-bomberos-de-villa-ventana\/\" \/>\n<meta property=\"og:site_name\" content=\"Noticias Radio Reflejos\" \/>\n<meta property=\"article:published_time\" content=\"2016-09-08T15:19:28+00:00\" \/>\n<meta property=\"og:image\" content=\"http:\/\/farm9.staticflickr.com\/8375\/29463171631_9f638231d4_c.jpg\" \/>\n<meta name=\"author\" content=\"Arnaldo Botto\" \/>\n<meta name=\"twitter:card\" content=\"summary_large_image\" \/>\n<script type=\"application\/ld+json\" class=\"yoast-schema-graph\">{\"@context\":\"https:\/\/schema.org\",\"@graph\":[{\"@type\":\"WebPage\",\"@id\":\"https:\/\/www.noticiasradioreflejos.com.ar\/2021\/entregaron-los-fondos-del-p-p-a-los-bomberos-de-villa-ventana\/\",\"url\":\"https:\/\/www.noticiasradioreflejos.com.ar\/2021\/entregaron-los-fondos-del-p-p-a-los-bomberos-de-villa-ventana\/\",\"name\":\"Entregaron los fondos del P.P a los Bomberos de Villa Ventana - Noticias Radio Reflejos\",\"isPartOf\":{\"@id\":\"https:\/\/www.noticiasradioreflejos.com.ar\/2021\/#website\"},\"primaryImageOfPage\":{\"@id\":\"https:\/\/www.noticiasradioreflejos.com.ar\/2021\/entregaron-los-fondos-del-p-p-a-los-bomberos-de-villa-ventana\/#primaryimage\"},\"image\":{\"@id\":\"https:\/\/www.noticiasradioreflejos.com.ar\/2021\/entregaron-los-fondos-del-p-p-a-los-bomberos-de-villa-ventana\/#primaryimage\"},\"thumbnailUrl\":\"http:\/\/farm9.staticflickr.com\/8375\/29463171631_9f638231d4_c.jpg\",\"datePublished\":\"2016-09-08T15:19:28+00:00\",\"author\":{\"@id\":\"https:\/\/www.noticiasradioreflejos.com.ar\/2021\/#\/schema\/person\/ad82545263dcc5ec0996818884fd5fb1\"},\"breadcrumb\":{\"@id\":\"https:\/\/www.noticiasradioreflejos.com.ar\/2021\/entregaron-los-fondos-del-p-p-a-los-bomberos-de-villa-ventana\/#breadcrumb\"},\"inLanguage\":\"es\",\"potentialAction\":[{\"@type\":\"ReadAction\",\"target\":[\"https:\/\/www.noticiasradioreflejos.com.ar\/2021\/entregaron-los-fondos-del-p-p-a-los-bomberos-de-villa-ventana\/\"]}]},{\"@type\":\"ImageObject\",\"inLanguage\":\"es\",\"@id\":\"https:\/\/www.noticiasradioreflejos.com.ar\/2021\/entregaron-los-fondos-del-p-p-a-los-bomberos-de-villa-ventana\/#primaryimage\",\"url\":\"http:\/\/farm9.staticflickr.com\/8375\/29463171631_9f638231d4_c.jpg\",\"contentUrl\":\"http:\/\/farm9.staticflickr.com\/8375\/29463171631_9f638231d4_c.jpg\"},{\"@type\":\"BreadcrumbList\",\"@id\":\"https:\/\/www.noticiasradioreflejos.com.ar\/2021\/entregaron-los-fondos-del-p-p-a-los-bomberos-de-villa-ventana\/#breadcrumb\",\"itemListElement\":[{\"@type\":\"ListItem\",\"position\":1,\"name\":\"Portada\",\"item\":\"https:\/\/www.noticiasradioreflejos.com.ar\/2021\/\"},{\"@type\":\"ListItem\",\"position\":2,\"name\":\"Entregaron los fondos del P.P a los Bomberos de Villa Ventana\"}]},{\"@type\":\"WebSite\",\"@id\":\"https:\/\/www.noticiasradioreflejos.com.ar\/2021\/#website\",\"url\":\"https:\/\/www.noticiasradioreflejos.com.ar\/2021\/\",\"name\":\"Noticias Radio Reflejos\",\"description\":\"Las noticias de mi comarca\",\"potentialAction\":[{\"@type\":\"SearchAction\",\"target\":{\"@type\":\"EntryPoint\",\"urlTemplate\":\"https:\/\/www.noticiasradioreflejos.com.ar\/2021\/?s={search_term_string}\"},\"query-input\":{\"@type\":\"PropertyValueSpecification\",\"valueRequired\":true,\"valueName\":\"search_term_string\"}}],\"inLanguage\":\"es\"},{\"@type\":\"Person\",\"@id\":\"https:\/\/www.noticiasradioreflejos.com.ar\/2021\/#\/schema\/person\/ad82545263dcc5ec0996818884fd5fb1\",\"name\":\"Arnaldo Botto\",\"image\":{\"@type\":\"ImageObject\",\"inLanguage\":\"es\",\"@id\":\"https:\/\/www.noticiasradioreflejos.com.ar\/2021\/#\/schema\/person\/image\/\",\"url\":\"https:\/\/secure.gravatar.com\/avatar\/55cb5e37c1efa326397366e6974cb338056df65cb50e7d64d1cf314e87504837?s=96&d=mm&r=g\",\"contentUrl\":\"https:\/\/secure.gravatar.com\/avatar\/55cb5e37c1efa326397366e6974cb338056df65cb50e7d64d1cf314e87504837?s=96&d=mm&r=g\",\"caption\":\"Arnaldo Botto\"},\"url\":\"https:\/\/www.noticiasradioreflejos.com.ar\/2021\/author\/arnaldo\/\"}]}<\/script>\n<!-- \/ Yoast SEO plugin. -->","yoast_head_json":{"title":"Entregaron los fondos del P.P a los Bomberos de Villa Ventana - Noticias Radio Reflejos","robots":{"index":"index","follow":"follow","max-snippet":"max-snippet:-1","max-image-preview":"max-image-preview:large","max-video-preview":"max-video-preview:-1"},"canonical":"https:\/\/www.noticiasradioreflejos.com.ar\/2021\/entregaron-los-fondos-del-p-p-a-los-bomberos-de-villa-ventana\/","og_locale":"es_ES","og_type":"article","og_title":"Entregaron los fondos del P.P a los Bomberos de Villa Ventana - Noticias Radio Reflejos","og_description":"Ayer siendo las 20:30 hs en el cuartel de Bomberos de Villa Ventana se hizo la entrega del cheque correspondiente al Presupuesto Participativo para los ganadores, en este caso, Bomberos Voluntarios de Villa Ventana se adjudicaron el cheque tras ganar las elecciones consiguiendo 121 votos.","og_url":"https:\/\/www.noticiasradioreflejos.com.ar\/2021\/entregaron-los-fondos-del-p-p-a-los-bomberos-de-villa-ventana\/","og_site_name":"Noticias Radio Reflejos","article_published_time":"2016-09-08T15:19:28+00:00","og_image":[{"url":"http:\/\/farm9.staticflickr.com\/8375\/29463171631_9f638231d4_c.jpg","type":"","width":"","height":""}],"author":"Arnaldo Botto","twitter_card":"summary_large_image","schema":{"@context":"https:\/\/schema.org","@graph":[{"@type":"WebPage","@id":"https:\/\/www.noticiasradioreflejos.com.ar\/2021\/entregaron-los-fondos-del-p-p-a-los-bomberos-de-villa-ventana\/","url":"https:\/\/www.noticiasradioreflejos.com.ar\/2021\/entregaron-los-fondos-del-p-p-a-los-bomberos-de-villa-ventana\/","name":"Entregaron los fondos del P.P a los Bomberos de Villa Ventana - Noticias Radio Reflejos","isPartOf":{"@id":"https:\/\/www.noticiasradioreflejos.com.ar\/2021\/#website"},"primaryImageOfPage":{"@id":"https:\/\/www.noticiasradioreflejos.com.ar\/2021\/entregaron-los-fondos-del-p-p-a-los-bomberos-de-villa-ventana\/#primaryimage"},"image":{"@id":"https:\/\/www.noticiasradioreflejos.com.ar\/2021\/entregaron-los-fondos-del-p-p-a-los-bomberos-de-villa-ventana\/#primaryimage"},"thumbnailUrl":"http:\/\/farm9.staticflickr.com\/8375\/29463171631_9f638231d4_c.jpg","datePublished":"2016-09-08T15:19:28+00:00","author":{"@id":"https:\/\/www.noticiasradioreflejos.com.ar\/2021\/#\/schema\/person\/ad82545263dcc5ec0996818884fd5fb1"},"breadcrumb":{"@id":"https:\/\/www.noticiasradioreflejos.com.ar\/2021\/entregaron-los-fondos-del-p-p-a-los-bomberos-de-villa-ventana\/#breadcrumb"},"inLanguage":"es","potentialAction":[{"@type":"ReadAction","target":["https:\/\/www.noticiasradioreflejos.com.ar\/2021\/entregaron-los-fondos-del-p-p-a-los-bomberos-de-villa-ventana\/"]}]},{"@type":"ImageObject","inLanguage":"es","@id":"https:\/\/www.noticiasradioreflejos.com.ar\/2021\/entregaron-los-fondos-del-p-p-a-los-bomberos-de-villa-ventana\/#primaryimage","url":"http:\/\/farm9.staticflickr.com\/8375\/29463171631_9f638231d4_c.jpg","contentUrl":"http:\/\/farm9.staticflickr.com\/8375\/29463171631_9f638231d4_c.jpg"},{"@type":"BreadcrumbList","@id":"https:\/\/www.noticiasradioreflejos.com.ar\/2021\/entregaron-los-fondos-del-p-p-a-los-bomberos-de-villa-ventana\/#breadcrumb","itemListElement":[{"@type":"ListItem","position":1,"name":"Portada","item":"https:\/\/www.noticiasradioreflejos.com.ar\/2021\/"},{"@type":"ListItem","position":2,"name":"Entregaron los fondos del P.P a los Bomberos de Villa Ventana"}]},{"@type":"WebSite","@id":"https:\/\/www.noticiasradioreflejos.com.ar\/2021\/#website","url":"https:\/\/www.noticiasradioreflejos.com.ar\/2021\/","name":"Noticias Radio Reflejos","description":"Las noticias de mi comarca","potentialAction":[{"@type":"SearchAction","target":{"@type":"EntryPoint","urlTemplate":"https:\/\/www.noticiasradioreflejos.com.ar\/2021\/?s={search_term_string}"},"query-input":{"@type":"PropertyValueSpecification","valueRequired":true,"valueName":"search_term_string"}}],"inLanguage":"es"},{"@type":"Person","@id":"https:\/\/www.noticiasradioreflejos.com.ar\/2021\/#\/schema\/person\/ad82545263dcc5ec0996818884fd5fb1","name":"Arnaldo Botto","image":{"@type":"ImageObject","inLanguage":"es","@id":"https:\/\/www.noticiasradioreflejos.com.ar\/2021\/#\/schema\/person\/image\/","url":"https:\/\/secure.gravatar.com\/avatar\/55cb5e37c1efa326397366e6974cb338056df65cb50e7d64d1cf314e87504837?s=96&d=mm&r=g","contentUrl":"https:\/\/secure.gravatar.com\/avatar\/55cb5e37c1efa326397366e6974cb338056df65cb50e7d64d1cf314e87504837?s=96&d=mm&r=g","caption":"Arnaldo Botto"},"url":"https:\/\/www.noticiasradioreflejos.com.ar\/2021\/author\/arnaldo\/"}]}},"_links":{"self":[{"href":"https:\/\/www.noticiasradioreflejos.com.ar\/2021\/wp-json\/wp\/v2\/posts\/640","targetHints":{"allow":["GET"]}}],"collection":[{"href":"https:\/\/www.noticiasradioreflejos.com.ar\/2021\/wp-json\/wp\/v2\/posts"}],"about":[{"href":"https:\/\/www.noticiasradioreflejos.com.ar\/2021\/wp-json\/wp\/v2\/types\/post"}],"author":[{"embeddable":true,"href":"https:\/\/www.noticiasradioreflejos.com.ar\/2021\/wp-json\/wp\/v2\/users\/3"}],"replies":[{"embeddable":true,"href":"https:\/\/www.noticiasradioreflejos.com.ar\/2021\/wp-json\/wp\/v2\/comments?post=640"}],"version-history":[{"count":0,"href":"https:\/\/www.noticiasradioreflejos.com.ar\/2021\/wp-json\/wp\/v2\/posts\/640\/revisions"}],"wp:attachment":[{"href":"https:\/\/www.noticiasradioreflejos.com.ar\/2021\/wp-json\/wp\/v2\/media?parent=640"}],"wp:term":[{"taxonomy":"category","embeddable":true,"href":"https:\/\/www.noticiasradioreflejos.com.ar\/2021\/wp-json\/wp\/v2\/categories?post=640"},{"taxonomy":"post_tag","embeddable":true,"href":"https:\/\/www.noticiasradioreflejos.com.ar\/2021\/wp-json\/wp\/v2\/tags?post=640"}],"curies":[{"name":"wp","href":"https:\/\/api.w.org\/{rel}","templated":true}]}}