{"id":63991,"date":"2021-10-21T13:07:18","date_gmt":"2021-10-21T13:07:18","guid":{"rendered":"http:\/\/www.noticiasradioreflejos.com.ar\/2021\/?p=63991"},"modified":"2021-10-21T13:11:05","modified_gmt":"2021-10-21T13:11:05","slug":"crece-la-vacunacion-de-ninos-contra-coronavirus-y-acercan-vacunatorios-a-las-escuelas","status":"publish","type":"post","link":"https:\/\/www.noticiasradioreflejos.com.ar\/2021\/crece-la-vacunacion-de-ninos-contra-coronavirus-y-acercan-vacunatorios-a-las-escuelas\/","title":{"rendered":"Crece la vacunaci\u00f3n de ni\u00f1os contra coronavirus y acercan vacunatorios a las escuelas"},"content":{"rendered":"<div class=\"head-content\">\n<p>Un relevamiento realizado por T\u00e9lam en el interior del pa\u00eds describe los avances del Plan Nacional de Vacunaci\u00f3n Pedi\u00e1trica que, hasta la fecha, contabiliza m\u00e1s de dos millones de adolescentes y alrededor de 750.000 ni\u00f1os de entre tres y 11 a\u00f1os inoculados.<\/p>\n<\/div>\n<p><!--more--><\/p>\n<div class=\"main-content-block\">\n<div class=\"main-box clearfix\">\n<div class=\"wrapper-main-section clearfix\">\n<div class=\"wrapper-editable-content\">\n<div class=\"editable-content clearfix\">\n<div id=\"image\" class=\"image\">La vacunaci\u00f3n contra el coronavirus para ni\u00f1os y adolescentes se increment\u00f3 a \u00abmuy buen\u00bb ritmo, con miles de menores de edad inoculados y anotados para recibir su dosis, dijeron autoridades de Salud provinciales y destacaron que en varios distritos se instalaron vacunatorios en las escuelas, incluso las rurales, para facilitar el acceso a la campa\u00f1a nacional de inmunizaci\u00f3n.<\/div>\n<p>Seg\u00fan el\u00a0<a href=\"https:\/\/www.argentina.gob.ar\/coronavirus\/vacuna\/aplicadas\" target=\"_blank\" rel=\"noopener\">Monitor P\u00fablico de Vacunaci\u00f3n<\/a>\u00a0del Ministerio de Salud de la Naci\u00f3n, hasta este mi\u00e9rcoles\u00a0<strong>se hab\u00edan vacunados 821.612 adolescentes con factores de riesgo, 1.238.941 sanos, y en el caso de los ni\u00f1os fueron 85.678 de entre tres y 11 a\u00f1os en condiciones priorizadas y 666.340 sin comorbilidades<\/strong>.<\/p>\n<div class=\"auth\">Provincia de Buenos Aires<\/div>\n<div id=\"image\" class=\"image\">\n<p><img decoding=\"async\" title=\"El ministro Nicol\u00e1s Kreplak, dijo que &quot;1.050.000 chicos de entre tres y 11 a\u00f1os se encuentran inscriptos&quot; para vacunarse. Foto Gustavo Amarelle \" src=\"https:\/\/www.telam.com.ar\/advf\/imagenes\/2021\/10\/6166ff5819c1b_1004x566.jpg\" alt=\"El ministro Nicol\u00e1s Kreplak, dijo que &quot;1.050.000 chicos de entre tres y 11 a\u00f1os se encuentran inscriptos&quot; para vacunarse. Foto Gustavo Amarelle \" \/><\/p>\n<div class=\"epigrafe\">El ministro Nicol\u00e1s Kreplak, dijo que \u00ab1.050.000 chicos de entre tres y 11 a\u00f1os se encuentran inscriptos\u00bb para vacunarse. Foto Gustavo Amarelle<\/div>\n<\/div>\n<p>El ministro de Salud, Nicol\u00e1s Kreplak, dijo a T\u00e9lam que el grupo de \u00abchicos de entre tres y 11 a\u00f1os, es una poblaci\u00f3n que estimamos en 2,6 millones en la provincia, de los cuales 1.050.000 se encuentran inscriptos\u00bb.<\/p>\n<p>\u00abHay casi 300 mil vacunados de esa franja y seguimos enviando turnos para vacunar diariamente decenas de miles de ellos\u00bb, cont\u00f3 el funcionario y detall\u00f3 que, adem\u00e1s,\u00a0<strong>se invit\u00f3 desde el \u00e1rea a que las escuelas \u00abempiecen con la inscripci\u00f3n para poder vacunar all\u00ed\u00bb<\/strong>.<\/p>\n<p>Kreplak apunt\u00f3 que hay \u00abm\u00e1s de dos mil escuelas que se est\u00e1n inscribiendo para poder ser sede de la vacunaci\u00f3n de sus propios estudiantes\u00bb y destac\u00f3 que \u00abla velocidad de la vacunaci\u00f3n viene muy bien y con una muy baja tasa de ausentismo\u00bb.<\/p>\n<p>En la provincia se anotaron 1.048.399 ni\u00f1os y 1.208.152 adolescentes para recibir sus vacunas Sinopharm, en el caso de los m\u00e1s chicos, y Pfizer y Moderna para los mayores de 12 a\u00f1os.<\/p>\n<p>Gast\u00f3n Vargas, jefe de la Regi\u00f3n Sanitaria VIII que abarca desde Necochea a General Lavalle, Tandil y Ayacucho, explic\u00f3 por su parte que hoy (mi\u00e9rcoles)\u00a0<strong>\u00abse comenz\u00f3 a vacunar en escuelas primarias de Mar del Plata\u00bb para abarcar a \u00abunos 600 alumnos de una matr\u00edcula de cerca de 1.000<\/strong>, en tanto que la pr\u00f3xima se sumar\u00e1n otros establecimientos educativos del distrito\u00bb.<\/p>\n<p>El jefe sanitario se\u00f1al\u00f3 que esta era \u00abuna estrategia m\u00e1s que implementamos en el plan de vacunaci\u00f3n\u00a0<strong>adem\u00e1s de las postas itinerantes y el puerta-puerta<\/strong>\u00bb porque, resalt\u00f3, \u00abbuscamos facilitar y acercar el vacunatorio a las escuelas que es donde los ni\u00f1os y ni\u00f1as suelen estar diariamente y evitar que los padres despu\u00e9s tengan que llevarlo a un posta\u00bb.<\/p>\n<p>\u00abTambi\u00e9n\u00a0<strong>tenemos pensado ir a las escuelas rurales<\/strong>\u00a0y de esta manera seguir avanzando con el plan de vacunaci\u00f3n provincial en este grupo etario como en el resto\u00bb, a\u00f1adi\u00f3.<\/p>\n<p>Vargas apunt\u00f3 que \u00abentre\u00a0<strong>el 50-60% los padres aceptaron y vieron que son vacunas seguras<\/strong>\u00a0por lo que aceptaron vacunar a sus hijos, que seguramente con el correr de los d\u00edas se vaya incrementando ese porcentaje como ocurri\u00f3 con otros grupos etarios\u00bb.<\/p>\n<p>Asimismo, se\u00f1al\u00f3 que en el caso de los adolescentes de la regi\u00f3n de 35.611 inscritos \u00abel 40% ya recibi\u00f3 la vacuna\u00bb.<\/p>\n<div class=\"auth\">Santa Fe<\/div>\n<div id=\"image\" class=\"image\">\n<p><img decoding=\"async\" title=\"La vacunaci\u00f3n de ni\u00f1os se acercaba al 15% de la poblaci\u00f3n objetivo, seg\u00fan el Ministerio de Salud santafesino,. Foto: Sebastian Granata \" src=\"https:\/\/www.telam.com.ar\/advf\/imagenes\/2021\/10\/61661d3a766e7_1004x565.jpg\" alt=\"La vacunaci\u00f3n de ni\u00f1os se acercaba al 15% de la poblaci\u00f3n objetivo, seg\u00fan el Ministerio de Salud santafesino,. Foto: Sebastian Granata \" \/><\/p>\n<div class=\"epigrafe\">La vacunaci\u00f3n de ni\u00f1os se acercaba al 15% de la poblaci\u00f3n objetivo, seg\u00fan el Ministerio de Salud santafesino,. Foto: Sebastian Granata<\/div>\n<\/div>\n<p>En Santa Fe, la vacunaci\u00f3n de ni\u00f1os se acercaba al 15% de la poblaci\u00f3n objetivo, seg\u00fan el Ministerio de Salud local, dado que hab\u00edan recibido su primera dosis 69.282 ni\u00f1os de esa franja etaria sobre un total de 481.000.<\/p>\n<p>En el caso de los adolescentes,\u00a0<strong>se est\u00e1 llegando a la inoculaci\u00f3n de un tercio de ese rango etario<\/strong>, ya que sobre una poblaci\u00f3n estimada de 300.000 fueron vacunados 99.038, y seg\u00fan los datos de Salud\u00a0<strong>esta semana se inici\u00f3 la aplicaci\u00f3n de segundas dosis de Pfizer a los de 16 y 17 a\u00f1os, a la vez se aplicaban las primeras dosis a los de 13 y 14 en Santa Fe, Rosario, Reconquista, Venado Tuerto y Rafaela<\/strong>.<\/p>\n<p>El secretario de Salud, Jorge Prieto, explic\u00f3 que\u00a0<strong>\u00abla dificultad que presenta la vacuna Pfizer es la log\u00edstica\u00bb hacia localidades peque\u00f1as<\/strong>, ya que requiere una temperatura de 80 grados bajo cero para su conservaci\u00f3n.<\/p>\n<div class=\"auth\">Mendoza<\/div>\n<p>La ministra de Salud, Desarrollo Social y Deportes de la provincia, Ana Mar\u00eda Nadal, explic\u00f3 que hab\u00eda \u00ab<strong>una inscripci\u00f3n muy importante en el grupo de entre 12 y 17 a\u00f1os<\/strong>, con 102.000 adolescentes inscriptos, en la que nos quedan solo 18.000 por vacunar\u00bb y destac\u00f3 que \u00ab<strong>en los menores de tres a 11 a\u00f1os estamos arriba de los 2.000 ni\u00f1os con comorbilidades<\/strong>&#8211; y veremos despu\u00e9s de hacer una apertura para llegar masivamente a todos\u00bb.<\/p>\n<p>\u00ab<strong>La campa\u00f1a de vacunaci\u00f3n viene muy bien<\/strong>, ya que\u00a0<strong>si tomamos en cuenta toda la poblaci\u00f3n ya estamos en el 50% de los mendocinos vacunados, un porcentaje que aumenta tomando a mayores<\/strong>. Por ejemplo mayores de 50 ya estamos en casi un 90% con esquema completo; y un 70% de mayores de 18&#8243;, a\u00f1adi\u00f3.<\/p>\n<p>Nadal apunt\u00f3 que \u00abestamos en un momento de decrecimiento de la pandemia, es decir que la pandemia no crece. Estamos por debajo de una posibilidad del 1% con lo cual se considera ya que la pandemia est\u00e1 controlada\u00bb.<\/p>\n<p>\u00abEsta es una situaci\u00f3n actual pero no sabemos lo que va a pasar. Hay poca circulaci\u00f3n y pocos casos de variante Delta y los casos en curso est\u00e1n abordados epidemiol\u00f3gicamente, as\u00ed que podemos decir que estamos en un momento de control de la pandemia\u00bb, asegur\u00f3.<\/p>\n<p>La farmac\u00e9utica y docente sostuvo que \u00abel coronavirus va a pasar de ser una pandemia a una endemia, as\u00ed que la vamos a tener presente todos los a\u00f1os y vamos a tener que vacunarnos el a\u00f1o que viene, y en los sucesivos como es en el caso de la gripe\u00bb.<\/p>\n<div class=\"auth\">C\u00f3rdoba<\/div>\n<p>La campa\u00f1a de vacunaci\u00f3n pedi\u00e1trica\u00a0<strong>lleg\u00f3 con primera dosis a 84.047 ni\u00f1os sobre unos 520.000 susceptibles de vacunarse<\/strong>, mientras entre los adolescentes hab\u00eda 113.946 los vacunados con una dosis y 22.415 con el esquema completo.<\/p>\n<p>El ministro de Salud provincial, Diego Cardozo, inst\u00f3 hoy a los padres a que tengan \u00abseguridad y confianza\u00bb en que las vacunas pedi\u00e1tricas \u00abno generan efectos adversos en el desarrollo y crecimiento de nuestros ni\u00f1os y es la misma que se coloca a las mujeres embarazadas\u00bb.<\/p>\n<p>Y, dijo que la dosis para los ni\u00f1os \u00abson est\u00e1ndar en el mundo, es decir que es la misma que se usa para adultos y pedi\u00e1tricos\u00bb y afirm\u00f3 tambi\u00e9n que \u00abno tiene contraindicaciones para aplicar de manera conjunta con las vacunas del calendario obligatorio nacional\u00bb.<\/p>\n<div class=\"auth\">Salta<\/div>\n<p>Seg\u00fan el programa de Inmunizaciones del Ministerio de Salud P\u00fablica provincial, 17.457 ni\u00f1os fueron inmunizados en hospitales y puestos m\u00f3viles, a demanda espont\u00e1nea, y en las escuelas con consentimiento escrito por los padres, y 36.902 adolescentes de entre 12 y 17 a\u00f1os.<\/p>\n<p>El ministro de Salud P\u00fablica, Juan Jos\u00e9 Esteban, aclar\u00f3 que la dosis de Sinopharm demostr\u00f3 no producir efectos adversos y reducir las secuelas que produce la enfermedad, mientras la jefa del programa de Inmunizaciones, Adriana Jure, remarc\u00f3 que \u00abes una vacuna que no tiene contraindicaciones, al tener el virus inactivado. Por eso se insta a los padres, madres o tutores de los ni\u00f1os a que posibiliten la inmunizaci\u00f3n\u00bb, sostuvo la funcionaria.<\/p>\n<div class=\"auth\">Jujuy<\/div>\n<p>El operativo de vacunaci\u00f3n en ni\u00f1os se desarrolla con normalidad y buena afluencia a los vacunatorios fijos y rastrillajes domiciliarios, seg\u00fan fuentes de Salud.<\/p>\n<p>\u00abMuchos padres que vienen a aplicarse segunda dosis llegan con sus hijos menores los cuales tambi\u00e9n reciben la vacuna y se van super contentos\u00bb, dijo hoy a T\u00e9lam Alejandra Cruz, enfermera del Centro Provincial de Adultos Mayores (Cepam), y destac\u00f3 que la mejor campa\u00f1a para la vacunaci\u00f3n es el \u00abboca a boca\u00bb, como \u00abocurre mucho en el caso de los escolares\u00bb.<\/p>\n<p>En las escuelas primarias y secundarias tambi\u00e9n se aplica la vacuna para lo cual \u00ablos padres deben presentar una autorizaci\u00f3n por escrito y en lo posible acompa\u00f1arlos\u00bb, dijo la directora de Salud Escolar del Ministerio de Educaci\u00f3n juje\u00f1o, Susana Galo.<\/p>\n<p>\u00abEn el nivel secundario se vacun\u00f3 hasta la semana pasada a 7.546 alumnos, lo que equivale a la mitad, mientras en el nivel primario hay 500 vacunados debido a que reci\u00e9n hace una semana comenz\u00f3 a vacunarse a esa franja\u00bb, apunt\u00f3 la funcionaria.<\/p>\n<div class=\"auth\">Santiago del Estero<\/div>\n<p>La jefa del Programa de Inmunizaciones, Florencia Coronel, dijo a T\u00e9lam que estaban \u00abtrabajando fuertemente, ya se vacunaron 35.943 ni\u00f1os y ni\u00f1as en toda la provincia con muy buena adherencia y se avanza en la vacunaci\u00f3n en las escuelas y jardines de infantes\u00bb.<\/p>\n<p>En cuanto a los adolescentes, detall\u00f3 que \u00abya se vacunaron 38.000 j\u00f3venes en toda la provincia\u00bb y se \u00abprogram\u00f3 para lunes y martes continuar con turnos asignados para este grupo de edad en La Banda y en el resto de los departamentos de la provincia\u00bb, mientras \u00abse contin\u00faa trabajando en completar esquema con segundas dosis en toda la provincia\u00bb.<\/p>\n<p>\u00abLa vacunaci\u00f3n tiene un gran impacto, por eso es importante que se vacunen y as\u00ed evitar que la tercera ola, si llega, no sea tan complicada como en otros lugares\u00bb, reflexion\u00f3.<\/p>\n<div class=\"auth\">Chubut<\/div>\n<p>Desde esta provincia, el ministro de Salud Fabi\u00e1n Puratich resalt\u00f3 que en la primera semana de vacunaci\u00f3n pedi\u00e1trica fueron vacunados unos 700 ni\u00f1os lo cual\u00a0<strong>\u00abes un buen comienzo pero falta mucho para llegar al objetivo\u00bb<\/strong>\u00a0de 85.006.<\/p>\n<p>Puratich sostuvo que \u00abla concurrencia es muy buena, el nivel de compromiso de los padres tambi\u00e9n y por supuesto el de los vacunadores\u00bb.<\/p>\n<div class=\"auth\">Tierra del Fuego<\/div>\n<p>El territorio ya vacun\u00f3 contra el coronavirus a ni\u00f1os de 10 y 11 a\u00f1os en las escuelas y el viernes comenzar\u00e1 a inmunizar a los de ocho y nueve a\u00f1os, como continuidad de la campa\u00f1a de vacunaci\u00f3n pedi\u00e1trica, que en la provincia se cumple por franjas etarias hasta llegar a los chicos de tres a\u00f1os.<\/p>\n<p>\u00abNos organizamos trabajando en conjunto. Cada ni\u00f1o tiene un horario determinado y acude a la vacunaci\u00f3n de forma ordenada para evitar aglomeraciones. Cada uno con su documento y acompa\u00f1ado por un adulto\u00bb, dijo la ministra de Salud provincial, Judit Di Giglio.<\/p>\n<p>La directora de Promoci\u00f3n de la Salud, Marina Goyogana, confirm\u00f3 que adem\u00e1s de aplicar la Sinopharm se completan los esquemas de otras vacunas previstos en el Calendario Nacional de Vacunaci\u00f3n.<\/p>\n<p>En el caso de los adolescentes, Salud inform\u00f3 que ya fueron inmunizados los de 15, 16 y 17 a\u00f1os y en estos d\u00edas contin\u00faa con los de 14.<\/p>\n<div class=\"auth\">La Pampa<\/div>\n<p>A nivel general, en el territorio pampeano ya fue vacunada el 80% de la poblaci\u00f3n con la primera dosis y tras una semana del lanzamiento de la Campa\u00f1a Nacional de Vacunaci\u00f3n Pedi\u00e1trica en la provincia\u00a0<strong>se logr\u00f3 inmunizar al 10% de la poblaci\u00f3n inscrita<\/strong>.<\/p>\n<p>El subsecretario de Salud, Gustavo Vera, dijo a T\u00e9lam que \u00abla vacunaci\u00f3n en ni\u00f1as y ni\u00f1os de entre tres y 11 a\u00f1os es fundamental m\u00e1s all\u00e1 de que en este grupo etario la mortalidad no es tan alta como en adultos pero es importante tomar conciencia de la importancia de vacunarlos\u00a0<strong>para que no se conviertan en reservorio donde el virus muta<\/strong>\u00ab.<\/p>\n<p>\u00abEs recomendable vacunar a todos los ni\u00f1os y al respecto, esta cuesti\u00f3n ya no tiene discusi\u00f3n ni cient\u00edfica ni epidemiol\u00f3gicamente\u00bb, concluy\u00f3.<\/p>\n<div class=\"auth\">Neuqu\u00e9n<\/div>\n<p>Unos 95.000 ni\u00f1os neuquinos fueron anotados para recibir la primera dosis de la vacuna, inform\u00f3 a esta agencia el director provincial de Atenci\u00f3n Primaria de la Salud, Mat\u00edas Neira, quien se\u00f1al\u00f3 que la poblaci\u00f3n objetivo para esa franja etaria es de 167.000 personas.<\/p>\n<p>\u00abTeniendo en cuenta que\u00a0<a href=\"https:\/\/www.telam.com.ar\/notas\/202110\/571419-vizzotti-vacunacion-pediatrica.html\" target=\"_blank\" rel=\"noopener\">la campa\u00f1a comenz\u00f3 el 12 de octubre a nivel nacional\u00a0<\/a>estamos muy conformes con esa manifestaci\u00f3n de voluntad para vacunarse\u00bb, se\u00f1al\u00f3 Neira y detall\u00f3 que en la provincia\u00a0<strong>\u00abya recibieron la primera dosis 25.978 ni\u00f1os y 34.676 adolescentes\u00bb<\/strong>.<\/p>\n<p>El funcionario asegur\u00f3 que l<strong>as familias tienen que \u00abestar muy confiadas en que es una vacuna que no le va a traer m\u00e1s riesgos\u00bb<\/strong>\u00a0y destac\u00f3 \u00ab<strong>la importancia de la vacunaci\u00f3n en la poblaci\u00f3n pedi\u00e1trica para ir disminuyendo la posibilidad de que el virus circule en la comunidad y que siga mutando\u00bb<\/strong>.<\/p>\n<div class=\"btn_externos\"><\/div>\n<\/div>\n<\/div>\n<\/div>\n<\/div>\n<\/div>\n","protected":false},"excerpt":{"rendered":"<p>Un relevamiento realizado por T\u00e9lam en el interior del pa\u00eds describe los avances del Plan Nacional de Vacunaci\u00f3n Pedi\u00e1trica que, hasta la fecha, contabiliza m\u00e1s de dos millones de adolescentes y alrededor de 750.000 ni\u00f1os de entre tres y 11 a\u00f1os inoculados.<\/p>\n","protected":false},"author":3,"featured_media":0,"comment_status":"closed","ping_status":"closed","sticky":false,"template":"","format":"standard","meta":{"footnotes":""},"categories":[24,30],"tags":[],"class_list":["post-63991","post","type-post","status-publish","format-standard","hentry","category-politica","category-salud"],"yoast_head":"<!-- This site is optimized with the Yoast SEO plugin v25.9 - https:\/\/yoast.com\/wordpress\/plugins\/seo\/ -->\n<title>Crece la vacunaci\u00f3n de ni\u00f1os contra coronavirus y acercan vacunatorios a las escuelas - Noticias Radio Reflejos<\/title>\n<meta name=\"robots\" content=\"index, follow, max-snippet:-1, max-image-preview:large, max-video-preview:-1\" \/>\n<link rel=\"canonical\" href=\"https:\/\/www.noticiasradioreflejos.com.ar\/2021\/crece-la-vacunacion-de-ninos-contra-coronavirus-y-acercan-vacunatorios-a-las-escuelas\/\" \/>\n<meta property=\"og:locale\" content=\"es_ES\" \/>\n<meta property=\"og:type\" content=\"article\" \/>\n<meta property=\"og:title\" content=\"Crece la vacunaci\u00f3n de ni\u00f1os contra coronavirus y acercan vacunatorios a las escuelas - Noticias Radio Reflejos\" \/>\n<meta property=\"og:description\" content=\"Un relevamiento realizado por T\u00e9lam en el interior del pa\u00eds describe los avances del Plan Nacional de Vacunaci\u00f3n Pedi\u00e1trica que, hasta la fecha, contabiliza m\u00e1s de dos millones de adolescentes y alrededor de 750.000 ni\u00f1os de entre tres y 11 a\u00f1os inoculados.\" \/>\n<meta property=\"og:url\" content=\"https:\/\/www.noticiasradioreflejos.com.ar\/2021\/crece-la-vacunacion-de-ninos-contra-coronavirus-y-acercan-vacunatorios-a-las-escuelas\/\" \/>\n<meta property=\"og:site_name\" content=\"Noticias Radio Reflejos\" \/>\n<meta property=\"article:published_time\" content=\"2021-10-21T13:07:18+00:00\" \/>\n<meta property=\"article:modified_time\" content=\"2021-10-21T13:11:05+00:00\" \/>\n<meta property=\"og:image\" content=\"https:\/\/www.telam.com.ar\/advf\/imagenes\/2021\/10\/6166ff5819c1b_1004x566.jpg\" \/>\n<meta name=\"author\" content=\"Arnaldo Botto\" \/>\n<meta name=\"twitter:card\" content=\"summary_large_image\" \/>\n<script type=\"application\/ld+json\" class=\"yoast-schema-graph\">{\"@context\":\"https:\/\/schema.org\",\"@graph\":[{\"@type\":\"WebPage\",\"@id\":\"https:\/\/www.noticiasradioreflejos.com.ar\/2021\/crece-la-vacunacion-de-ninos-contra-coronavirus-y-acercan-vacunatorios-a-las-escuelas\/\",\"url\":\"https:\/\/www.noticiasradioreflejos.com.ar\/2021\/crece-la-vacunacion-de-ninos-contra-coronavirus-y-acercan-vacunatorios-a-las-escuelas\/\",\"name\":\"Crece la vacunaci\u00f3n de ni\u00f1os contra coronavirus y acercan vacunatorios a las escuelas - Noticias Radio Reflejos\",\"isPartOf\":{\"@id\":\"https:\/\/www.noticiasradioreflejos.com.ar\/2021\/#website\"},\"primaryImageOfPage\":{\"@id\":\"https:\/\/www.noticiasradioreflejos.com.ar\/2021\/crece-la-vacunacion-de-ninos-contra-coronavirus-y-acercan-vacunatorios-a-las-escuelas\/#primaryimage\"},\"image\":{\"@id\":\"https:\/\/www.noticiasradioreflejos.com.ar\/2021\/crece-la-vacunacion-de-ninos-contra-coronavirus-y-acercan-vacunatorios-a-las-escuelas\/#primaryimage\"},\"thumbnailUrl\":\"https:\/\/www.telam.com.ar\/advf\/imagenes\/2021\/10\/6166ff5819c1b_1004x566.jpg\",\"datePublished\":\"2021-10-21T13:07:18+00:00\",\"dateModified\":\"2021-10-21T13:11:05+00:00\",\"author\":{\"@id\":\"https:\/\/www.noticiasradioreflejos.com.ar\/2021\/#\/schema\/person\/ad82545263dcc5ec0996818884fd5fb1\"},\"breadcrumb\":{\"@id\":\"https:\/\/www.noticiasradioreflejos.com.ar\/2021\/crece-la-vacunacion-de-ninos-contra-coronavirus-y-acercan-vacunatorios-a-las-escuelas\/#breadcrumb\"},\"inLanguage\":\"es\",\"potentialAction\":[{\"@type\":\"ReadAction\",\"target\":[\"https:\/\/www.noticiasradioreflejos.com.ar\/2021\/crece-la-vacunacion-de-ninos-contra-coronavirus-y-acercan-vacunatorios-a-las-escuelas\/\"]}]},{\"@type\":\"ImageObject\",\"inLanguage\":\"es\",\"@id\":\"https:\/\/www.noticiasradioreflejos.com.ar\/2021\/crece-la-vacunacion-de-ninos-contra-coronavirus-y-acercan-vacunatorios-a-las-escuelas\/#primaryimage\",\"url\":\"https:\/\/www.telam.com.ar\/advf\/imagenes\/2021\/10\/6166ff5819c1b_1004x566.jpg\",\"contentUrl\":\"https:\/\/www.telam.com.ar\/advf\/imagenes\/2021\/10\/6166ff5819c1b_1004x566.jpg\"},{\"@type\":\"BreadcrumbList\",\"@id\":\"https:\/\/www.noticiasradioreflejos.com.ar\/2021\/crece-la-vacunacion-de-ninos-contra-coronavirus-y-acercan-vacunatorios-a-las-escuelas\/#breadcrumb\",\"itemListElement\":[{\"@type\":\"ListItem\",\"position\":1,\"name\":\"Portada\",\"item\":\"https:\/\/www.noticiasradioreflejos.com.ar\/2021\/\"},{\"@type\":\"ListItem\",\"position\":2,\"name\":\"Crece la vacunaci\u00f3n de ni\u00f1os contra coronavirus y acercan vacunatorios a las escuelas\"}]},{\"@type\":\"WebSite\",\"@id\":\"https:\/\/www.noticiasradioreflejos.com.ar\/2021\/#website\",\"url\":\"https:\/\/www.noticiasradioreflejos.com.ar\/2021\/\",\"name\":\"Noticias Radio Reflejos\",\"description\":\"Las noticias de mi comarca\",\"potentialAction\":[{\"@type\":\"SearchAction\",\"target\":{\"@type\":\"EntryPoint\",\"urlTemplate\":\"https:\/\/www.noticiasradioreflejos.com.ar\/2021\/?s={search_term_string}\"},\"query-input\":{\"@type\":\"PropertyValueSpecification\",\"valueRequired\":true,\"valueName\":\"search_term_string\"}}],\"inLanguage\":\"es\"},{\"@type\":\"Person\",\"@id\":\"https:\/\/www.noticiasradioreflejos.com.ar\/2021\/#\/schema\/person\/ad82545263dcc5ec0996818884fd5fb1\",\"name\":\"Arnaldo Botto\",\"image\":{\"@type\":\"ImageObject\",\"inLanguage\":\"es\",\"@id\":\"https:\/\/www.noticiasradioreflejos.com.ar\/2021\/#\/schema\/person\/image\/\",\"url\":\"https:\/\/secure.gravatar.com\/avatar\/55cb5e37c1efa326397366e6974cb338056df65cb50e7d64d1cf314e87504837?s=96&d=mm&r=g\",\"contentUrl\":\"https:\/\/secure.gravatar.com\/avatar\/55cb5e37c1efa326397366e6974cb338056df65cb50e7d64d1cf314e87504837?s=96&d=mm&r=g\",\"caption\":\"Arnaldo Botto\"},\"url\":\"https:\/\/www.noticiasradioreflejos.com.ar\/2021\/author\/arnaldo\/\"}]}<\/script>\n<!-- \/ Yoast SEO plugin. -->","yoast_head_json":{"title":"Crece la vacunaci\u00f3n de ni\u00f1os contra coronavirus y acercan vacunatorios a las escuelas - Noticias Radio Reflejos","robots":{"index":"index","follow":"follow","max-snippet":"max-snippet:-1","max-image-preview":"max-image-preview:large","max-video-preview":"max-video-preview:-1"},"canonical":"https:\/\/www.noticiasradioreflejos.com.ar\/2021\/crece-la-vacunacion-de-ninos-contra-coronavirus-y-acercan-vacunatorios-a-las-escuelas\/","og_locale":"es_ES","og_type":"article","og_title":"Crece la vacunaci\u00f3n de ni\u00f1os contra coronavirus y acercan vacunatorios a las escuelas - Noticias Radio Reflejos","og_description":"Un relevamiento realizado por T\u00e9lam en el interior del pa\u00eds describe los avances del Plan Nacional de Vacunaci\u00f3n Pedi\u00e1trica que, hasta la fecha, contabiliza m\u00e1s de dos millones de adolescentes y alrededor de 750.000 ni\u00f1os de entre tres y 11 a\u00f1os inoculados.","og_url":"https:\/\/www.noticiasradioreflejos.com.ar\/2021\/crece-la-vacunacion-de-ninos-contra-coronavirus-y-acercan-vacunatorios-a-las-escuelas\/","og_site_name":"Noticias Radio Reflejos","article_published_time":"2021-10-21T13:07:18+00:00","article_modified_time":"2021-10-21T13:11:05+00:00","og_image":[{"url":"https:\/\/www.telam.com.ar\/advf\/imagenes\/2021\/10\/6166ff5819c1b_1004x566.jpg","type":"","width":"","height":""}],"author":"Arnaldo Botto","twitter_card":"summary_large_image","schema":{"@context":"https:\/\/schema.org","@graph":[{"@type":"WebPage","@id":"https:\/\/www.noticiasradioreflejos.com.ar\/2021\/crece-la-vacunacion-de-ninos-contra-coronavirus-y-acercan-vacunatorios-a-las-escuelas\/","url":"https:\/\/www.noticiasradioreflejos.com.ar\/2021\/crece-la-vacunacion-de-ninos-contra-coronavirus-y-acercan-vacunatorios-a-las-escuelas\/","name":"Crece la vacunaci\u00f3n de ni\u00f1os contra coronavirus y acercan vacunatorios a las escuelas - Noticias Radio Reflejos","isPartOf":{"@id":"https:\/\/www.noticiasradioreflejos.com.ar\/2021\/#website"},"primaryImageOfPage":{"@id":"https:\/\/www.noticiasradioreflejos.com.ar\/2021\/crece-la-vacunacion-de-ninos-contra-coronavirus-y-acercan-vacunatorios-a-las-escuelas\/#primaryimage"},"image":{"@id":"https:\/\/www.noticiasradioreflejos.com.ar\/2021\/crece-la-vacunacion-de-ninos-contra-coronavirus-y-acercan-vacunatorios-a-las-escuelas\/#primaryimage"},"thumbnailUrl":"https:\/\/www.telam.com.ar\/advf\/imagenes\/2021\/10\/6166ff5819c1b_1004x566.jpg","datePublished":"2021-10-21T13:07:18+00:00","dateModified":"2021-10-21T13:11:05+00:00","author":{"@id":"https:\/\/www.noticiasradioreflejos.com.ar\/2021\/#\/schema\/person\/ad82545263dcc5ec0996818884fd5fb1"},"breadcrumb":{"@id":"https:\/\/www.noticiasradioreflejos.com.ar\/2021\/crece-la-vacunacion-de-ninos-contra-coronavirus-y-acercan-vacunatorios-a-las-escuelas\/#breadcrumb"},"inLanguage":"es","potentialAction":[{"@type":"ReadAction","target":["https:\/\/www.noticiasradioreflejos.com.ar\/2021\/crece-la-vacunacion-de-ninos-contra-coronavirus-y-acercan-vacunatorios-a-las-escuelas\/"]}]},{"@type":"ImageObject","inLanguage":"es","@id":"https:\/\/www.noticiasradioreflejos.com.ar\/2021\/crece-la-vacunacion-de-ninos-contra-coronavirus-y-acercan-vacunatorios-a-las-escuelas\/#primaryimage","url":"https:\/\/www.telam.com.ar\/advf\/imagenes\/2021\/10\/6166ff5819c1b_1004x566.jpg","contentUrl":"https:\/\/www.telam.com.ar\/advf\/imagenes\/2021\/10\/6166ff5819c1b_1004x566.jpg"},{"@type":"BreadcrumbList","@id":"https:\/\/www.noticiasradioreflejos.com.ar\/2021\/crece-la-vacunacion-de-ninos-contra-coronavirus-y-acercan-vacunatorios-a-las-escuelas\/#breadcrumb","itemListElement":[{"@type":"ListItem","position":1,"name":"Portada","item":"https:\/\/www.noticiasradioreflejos.com.ar\/2021\/"},{"@type":"ListItem","position":2,"name":"Crece la vacunaci\u00f3n de ni\u00f1os contra coronavirus y acercan vacunatorios a las escuelas"}]},{"@type":"WebSite","@id":"https:\/\/www.noticiasradioreflejos.com.ar\/2021\/#website","url":"https:\/\/www.noticiasradioreflejos.com.ar\/2021\/","name":"Noticias Radio Reflejos","description":"Las noticias de mi comarca","potentialAction":[{"@type":"SearchAction","target":{"@type":"EntryPoint","urlTemplate":"https:\/\/www.noticiasradioreflejos.com.ar\/2021\/?s={search_term_string}"},"query-input":{"@type":"PropertyValueSpecification","valueRequired":true,"valueName":"search_term_string"}}],"inLanguage":"es"},{"@type":"Person","@id":"https:\/\/www.noticiasradioreflejos.com.ar\/2021\/#\/schema\/person\/ad82545263dcc5ec0996818884fd5fb1","name":"Arnaldo Botto","image":{"@type":"ImageObject","inLanguage":"es","@id":"https:\/\/www.noticiasradioreflejos.com.ar\/2021\/#\/schema\/person\/image\/","url":"https:\/\/secure.gravatar.com\/avatar\/55cb5e37c1efa326397366e6974cb338056df65cb50e7d64d1cf314e87504837?s=96&d=mm&r=g","contentUrl":"https:\/\/secure.gravatar.com\/avatar\/55cb5e37c1efa326397366e6974cb338056df65cb50e7d64d1cf314e87504837?s=96&d=mm&r=g","caption":"Arnaldo Botto"},"url":"https:\/\/www.noticiasradioreflejos.com.ar\/2021\/author\/arnaldo\/"}]}},"_links":{"self":[{"href":"https:\/\/www.noticiasradioreflejos.com.ar\/2021\/wp-json\/wp\/v2\/posts\/63991","targetHints":{"allow":["GET"]}}],"collection":[{"href":"https:\/\/www.noticiasradioreflejos.com.ar\/2021\/wp-json\/wp\/v2\/posts"}],"about":[{"href":"https:\/\/www.noticiasradioreflejos.com.ar\/2021\/wp-json\/wp\/v2\/types\/post"}],"author":[{"embeddable":true,"href":"https:\/\/www.noticiasradioreflejos.com.ar\/2021\/wp-json\/wp\/v2\/users\/3"}],"replies":[{"embeddable":true,"href":"https:\/\/www.noticiasradioreflejos.com.ar\/2021\/wp-json\/wp\/v2\/comments?post=63991"}],"version-history":[{"count":2,"href":"https:\/\/www.noticiasradioreflejos.com.ar\/2021\/wp-json\/wp\/v2\/posts\/63991\/revisions"}],"predecessor-version":[{"id":63995,"href":"https:\/\/www.noticiasradioreflejos.com.ar\/2021\/wp-json\/wp\/v2\/posts\/63991\/revisions\/63995"}],"wp:attachment":[{"href":"https:\/\/www.noticiasradioreflejos.com.ar\/2021\/wp-json\/wp\/v2\/media?parent=63991"}],"wp:term":[{"taxonomy":"category","embeddable":true,"href":"https:\/\/www.noticiasradioreflejos.com.ar\/2021\/wp-json\/wp\/v2\/categories?post=63991"},{"taxonomy":"post_tag","embeddable":true,"href":"https:\/\/www.noticiasradioreflejos.com.ar\/2021\/wp-json\/wp\/v2\/tags?post=63991"}],"curies":[{"name":"wp","href":"https:\/\/api.w.org\/{rel}","templated":true}]}}