{"id":63978,"date":"2021-10-20T22:49:22","date_gmt":"2021-10-20T22:49:22","guid":{"rendered":"http:\/\/www.noticiasradioreflejos.com.ar\/2021\/?p=63978"},"modified":"2021-10-20T22:49:43","modified_gmt":"2021-10-20T22:49:43","slug":"mirador-los-ojos-del-paisaje-un-proyecto-educativo-con-gran-futuro-para-el-turismo-rural-en-la-comarca","status":"publish","type":"post","link":"https:\/\/www.noticiasradioreflejos.com.ar\/2021\/mirador-los-ojos-del-paisaje-un-proyecto-educativo-con-gran-futuro-para-el-turismo-rural-en-la-comarca\/","title":{"rendered":"\u00abMirador, los ojos del paisaje\u00bb: Un proyecto educativo con gran futuro para el turismo rural en la comarca."},"content":{"rendered":"<p>Ideado y presentado dos alumnas de la Escuela Agropecuaria de Tornquist,\u00a0 recibi\u00f3 el reconocimiento para llegar a la instancia nacional de las Olimpiadas Agropecuarias. Esta ma\u00f1ana, conversamos con Claudia Fernandez, directora de la instituci\u00f3n y con Laura Araya, una de las alumnas involucradas en el proyecto.<!--more--><\/p>\n<p>\u00abLa verdad que estamos super contentos y orgullosos de nuestras alumnas, de tan lindo proyecto que han logrado armar, han trabajado mucho. Que hayan recibido este reconocimiento y poder seguir participando de las Olimpiadas Agropecuarias y haber pasado a la instancia Nacional\u00bb expres\u00f3 Claudia en relaci\u00f3n a las alumnas que ganaron la instancia Jurisdiccional.<\/p>\n<p>La directora explic\u00f3 que el proyecto viene trabaj\u00e1ndose desde principio de a\u00f1o. \u00abCuando se nos presenta la posibilidad de participar de las Olimpiadas Agropecuarias, se hizo una evaluaci\u00f3n institucional de todos los proyectos que hab\u00eda en s\u00e9ptimo a\u00f1o y el de las chicas result\u00f3 seleccionado\u00bb coment\u00f3 Claudia. Agreg\u00f3 que la evaluaci\u00f3n se realiz\u00f3 entre docentes, alumnos, el supervisor y la directora.<\/p>\n<p><a title=\"WhatsApp Image 2021-10-20 at 10.34.36\" href=\"https:\/\/www.flickr.com\/photos\/182279889@N02\/51612045496\/in\/dateposted-public\/\" data-flickr-embed=\"true\"><img loading=\"lazy\" decoding=\"async\" src=\"https:\/\/live.staticflickr.com\/65535\/51612045496_5d384dcb67_z.jpg\" alt=\"WhatsApp Image 2021-10-20 at 10.34.36\" width=\"640\" height=\"360\" \/><\/a><script async src=\"\/\/embedr.flickr.com\/assets\/client-code.js\" charset=\"utf-8\"><\/script><\/p>\n<p>Tambi\u00e9n aprovechamos para conversar con Laura, una de las due\u00f1as del proyecto \u00abMirador, los ojos del paisaje\u00bb. \u00abNosotras ten\u00edamos la idea de hacer un mirador en el campo de la escuela porque est\u00e1 ubicado en una linda parte de Villa Ventana, con buena vista a los cerros y al paisaje. La idea era abrirlo a la comunidad para que la escuela tenga otro ingreso y abrir la escuela al turismo\u00bb explic\u00f3 la alumna.<\/p>\n<p>Laura explic\u00f3 que trabajaron en conjunto con alumnos de 4to a\u00f1o de la Escuela T\u00e9cnica de Tornquist para hacer un boceto y un plano de lo que ser\u00eda el mirador. \u00abLa idea es que sea de madera, en una parte alta de la escuela. Tambi\u00e9n tenemos pensado incorporar los binoculares fijos\u00bb.<\/p>\n<p>La alumna coment\u00f3 que estuvieron contact\u00e1ndose con la Secretar\u00eda de Turismo de Tornquist para conseguir el financiamiento del proyecto. Coment\u00f3 que recibieron respuestas y que, desde el \u00e1rea, est\u00e1n interesados en el proyecto.<\/p>\n<p>\u00abLas chicas se ve que tienen un amor muy grande por este proyecto, y eso transmitieron hoy, por eso llegaron a donde llegaron. Calculamos que para el 13 de Noviembre las chicas ya hayan rendido y obtengamos respuestas\u00bb mencion\u00f3 la directora haciendo referencia a sus alumnas.<\/p>\n<p><span style=\"color: #008000;\"><em>Nota completa a continuaci\u00f3n:<\/em><\/span><br \/>\n<iframe loading=\"lazy\" src=\"https:\/\/w.soundcloud.com\/player\/?url=https%3A\/\/api.soundcloud.com\/tracks\/1144942009&amp;color=%23ff5500&amp;auto_play=false&amp;hide_related=false&amp;show_comments=true&amp;show_user=true&amp;show_reposts=false&amp;show_teaser=true\" width=\"100%\" height=\"166\" frameborder=\"no\" scrolling=\"no\"><\/iframe><\/p>\n<div style=\"font-size: 10px; color: #cccccc; line-break: anywhere; word-break: normal; overflow: hidden; white-space: nowrap; text-overflow: ellipsis; font-family: Interstate,Lucida Grande,Lucida Sans Unicode,Lucida Sans,Garuda,Verdana,Tahoma,sans-serif; font-weight: 100;\"><a style=\"color: #cccccc; text-decoration: none;\" title=\"fmreflejos 103.7\" href=\"https:\/\/soundcloud.com\/fmreflejos-103-7\" target=\"_blank\" rel=\"noopener\">fmreflejos 103.7<\/a> \u00b7 <a style=\"color: #cccccc; text-decoration: none;\" title=\"Claudia Fernandez\" href=\"https:\/\/soundcloud.com\/fmreflejos-103-7\/claudia-fernandez-1\" target=\"_blank\" rel=\"noopener\">Claudia Fernandez<\/a><\/div>\n<div><\/div>\n<div><a href=\"http:\/\/www.noticiasradioreflejos.com.ar\/2021\/wp-content\/uploads\/2021\/10\/Proyecto-Mirador.pptx\">Proyecto Mirador<\/a><\/div>\n<div><\/div>\n<div><\/div>\n<div><\/div>\n","protected":false},"excerpt":{"rendered":"<p>Ideado y presentado dos alumnas de la Escuela Agropecuaria de Tornquist,\u00a0 recibi\u00f3 el reconocimiento para llegar a la instancia nacional de las Olimpiadas Agropecuarias. Esta ma\u00f1ana, conversamos con Claudia Fernandez, directora de la instituci\u00f3n y con Laura Araya, una de las alumnas involucradas en el proyecto.<\/p>\n","protected":false},"author":3,"featured_media":0,"comment_status":"closed","ping_status":"closed","sticky":false,"template":"","format":"standard","meta":{"footnotes":""},"categories":[34],"tags":[48],"class_list":["post-63978","post","type-post","status-publish","format-standard","hentry","category-educacion","tag-destacada"],"yoast_head":"<!-- This site is optimized with the Yoast SEO plugin v25.9 - https:\/\/yoast.com\/wordpress\/plugins\/seo\/ -->\n<title>&quot;Mirador, los ojos del paisaje&quot;: Un proyecto educativo con gran futuro para el turismo rural en la comarca. - Noticias Radio Reflejos<\/title>\n<meta name=\"robots\" content=\"index, follow, max-snippet:-1, max-image-preview:large, max-video-preview:-1\" \/>\n<link rel=\"canonical\" href=\"https:\/\/www.noticiasradioreflejos.com.ar\/2021\/mirador-los-ojos-del-paisaje-un-proyecto-educativo-con-gran-futuro-para-el-turismo-rural-en-la-comarca\/\" \/>\n<meta property=\"og:locale\" content=\"es_ES\" \/>\n<meta property=\"og:type\" content=\"article\" \/>\n<meta property=\"og:title\" content=\"&quot;Mirador, los ojos del paisaje&quot;: Un proyecto educativo con gran futuro para el turismo rural en la comarca. - Noticias Radio Reflejos\" \/>\n<meta property=\"og:description\" content=\"Ideado y presentado dos alumnas de la Escuela Agropecuaria de Tornquist,\u00a0 recibi\u00f3 el reconocimiento para llegar a la instancia nacional de las Olimpiadas Agropecuarias. Esta ma\u00f1ana, conversamos con Claudia Fernandez, directora de la instituci\u00f3n y con Laura Araya, una de las alumnas involucradas en el proyecto.\" \/>\n<meta property=\"og:url\" content=\"https:\/\/www.noticiasradioreflejos.com.ar\/2021\/mirador-los-ojos-del-paisaje-un-proyecto-educativo-con-gran-futuro-para-el-turismo-rural-en-la-comarca\/\" \/>\n<meta property=\"og:site_name\" content=\"Noticias Radio Reflejos\" \/>\n<meta property=\"article:published_time\" content=\"2021-10-20T22:49:22+00:00\" \/>\n<meta property=\"article:modified_time\" content=\"2021-10-20T22:49:43+00:00\" \/>\n<meta property=\"og:image\" content=\"https:\/\/live.staticflickr.com\/65535\/51612045496_5d384dcb67_z.jpg\" \/>\n<meta name=\"author\" content=\"Arnaldo Botto\" \/>\n<meta name=\"twitter:card\" content=\"summary_large_image\" \/>\n<script type=\"application\/ld+json\" class=\"yoast-schema-graph\">{\"@context\":\"https:\/\/schema.org\",\"@graph\":[{\"@type\":\"WebPage\",\"@id\":\"https:\/\/www.noticiasradioreflejos.com.ar\/2021\/mirador-los-ojos-del-paisaje-un-proyecto-educativo-con-gran-futuro-para-el-turismo-rural-en-la-comarca\/\",\"url\":\"https:\/\/www.noticiasradioreflejos.com.ar\/2021\/mirador-los-ojos-del-paisaje-un-proyecto-educativo-con-gran-futuro-para-el-turismo-rural-en-la-comarca\/\",\"name\":\"\\\"Mirador, los ojos del paisaje\\\": Un proyecto educativo con gran futuro para el turismo rural en la comarca. - Noticias Radio Reflejos\",\"isPartOf\":{\"@id\":\"https:\/\/www.noticiasradioreflejos.com.ar\/2021\/#website\"},\"primaryImageOfPage\":{\"@id\":\"https:\/\/www.noticiasradioreflejos.com.ar\/2021\/mirador-los-ojos-del-paisaje-un-proyecto-educativo-con-gran-futuro-para-el-turismo-rural-en-la-comarca\/#primaryimage\"},\"image\":{\"@id\":\"https:\/\/www.noticiasradioreflejos.com.ar\/2021\/mirador-los-ojos-del-paisaje-un-proyecto-educativo-con-gran-futuro-para-el-turismo-rural-en-la-comarca\/#primaryimage\"},\"thumbnailUrl\":\"https:\/\/live.staticflickr.com\/65535\/51612045496_5d384dcb67_z.jpg\",\"datePublished\":\"2021-10-20T22:49:22+00:00\",\"dateModified\":\"2021-10-20T22:49:43+00:00\",\"author\":{\"@id\":\"https:\/\/www.noticiasradioreflejos.com.ar\/2021\/#\/schema\/person\/ad82545263dcc5ec0996818884fd5fb1\"},\"breadcrumb\":{\"@id\":\"https:\/\/www.noticiasradioreflejos.com.ar\/2021\/mirador-los-ojos-del-paisaje-un-proyecto-educativo-con-gran-futuro-para-el-turismo-rural-en-la-comarca\/#breadcrumb\"},\"inLanguage\":\"es\",\"potentialAction\":[{\"@type\":\"ReadAction\",\"target\":[\"https:\/\/www.noticiasradioreflejos.com.ar\/2021\/mirador-los-ojos-del-paisaje-un-proyecto-educativo-con-gran-futuro-para-el-turismo-rural-en-la-comarca\/\"]}]},{\"@type\":\"ImageObject\",\"inLanguage\":\"es\",\"@id\":\"https:\/\/www.noticiasradioreflejos.com.ar\/2021\/mirador-los-ojos-del-paisaje-un-proyecto-educativo-con-gran-futuro-para-el-turismo-rural-en-la-comarca\/#primaryimage\",\"url\":\"https:\/\/live.staticflickr.com\/65535\/51612045496_5d384dcb67_z.jpg\",\"contentUrl\":\"https:\/\/live.staticflickr.com\/65535\/51612045496_5d384dcb67_z.jpg\"},{\"@type\":\"BreadcrumbList\",\"@id\":\"https:\/\/www.noticiasradioreflejos.com.ar\/2021\/mirador-los-ojos-del-paisaje-un-proyecto-educativo-con-gran-futuro-para-el-turismo-rural-en-la-comarca\/#breadcrumb\",\"itemListElement\":[{\"@type\":\"ListItem\",\"position\":1,\"name\":\"Portada\",\"item\":\"https:\/\/www.noticiasradioreflejos.com.ar\/2021\/\"},{\"@type\":\"ListItem\",\"position\":2,\"name\":\"\u00abMirador, los ojos del paisaje\u00bb: Un proyecto educativo con gran futuro para el turismo rural en la comarca.\"}]},{\"@type\":\"WebSite\",\"@id\":\"https:\/\/www.noticiasradioreflejos.com.ar\/2021\/#website\",\"url\":\"https:\/\/www.noticiasradioreflejos.com.ar\/2021\/\",\"name\":\"Noticias Radio Reflejos\",\"description\":\"Las noticias de mi comarca\",\"potentialAction\":[{\"@type\":\"SearchAction\",\"target\":{\"@type\":\"EntryPoint\",\"urlTemplate\":\"https:\/\/www.noticiasradioreflejos.com.ar\/2021\/?s={search_term_string}\"},\"query-input\":{\"@type\":\"PropertyValueSpecification\",\"valueRequired\":true,\"valueName\":\"search_term_string\"}}],\"inLanguage\":\"es\"},{\"@type\":\"Person\",\"@id\":\"https:\/\/www.noticiasradioreflejos.com.ar\/2021\/#\/schema\/person\/ad82545263dcc5ec0996818884fd5fb1\",\"name\":\"Arnaldo Botto\",\"image\":{\"@type\":\"ImageObject\",\"inLanguage\":\"es\",\"@id\":\"https:\/\/www.noticiasradioreflejos.com.ar\/2021\/#\/schema\/person\/image\/\",\"url\":\"https:\/\/secure.gravatar.com\/avatar\/55cb5e37c1efa326397366e6974cb338056df65cb50e7d64d1cf314e87504837?s=96&d=mm&r=g\",\"contentUrl\":\"https:\/\/secure.gravatar.com\/avatar\/55cb5e37c1efa326397366e6974cb338056df65cb50e7d64d1cf314e87504837?s=96&d=mm&r=g\",\"caption\":\"Arnaldo Botto\"},\"url\":\"https:\/\/www.noticiasradioreflejos.com.ar\/2021\/author\/arnaldo\/\"}]}<\/script>\n<!-- \/ Yoast SEO plugin. -->","yoast_head_json":{"title":"\"Mirador, los ojos del paisaje\": Un proyecto educativo con gran futuro para el turismo rural en la comarca. - Noticias Radio Reflejos","robots":{"index":"index","follow":"follow","max-snippet":"max-snippet:-1","max-image-preview":"max-image-preview:large","max-video-preview":"max-video-preview:-1"},"canonical":"https:\/\/www.noticiasradioreflejos.com.ar\/2021\/mirador-los-ojos-del-paisaje-un-proyecto-educativo-con-gran-futuro-para-el-turismo-rural-en-la-comarca\/","og_locale":"es_ES","og_type":"article","og_title":"\"Mirador, los ojos del paisaje\": Un proyecto educativo con gran futuro para el turismo rural en la comarca. - Noticias Radio Reflejos","og_description":"Ideado y presentado dos alumnas de la Escuela Agropecuaria de Tornquist,\u00a0 recibi\u00f3 el reconocimiento para llegar a la instancia nacional de las Olimpiadas Agropecuarias. Esta ma\u00f1ana, conversamos con Claudia Fernandez, directora de la instituci\u00f3n y con Laura Araya, una de las alumnas involucradas en el proyecto.","og_url":"https:\/\/www.noticiasradioreflejos.com.ar\/2021\/mirador-los-ojos-del-paisaje-un-proyecto-educativo-con-gran-futuro-para-el-turismo-rural-en-la-comarca\/","og_site_name":"Noticias Radio Reflejos","article_published_time":"2021-10-20T22:49:22+00:00","article_modified_time":"2021-10-20T22:49:43+00:00","og_image":[{"url":"https:\/\/live.staticflickr.com\/65535\/51612045496_5d384dcb67_z.jpg","type":"","width":"","height":""}],"author":"Arnaldo Botto","twitter_card":"summary_large_image","schema":{"@context":"https:\/\/schema.org","@graph":[{"@type":"WebPage","@id":"https:\/\/www.noticiasradioreflejos.com.ar\/2021\/mirador-los-ojos-del-paisaje-un-proyecto-educativo-con-gran-futuro-para-el-turismo-rural-en-la-comarca\/","url":"https:\/\/www.noticiasradioreflejos.com.ar\/2021\/mirador-los-ojos-del-paisaje-un-proyecto-educativo-con-gran-futuro-para-el-turismo-rural-en-la-comarca\/","name":"\"Mirador, los ojos del paisaje\": Un proyecto educativo con gran futuro para el turismo rural en la comarca. - Noticias Radio Reflejos","isPartOf":{"@id":"https:\/\/www.noticiasradioreflejos.com.ar\/2021\/#website"},"primaryImageOfPage":{"@id":"https:\/\/www.noticiasradioreflejos.com.ar\/2021\/mirador-los-ojos-del-paisaje-un-proyecto-educativo-con-gran-futuro-para-el-turismo-rural-en-la-comarca\/#primaryimage"},"image":{"@id":"https:\/\/www.noticiasradioreflejos.com.ar\/2021\/mirador-los-ojos-del-paisaje-un-proyecto-educativo-con-gran-futuro-para-el-turismo-rural-en-la-comarca\/#primaryimage"},"thumbnailUrl":"https:\/\/live.staticflickr.com\/65535\/51612045496_5d384dcb67_z.jpg","datePublished":"2021-10-20T22:49:22+00:00","dateModified":"2021-10-20T22:49:43+00:00","author":{"@id":"https:\/\/www.noticiasradioreflejos.com.ar\/2021\/#\/schema\/person\/ad82545263dcc5ec0996818884fd5fb1"},"breadcrumb":{"@id":"https:\/\/www.noticiasradioreflejos.com.ar\/2021\/mirador-los-ojos-del-paisaje-un-proyecto-educativo-con-gran-futuro-para-el-turismo-rural-en-la-comarca\/#breadcrumb"},"inLanguage":"es","potentialAction":[{"@type":"ReadAction","target":["https:\/\/www.noticiasradioreflejos.com.ar\/2021\/mirador-los-ojos-del-paisaje-un-proyecto-educativo-con-gran-futuro-para-el-turismo-rural-en-la-comarca\/"]}]},{"@type":"ImageObject","inLanguage":"es","@id":"https:\/\/www.noticiasradioreflejos.com.ar\/2021\/mirador-los-ojos-del-paisaje-un-proyecto-educativo-con-gran-futuro-para-el-turismo-rural-en-la-comarca\/#primaryimage","url":"https:\/\/live.staticflickr.com\/65535\/51612045496_5d384dcb67_z.jpg","contentUrl":"https:\/\/live.staticflickr.com\/65535\/51612045496_5d384dcb67_z.jpg"},{"@type":"BreadcrumbList","@id":"https:\/\/www.noticiasradioreflejos.com.ar\/2021\/mirador-los-ojos-del-paisaje-un-proyecto-educativo-con-gran-futuro-para-el-turismo-rural-en-la-comarca\/#breadcrumb","itemListElement":[{"@type":"ListItem","position":1,"name":"Portada","item":"https:\/\/www.noticiasradioreflejos.com.ar\/2021\/"},{"@type":"ListItem","position":2,"name":"\u00abMirador, los ojos del paisaje\u00bb: Un proyecto educativo con gran futuro para el turismo rural en la comarca."}]},{"@type":"WebSite","@id":"https:\/\/www.noticiasradioreflejos.com.ar\/2021\/#website","url":"https:\/\/www.noticiasradioreflejos.com.ar\/2021\/","name":"Noticias Radio Reflejos","description":"Las noticias de mi comarca","potentialAction":[{"@type":"SearchAction","target":{"@type":"EntryPoint","urlTemplate":"https:\/\/www.noticiasradioreflejos.com.ar\/2021\/?s={search_term_string}"},"query-input":{"@type":"PropertyValueSpecification","valueRequired":true,"valueName":"search_term_string"}}],"inLanguage":"es"},{"@type":"Person","@id":"https:\/\/www.noticiasradioreflejos.com.ar\/2021\/#\/schema\/person\/ad82545263dcc5ec0996818884fd5fb1","name":"Arnaldo Botto","image":{"@type":"ImageObject","inLanguage":"es","@id":"https:\/\/www.noticiasradioreflejos.com.ar\/2021\/#\/schema\/person\/image\/","url":"https:\/\/secure.gravatar.com\/avatar\/55cb5e37c1efa326397366e6974cb338056df65cb50e7d64d1cf314e87504837?s=96&d=mm&r=g","contentUrl":"https:\/\/secure.gravatar.com\/avatar\/55cb5e37c1efa326397366e6974cb338056df65cb50e7d64d1cf314e87504837?s=96&d=mm&r=g","caption":"Arnaldo Botto"},"url":"https:\/\/www.noticiasradioreflejos.com.ar\/2021\/author\/arnaldo\/"}]}},"_links":{"self":[{"href":"https:\/\/www.noticiasradioreflejos.com.ar\/2021\/wp-json\/wp\/v2\/posts\/63978","targetHints":{"allow":["GET"]}}],"collection":[{"href":"https:\/\/www.noticiasradioreflejos.com.ar\/2021\/wp-json\/wp\/v2\/posts"}],"about":[{"href":"https:\/\/www.noticiasradioreflejos.com.ar\/2021\/wp-json\/wp\/v2\/types\/post"}],"author":[{"embeddable":true,"href":"https:\/\/www.noticiasradioreflejos.com.ar\/2021\/wp-json\/wp\/v2\/users\/3"}],"replies":[{"embeddable":true,"href":"https:\/\/www.noticiasradioreflejos.com.ar\/2021\/wp-json\/wp\/v2\/comments?post=63978"}],"version-history":[{"count":4,"href":"https:\/\/www.noticiasradioreflejos.com.ar\/2021\/wp-json\/wp\/v2\/posts\/63978\/revisions"}],"predecessor-version":[{"id":63986,"href":"https:\/\/www.noticiasradioreflejos.com.ar\/2021\/wp-json\/wp\/v2\/posts\/63978\/revisions\/63986"}],"wp:attachment":[{"href":"https:\/\/www.noticiasradioreflejos.com.ar\/2021\/wp-json\/wp\/v2\/media?parent=63978"}],"wp:term":[{"taxonomy":"category","embeddable":true,"href":"https:\/\/www.noticiasradioreflejos.com.ar\/2021\/wp-json\/wp\/v2\/categories?post=63978"},{"taxonomy":"post_tag","embeddable":true,"href":"https:\/\/www.noticiasradioreflejos.com.ar\/2021\/wp-json\/wp\/v2\/tags?post=63978"}],"curies":[{"name":"wp","href":"https:\/\/api.w.org\/{rel}","templated":true}]}}