{"id":63972,"date":"2021-10-20T18:21:26","date_gmt":"2021-10-20T18:21:26","guid":{"rendered":"http:\/\/www.noticiasradioreflejos.com.ar\/2021\/?p=63972"},"modified":"2021-10-21T15:33:58","modified_gmt":"2021-10-21T15:33:58","slug":"informacion-exclusiva-sobre-un-reciente-estudio-la-soledad-en-personas-mayores","status":"publish","type":"post","link":"https:\/\/www.noticiasradioreflejos.com.ar\/2021\/informacion-exclusiva-sobre-un-reciente-estudio-la-soledad-en-personas-mayores\/","title":{"rendered":"Informaci\u00f3n exclusiva sobre un reciente estudio: \u00abLa Soledad en personas mayores\u00bb"},"content":{"rendered":"<p>El estudio de la soledad en las personas mayores es un tema central para comprender mejor el proceso de envejecimiento. El desaf\u00edo de la longevidad trae consigo la necesidad de alumbrar ciertos temas, entre ellos la soledad no deseada.<!--more--><br \/>\nEn 2014, la Fundaci\u00f3n Navarro Viola particip\u00f3 por primera vez de un estudio que inclu\u00eda entre muchas dimensiones el sentimiento de soledad. De este y otros estudios posteriores, surge que el 18% de las personas mayores se perciben en soledad y aislamiento. No se trata de soledad social, sino de soledad emocional, es decir, una experiencia subjetiva a partir del modo en que el individuo percibe la calidad de sus relaciones.<\/p>\n<p>El sentimiento de soledad es una situaci\u00f3n diferente al vivir o estar solo, porque refiere a una soledad no buscada o deseada. No poder modificar ese sentimiento, que no depende s\u00f3lo de quien lo padece, puede afectar la satisfacci\u00f3n con la vida y los proyectos personales de la persona mayor.<br \/>\nA la hora de profundizar nuestra comprensi\u00f3n sobre el sentimiento de soledad, se presentaban dos caminos: m\u00e1s encuestas y estudios cuantitativos o emprender un estudio cualitativo que ponga a la vejez en primera persona, en la voz de los propios mayores.<br \/>\nEsta fue la v\u00eda seleccionada que, sin preverlo, coincidi\u00f3 con el primer a\u00f1o de pandemia. Junto a Voices! liderando el trabajo de campo y bajo la coordinaci\u00f3n de Enrique Amadasi, hoy estamos presentando esta publicaci\u00f3n que recupera los antecedentes propios, estudios de terceros y especialmente la voz de las personas mayores consultadas durante la investigaci\u00f3n cualitativa.<br \/>\nPronta a cumplir 50 a\u00f1os de trabajo ininterrumpido, la Fundaci\u00f3n Navarro Viola contin\u00faa sosteniendo, tal como lo refleja este estudio, que el dar la voz y escuchar lo que sienten y piensan las personas mayores es un camino de gran riqueza para producir conocimiento con el prop\u00f3sito final de transformar la realidad de las personas mayores de nuestro pa\u00eds.<\/p>\n<p>Ver o descargar el documento: <a href=\"https:\/\/fnv.org.ar\/wp-content\/uploads\/2021\/07\/SOLEDAD_FIN-para-Web-por-pa%CC%81gina.pdf\"><strong>AQU\u00cd<\/strong><\/a><\/p>\n","protected":false},"excerpt":{"rendered":"<p>El estudio de la soledad en las personas mayores es un tema central para comprender mejor el proceso de envejecimiento. El desaf\u00edo de la longevidad trae consigo la necesidad de alumbrar ciertos temas, entre ellos la soledad no deseada.<\/p>\n","protected":false},"author":3,"featured_media":0,"comment_status":"closed","ping_status":"closed","sticky":false,"template":"","format":"standard","meta":{"footnotes":""},"categories":[35,34,26],"tags":[],"class_list":["post-63972","post","type-post","status-publish","format-standard","hentry","category-cultura","category-educacion","category-sociedad"],"yoast_head":"<!-- This site is optimized with the Yoast SEO plugin v25.9 - https:\/\/yoast.com\/wordpress\/plugins\/seo\/ -->\n<title>Informaci\u00f3n exclusiva sobre un reciente estudio: &quot;La Soledad en personas mayores&quot; - Noticias Radio Reflejos<\/title>\n<meta name=\"robots\" content=\"index, follow, max-snippet:-1, max-image-preview:large, max-video-preview:-1\" \/>\n<link rel=\"canonical\" href=\"https:\/\/www.noticiasradioreflejos.com.ar\/2021\/informacion-exclusiva-sobre-un-reciente-estudio-la-soledad-en-personas-mayores\/\" \/>\n<meta property=\"og:locale\" content=\"es_ES\" \/>\n<meta property=\"og:type\" content=\"article\" \/>\n<meta property=\"og:title\" content=\"Informaci\u00f3n exclusiva sobre un reciente estudio: &quot;La Soledad en personas mayores&quot; - Noticias Radio Reflejos\" \/>\n<meta property=\"og:description\" content=\"El estudio de la soledad en las personas mayores es un tema central para comprender mejor el proceso de envejecimiento. El desaf\u00edo de la longevidad trae consigo la necesidad de alumbrar ciertos temas, entre ellos la soledad no deseada.\" \/>\n<meta property=\"og:url\" content=\"https:\/\/www.noticiasradioreflejos.com.ar\/2021\/informacion-exclusiva-sobre-un-reciente-estudio-la-soledad-en-personas-mayores\/\" \/>\n<meta property=\"og:site_name\" content=\"Noticias Radio Reflejos\" \/>\n<meta property=\"article:published_time\" content=\"2021-10-20T18:21:26+00:00\" \/>\n<meta property=\"article:modified_time\" content=\"2021-10-21T15:33:58+00:00\" \/>\n<meta property=\"og:image\" content=\"https:\/\/www.noticiasradioreflejos.com.ar\/2021\/wp-content\/uploads\/2021\/07\/logosol300x200.png\" \/>\n\t<meta property=\"og:image:width\" content=\"300\" \/>\n\t<meta property=\"og:image:height\" content=\"200\" \/>\n\t<meta property=\"og:image:type\" content=\"image\/png\" \/>\n<meta name=\"author\" content=\"Arnaldo Botto\" \/>\n<meta name=\"twitter:card\" content=\"summary_large_image\" \/>\n<script type=\"application\/ld+json\" class=\"yoast-schema-graph\">{\"@context\":\"https:\/\/schema.org\",\"@graph\":[{\"@type\":\"WebPage\",\"@id\":\"https:\/\/www.noticiasradioreflejos.com.ar\/2021\/informacion-exclusiva-sobre-un-reciente-estudio-la-soledad-en-personas-mayores\/\",\"url\":\"https:\/\/www.noticiasradioreflejos.com.ar\/2021\/informacion-exclusiva-sobre-un-reciente-estudio-la-soledad-en-personas-mayores\/\",\"name\":\"Informaci\u00f3n exclusiva sobre un reciente estudio: \\\"La Soledad en personas mayores\\\" - Noticias Radio Reflejos\",\"isPartOf\":{\"@id\":\"https:\/\/www.noticiasradioreflejos.com.ar\/2021\/#website\"},\"datePublished\":\"2021-10-20T18:21:26+00:00\",\"dateModified\":\"2021-10-21T15:33:58+00:00\",\"author\":{\"@id\":\"https:\/\/www.noticiasradioreflejos.com.ar\/2021\/#\/schema\/person\/ad82545263dcc5ec0996818884fd5fb1\"},\"breadcrumb\":{\"@id\":\"https:\/\/www.noticiasradioreflejos.com.ar\/2021\/informacion-exclusiva-sobre-un-reciente-estudio-la-soledad-en-personas-mayores\/#breadcrumb\"},\"inLanguage\":\"es\",\"potentialAction\":[{\"@type\":\"ReadAction\",\"target\":[\"https:\/\/www.noticiasradioreflejos.com.ar\/2021\/informacion-exclusiva-sobre-un-reciente-estudio-la-soledad-en-personas-mayores\/\"]}]},{\"@type\":\"BreadcrumbList\",\"@id\":\"https:\/\/www.noticiasradioreflejos.com.ar\/2021\/informacion-exclusiva-sobre-un-reciente-estudio-la-soledad-en-personas-mayores\/#breadcrumb\",\"itemListElement\":[{\"@type\":\"ListItem\",\"position\":1,\"name\":\"Portada\",\"item\":\"https:\/\/www.noticiasradioreflejos.com.ar\/2021\/\"},{\"@type\":\"ListItem\",\"position\":2,\"name\":\"Informaci\u00f3n exclusiva sobre un reciente estudio: \u00abLa Soledad en personas mayores\u00bb\"}]},{\"@type\":\"WebSite\",\"@id\":\"https:\/\/www.noticiasradioreflejos.com.ar\/2021\/#website\",\"url\":\"https:\/\/www.noticiasradioreflejos.com.ar\/2021\/\",\"name\":\"Noticias Radio Reflejos\",\"description\":\"Las noticias de mi comarca\",\"potentialAction\":[{\"@type\":\"SearchAction\",\"target\":{\"@type\":\"EntryPoint\",\"urlTemplate\":\"https:\/\/www.noticiasradioreflejos.com.ar\/2021\/?s={search_term_string}\"},\"query-input\":{\"@type\":\"PropertyValueSpecification\",\"valueRequired\":true,\"valueName\":\"search_term_string\"}}],\"inLanguage\":\"es\"},{\"@type\":\"Person\",\"@id\":\"https:\/\/www.noticiasradioreflejos.com.ar\/2021\/#\/schema\/person\/ad82545263dcc5ec0996818884fd5fb1\",\"name\":\"Arnaldo Botto\",\"image\":{\"@type\":\"ImageObject\",\"inLanguage\":\"es\",\"@id\":\"https:\/\/www.noticiasradioreflejos.com.ar\/2021\/#\/schema\/person\/image\/\",\"url\":\"https:\/\/secure.gravatar.com\/avatar\/55cb5e37c1efa326397366e6974cb338056df65cb50e7d64d1cf314e87504837?s=96&d=mm&r=g\",\"contentUrl\":\"https:\/\/secure.gravatar.com\/avatar\/55cb5e37c1efa326397366e6974cb338056df65cb50e7d64d1cf314e87504837?s=96&d=mm&r=g\",\"caption\":\"Arnaldo Botto\"},\"url\":\"https:\/\/www.noticiasradioreflejos.com.ar\/2021\/author\/arnaldo\/\"}]}<\/script>\n<!-- \/ Yoast SEO plugin. -->","yoast_head_json":{"title":"Informaci\u00f3n exclusiva sobre un reciente estudio: \"La Soledad en personas mayores\" - Noticias Radio Reflejos","robots":{"index":"index","follow":"follow","max-snippet":"max-snippet:-1","max-image-preview":"max-image-preview:large","max-video-preview":"max-video-preview:-1"},"canonical":"https:\/\/www.noticiasradioreflejos.com.ar\/2021\/informacion-exclusiva-sobre-un-reciente-estudio-la-soledad-en-personas-mayores\/","og_locale":"es_ES","og_type":"article","og_title":"Informaci\u00f3n exclusiva sobre un reciente estudio: \"La Soledad en personas mayores\" - Noticias Radio Reflejos","og_description":"El estudio de la soledad en las personas mayores es un tema central para comprender mejor el proceso de envejecimiento. El desaf\u00edo de la longevidad trae consigo la necesidad de alumbrar ciertos temas, entre ellos la soledad no deseada.","og_url":"https:\/\/www.noticiasradioreflejos.com.ar\/2021\/informacion-exclusiva-sobre-un-reciente-estudio-la-soledad-en-personas-mayores\/","og_site_name":"Noticias Radio Reflejos","article_published_time":"2021-10-20T18:21:26+00:00","article_modified_time":"2021-10-21T15:33:58+00:00","og_image":[{"width":300,"height":200,"url":"https:\/\/www.noticiasradioreflejos.com.ar\/2021\/wp-content\/uploads\/2021\/07\/logosol300x200.png","type":"image\/png"}],"author":"Arnaldo Botto","twitter_card":"summary_large_image","schema":{"@context":"https:\/\/schema.org","@graph":[{"@type":"WebPage","@id":"https:\/\/www.noticiasradioreflejos.com.ar\/2021\/informacion-exclusiva-sobre-un-reciente-estudio-la-soledad-en-personas-mayores\/","url":"https:\/\/www.noticiasradioreflejos.com.ar\/2021\/informacion-exclusiva-sobre-un-reciente-estudio-la-soledad-en-personas-mayores\/","name":"Informaci\u00f3n exclusiva sobre un reciente estudio: \"La Soledad en personas mayores\" - Noticias Radio Reflejos","isPartOf":{"@id":"https:\/\/www.noticiasradioreflejos.com.ar\/2021\/#website"},"datePublished":"2021-10-20T18:21:26+00:00","dateModified":"2021-10-21T15:33:58+00:00","author":{"@id":"https:\/\/www.noticiasradioreflejos.com.ar\/2021\/#\/schema\/person\/ad82545263dcc5ec0996818884fd5fb1"},"breadcrumb":{"@id":"https:\/\/www.noticiasradioreflejos.com.ar\/2021\/informacion-exclusiva-sobre-un-reciente-estudio-la-soledad-en-personas-mayores\/#breadcrumb"},"inLanguage":"es","potentialAction":[{"@type":"ReadAction","target":["https:\/\/www.noticiasradioreflejos.com.ar\/2021\/informacion-exclusiva-sobre-un-reciente-estudio-la-soledad-en-personas-mayores\/"]}]},{"@type":"BreadcrumbList","@id":"https:\/\/www.noticiasradioreflejos.com.ar\/2021\/informacion-exclusiva-sobre-un-reciente-estudio-la-soledad-en-personas-mayores\/#breadcrumb","itemListElement":[{"@type":"ListItem","position":1,"name":"Portada","item":"https:\/\/www.noticiasradioreflejos.com.ar\/2021\/"},{"@type":"ListItem","position":2,"name":"Informaci\u00f3n exclusiva sobre un reciente estudio: \u00abLa Soledad en personas mayores\u00bb"}]},{"@type":"WebSite","@id":"https:\/\/www.noticiasradioreflejos.com.ar\/2021\/#website","url":"https:\/\/www.noticiasradioreflejos.com.ar\/2021\/","name":"Noticias Radio Reflejos","description":"Las noticias de mi comarca","potentialAction":[{"@type":"SearchAction","target":{"@type":"EntryPoint","urlTemplate":"https:\/\/www.noticiasradioreflejos.com.ar\/2021\/?s={search_term_string}"},"query-input":{"@type":"PropertyValueSpecification","valueRequired":true,"valueName":"search_term_string"}}],"inLanguage":"es"},{"@type":"Person","@id":"https:\/\/www.noticiasradioreflejos.com.ar\/2021\/#\/schema\/person\/ad82545263dcc5ec0996818884fd5fb1","name":"Arnaldo Botto","image":{"@type":"ImageObject","inLanguage":"es","@id":"https:\/\/www.noticiasradioreflejos.com.ar\/2021\/#\/schema\/person\/image\/","url":"https:\/\/secure.gravatar.com\/avatar\/55cb5e37c1efa326397366e6974cb338056df65cb50e7d64d1cf314e87504837?s=96&d=mm&r=g","contentUrl":"https:\/\/secure.gravatar.com\/avatar\/55cb5e37c1efa326397366e6974cb338056df65cb50e7d64d1cf314e87504837?s=96&d=mm&r=g","caption":"Arnaldo Botto"},"url":"https:\/\/www.noticiasradioreflejos.com.ar\/2021\/author\/arnaldo\/"}]}},"_links":{"self":[{"href":"https:\/\/www.noticiasradioreflejos.com.ar\/2021\/wp-json\/wp\/v2\/posts\/63972","targetHints":{"allow":["GET"]}}],"collection":[{"href":"https:\/\/www.noticiasradioreflejos.com.ar\/2021\/wp-json\/wp\/v2\/posts"}],"about":[{"href":"https:\/\/www.noticiasradioreflejos.com.ar\/2021\/wp-json\/wp\/v2\/types\/post"}],"author":[{"embeddable":true,"href":"https:\/\/www.noticiasradioreflejos.com.ar\/2021\/wp-json\/wp\/v2\/users\/3"}],"replies":[{"embeddable":true,"href":"https:\/\/www.noticiasradioreflejos.com.ar\/2021\/wp-json\/wp\/v2\/comments?post=63972"}],"version-history":[{"count":4,"href":"https:\/\/www.noticiasradioreflejos.com.ar\/2021\/wp-json\/wp\/v2\/posts\/63972\/revisions"}],"predecessor-version":[{"id":64002,"href":"https:\/\/www.noticiasradioreflejos.com.ar\/2021\/wp-json\/wp\/v2\/posts\/63972\/revisions\/64002"}],"wp:attachment":[{"href":"https:\/\/www.noticiasradioreflejos.com.ar\/2021\/wp-json\/wp\/v2\/media?parent=63972"}],"wp:term":[{"taxonomy":"category","embeddable":true,"href":"https:\/\/www.noticiasradioreflejos.com.ar\/2021\/wp-json\/wp\/v2\/categories?post=63972"},{"taxonomy":"post_tag","embeddable":true,"href":"https:\/\/www.noticiasradioreflejos.com.ar\/2021\/wp-json\/wp\/v2\/tags?post=63972"}],"curies":[{"name":"wp","href":"https:\/\/api.w.org\/{rel}","templated":true}]}}