{"id":63922,"date":"2021-10-19T23:45:14","date_gmt":"2021-10-19T23:45:14","guid":{"rendered":"http:\/\/www.noticiasradioreflejos.com.ar\/2021\/?p=63922"},"modified":"2021-10-19T23:45:14","modified_gmt":"2021-10-19T23:45:14","slug":"el-fin-de-semana-largo-estuvo-saturado-sierra-de-la-ventana-y-villa-falta-infraestructura-mejores-servicios-en-eso-hay-que-avanzar","status":"publish","type":"post","link":"https:\/\/www.noticiasradioreflejos.com.ar\/2021\/el-fin-de-semana-largo-estuvo-saturado-sierra-de-la-ventana-y-villa-falta-infraestructura-mejores-servicios-en-eso-hay-que-avanzar\/","title":{"rendered":"\u00abEl fin de semana largo estuvo saturado Sierra de la Ventana y Villa. Falta infraestructura, mejores servicios, en eso hay que avanzar\u00bb"},"content":{"rendered":"<p>El candidato de Juntos Tornquist, retoma sus comunicaciones de campa\u00f1a de cara a las elecciones de Noviembre pr\u00f3ximo. Como dise\u00f1aron esta nueva etapa, que estrategias cambian en relaci\u00f3n a las Paso y como se trabaja dese hoy al 14 del mes pr\u00f3ximo. <!--more--><\/p>\n<p>Le consultamos a Luis qu\u00e9 cosas a su criterio deber\u00edan remarcar o ajustar: \u00abMuchos de los vecinos nos remarcaron no entrar en discusiones que por ah\u00ed no sumen o no hagan a los problemas de la gente\u00bb fue lo que contest\u00f3 que le resaltaron algunos vecinos. \u00abCreo que eso en las campa\u00f1as siempre se da, pero la gente se cansa de discusiones que no nos llevan a nada\u00bb.<\/p>\n<p>\u00abUn castigo grande hubo en todos los niveles\u00bb se refiri\u00f3 al oficialismo. Luis opina que muchos votos castigo tienen que ver con el manejo de las restricciones tras la pandemia del Covid-19.<\/p>\n<p>Entre las acciones que tienen pensadas para esta campa\u00f1a, Luis coment\u00f3 que est\u00e1n abriendo los locales comit\u00e9 todas las tardecitas. \u00abOrganizamos para el viernes 29 de Octubre una cena para motivar a los militantes. La idea es juntar gente en Tornquist, la tarjeta tendr\u00e1 un valor de $600 y ser\u00e1 en el Comit\u00e9\u00bb.<\/p>\n<p>Con respecto al cierre de campa\u00f1a, mencion\u00f3: \u00abSi bien esa cena no va a ser el cierre de campa\u00f1a, ser\u00e1 un empuj\u00f3n para el \u00faltimo trabajo. Si hacemos un cierre, seguramente ser\u00e1 similar al de las elecciones anteriores\u00bb.<\/p>\n<p>En medio de la nota, estuvimos leyendo algunos comentarios de los oyentes que proponen algunos temas para debatir. Entre ellos, se toc\u00f3 el consumo regulado del agua. \u00abCreo que el fin de semana largo estuvo saturado Sierra de la Ventana y Villa. Falta infraestructura, mejores servicios, en eso hay que avanzar. Y tambi\u00e9n creo que est\u00e1 la responsabilidad de los vecinos porque sino no hay obra que aguante\u00bb opin\u00f3 el candidato de Juntos.<\/p>\n<p>\u00abLa cuesti\u00f3n de salud en Sierra de la Ventana y la atenci\u00f3n del Hospital, por lo que me plantearon los vecinos, todav\u00eda las guardias activas no est\u00e1n y el Intendente dijo que el 1\u00b0 de Octubre iban a estar. Creo que, lamentablemente, siempre se cae lo mismo cuando estamos en medio de una campa\u00f1a\u00bb tambi\u00e9n opin\u00f3 sobre el problema sanitario que se dio hace unas semanas acerca de la atenci\u00f3n durante las guardias en el Hospital Menor.<\/p>\n<p>\u00abCreo que en Sierra hay un sector que se puede mejorar y utilizar ese sector\u00bb mencion\u00f3 acerca de la problem\u00e1tica de los ba\u00f1os p\u00fablicos en la localidad tur\u00edstica. \u00abCreo que lo que tenemos se puede mejorar y tenemos que ver qu\u00e9 resultados da\u00bb.<\/p>\n<p>Nota completa a continuaci\u00f3n:<br \/>\n<iframe loading=\"lazy\" src=\"https:\/\/w.soundcloud.com\/player\/?url=https%3A\/\/api.soundcloud.com\/tracks\/1144407262&amp;color=%23ff5500&amp;auto_play=false&amp;hide_related=false&amp;show_comments=true&amp;show_user=true&amp;show_reposts=false&amp;show_teaser=true\" width=\"100%\" height=\"166\" frameborder=\"no\" scrolling=\"no\"><\/iframe><\/p>\n<div style=\"font-size: 10px; color: #cccccc; line-break: anywhere; word-break: normal; overflow: hidden; white-space: nowrap; text-overflow: ellipsis; font-family: Interstate,Lucida Grande,Lucida Sans Unicode,Lucida Sans,Garuda,Verdana,Tahoma,sans-serif; font-weight: 100;\"><a style=\"color: #cccccc; text-decoration: none;\" title=\"fmreflejos 103.7\" href=\"https:\/\/soundcloud.com\/fmreflejos-103-7\" target=\"_blank\" rel=\"noopener\">fmreflejos 103.7<\/a> \u00b7 <a style=\"color: #cccccc; text-decoration: none;\" title=\"Luis Castro\" href=\"https:\/\/soundcloud.com\/fmreflejos-103-7\/luis-castro-3\" target=\"_blank\" rel=\"noopener\">Luis Castro<\/a><\/div>\n","protected":false},"excerpt":{"rendered":"<p>El candidato de Juntos Tornquist, retoma sus comunicaciones de campa\u00f1a de cara a las elecciones de Noviembre pr\u00f3ximo. Como dise\u00f1aron esta nueva etapa, que estrategias cambian en relaci\u00f3n a las Paso y como se trabaja dese hoy al 14 del mes pr\u00f3ximo.<\/p>\n","protected":false},"author":3,"featured_media":0,"comment_status":"closed","ping_status":"closed","sticky":false,"template":"","format":"standard","meta":{"footnotes":""},"categories":[24],"tags":[48],"class_list":["post-63922","post","type-post","status-publish","format-standard","hentry","category-politica","tag-destacada"],"yoast_head":"<!-- This site is optimized with the Yoast SEO plugin v25.9 - https:\/\/yoast.com\/wordpress\/plugins\/seo\/ -->\n<title>&quot;El fin de semana largo estuvo saturado Sierra de la Ventana y Villa. Falta infraestructura, mejores servicios, en eso hay que avanzar&quot; - Noticias Radio Reflejos<\/title>\n<meta name=\"robots\" content=\"index, follow, max-snippet:-1, max-image-preview:large, max-video-preview:-1\" \/>\n<link rel=\"canonical\" href=\"https:\/\/www.noticiasradioreflejos.com.ar\/2021\/el-fin-de-semana-largo-estuvo-saturado-sierra-de-la-ventana-y-villa-falta-infraestructura-mejores-servicios-en-eso-hay-que-avanzar\/\" \/>\n<meta property=\"og:locale\" content=\"es_ES\" \/>\n<meta property=\"og:type\" content=\"article\" \/>\n<meta property=\"og:title\" content=\"&quot;El fin de semana largo estuvo saturado Sierra de la Ventana y Villa. Falta infraestructura, mejores servicios, en eso hay que avanzar&quot; - Noticias Radio Reflejos\" \/>\n<meta property=\"og:description\" content=\"El candidato de Juntos Tornquist, retoma sus comunicaciones de campa\u00f1a de cara a las elecciones de Noviembre pr\u00f3ximo. Como dise\u00f1aron esta nueva etapa, que estrategias cambian en relaci\u00f3n a las Paso y como se trabaja dese hoy al 14 del mes pr\u00f3ximo.\" \/>\n<meta property=\"og:url\" content=\"https:\/\/www.noticiasradioreflejos.com.ar\/2021\/el-fin-de-semana-largo-estuvo-saturado-sierra-de-la-ventana-y-villa-falta-infraestructura-mejores-servicios-en-eso-hay-que-avanzar\/\" \/>\n<meta property=\"og:site_name\" content=\"Noticias Radio Reflejos\" \/>\n<meta property=\"article:published_time\" content=\"2021-10-19T23:45:14+00:00\" \/>\n<meta property=\"og:image\" content=\"https:\/\/www.noticiasradioreflejos.com.ar\/2021\/wp-content\/uploads\/2021\/07\/logosol300x200.png\" \/>\n\t<meta property=\"og:image:width\" content=\"300\" \/>\n\t<meta property=\"og:image:height\" content=\"200\" \/>\n\t<meta property=\"og:image:type\" content=\"image\/png\" \/>\n<meta name=\"author\" content=\"Arnaldo Botto\" \/>\n<meta name=\"twitter:card\" content=\"summary_large_image\" \/>\n<script type=\"application\/ld+json\" class=\"yoast-schema-graph\">{\"@context\":\"https:\/\/schema.org\",\"@graph\":[{\"@type\":\"WebPage\",\"@id\":\"https:\/\/www.noticiasradioreflejos.com.ar\/2021\/el-fin-de-semana-largo-estuvo-saturado-sierra-de-la-ventana-y-villa-falta-infraestructura-mejores-servicios-en-eso-hay-que-avanzar\/\",\"url\":\"https:\/\/www.noticiasradioreflejos.com.ar\/2021\/el-fin-de-semana-largo-estuvo-saturado-sierra-de-la-ventana-y-villa-falta-infraestructura-mejores-servicios-en-eso-hay-que-avanzar\/\",\"name\":\"\\\"El fin de semana largo estuvo saturado Sierra de la Ventana y Villa. Falta infraestructura, mejores servicios, en eso hay que avanzar\\\" - Noticias Radio Reflejos\",\"isPartOf\":{\"@id\":\"https:\/\/www.noticiasradioreflejos.com.ar\/2021\/#website\"},\"datePublished\":\"2021-10-19T23:45:14+00:00\",\"author\":{\"@id\":\"https:\/\/www.noticiasradioreflejos.com.ar\/2021\/#\/schema\/person\/ad82545263dcc5ec0996818884fd5fb1\"},\"breadcrumb\":{\"@id\":\"https:\/\/www.noticiasradioreflejos.com.ar\/2021\/el-fin-de-semana-largo-estuvo-saturado-sierra-de-la-ventana-y-villa-falta-infraestructura-mejores-servicios-en-eso-hay-que-avanzar\/#breadcrumb\"},\"inLanguage\":\"es\",\"potentialAction\":[{\"@type\":\"ReadAction\",\"target\":[\"https:\/\/www.noticiasradioreflejos.com.ar\/2021\/el-fin-de-semana-largo-estuvo-saturado-sierra-de-la-ventana-y-villa-falta-infraestructura-mejores-servicios-en-eso-hay-que-avanzar\/\"]}]},{\"@type\":\"BreadcrumbList\",\"@id\":\"https:\/\/www.noticiasradioreflejos.com.ar\/2021\/el-fin-de-semana-largo-estuvo-saturado-sierra-de-la-ventana-y-villa-falta-infraestructura-mejores-servicios-en-eso-hay-que-avanzar\/#breadcrumb\",\"itemListElement\":[{\"@type\":\"ListItem\",\"position\":1,\"name\":\"Portada\",\"item\":\"https:\/\/www.noticiasradioreflejos.com.ar\/2021\/\"},{\"@type\":\"ListItem\",\"position\":2,\"name\":\"\u00abEl fin de semana largo estuvo saturado Sierra de la Ventana y Villa. Falta infraestructura, mejores servicios, en eso hay que avanzar\u00bb\"}]},{\"@type\":\"WebSite\",\"@id\":\"https:\/\/www.noticiasradioreflejos.com.ar\/2021\/#website\",\"url\":\"https:\/\/www.noticiasradioreflejos.com.ar\/2021\/\",\"name\":\"Noticias Radio Reflejos\",\"description\":\"Las noticias de mi comarca\",\"potentialAction\":[{\"@type\":\"SearchAction\",\"target\":{\"@type\":\"EntryPoint\",\"urlTemplate\":\"https:\/\/www.noticiasradioreflejos.com.ar\/2021\/?s={search_term_string}\"},\"query-input\":{\"@type\":\"PropertyValueSpecification\",\"valueRequired\":true,\"valueName\":\"search_term_string\"}}],\"inLanguage\":\"es\"},{\"@type\":\"Person\",\"@id\":\"https:\/\/www.noticiasradioreflejos.com.ar\/2021\/#\/schema\/person\/ad82545263dcc5ec0996818884fd5fb1\",\"name\":\"Arnaldo Botto\",\"image\":{\"@type\":\"ImageObject\",\"inLanguage\":\"es\",\"@id\":\"https:\/\/www.noticiasradioreflejos.com.ar\/2021\/#\/schema\/person\/image\/\",\"url\":\"https:\/\/secure.gravatar.com\/avatar\/55cb5e37c1efa326397366e6974cb338056df65cb50e7d64d1cf314e87504837?s=96&d=mm&r=g\",\"contentUrl\":\"https:\/\/secure.gravatar.com\/avatar\/55cb5e37c1efa326397366e6974cb338056df65cb50e7d64d1cf314e87504837?s=96&d=mm&r=g\",\"caption\":\"Arnaldo Botto\"},\"url\":\"https:\/\/www.noticiasradioreflejos.com.ar\/2021\/author\/arnaldo\/\"}]}<\/script>\n<!-- \/ Yoast SEO plugin. -->","yoast_head_json":{"title":"\"El fin de semana largo estuvo saturado Sierra de la Ventana y Villa. Falta infraestructura, mejores servicios, en eso hay que avanzar\" - Noticias Radio Reflejos","robots":{"index":"index","follow":"follow","max-snippet":"max-snippet:-1","max-image-preview":"max-image-preview:large","max-video-preview":"max-video-preview:-1"},"canonical":"https:\/\/www.noticiasradioreflejos.com.ar\/2021\/el-fin-de-semana-largo-estuvo-saturado-sierra-de-la-ventana-y-villa-falta-infraestructura-mejores-servicios-en-eso-hay-que-avanzar\/","og_locale":"es_ES","og_type":"article","og_title":"\"El fin de semana largo estuvo saturado Sierra de la Ventana y Villa. Falta infraestructura, mejores servicios, en eso hay que avanzar\" - Noticias Radio Reflejos","og_description":"El candidato de Juntos Tornquist, retoma sus comunicaciones de campa\u00f1a de cara a las elecciones de Noviembre pr\u00f3ximo. Como dise\u00f1aron esta nueva etapa, que estrategias cambian en relaci\u00f3n a las Paso y como se trabaja dese hoy al 14 del mes pr\u00f3ximo.","og_url":"https:\/\/www.noticiasradioreflejos.com.ar\/2021\/el-fin-de-semana-largo-estuvo-saturado-sierra-de-la-ventana-y-villa-falta-infraestructura-mejores-servicios-en-eso-hay-que-avanzar\/","og_site_name":"Noticias Radio Reflejos","article_published_time":"2021-10-19T23:45:14+00:00","og_image":[{"width":300,"height":200,"url":"https:\/\/www.noticiasradioreflejos.com.ar\/2021\/wp-content\/uploads\/2021\/07\/logosol300x200.png","type":"image\/png"}],"author":"Arnaldo Botto","twitter_card":"summary_large_image","schema":{"@context":"https:\/\/schema.org","@graph":[{"@type":"WebPage","@id":"https:\/\/www.noticiasradioreflejos.com.ar\/2021\/el-fin-de-semana-largo-estuvo-saturado-sierra-de-la-ventana-y-villa-falta-infraestructura-mejores-servicios-en-eso-hay-que-avanzar\/","url":"https:\/\/www.noticiasradioreflejos.com.ar\/2021\/el-fin-de-semana-largo-estuvo-saturado-sierra-de-la-ventana-y-villa-falta-infraestructura-mejores-servicios-en-eso-hay-que-avanzar\/","name":"\"El fin de semana largo estuvo saturado Sierra de la Ventana y Villa. Falta infraestructura, mejores servicios, en eso hay que avanzar\" - Noticias Radio Reflejos","isPartOf":{"@id":"https:\/\/www.noticiasradioreflejos.com.ar\/2021\/#website"},"datePublished":"2021-10-19T23:45:14+00:00","author":{"@id":"https:\/\/www.noticiasradioreflejos.com.ar\/2021\/#\/schema\/person\/ad82545263dcc5ec0996818884fd5fb1"},"breadcrumb":{"@id":"https:\/\/www.noticiasradioreflejos.com.ar\/2021\/el-fin-de-semana-largo-estuvo-saturado-sierra-de-la-ventana-y-villa-falta-infraestructura-mejores-servicios-en-eso-hay-que-avanzar\/#breadcrumb"},"inLanguage":"es","potentialAction":[{"@type":"ReadAction","target":["https:\/\/www.noticiasradioreflejos.com.ar\/2021\/el-fin-de-semana-largo-estuvo-saturado-sierra-de-la-ventana-y-villa-falta-infraestructura-mejores-servicios-en-eso-hay-que-avanzar\/"]}]},{"@type":"BreadcrumbList","@id":"https:\/\/www.noticiasradioreflejos.com.ar\/2021\/el-fin-de-semana-largo-estuvo-saturado-sierra-de-la-ventana-y-villa-falta-infraestructura-mejores-servicios-en-eso-hay-que-avanzar\/#breadcrumb","itemListElement":[{"@type":"ListItem","position":1,"name":"Portada","item":"https:\/\/www.noticiasradioreflejos.com.ar\/2021\/"},{"@type":"ListItem","position":2,"name":"\u00abEl fin de semana largo estuvo saturado Sierra de la Ventana y Villa. Falta infraestructura, mejores servicios, en eso hay que avanzar\u00bb"}]},{"@type":"WebSite","@id":"https:\/\/www.noticiasradioreflejos.com.ar\/2021\/#website","url":"https:\/\/www.noticiasradioreflejos.com.ar\/2021\/","name":"Noticias Radio Reflejos","description":"Las noticias de mi comarca","potentialAction":[{"@type":"SearchAction","target":{"@type":"EntryPoint","urlTemplate":"https:\/\/www.noticiasradioreflejos.com.ar\/2021\/?s={search_term_string}"},"query-input":{"@type":"PropertyValueSpecification","valueRequired":true,"valueName":"search_term_string"}}],"inLanguage":"es"},{"@type":"Person","@id":"https:\/\/www.noticiasradioreflejos.com.ar\/2021\/#\/schema\/person\/ad82545263dcc5ec0996818884fd5fb1","name":"Arnaldo Botto","image":{"@type":"ImageObject","inLanguage":"es","@id":"https:\/\/www.noticiasradioreflejos.com.ar\/2021\/#\/schema\/person\/image\/","url":"https:\/\/secure.gravatar.com\/avatar\/55cb5e37c1efa326397366e6974cb338056df65cb50e7d64d1cf314e87504837?s=96&d=mm&r=g","contentUrl":"https:\/\/secure.gravatar.com\/avatar\/55cb5e37c1efa326397366e6974cb338056df65cb50e7d64d1cf314e87504837?s=96&d=mm&r=g","caption":"Arnaldo Botto"},"url":"https:\/\/www.noticiasradioreflejos.com.ar\/2021\/author\/arnaldo\/"}]}},"_links":{"self":[{"href":"https:\/\/www.noticiasradioreflejos.com.ar\/2021\/wp-json\/wp\/v2\/posts\/63922","targetHints":{"allow":["GET"]}}],"collection":[{"href":"https:\/\/www.noticiasradioreflejos.com.ar\/2021\/wp-json\/wp\/v2\/posts"}],"about":[{"href":"https:\/\/www.noticiasradioreflejos.com.ar\/2021\/wp-json\/wp\/v2\/types\/post"}],"author":[{"embeddable":true,"href":"https:\/\/www.noticiasradioreflejos.com.ar\/2021\/wp-json\/wp\/v2\/users\/3"}],"replies":[{"embeddable":true,"href":"https:\/\/www.noticiasradioreflejos.com.ar\/2021\/wp-json\/wp\/v2\/comments?post=63922"}],"version-history":[{"count":2,"href":"https:\/\/www.noticiasradioreflejos.com.ar\/2021\/wp-json\/wp\/v2\/posts\/63922\/revisions"}],"predecessor-version":[{"id":63928,"href":"https:\/\/www.noticiasradioreflejos.com.ar\/2021\/wp-json\/wp\/v2\/posts\/63922\/revisions\/63928"}],"wp:attachment":[{"href":"https:\/\/www.noticiasradioreflejos.com.ar\/2021\/wp-json\/wp\/v2\/media?parent=63922"}],"wp:term":[{"taxonomy":"category","embeddable":true,"href":"https:\/\/www.noticiasradioreflejos.com.ar\/2021\/wp-json\/wp\/v2\/categories?post=63922"},{"taxonomy":"post_tag","embeddable":true,"href":"https:\/\/www.noticiasradioreflejos.com.ar\/2021\/wp-json\/wp\/v2\/tags?post=63922"}],"curies":[{"name":"wp","href":"https:\/\/api.w.org\/{rel}","templated":true}]}}