{"id":63913,"date":"2021-10-19T23:32:41","date_gmt":"2021-10-19T23:32:41","guid":{"rendered":"http:\/\/www.noticiasradioreflejos.com.ar\/2021\/?p=63913"},"modified":"2021-10-19T23:32:41","modified_gmt":"2021-10-19T23:32:41","slug":"oficina-de-violencias-por-razones-de-genero-en-tornquist-son-la-cara-visible-del-municipio-para-todas-aquellas-mujeres-que-llegan-en-situacion-de-vulnerabilidad","status":"publish","type":"post","link":"https:\/\/www.noticiasradioreflejos.com.ar\/2021\/oficina-de-violencias-por-razones-de-genero-en-tornquist-son-la-cara-visible-del-municipio-para-todas-aquellas-mujeres-que-llegan-en-situacion-de-vulnerabilidad\/","title":{"rendered":"Oficina de Violencias por Razones de G\u00e9nero en Tornquist: \u00abSon la cara visible del municipio para todas aquellas mujeres que llegan en situaci\u00f3n de vulnerabilidad\u00bb"},"content":{"rendered":"<p>A ra\u00edz de la presentaci\u00f3n de la Oficina de Violencias por Razones de G\u00e9nero, esta ma\u00f1ana conversamos con la Coordinadora de la Sexta Secci\u00f3n del Ministerio de Mujeres, Pol\u00edticas de G\u00e9nero y Diversidad Sexual de la Provincia de Buenos Aires, Silvia Zabala.<!--more--><\/p>\n<p>\u00abDesde que Bruno asumi\u00f3 y antes de Bruno, con Gabriela Luthi estuvimos trabajando para lograr los avances que se van dando en materia de g\u00e9nero en general, no solamente lo que se da en violencia\u00bb coment\u00f3 Silvia los inicios de la oficina de violencias por razones de g\u00e9nero.<\/p>\n<p>\u00abHist\u00f3ricamente la violencia de g\u00e9nero es ejercida de los varones hacia las mujeres o hacia las diversidades\u00bb explic\u00f3 la Coordinadora del Ministerio de Mujeres de la Provincia. \u00abVale la pena aclararlo, porque hubo algunos conceptos que fueron confusos, como por ejemplo, decir que los varones sufren violencia de g\u00e9nero. Los varones reciben violencia, pero no est\u00e1 considerada de g\u00e9nero\u00bb continu\u00f3 aclarando.<\/p>\n<p>\u00abGenerar procesos de equidad, de igualdad y de no discriminaci\u00f3n por cuestiones de g\u00e9nero\u00bb describi\u00f3 Silvia los objetivos de la oficina. Explic\u00f3 que el programa por el cual se crea esta oficina, donde trabajar\u00e1n una psic\u00f3loga, una abogada, una trabajadora social y dos administrativas, es un programa del Ministerio de Mujeres, Pol\u00edticas de G\u00e9nero y Diversidad Sexual llamado \u00abComunidades sin Violencia\u00bb. \u00abEs una transferencia de fondos de 1,5 mill\u00f3n y 5 millones de pesos a cada uno de los 135 Municipios de la Provincia de Buenos Aires para crear estos espacios o fortalecerlos\u00bb desarroll\u00f3.<\/p>\n<p>Silvia mencion\u00f3 que es importante que quienes ocupen los puestos de la oficina tengan perspectiva de g\u00e9nero, es decir, que sean capaces de visibilizar estas inequidades y desigualdades y que sean capaces de desnaturalizarlas. Agreg\u00f3: \u00abSon la cara visible del municipio para todas aquellas mujeres que llegan en situaci\u00f3n de vulnerabilidad\u00bb, refiri\u00e9ndose a la obligatoriedad de que todas las personas que ofrecen funciones p\u00fablicas est\u00e9n capacitadas en la perspectiva de g\u00e9nero, bajo la Ley Micaela N\u00ba 27.499.<\/p>\n<p>Tambi\u00e9n Silvia habl\u00f3 en relaci\u00f3n a la Mesa Local Intersectorial de Prevenci\u00f3n y Abordaje de la Violencia Familiar y las Violencias por Razones de G\u00e9nero. Un espacio colectivo que permite discutir sobre las miradas que tenemos sobre las pol\u00edticas p\u00fablicas. Silvia menciona que todav\u00eda hay muchas cosas por conquistar, como por ejemplo que se cumpla el Cupo Laboral Trans en nuestro distrito. \u00abEn la medida que estos espacios est\u00e9n, seguro se va a ir creciendo en esta materia\u00bb expres\u00f3.<\/p>\n<p>\u00abCada vez que se abre una oficina, crecen las denuncias\u00bb se refiri\u00f3 a que este fen\u00f3meno se da a ra\u00edz de que las mujeres se ven acompa\u00f1adas y visibilizan que hay un espacio en el Municipio donde podr\u00e1n ser escuchadas y contenidas. Adem\u00e1s, las personas en situaci\u00f3n de violencia de g\u00e9nero obtienen beneficios a trav\u00e9s de distintos planes y programas sociales que las ayudar\u00e1n a salir de esa situaci\u00f3n.<\/p>\n<p>\u00abQue crezcan tambi\u00e9n muestra que empieza a haber respuesta y que tienen espacios donde sentirse contenidas\u00bb expres\u00f3 finalmente.<\/p>\n<p>Nota completa a continuaci\u00f3n:<br \/>\n<iframe loading=\"lazy\" src=\"https:\/\/w.soundcloud.com\/player\/?url=https%3A\/\/api.soundcloud.com\/tracks\/1144378987&amp;color=%23ff5500&amp;auto_play=false&amp;hide_related=false&amp;show_comments=true&amp;show_user=true&amp;show_reposts=false&amp;show_teaser=true\" width=\"100%\" height=\"166\" frameborder=\"no\" scrolling=\"no\"><\/iframe><\/p>\n<div style=\"font-size: 10px; color: #cccccc; line-break: anywhere; word-break: normal; overflow: hidden; white-space: nowrap; text-overflow: ellipsis; font-family: Interstate,Lucida Grande,Lucida Sans Unicode,Lucida Sans,Garuda,Verdana,Tahoma,sans-serif; font-weight: 100;\"><a style=\"color: #cccccc; text-decoration: none;\" title=\"fmreflejos 103.7\" href=\"https:\/\/soundcloud.com\/fmreflejos-103-7\" target=\"_blank\" rel=\"noopener\">fmreflejos 103.7<\/a> \u00b7 <a style=\"color: #cccccc; text-decoration: none;\" title=\"Silvia Zabala\" href=\"https:\/\/soundcloud.com\/fmreflejos-103-7\/silvia-zabala\" target=\"_blank\" rel=\"noopener\">Silvia Zabala<\/a><\/div>\n","protected":false},"excerpt":{"rendered":"<p>A ra\u00edz de la presentaci\u00f3n de la Oficina de Violencias por Razones de G\u00e9nero, esta ma\u00f1ana conversamos con la Coordinadora de la Sexta Secci\u00f3n del Ministerio de Mujeres, Pol\u00edticas de G\u00e9nero y Diversidad Sexual de la Provincia de Buenos Aires, Silvia Zabala.<\/p>\n","protected":false},"author":3,"featured_media":0,"comment_status":"closed","ping_status":"closed","sticky":false,"template":"","format":"standard","meta":{"footnotes":""},"categories":[24,26],"tags":[48],"class_list":["post-63913","post","type-post","status-publish","format-standard","hentry","category-politica","category-sociedad","tag-destacada"],"yoast_head":"<!-- This site is optimized with the Yoast SEO plugin v25.9 - https:\/\/yoast.com\/wordpress\/plugins\/seo\/ -->\n<title>Oficina de Violencias por Razones de G\u00e9nero en Tornquist: &quot;Son la cara visible del municipio para todas aquellas mujeres que llegan en situaci\u00f3n de vulnerabilidad&quot; - Noticias Radio Reflejos<\/title>\n<meta name=\"robots\" content=\"index, follow, max-snippet:-1, max-image-preview:large, max-video-preview:-1\" \/>\n<link rel=\"canonical\" href=\"https:\/\/www.noticiasradioreflejos.com.ar\/2021\/oficina-de-violencias-por-razones-de-genero-en-tornquist-son-la-cara-visible-del-municipio-para-todas-aquellas-mujeres-que-llegan-en-situacion-de-vulnerabilidad\/\" \/>\n<meta property=\"og:locale\" content=\"es_ES\" \/>\n<meta property=\"og:type\" content=\"article\" \/>\n<meta property=\"og:title\" content=\"Oficina de Violencias por Razones de G\u00e9nero en Tornquist: &quot;Son la cara visible del municipio para todas aquellas mujeres que llegan en situaci\u00f3n de vulnerabilidad&quot; - Noticias Radio Reflejos\" \/>\n<meta property=\"og:description\" content=\"A ra\u00edz de la presentaci\u00f3n de la Oficina de Violencias por Razones de G\u00e9nero, esta ma\u00f1ana conversamos con la Coordinadora de la Sexta Secci\u00f3n del Ministerio de Mujeres, Pol\u00edticas de G\u00e9nero y Diversidad Sexual de la Provincia de Buenos Aires, Silvia Zabala.\" \/>\n<meta property=\"og:url\" content=\"https:\/\/www.noticiasradioreflejos.com.ar\/2021\/oficina-de-violencias-por-razones-de-genero-en-tornquist-son-la-cara-visible-del-municipio-para-todas-aquellas-mujeres-que-llegan-en-situacion-de-vulnerabilidad\/\" \/>\n<meta property=\"og:site_name\" content=\"Noticias Radio Reflejos\" \/>\n<meta property=\"article:published_time\" content=\"2021-10-19T23:32:41+00:00\" \/>\n<meta property=\"og:image\" content=\"https:\/\/www.noticiasradioreflejos.com.ar\/2021\/wp-content\/uploads\/2021\/05\/Silvia-Zabala-1.jpg\" \/>\n\t<meta property=\"og:image:width\" content=\"1488\" \/>\n\t<meta property=\"og:image:height\" content=\"1394\" \/>\n\t<meta property=\"og:image:type\" content=\"image\/jpeg\" \/>\n<meta name=\"author\" content=\"Arnaldo Botto\" \/>\n<meta name=\"twitter:card\" content=\"summary_large_image\" \/>\n<script type=\"application\/ld+json\" class=\"yoast-schema-graph\">{\"@context\":\"https:\/\/schema.org\",\"@graph\":[{\"@type\":\"WebPage\",\"@id\":\"https:\/\/www.noticiasradioreflejos.com.ar\/2021\/oficina-de-violencias-por-razones-de-genero-en-tornquist-son-la-cara-visible-del-municipio-para-todas-aquellas-mujeres-que-llegan-en-situacion-de-vulnerabilidad\/\",\"url\":\"https:\/\/www.noticiasradioreflejos.com.ar\/2021\/oficina-de-violencias-por-razones-de-genero-en-tornquist-son-la-cara-visible-del-municipio-para-todas-aquellas-mujeres-que-llegan-en-situacion-de-vulnerabilidad\/\",\"name\":\"Oficina de Violencias por Razones de G\u00e9nero en Tornquist: \\\"Son la cara visible del municipio para todas aquellas mujeres que llegan en situaci\u00f3n de vulnerabilidad\\\" - Noticias Radio Reflejos\",\"isPartOf\":{\"@id\":\"https:\/\/www.noticiasradioreflejos.com.ar\/2021\/#website\"},\"datePublished\":\"2021-10-19T23:32:41+00:00\",\"author\":{\"@id\":\"https:\/\/www.noticiasradioreflejos.com.ar\/2021\/#\/schema\/person\/ad82545263dcc5ec0996818884fd5fb1\"},\"breadcrumb\":{\"@id\":\"https:\/\/www.noticiasradioreflejos.com.ar\/2021\/oficina-de-violencias-por-razones-de-genero-en-tornquist-son-la-cara-visible-del-municipio-para-todas-aquellas-mujeres-que-llegan-en-situacion-de-vulnerabilidad\/#breadcrumb\"},\"inLanguage\":\"es\",\"potentialAction\":[{\"@type\":\"ReadAction\",\"target\":[\"https:\/\/www.noticiasradioreflejos.com.ar\/2021\/oficina-de-violencias-por-razones-de-genero-en-tornquist-son-la-cara-visible-del-municipio-para-todas-aquellas-mujeres-que-llegan-en-situacion-de-vulnerabilidad\/\"]}]},{\"@type\":\"BreadcrumbList\",\"@id\":\"https:\/\/www.noticiasradioreflejos.com.ar\/2021\/oficina-de-violencias-por-razones-de-genero-en-tornquist-son-la-cara-visible-del-municipio-para-todas-aquellas-mujeres-que-llegan-en-situacion-de-vulnerabilidad\/#breadcrumb\",\"itemListElement\":[{\"@type\":\"ListItem\",\"position\":1,\"name\":\"Portada\",\"item\":\"https:\/\/www.noticiasradioreflejos.com.ar\/2021\/\"},{\"@type\":\"ListItem\",\"position\":2,\"name\":\"Oficina de Violencias por Razones de G\u00e9nero en Tornquist: \u00abSon la cara visible del municipio para todas aquellas mujeres que llegan en situaci\u00f3n de vulnerabilidad\u00bb\"}]},{\"@type\":\"WebSite\",\"@id\":\"https:\/\/www.noticiasradioreflejos.com.ar\/2021\/#website\",\"url\":\"https:\/\/www.noticiasradioreflejos.com.ar\/2021\/\",\"name\":\"Noticias Radio Reflejos\",\"description\":\"Las noticias de mi comarca\",\"potentialAction\":[{\"@type\":\"SearchAction\",\"target\":{\"@type\":\"EntryPoint\",\"urlTemplate\":\"https:\/\/www.noticiasradioreflejos.com.ar\/2021\/?s={search_term_string}\"},\"query-input\":{\"@type\":\"PropertyValueSpecification\",\"valueRequired\":true,\"valueName\":\"search_term_string\"}}],\"inLanguage\":\"es\"},{\"@type\":\"Person\",\"@id\":\"https:\/\/www.noticiasradioreflejos.com.ar\/2021\/#\/schema\/person\/ad82545263dcc5ec0996818884fd5fb1\",\"name\":\"Arnaldo Botto\",\"image\":{\"@type\":\"ImageObject\",\"inLanguage\":\"es\",\"@id\":\"https:\/\/www.noticiasradioreflejos.com.ar\/2021\/#\/schema\/person\/image\/\",\"url\":\"https:\/\/secure.gravatar.com\/avatar\/55cb5e37c1efa326397366e6974cb338056df65cb50e7d64d1cf314e87504837?s=96&d=mm&r=g\",\"contentUrl\":\"https:\/\/secure.gravatar.com\/avatar\/55cb5e37c1efa326397366e6974cb338056df65cb50e7d64d1cf314e87504837?s=96&d=mm&r=g\",\"caption\":\"Arnaldo Botto\"},\"url\":\"https:\/\/www.noticiasradioreflejos.com.ar\/2021\/author\/arnaldo\/\"}]}<\/script>\n<!-- \/ Yoast SEO plugin. -->","yoast_head_json":{"title":"Oficina de Violencias por Razones de G\u00e9nero en Tornquist: \"Son la cara visible del municipio para todas aquellas mujeres que llegan en situaci\u00f3n de vulnerabilidad\" - Noticias Radio Reflejos","robots":{"index":"index","follow":"follow","max-snippet":"max-snippet:-1","max-image-preview":"max-image-preview:large","max-video-preview":"max-video-preview:-1"},"canonical":"https:\/\/www.noticiasradioreflejos.com.ar\/2021\/oficina-de-violencias-por-razones-de-genero-en-tornquist-son-la-cara-visible-del-municipio-para-todas-aquellas-mujeres-que-llegan-en-situacion-de-vulnerabilidad\/","og_locale":"es_ES","og_type":"article","og_title":"Oficina de Violencias por Razones de G\u00e9nero en Tornquist: \"Son la cara visible del municipio para todas aquellas mujeres que llegan en situaci\u00f3n de vulnerabilidad\" - Noticias Radio Reflejos","og_description":"A ra\u00edz de la presentaci\u00f3n de la Oficina de Violencias por Razones de G\u00e9nero, esta ma\u00f1ana conversamos con la Coordinadora de la Sexta Secci\u00f3n del Ministerio de Mujeres, Pol\u00edticas de G\u00e9nero y Diversidad Sexual de la Provincia de Buenos Aires, Silvia Zabala.","og_url":"https:\/\/www.noticiasradioreflejos.com.ar\/2021\/oficina-de-violencias-por-razones-de-genero-en-tornquist-son-la-cara-visible-del-municipio-para-todas-aquellas-mujeres-que-llegan-en-situacion-de-vulnerabilidad\/","og_site_name":"Noticias Radio Reflejos","article_published_time":"2021-10-19T23:32:41+00:00","og_image":[{"width":1488,"height":1394,"url":"https:\/\/www.noticiasradioreflejos.com.ar\/2021\/wp-content\/uploads\/2021\/05\/Silvia-Zabala-1.jpg","type":"image\/jpeg"}],"author":"Arnaldo Botto","twitter_card":"summary_large_image","schema":{"@context":"https:\/\/schema.org","@graph":[{"@type":"WebPage","@id":"https:\/\/www.noticiasradioreflejos.com.ar\/2021\/oficina-de-violencias-por-razones-de-genero-en-tornquist-son-la-cara-visible-del-municipio-para-todas-aquellas-mujeres-que-llegan-en-situacion-de-vulnerabilidad\/","url":"https:\/\/www.noticiasradioreflejos.com.ar\/2021\/oficina-de-violencias-por-razones-de-genero-en-tornquist-son-la-cara-visible-del-municipio-para-todas-aquellas-mujeres-que-llegan-en-situacion-de-vulnerabilidad\/","name":"Oficina de Violencias por Razones de G\u00e9nero en Tornquist: \"Son la cara visible del municipio para todas aquellas mujeres que llegan en situaci\u00f3n de vulnerabilidad\" - Noticias Radio Reflejos","isPartOf":{"@id":"https:\/\/www.noticiasradioreflejos.com.ar\/2021\/#website"},"datePublished":"2021-10-19T23:32:41+00:00","author":{"@id":"https:\/\/www.noticiasradioreflejos.com.ar\/2021\/#\/schema\/person\/ad82545263dcc5ec0996818884fd5fb1"},"breadcrumb":{"@id":"https:\/\/www.noticiasradioreflejos.com.ar\/2021\/oficina-de-violencias-por-razones-de-genero-en-tornquist-son-la-cara-visible-del-municipio-para-todas-aquellas-mujeres-que-llegan-en-situacion-de-vulnerabilidad\/#breadcrumb"},"inLanguage":"es","potentialAction":[{"@type":"ReadAction","target":["https:\/\/www.noticiasradioreflejos.com.ar\/2021\/oficina-de-violencias-por-razones-de-genero-en-tornquist-son-la-cara-visible-del-municipio-para-todas-aquellas-mujeres-que-llegan-en-situacion-de-vulnerabilidad\/"]}]},{"@type":"BreadcrumbList","@id":"https:\/\/www.noticiasradioreflejos.com.ar\/2021\/oficina-de-violencias-por-razones-de-genero-en-tornquist-son-la-cara-visible-del-municipio-para-todas-aquellas-mujeres-que-llegan-en-situacion-de-vulnerabilidad\/#breadcrumb","itemListElement":[{"@type":"ListItem","position":1,"name":"Portada","item":"https:\/\/www.noticiasradioreflejos.com.ar\/2021\/"},{"@type":"ListItem","position":2,"name":"Oficina de Violencias por Razones de G\u00e9nero en Tornquist: \u00abSon la cara visible del municipio para todas aquellas mujeres que llegan en situaci\u00f3n de vulnerabilidad\u00bb"}]},{"@type":"WebSite","@id":"https:\/\/www.noticiasradioreflejos.com.ar\/2021\/#website","url":"https:\/\/www.noticiasradioreflejos.com.ar\/2021\/","name":"Noticias Radio Reflejos","description":"Las noticias de mi comarca","potentialAction":[{"@type":"SearchAction","target":{"@type":"EntryPoint","urlTemplate":"https:\/\/www.noticiasradioreflejos.com.ar\/2021\/?s={search_term_string}"},"query-input":{"@type":"PropertyValueSpecification","valueRequired":true,"valueName":"search_term_string"}}],"inLanguage":"es"},{"@type":"Person","@id":"https:\/\/www.noticiasradioreflejos.com.ar\/2021\/#\/schema\/person\/ad82545263dcc5ec0996818884fd5fb1","name":"Arnaldo Botto","image":{"@type":"ImageObject","inLanguage":"es","@id":"https:\/\/www.noticiasradioreflejos.com.ar\/2021\/#\/schema\/person\/image\/","url":"https:\/\/secure.gravatar.com\/avatar\/55cb5e37c1efa326397366e6974cb338056df65cb50e7d64d1cf314e87504837?s=96&d=mm&r=g","contentUrl":"https:\/\/secure.gravatar.com\/avatar\/55cb5e37c1efa326397366e6974cb338056df65cb50e7d64d1cf314e87504837?s=96&d=mm&r=g","caption":"Arnaldo Botto"},"url":"https:\/\/www.noticiasradioreflejos.com.ar\/2021\/author\/arnaldo\/"}]}},"_links":{"self":[{"href":"https:\/\/www.noticiasradioreflejos.com.ar\/2021\/wp-json\/wp\/v2\/posts\/63913","targetHints":{"allow":["GET"]}}],"collection":[{"href":"https:\/\/www.noticiasradioreflejos.com.ar\/2021\/wp-json\/wp\/v2\/posts"}],"about":[{"href":"https:\/\/www.noticiasradioreflejos.com.ar\/2021\/wp-json\/wp\/v2\/types\/post"}],"author":[{"embeddable":true,"href":"https:\/\/www.noticiasradioreflejos.com.ar\/2021\/wp-json\/wp\/v2\/users\/3"}],"replies":[{"embeddable":true,"href":"https:\/\/www.noticiasradioreflejos.com.ar\/2021\/wp-json\/wp\/v2\/comments?post=63913"}],"version-history":[{"count":2,"href":"https:\/\/www.noticiasradioreflejos.com.ar\/2021\/wp-json\/wp\/v2\/posts\/63913\/revisions"}],"predecessor-version":[{"id":63924,"href":"https:\/\/www.noticiasradioreflejos.com.ar\/2021\/wp-json\/wp\/v2\/posts\/63913\/revisions\/63924"}],"wp:attachment":[{"href":"https:\/\/www.noticiasradioreflejos.com.ar\/2021\/wp-json\/wp\/v2\/media?parent=63913"}],"wp:term":[{"taxonomy":"category","embeddable":true,"href":"https:\/\/www.noticiasradioreflejos.com.ar\/2021\/wp-json\/wp\/v2\/categories?post=63913"},{"taxonomy":"post_tag","embeddable":true,"href":"https:\/\/www.noticiasradioreflejos.com.ar\/2021\/wp-json\/wp\/v2\/tags?post=63913"}],"curies":[{"name":"wp","href":"https:\/\/api.w.org\/{rel}","templated":true}]}}