{"id":63730,"date":"2021-10-14T20:41:52","date_gmt":"2021-10-14T20:41:52","guid":{"rendered":"http:\/\/www.noticiasradioreflejos.com.ar\/2021\/?p=63730"},"modified":"2021-10-14T20:41:52","modified_gmt":"2021-10-14T20:41:52","slug":"avanzan-las-tareas-de-restauracion-del-interior-de-la-casa-de-gobierno","status":"publish","type":"post","link":"https:\/\/www.noticiasradioreflejos.com.ar\/2021\/avanzan-las-tareas-de-restauracion-del-interior-de-la-casa-de-gobierno\/","title":{"rendered":"Avanzan las tareas de restauraci\u00f3n del interior de la Casa de Gobierno"},"content":{"rendered":"<p>Un equipo de restauradores de la Universidad Nacional de San Mart\u00edn comenz\u00f3 con las tareas de restauraci\u00f3n de restauraci\u00f3n de las pinturas decorativas del hall principal y del Sal\u00f3n Dorado de la <strong>Casa de Gobierno bonaerense<\/strong> en el marco de los trabajos de puesta en valor de distintos edificios p\u00fablicos.<!--more--><\/p>\n<p>El secretario general, Federico Thea, explic\u00f3 que \u201cdesde el inicio de la gesti\u00f3n nos propusimos mejorar las condiciones de los espacios los espacios patrimoniales de las y los bonaerenses como la Casa de Gobierno, declarada monumento de inter\u00e9s hist\u00f3rico provincial y monumento hist\u00f3rico nacional, o las Torres Administrativa para lo cual hemos acordado con distintas Universidades con asiento en la Provincia que colaboren en la reconstrucci\u00f3n\u201d.<\/p>\n<p>As\u00ed, en el caso del interior del edificio de la Gobernaci\u00f3n, la UNSAM, a trav\u00e9s de la Escuela de Arte y Patrimonio y el taller TAREA, est\u00e1 realizando evaluaciones y diagn\u00f3sticos sobre el estado de conservaci\u00f3n de los distintos elementos decorativos.<\/p>\n<p>Entre los trabajos se encuentran el retiro de pinturas no originales y la limpieza y an\u00e1lisis de laboratorio de los materiales hallados en estos sectores considerados de alto valor hist\u00f3rico. Estos permitieron, por ejemplo, redescubrir figuras originales que se encontraban ocultas por distintas capas y que hoy est\u00e1n saliendo nuevamente a la luz.<\/p>\n<p>Los trabajos de puesta en valor de la Casa de Gobierno se complementan, adem\u00e1s, entre otros aspectos, con la restauraci\u00f3n de las c\u00fapulas ubicadas sobre la calle 6 y las cubiertas planas de chapas galvanizadas en el interior del edificio, tareas cuya licitaci\u00f3n estuvo a cargo del Ministerio de Infraestructura y Servicios P\u00fablicos.<\/p>\n<p><a title=\"restauraci\u00f3n 2\" href=\"https:\/\/www.flickr.com\/photos\/182279889@N02\/51589980109\/in\/dateposted-public\/\" data-flickr-embed=\"true\"><img loading=\"lazy\" decoding=\"async\" src=\"https:\/\/live.staticflickr.com\/65535\/51589980109_9a32c8a05d_c.jpg\" alt=\"restauraci\u00f3n 2\" width=\"534\" height=\"800\" \/><\/a><script async src=\"\/\/embedr.flickr.com\/assets\/client-code.js\" charset=\"utf-8\"><\/script><\/p>\n","protected":false},"excerpt":{"rendered":"<p>Un equipo de restauradores de la Universidad Nacional de San Mart\u00edn comenz\u00f3 con las tareas de restauraci\u00f3n de restauraci\u00f3n de las pinturas decorativas del hall principal y del Sal\u00f3n Dorado de la Casa de Gobierno bonaerense en el marco de los trabajos de puesta en valor de distintos edificios p\u00fablicos.<\/p>\n","protected":false},"author":3,"featured_media":0,"comment_status":"closed","ping_status":"closed","sticky":false,"template":"","format":"standard","meta":{"footnotes":""},"categories":[24,26],"tags":[],"class_list":["post-63730","post","type-post","status-publish","format-standard","hentry","category-politica","category-sociedad"],"yoast_head":"<!-- This site is optimized with the Yoast SEO plugin v25.9 - https:\/\/yoast.com\/wordpress\/plugins\/seo\/ -->\n<title>Avanzan las tareas de restauraci\u00f3n del interior de la Casa de Gobierno - Noticias Radio Reflejos<\/title>\n<meta name=\"robots\" content=\"index, follow, max-snippet:-1, max-image-preview:large, max-video-preview:-1\" \/>\n<link rel=\"canonical\" href=\"https:\/\/www.noticiasradioreflejos.com.ar\/2021\/avanzan-las-tareas-de-restauracion-del-interior-de-la-casa-de-gobierno\/\" \/>\n<meta property=\"og:locale\" content=\"es_ES\" \/>\n<meta property=\"og:type\" content=\"article\" \/>\n<meta property=\"og:title\" content=\"Avanzan las tareas de restauraci\u00f3n del interior de la Casa de Gobierno - Noticias Radio Reflejos\" \/>\n<meta property=\"og:description\" content=\"Un equipo de restauradores de la Universidad Nacional de San Mart\u00edn comenz\u00f3 con las tareas de restauraci\u00f3n de restauraci\u00f3n de las pinturas decorativas del hall principal y del Sal\u00f3n Dorado de la Casa de Gobierno bonaerense en el marco de los trabajos de puesta en valor de distintos edificios p\u00fablicos.\" \/>\n<meta property=\"og:url\" content=\"https:\/\/www.noticiasradioreflejos.com.ar\/2021\/avanzan-las-tareas-de-restauracion-del-interior-de-la-casa-de-gobierno\/\" \/>\n<meta property=\"og:site_name\" content=\"Noticias Radio Reflejos\" \/>\n<meta property=\"article:published_time\" content=\"2021-10-14T20:41:52+00:00\" \/>\n<meta property=\"og:image\" content=\"https:\/\/live.staticflickr.com\/65535\/51589980109_9a32c8a05d_c.jpg\" \/>\n<meta name=\"author\" content=\"Arnaldo Botto\" \/>\n<meta name=\"twitter:card\" content=\"summary_large_image\" \/>\n<script type=\"application\/ld+json\" class=\"yoast-schema-graph\">{\"@context\":\"https:\/\/schema.org\",\"@graph\":[{\"@type\":\"WebPage\",\"@id\":\"https:\/\/www.noticiasradioreflejos.com.ar\/2021\/avanzan-las-tareas-de-restauracion-del-interior-de-la-casa-de-gobierno\/\",\"url\":\"https:\/\/www.noticiasradioreflejos.com.ar\/2021\/avanzan-las-tareas-de-restauracion-del-interior-de-la-casa-de-gobierno\/\",\"name\":\"Avanzan las tareas de restauraci\u00f3n del interior de la Casa de Gobierno - Noticias Radio Reflejos\",\"isPartOf\":{\"@id\":\"https:\/\/www.noticiasradioreflejos.com.ar\/2021\/#website\"},\"primaryImageOfPage\":{\"@id\":\"https:\/\/www.noticiasradioreflejos.com.ar\/2021\/avanzan-las-tareas-de-restauracion-del-interior-de-la-casa-de-gobierno\/#primaryimage\"},\"image\":{\"@id\":\"https:\/\/www.noticiasradioreflejos.com.ar\/2021\/avanzan-las-tareas-de-restauracion-del-interior-de-la-casa-de-gobierno\/#primaryimage\"},\"thumbnailUrl\":\"https:\/\/live.staticflickr.com\/65535\/51589980109_9a32c8a05d_c.jpg\",\"datePublished\":\"2021-10-14T20:41:52+00:00\",\"author\":{\"@id\":\"https:\/\/www.noticiasradioreflejos.com.ar\/2021\/#\/schema\/person\/ad82545263dcc5ec0996818884fd5fb1\"},\"breadcrumb\":{\"@id\":\"https:\/\/www.noticiasradioreflejos.com.ar\/2021\/avanzan-las-tareas-de-restauracion-del-interior-de-la-casa-de-gobierno\/#breadcrumb\"},\"inLanguage\":\"es\",\"potentialAction\":[{\"@type\":\"ReadAction\",\"target\":[\"https:\/\/www.noticiasradioreflejos.com.ar\/2021\/avanzan-las-tareas-de-restauracion-del-interior-de-la-casa-de-gobierno\/\"]}]},{\"@type\":\"ImageObject\",\"inLanguage\":\"es\",\"@id\":\"https:\/\/www.noticiasradioreflejos.com.ar\/2021\/avanzan-las-tareas-de-restauracion-del-interior-de-la-casa-de-gobierno\/#primaryimage\",\"url\":\"https:\/\/live.staticflickr.com\/65535\/51589980109_9a32c8a05d_c.jpg\",\"contentUrl\":\"https:\/\/live.staticflickr.com\/65535\/51589980109_9a32c8a05d_c.jpg\"},{\"@type\":\"BreadcrumbList\",\"@id\":\"https:\/\/www.noticiasradioreflejos.com.ar\/2021\/avanzan-las-tareas-de-restauracion-del-interior-de-la-casa-de-gobierno\/#breadcrumb\",\"itemListElement\":[{\"@type\":\"ListItem\",\"position\":1,\"name\":\"Portada\",\"item\":\"https:\/\/www.noticiasradioreflejos.com.ar\/2021\/\"},{\"@type\":\"ListItem\",\"position\":2,\"name\":\"Avanzan las tareas de restauraci\u00f3n del interior de la Casa de Gobierno\"}]},{\"@type\":\"WebSite\",\"@id\":\"https:\/\/www.noticiasradioreflejos.com.ar\/2021\/#website\",\"url\":\"https:\/\/www.noticiasradioreflejos.com.ar\/2021\/\",\"name\":\"Noticias Radio Reflejos\",\"description\":\"Las noticias de mi comarca\",\"potentialAction\":[{\"@type\":\"SearchAction\",\"target\":{\"@type\":\"EntryPoint\",\"urlTemplate\":\"https:\/\/www.noticiasradioreflejos.com.ar\/2021\/?s={search_term_string}\"},\"query-input\":{\"@type\":\"PropertyValueSpecification\",\"valueRequired\":true,\"valueName\":\"search_term_string\"}}],\"inLanguage\":\"es\"},{\"@type\":\"Person\",\"@id\":\"https:\/\/www.noticiasradioreflejos.com.ar\/2021\/#\/schema\/person\/ad82545263dcc5ec0996818884fd5fb1\",\"name\":\"Arnaldo Botto\",\"image\":{\"@type\":\"ImageObject\",\"inLanguage\":\"es\",\"@id\":\"https:\/\/www.noticiasradioreflejos.com.ar\/2021\/#\/schema\/person\/image\/\",\"url\":\"https:\/\/secure.gravatar.com\/avatar\/55cb5e37c1efa326397366e6974cb338056df65cb50e7d64d1cf314e87504837?s=96&d=mm&r=g\",\"contentUrl\":\"https:\/\/secure.gravatar.com\/avatar\/55cb5e37c1efa326397366e6974cb338056df65cb50e7d64d1cf314e87504837?s=96&d=mm&r=g\",\"caption\":\"Arnaldo Botto\"},\"url\":\"https:\/\/www.noticiasradioreflejos.com.ar\/2021\/author\/arnaldo\/\"}]}<\/script>\n<!-- \/ Yoast SEO plugin. -->","yoast_head_json":{"title":"Avanzan las tareas de restauraci\u00f3n del interior de la Casa de Gobierno - Noticias Radio Reflejos","robots":{"index":"index","follow":"follow","max-snippet":"max-snippet:-1","max-image-preview":"max-image-preview:large","max-video-preview":"max-video-preview:-1"},"canonical":"https:\/\/www.noticiasradioreflejos.com.ar\/2021\/avanzan-las-tareas-de-restauracion-del-interior-de-la-casa-de-gobierno\/","og_locale":"es_ES","og_type":"article","og_title":"Avanzan las tareas de restauraci\u00f3n del interior de la Casa de Gobierno - Noticias Radio Reflejos","og_description":"Un equipo de restauradores de la Universidad Nacional de San Mart\u00edn comenz\u00f3 con las tareas de restauraci\u00f3n de restauraci\u00f3n de las pinturas decorativas del hall principal y del Sal\u00f3n Dorado de la Casa de Gobierno bonaerense en el marco de los trabajos de puesta en valor de distintos edificios p\u00fablicos.","og_url":"https:\/\/www.noticiasradioreflejos.com.ar\/2021\/avanzan-las-tareas-de-restauracion-del-interior-de-la-casa-de-gobierno\/","og_site_name":"Noticias Radio Reflejos","article_published_time":"2021-10-14T20:41:52+00:00","og_image":[{"url":"https:\/\/live.staticflickr.com\/65535\/51589980109_9a32c8a05d_c.jpg","type":"","width":"","height":""}],"author":"Arnaldo Botto","twitter_card":"summary_large_image","schema":{"@context":"https:\/\/schema.org","@graph":[{"@type":"WebPage","@id":"https:\/\/www.noticiasradioreflejos.com.ar\/2021\/avanzan-las-tareas-de-restauracion-del-interior-de-la-casa-de-gobierno\/","url":"https:\/\/www.noticiasradioreflejos.com.ar\/2021\/avanzan-las-tareas-de-restauracion-del-interior-de-la-casa-de-gobierno\/","name":"Avanzan las tareas de restauraci\u00f3n del interior de la Casa de Gobierno - Noticias Radio Reflejos","isPartOf":{"@id":"https:\/\/www.noticiasradioreflejos.com.ar\/2021\/#website"},"primaryImageOfPage":{"@id":"https:\/\/www.noticiasradioreflejos.com.ar\/2021\/avanzan-las-tareas-de-restauracion-del-interior-de-la-casa-de-gobierno\/#primaryimage"},"image":{"@id":"https:\/\/www.noticiasradioreflejos.com.ar\/2021\/avanzan-las-tareas-de-restauracion-del-interior-de-la-casa-de-gobierno\/#primaryimage"},"thumbnailUrl":"https:\/\/live.staticflickr.com\/65535\/51589980109_9a32c8a05d_c.jpg","datePublished":"2021-10-14T20:41:52+00:00","author":{"@id":"https:\/\/www.noticiasradioreflejos.com.ar\/2021\/#\/schema\/person\/ad82545263dcc5ec0996818884fd5fb1"},"breadcrumb":{"@id":"https:\/\/www.noticiasradioreflejos.com.ar\/2021\/avanzan-las-tareas-de-restauracion-del-interior-de-la-casa-de-gobierno\/#breadcrumb"},"inLanguage":"es","potentialAction":[{"@type":"ReadAction","target":["https:\/\/www.noticiasradioreflejos.com.ar\/2021\/avanzan-las-tareas-de-restauracion-del-interior-de-la-casa-de-gobierno\/"]}]},{"@type":"ImageObject","inLanguage":"es","@id":"https:\/\/www.noticiasradioreflejos.com.ar\/2021\/avanzan-las-tareas-de-restauracion-del-interior-de-la-casa-de-gobierno\/#primaryimage","url":"https:\/\/live.staticflickr.com\/65535\/51589980109_9a32c8a05d_c.jpg","contentUrl":"https:\/\/live.staticflickr.com\/65535\/51589980109_9a32c8a05d_c.jpg"},{"@type":"BreadcrumbList","@id":"https:\/\/www.noticiasradioreflejos.com.ar\/2021\/avanzan-las-tareas-de-restauracion-del-interior-de-la-casa-de-gobierno\/#breadcrumb","itemListElement":[{"@type":"ListItem","position":1,"name":"Portada","item":"https:\/\/www.noticiasradioreflejos.com.ar\/2021\/"},{"@type":"ListItem","position":2,"name":"Avanzan las tareas de restauraci\u00f3n del interior de la Casa de Gobierno"}]},{"@type":"WebSite","@id":"https:\/\/www.noticiasradioreflejos.com.ar\/2021\/#website","url":"https:\/\/www.noticiasradioreflejos.com.ar\/2021\/","name":"Noticias Radio Reflejos","description":"Las noticias de mi comarca","potentialAction":[{"@type":"SearchAction","target":{"@type":"EntryPoint","urlTemplate":"https:\/\/www.noticiasradioreflejos.com.ar\/2021\/?s={search_term_string}"},"query-input":{"@type":"PropertyValueSpecification","valueRequired":true,"valueName":"search_term_string"}}],"inLanguage":"es"},{"@type":"Person","@id":"https:\/\/www.noticiasradioreflejos.com.ar\/2021\/#\/schema\/person\/ad82545263dcc5ec0996818884fd5fb1","name":"Arnaldo Botto","image":{"@type":"ImageObject","inLanguage":"es","@id":"https:\/\/www.noticiasradioreflejos.com.ar\/2021\/#\/schema\/person\/image\/","url":"https:\/\/secure.gravatar.com\/avatar\/55cb5e37c1efa326397366e6974cb338056df65cb50e7d64d1cf314e87504837?s=96&d=mm&r=g","contentUrl":"https:\/\/secure.gravatar.com\/avatar\/55cb5e37c1efa326397366e6974cb338056df65cb50e7d64d1cf314e87504837?s=96&d=mm&r=g","caption":"Arnaldo Botto"},"url":"https:\/\/www.noticiasradioreflejos.com.ar\/2021\/author\/arnaldo\/"}]}},"_links":{"self":[{"href":"https:\/\/www.noticiasradioreflejos.com.ar\/2021\/wp-json\/wp\/v2\/posts\/63730","targetHints":{"allow":["GET"]}}],"collection":[{"href":"https:\/\/www.noticiasradioreflejos.com.ar\/2021\/wp-json\/wp\/v2\/posts"}],"about":[{"href":"https:\/\/www.noticiasradioreflejos.com.ar\/2021\/wp-json\/wp\/v2\/types\/post"}],"author":[{"embeddable":true,"href":"https:\/\/www.noticiasradioreflejos.com.ar\/2021\/wp-json\/wp\/v2\/users\/3"}],"replies":[{"embeddable":true,"href":"https:\/\/www.noticiasradioreflejos.com.ar\/2021\/wp-json\/wp\/v2\/comments?post=63730"}],"version-history":[{"count":1,"href":"https:\/\/www.noticiasradioreflejos.com.ar\/2021\/wp-json\/wp\/v2\/posts\/63730\/revisions"}],"predecessor-version":[{"id":63732,"href":"https:\/\/www.noticiasradioreflejos.com.ar\/2021\/wp-json\/wp\/v2\/posts\/63730\/revisions\/63732"}],"wp:attachment":[{"href":"https:\/\/www.noticiasradioreflejos.com.ar\/2021\/wp-json\/wp\/v2\/media?parent=63730"}],"wp:term":[{"taxonomy":"category","embeddable":true,"href":"https:\/\/www.noticiasradioreflejos.com.ar\/2021\/wp-json\/wp\/v2\/categories?post=63730"},{"taxonomy":"post_tag","embeddable":true,"href":"https:\/\/www.noticiasradioreflejos.com.ar\/2021\/wp-json\/wp\/v2\/tags?post=63730"}],"curies":[{"name":"wp","href":"https:\/\/api.w.org\/{rel}","templated":true}]}}