{"id":63715,"date":"2021-10-14T14:58:16","date_gmt":"2021-10-14T14:58:16","guid":{"rendered":"http:\/\/www.noticiasradioreflejos.com.ar\/2021\/?p=63715"},"modified":"2021-10-14T14:58:16","modified_gmt":"2021-10-14T14:58:16","slug":"violencia-de-genero-y-la-necesidad-de-generar-politicas-concretas-desde-el-estado","status":"publish","type":"post","link":"https:\/\/www.noticiasradioreflejos.com.ar\/2021\/violencia-de-genero-y-la-necesidad-de-generar-politicas-concretas-desde-el-estado\/","title":{"rendered":"Violencia de g\u00e9nero y la necesidad de generar pol\u00edticas concretas desde el Estado"},"content":{"rendered":"<p style=\"font-weight: 400;\">El pr\u00f3ximo 21 de octubre a las 19 hs., se llevar\u00e1 a cabo la conferencia \u201cViolencia de g\u00e9nero: un desaf\u00edo para las estructuras estatales\u201d, de la que participar\u00e1n especialistas en la materia y ser\u00e1 moderada por la referente nacional de Igualar, Carmela Moreau.<!--more--><\/p>\n<p style=\"font-weight: 400;\">El panel estar\u00e1 formado por el Dr. Gustavo Ratta, m\u00e9dico, docente y autor de del libro \u201cViolencia de Genero en la Ciudad\u00bb, la Dra. Mariana Barbitta, abogada y presidente de AMPA (Asociaci\u00f3n de Mujeres Penalistas de Argentina); la Dra. Melisa Garc\u00eda, abogada y fundadora de Abofem (Abogadas feministas) y la legisladora porte\u00f1a Laura Velasco, presidenta de la comisi\u00f3n de la Mujer, Infancia, Adolescencia y Juventud.<\/p>\n<p style=\"font-weight: 400;\">\u201cLa violencia de g\u00e9nero y los femicidios se van acrecentando a\u00f1o tras a\u00f1o, la curva de crecimiento de casos es alarmante, siempre en constante ascenso. Es una problem\u00e1tica de Estado, donde se requiere pol\u00edtica p\u00fablica. Intentamos hacer un aporte para que no existan seres humanos sufrientes de violencia de g\u00e9nero y erradicar muertes evitables, consecuencias de femicidios\u201d, explic\u00f3 el Dr. Gustavo Ratta.<\/p>\n<p style=\"font-weight: 400;\">La conferencia, que es organizada por el partido Igualar, se desarrollar\u00e1 en el Centro Cultural Caras y Caretas (Venezuela 330, CABA), y ser\u00e1 transmitida, en vivo y en directo, a trav\u00e9s del canal de youtube \/igualarargentina.<\/p>\n<p><a title=\"conferencia01\" href=\"https:\/\/www.flickr.com\/photos\/182279889@N02\/51587458207\/in\/dateposted-public\/\" data-flickr-embed=\"true\"><img loading=\"lazy\" decoding=\"async\" src=\"https:\/\/live.staticflickr.com\/65535\/51587458207_a8d28ae0dc_c.jpg\" alt=\"conferencia01\" width=\"800\" height=\"800\" \/><\/a><script async src=\"\/\/embedr.flickr.com\/assets\/client-code.js\" charset=\"utf-8\"><\/script><\/p>\n","protected":false},"excerpt":{"rendered":"<p>El pr\u00f3ximo 21 de octubre a las 19 hs., se llevar\u00e1 a cabo la conferencia \u201cViolencia de g\u00e9nero: un desaf\u00edo para las estructuras estatales\u201d, de la que participar\u00e1n especialistas en la materia y ser\u00e1 moderada por la referente nacional de Igualar, Carmela Moreau.<\/p>\n","protected":false},"author":3,"featured_media":0,"comment_status":"closed","ping_status":"closed","sticky":false,"template":"","format":"standard","meta":{"footnotes":""},"categories":[24],"tags":[],"class_list":["post-63715","post","type-post","status-publish","format-standard","hentry","category-politica"],"yoast_head":"<!-- This site is optimized with the Yoast SEO plugin v25.9 - https:\/\/yoast.com\/wordpress\/plugins\/seo\/ -->\n<title>Violencia de g\u00e9nero y la necesidad de generar pol\u00edticas concretas desde el Estado - Noticias Radio Reflejos<\/title>\n<meta name=\"robots\" content=\"index, follow, max-snippet:-1, max-image-preview:large, max-video-preview:-1\" \/>\n<link rel=\"canonical\" href=\"https:\/\/www.noticiasradioreflejos.com.ar\/2021\/violencia-de-genero-y-la-necesidad-de-generar-politicas-concretas-desde-el-estado\/\" \/>\n<meta property=\"og:locale\" content=\"es_ES\" \/>\n<meta property=\"og:type\" content=\"article\" \/>\n<meta property=\"og:title\" content=\"Violencia de g\u00e9nero y la necesidad de generar pol\u00edticas concretas desde el Estado - Noticias Radio Reflejos\" \/>\n<meta property=\"og:description\" content=\"El pr\u00f3ximo 21 de octubre a las 19 hs., se llevar\u00e1 a cabo la conferencia \u201cViolencia de g\u00e9nero: un desaf\u00edo para las estructuras estatales\u201d, de la que participar\u00e1n especialistas en la materia y ser\u00e1 moderada por la referente nacional de Igualar, Carmela Moreau.\" \/>\n<meta property=\"og:url\" content=\"https:\/\/www.noticiasradioreflejos.com.ar\/2021\/violencia-de-genero-y-la-necesidad-de-generar-politicas-concretas-desde-el-estado\/\" \/>\n<meta property=\"og:site_name\" content=\"Noticias Radio Reflejos\" \/>\n<meta property=\"article:published_time\" content=\"2021-10-14T14:58:16+00:00\" \/>\n<meta property=\"og:image\" content=\"https:\/\/live.staticflickr.com\/65535\/51587458207_a8d28ae0dc_c.jpg\" \/>\n<meta name=\"author\" content=\"Arnaldo Botto\" \/>\n<meta name=\"twitter:card\" content=\"summary_large_image\" \/>\n<script type=\"application\/ld+json\" class=\"yoast-schema-graph\">{\"@context\":\"https:\/\/schema.org\",\"@graph\":[{\"@type\":\"WebPage\",\"@id\":\"https:\/\/www.noticiasradioreflejos.com.ar\/2021\/violencia-de-genero-y-la-necesidad-de-generar-politicas-concretas-desde-el-estado\/\",\"url\":\"https:\/\/www.noticiasradioreflejos.com.ar\/2021\/violencia-de-genero-y-la-necesidad-de-generar-politicas-concretas-desde-el-estado\/\",\"name\":\"Violencia de g\u00e9nero y la necesidad de generar pol\u00edticas concretas desde el Estado - Noticias Radio Reflejos\",\"isPartOf\":{\"@id\":\"https:\/\/www.noticiasradioreflejos.com.ar\/2021\/#website\"},\"primaryImageOfPage\":{\"@id\":\"https:\/\/www.noticiasradioreflejos.com.ar\/2021\/violencia-de-genero-y-la-necesidad-de-generar-politicas-concretas-desde-el-estado\/#primaryimage\"},\"image\":{\"@id\":\"https:\/\/www.noticiasradioreflejos.com.ar\/2021\/violencia-de-genero-y-la-necesidad-de-generar-politicas-concretas-desde-el-estado\/#primaryimage\"},\"thumbnailUrl\":\"https:\/\/live.staticflickr.com\/65535\/51587458207_a8d28ae0dc_c.jpg\",\"datePublished\":\"2021-10-14T14:58:16+00:00\",\"author\":{\"@id\":\"https:\/\/www.noticiasradioreflejos.com.ar\/2021\/#\/schema\/person\/ad82545263dcc5ec0996818884fd5fb1\"},\"breadcrumb\":{\"@id\":\"https:\/\/www.noticiasradioreflejos.com.ar\/2021\/violencia-de-genero-y-la-necesidad-de-generar-politicas-concretas-desde-el-estado\/#breadcrumb\"},\"inLanguage\":\"es\",\"potentialAction\":[{\"@type\":\"ReadAction\",\"target\":[\"https:\/\/www.noticiasradioreflejos.com.ar\/2021\/violencia-de-genero-y-la-necesidad-de-generar-politicas-concretas-desde-el-estado\/\"]}]},{\"@type\":\"ImageObject\",\"inLanguage\":\"es\",\"@id\":\"https:\/\/www.noticiasradioreflejos.com.ar\/2021\/violencia-de-genero-y-la-necesidad-de-generar-politicas-concretas-desde-el-estado\/#primaryimage\",\"url\":\"https:\/\/live.staticflickr.com\/65535\/51587458207_a8d28ae0dc_c.jpg\",\"contentUrl\":\"https:\/\/live.staticflickr.com\/65535\/51587458207_a8d28ae0dc_c.jpg\"},{\"@type\":\"BreadcrumbList\",\"@id\":\"https:\/\/www.noticiasradioreflejos.com.ar\/2021\/violencia-de-genero-y-la-necesidad-de-generar-politicas-concretas-desde-el-estado\/#breadcrumb\",\"itemListElement\":[{\"@type\":\"ListItem\",\"position\":1,\"name\":\"Portada\",\"item\":\"https:\/\/www.noticiasradioreflejos.com.ar\/2021\/\"},{\"@type\":\"ListItem\",\"position\":2,\"name\":\"Violencia de g\u00e9nero y la necesidad de generar pol\u00edticas concretas desde el Estado\"}]},{\"@type\":\"WebSite\",\"@id\":\"https:\/\/www.noticiasradioreflejos.com.ar\/2021\/#website\",\"url\":\"https:\/\/www.noticiasradioreflejos.com.ar\/2021\/\",\"name\":\"Noticias Radio Reflejos\",\"description\":\"Las noticias de mi comarca\",\"potentialAction\":[{\"@type\":\"SearchAction\",\"target\":{\"@type\":\"EntryPoint\",\"urlTemplate\":\"https:\/\/www.noticiasradioreflejos.com.ar\/2021\/?s={search_term_string}\"},\"query-input\":{\"@type\":\"PropertyValueSpecification\",\"valueRequired\":true,\"valueName\":\"search_term_string\"}}],\"inLanguage\":\"es\"},{\"@type\":\"Person\",\"@id\":\"https:\/\/www.noticiasradioreflejos.com.ar\/2021\/#\/schema\/person\/ad82545263dcc5ec0996818884fd5fb1\",\"name\":\"Arnaldo Botto\",\"image\":{\"@type\":\"ImageObject\",\"inLanguage\":\"es\",\"@id\":\"https:\/\/www.noticiasradioreflejos.com.ar\/2021\/#\/schema\/person\/image\/\",\"url\":\"https:\/\/secure.gravatar.com\/avatar\/55cb5e37c1efa326397366e6974cb338056df65cb50e7d64d1cf314e87504837?s=96&d=mm&r=g\",\"contentUrl\":\"https:\/\/secure.gravatar.com\/avatar\/55cb5e37c1efa326397366e6974cb338056df65cb50e7d64d1cf314e87504837?s=96&d=mm&r=g\",\"caption\":\"Arnaldo Botto\"},\"url\":\"https:\/\/www.noticiasradioreflejos.com.ar\/2021\/author\/arnaldo\/\"}]}<\/script>\n<!-- \/ Yoast SEO plugin. -->","yoast_head_json":{"title":"Violencia de g\u00e9nero y la necesidad de generar pol\u00edticas concretas desde el Estado - Noticias Radio Reflejos","robots":{"index":"index","follow":"follow","max-snippet":"max-snippet:-1","max-image-preview":"max-image-preview:large","max-video-preview":"max-video-preview:-1"},"canonical":"https:\/\/www.noticiasradioreflejos.com.ar\/2021\/violencia-de-genero-y-la-necesidad-de-generar-politicas-concretas-desde-el-estado\/","og_locale":"es_ES","og_type":"article","og_title":"Violencia de g\u00e9nero y la necesidad de generar pol\u00edticas concretas desde el Estado - Noticias Radio Reflejos","og_description":"El pr\u00f3ximo 21 de octubre a las 19 hs., se llevar\u00e1 a cabo la conferencia \u201cViolencia de g\u00e9nero: un desaf\u00edo para las estructuras estatales\u201d, de la que participar\u00e1n especialistas en la materia y ser\u00e1 moderada por la referente nacional de Igualar, Carmela Moreau.","og_url":"https:\/\/www.noticiasradioreflejos.com.ar\/2021\/violencia-de-genero-y-la-necesidad-de-generar-politicas-concretas-desde-el-estado\/","og_site_name":"Noticias Radio Reflejos","article_published_time":"2021-10-14T14:58:16+00:00","og_image":[{"url":"https:\/\/live.staticflickr.com\/65535\/51587458207_a8d28ae0dc_c.jpg","type":"","width":"","height":""}],"author":"Arnaldo Botto","twitter_card":"summary_large_image","schema":{"@context":"https:\/\/schema.org","@graph":[{"@type":"WebPage","@id":"https:\/\/www.noticiasradioreflejos.com.ar\/2021\/violencia-de-genero-y-la-necesidad-de-generar-politicas-concretas-desde-el-estado\/","url":"https:\/\/www.noticiasradioreflejos.com.ar\/2021\/violencia-de-genero-y-la-necesidad-de-generar-politicas-concretas-desde-el-estado\/","name":"Violencia de g\u00e9nero y la necesidad de generar pol\u00edticas concretas desde el Estado - Noticias Radio Reflejos","isPartOf":{"@id":"https:\/\/www.noticiasradioreflejos.com.ar\/2021\/#website"},"primaryImageOfPage":{"@id":"https:\/\/www.noticiasradioreflejos.com.ar\/2021\/violencia-de-genero-y-la-necesidad-de-generar-politicas-concretas-desde-el-estado\/#primaryimage"},"image":{"@id":"https:\/\/www.noticiasradioreflejos.com.ar\/2021\/violencia-de-genero-y-la-necesidad-de-generar-politicas-concretas-desde-el-estado\/#primaryimage"},"thumbnailUrl":"https:\/\/live.staticflickr.com\/65535\/51587458207_a8d28ae0dc_c.jpg","datePublished":"2021-10-14T14:58:16+00:00","author":{"@id":"https:\/\/www.noticiasradioreflejos.com.ar\/2021\/#\/schema\/person\/ad82545263dcc5ec0996818884fd5fb1"},"breadcrumb":{"@id":"https:\/\/www.noticiasradioreflejos.com.ar\/2021\/violencia-de-genero-y-la-necesidad-de-generar-politicas-concretas-desde-el-estado\/#breadcrumb"},"inLanguage":"es","potentialAction":[{"@type":"ReadAction","target":["https:\/\/www.noticiasradioreflejos.com.ar\/2021\/violencia-de-genero-y-la-necesidad-de-generar-politicas-concretas-desde-el-estado\/"]}]},{"@type":"ImageObject","inLanguage":"es","@id":"https:\/\/www.noticiasradioreflejos.com.ar\/2021\/violencia-de-genero-y-la-necesidad-de-generar-politicas-concretas-desde-el-estado\/#primaryimage","url":"https:\/\/live.staticflickr.com\/65535\/51587458207_a8d28ae0dc_c.jpg","contentUrl":"https:\/\/live.staticflickr.com\/65535\/51587458207_a8d28ae0dc_c.jpg"},{"@type":"BreadcrumbList","@id":"https:\/\/www.noticiasradioreflejos.com.ar\/2021\/violencia-de-genero-y-la-necesidad-de-generar-politicas-concretas-desde-el-estado\/#breadcrumb","itemListElement":[{"@type":"ListItem","position":1,"name":"Portada","item":"https:\/\/www.noticiasradioreflejos.com.ar\/2021\/"},{"@type":"ListItem","position":2,"name":"Violencia de g\u00e9nero y la necesidad de generar pol\u00edticas concretas desde el Estado"}]},{"@type":"WebSite","@id":"https:\/\/www.noticiasradioreflejos.com.ar\/2021\/#website","url":"https:\/\/www.noticiasradioreflejos.com.ar\/2021\/","name":"Noticias Radio Reflejos","description":"Las noticias de mi comarca","potentialAction":[{"@type":"SearchAction","target":{"@type":"EntryPoint","urlTemplate":"https:\/\/www.noticiasradioreflejos.com.ar\/2021\/?s={search_term_string}"},"query-input":{"@type":"PropertyValueSpecification","valueRequired":true,"valueName":"search_term_string"}}],"inLanguage":"es"},{"@type":"Person","@id":"https:\/\/www.noticiasradioreflejos.com.ar\/2021\/#\/schema\/person\/ad82545263dcc5ec0996818884fd5fb1","name":"Arnaldo Botto","image":{"@type":"ImageObject","inLanguage":"es","@id":"https:\/\/www.noticiasradioreflejos.com.ar\/2021\/#\/schema\/person\/image\/","url":"https:\/\/secure.gravatar.com\/avatar\/55cb5e37c1efa326397366e6974cb338056df65cb50e7d64d1cf314e87504837?s=96&d=mm&r=g","contentUrl":"https:\/\/secure.gravatar.com\/avatar\/55cb5e37c1efa326397366e6974cb338056df65cb50e7d64d1cf314e87504837?s=96&d=mm&r=g","caption":"Arnaldo Botto"},"url":"https:\/\/www.noticiasradioreflejos.com.ar\/2021\/author\/arnaldo\/"}]}},"_links":{"self":[{"href":"https:\/\/www.noticiasradioreflejos.com.ar\/2021\/wp-json\/wp\/v2\/posts\/63715","targetHints":{"allow":["GET"]}}],"collection":[{"href":"https:\/\/www.noticiasradioreflejos.com.ar\/2021\/wp-json\/wp\/v2\/posts"}],"about":[{"href":"https:\/\/www.noticiasradioreflejos.com.ar\/2021\/wp-json\/wp\/v2\/types\/post"}],"author":[{"embeddable":true,"href":"https:\/\/www.noticiasradioreflejos.com.ar\/2021\/wp-json\/wp\/v2\/users\/3"}],"replies":[{"embeddable":true,"href":"https:\/\/www.noticiasradioreflejos.com.ar\/2021\/wp-json\/wp\/v2\/comments?post=63715"}],"version-history":[{"count":1,"href":"https:\/\/www.noticiasradioreflejos.com.ar\/2021\/wp-json\/wp\/v2\/posts\/63715\/revisions"}],"predecessor-version":[{"id":63716,"href":"https:\/\/www.noticiasradioreflejos.com.ar\/2021\/wp-json\/wp\/v2\/posts\/63715\/revisions\/63716"}],"wp:attachment":[{"href":"https:\/\/www.noticiasradioreflejos.com.ar\/2021\/wp-json\/wp\/v2\/media?parent=63715"}],"wp:term":[{"taxonomy":"category","embeddable":true,"href":"https:\/\/www.noticiasradioreflejos.com.ar\/2021\/wp-json\/wp\/v2\/categories?post=63715"},{"taxonomy":"post_tag","embeddable":true,"href":"https:\/\/www.noticiasradioreflejos.com.ar\/2021\/wp-json\/wp\/v2\/tags?post=63715"}],"curies":[{"name":"wp","href":"https:\/\/api.w.org\/{rel}","templated":true}]}}