{"id":63525,"date":"2021-10-08T13:41:28","date_gmt":"2021-10-08T13:41:28","guid":{"rendered":"http:\/\/www.noticiasradioreflejos.com.ar\/2021\/?p=63525"},"modified":"2021-10-08T13:41:28","modified_gmt":"2021-10-08T13:41:28","slug":"kicillof-presenta-el-programa-de-reactivacion-del-sector-turistico","status":"publish","type":"post","link":"https:\/\/www.noticiasradioreflejos.com.ar\/2021\/kicillof-presenta-el-programa-de-reactivacion-del-sector-turistico\/","title":{"rendered":"Kicillof presenta el programa de reactivaci\u00f3n del sector tur\u00edstico"},"content":{"rendered":"<div class=\"head-content\">\n<p>El programa ser\u00e1 presentado esta ma\u00f1ana. Contempla beneficios impositivos y medidas crediticias, de inversi\u00f3n y promoci\u00f3n del turismo.<\/p>\n<\/div>\n<p><!--more--><\/p>\n<div class=\"main-content-block\">\n<div class=\"main-box clearfix\">\n<div class=\"wrapper-main-section clearfix\">\n<div class=\"wrapper-editable-content\">\n<div class=\"editable-content clearfix\">\n<p>El gobernador de la provincia de Buenos Aires, Axel Kicillof, presenta este viernes en la ciudad balnearia de Villa Gesell el programa de reactivaci\u00f3n del sector tur\u00edstico, informaron fuentes oficiales.<\/p>\n<p>El programa, que ser\u00e1 presentado\u00a0<strong>desde las 10.30<\/strong>, contempla\u00a0<strong>beneficios impositivos<\/strong>; medidas crediticias, de inversi\u00f3n y promoci\u00f3n del turismo; y otras iniciativas de\u00a0<strong>apoyo econ\u00f3mico e impulso para el sector\u00a0<\/strong>que fue golpeado durante la pandemia como promoci\u00f3n de nuevos destinos, promoci\u00f3n de sitios culturales y apoyo a fiestas populares.<\/p>\n<p>Luego, Kicillof realizar\u00e1 una recorrida por los comercios locales; y a las 12.30 entregar\u00e1 escrituras en el marco del programa<em><strong>\u00a0\u00abMi Escritura, mi casa\u00bb\u00a0<\/strong><\/em>junto al ministro de Justicia y Derechos Humanos provincial, Julio Alak.<\/p>\n<p>Luego,\u00a0<strong>a las 15.30 participar\u00e1 de una mateada con vecinos en la zona del pinar<\/strong>\u00a0-en el norte de la ciudad- y, posteriormente, recorrer\u00e1 los stands de la Fiesta de la Diversidad Cultural.<\/p>\n<blockquote class=\"twitter-tweet\" data-width=\"500\" data-dnt=\"true\">\n<p lang=\"es\" dir=\"ltr\">Este viernes nos volvemos a encontrar para conversar con los vecinos y vecinas. <\/p>\n<p>\u00a1Nos vemos en Villa Gesell!\ud83e\uddc9\u2600\ufe0f <a href=\"https:\/\/t.co\/a0ZW9gKY1B\">pic.twitter.com\/a0ZW9gKY1B<\/a><\/p>\n<p>&mdash; Axel Kicillof (@Kicillofok) <a href=\"https:\/\/twitter.com\/Kicillofok\/status\/1445903135160127489?ref_src=twsrc%5Etfw\">October 7, 2021<\/a><\/p><\/blockquote>\n<p><script async src=\"https:\/\/platform.twitter.com\/widgets.js\" charset=\"utf-8\"><\/script><\/p>\n<p>Desde el entorno del mandatario bonaerense explicaron d\u00edas atr\u00e1s que la idea de ese tipo de recorridos y encuentros -ante el escenario de mejora epidemiol\u00f3gica que lo permite- es \u00abrecuperar el cara a cara con los vecinos para acentuar la escucha\u00bb.<\/p>\n<p>En el marco de la campa\u00f1a electoral de cara a las elecciones legislativas del pr\u00f3ximo 14 de noviembre, el mandatario bonaerense intentar\u00e1 revivir la \u00e9pica de 2019, cuando recorri\u00f3 la provincia de punta a punta en una campa\u00f1a de cercan\u00eda, y poner el foco en la necesidad de dar respuestas y acelerar la reactivaci\u00f3n econ\u00f3mica.<\/p>\n<p>\u00abQuiere recuperar ese contacto directo con los vecinos, que es parte de su ADN y que la pandemia impidi\u00f3 en el \u00faltimo tiempo. \u00c9l considera que ese formato de campa\u00f1a es mucho m\u00e1s humano y tiene un plus, que es el intercambio fresco y genuino con las y los bonaerenses\u00bb, explicaron fuentes del Ejecutivo provincial.<\/p>\n<p>Por la tarde,<strong>\u00a0a las 18.30, Kicillof se reunir\u00e1 en el Museo MAR<\/strong>, en la ciudad de Mar del Plata,<strong>\u00a0con empresarios del turismo y el espect\u00e1culo.<\/strong><\/p>\n<\/div>\n<\/div>\n<\/div>\n<\/div>\n<\/div>\n","protected":false},"excerpt":{"rendered":"<p>El programa ser\u00e1 presentado esta ma\u00f1ana. Contempla beneficios impositivos y medidas crediticias, de inversi\u00f3n y promoci\u00f3n del turismo.<\/p>\n","protected":false},"author":3,"featured_media":0,"comment_status":"closed","ping_status":"closed","sticky":false,"template":"","format":"standard","meta":{"footnotes":""},"categories":[24,33],"tags":[],"class_list":["post-63525","post","type-post","status-publish","format-standard","hentry","category-politica","category-turismo"],"yoast_head":"<!-- This site is optimized with the Yoast SEO plugin v25.9 - https:\/\/yoast.com\/wordpress\/plugins\/seo\/ -->\n<title>Kicillof presenta el programa de reactivaci\u00f3n del sector tur\u00edstico - Noticias Radio Reflejos<\/title>\n<meta name=\"robots\" content=\"index, follow, max-snippet:-1, max-image-preview:large, max-video-preview:-1\" \/>\n<link rel=\"canonical\" href=\"https:\/\/www.noticiasradioreflejos.com.ar\/2021\/kicillof-presenta-el-programa-de-reactivacion-del-sector-turistico\/\" \/>\n<meta property=\"og:locale\" content=\"es_ES\" \/>\n<meta property=\"og:type\" content=\"article\" \/>\n<meta property=\"og:title\" content=\"Kicillof presenta el programa de reactivaci\u00f3n del sector tur\u00edstico - Noticias Radio Reflejos\" \/>\n<meta property=\"og:description\" content=\"El programa ser\u00e1 presentado esta ma\u00f1ana. Contempla beneficios impositivos y medidas crediticias, de inversi\u00f3n y promoci\u00f3n del turismo.\" \/>\n<meta property=\"og:url\" content=\"https:\/\/www.noticiasradioreflejos.com.ar\/2021\/kicillof-presenta-el-programa-de-reactivacion-del-sector-turistico\/\" \/>\n<meta property=\"og:site_name\" content=\"Noticias Radio Reflejos\" \/>\n<meta property=\"article:published_time\" content=\"2021-10-08T13:41:28+00:00\" \/>\n<meta property=\"og:image\" content=\"https:\/\/www.noticiasradioreflejos.com.ar\/2021\/wp-content\/uploads\/2021\/07\/logosol300x200.png\" \/>\n\t<meta property=\"og:image:width\" content=\"300\" \/>\n\t<meta property=\"og:image:height\" content=\"200\" \/>\n\t<meta property=\"og:image:type\" content=\"image\/png\" \/>\n<meta name=\"author\" content=\"Arnaldo Botto\" \/>\n<meta name=\"twitter:card\" content=\"summary_large_image\" \/>\n<script type=\"application\/ld+json\" class=\"yoast-schema-graph\">{\"@context\":\"https:\/\/schema.org\",\"@graph\":[{\"@type\":\"WebPage\",\"@id\":\"https:\/\/www.noticiasradioreflejos.com.ar\/2021\/kicillof-presenta-el-programa-de-reactivacion-del-sector-turistico\/\",\"url\":\"https:\/\/www.noticiasradioreflejos.com.ar\/2021\/kicillof-presenta-el-programa-de-reactivacion-del-sector-turistico\/\",\"name\":\"Kicillof presenta el programa de reactivaci\u00f3n del sector tur\u00edstico - Noticias Radio Reflejos\",\"isPartOf\":{\"@id\":\"https:\/\/www.noticiasradioreflejos.com.ar\/2021\/#website\"},\"datePublished\":\"2021-10-08T13:41:28+00:00\",\"author\":{\"@id\":\"https:\/\/www.noticiasradioreflejos.com.ar\/2021\/#\/schema\/person\/ad82545263dcc5ec0996818884fd5fb1\"},\"breadcrumb\":{\"@id\":\"https:\/\/www.noticiasradioreflejos.com.ar\/2021\/kicillof-presenta-el-programa-de-reactivacion-del-sector-turistico\/#breadcrumb\"},\"inLanguage\":\"es\",\"potentialAction\":[{\"@type\":\"ReadAction\",\"target\":[\"https:\/\/www.noticiasradioreflejos.com.ar\/2021\/kicillof-presenta-el-programa-de-reactivacion-del-sector-turistico\/\"]}]},{\"@type\":\"BreadcrumbList\",\"@id\":\"https:\/\/www.noticiasradioreflejos.com.ar\/2021\/kicillof-presenta-el-programa-de-reactivacion-del-sector-turistico\/#breadcrumb\",\"itemListElement\":[{\"@type\":\"ListItem\",\"position\":1,\"name\":\"Portada\",\"item\":\"https:\/\/www.noticiasradioreflejos.com.ar\/2021\/\"},{\"@type\":\"ListItem\",\"position\":2,\"name\":\"Kicillof presenta el programa de reactivaci\u00f3n del sector tur\u00edstico\"}]},{\"@type\":\"WebSite\",\"@id\":\"https:\/\/www.noticiasradioreflejos.com.ar\/2021\/#website\",\"url\":\"https:\/\/www.noticiasradioreflejos.com.ar\/2021\/\",\"name\":\"Noticias Radio Reflejos\",\"description\":\"Las noticias de mi comarca\",\"potentialAction\":[{\"@type\":\"SearchAction\",\"target\":{\"@type\":\"EntryPoint\",\"urlTemplate\":\"https:\/\/www.noticiasradioreflejos.com.ar\/2021\/?s={search_term_string}\"},\"query-input\":{\"@type\":\"PropertyValueSpecification\",\"valueRequired\":true,\"valueName\":\"search_term_string\"}}],\"inLanguage\":\"es\"},{\"@type\":\"Person\",\"@id\":\"https:\/\/www.noticiasradioreflejos.com.ar\/2021\/#\/schema\/person\/ad82545263dcc5ec0996818884fd5fb1\",\"name\":\"Arnaldo Botto\",\"image\":{\"@type\":\"ImageObject\",\"inLanguage\":\"es\",\"@id\":\"https:\/\/www.noticiasradioreflejos.com.ar\/2021\/#\/schema\/person\/image\/\",\"url\":\"https:\/\/secure.gravatar.com\/avatar\/55cb5e37c1efa326397366e6974cb338056df65cb50e7d64d1cf314e87504837?s=96&d=mm&r=g\",\"contentUrl\":\"https:\/\/secure.gravatar.com\/avatar\/55cb5e37c1efa326397366e6974cb338056df65cb50e7d64d1cf314e87504837?s=96&d=mm&r=g\",\"caption\":\"Arnaldo Botto\"},\"url\":\"https:\/\/www.noticiasradioreflejos.com.ar\/2021\/author\/arnaldo\/\"}]}<\/script>\n<!-- \/ Yoast SEO plugin. -->","yoast_head_json":{"title":"Kicillof presenta el programa de reactivaci\u00f3n del sector tur\u00edstico - Noticias Radio Reflejos","robots":{"index":"index","follow":"follow","max-snippet":"max-snippet:-1","max-image-preview":"max-image-preview:large","max-video-preview":"max-video-preview:-1"},"canonical":"https:\/\/www.noticiasradioreflejos.com.ar\/2021\/kicillof-presenta-el-programa-de-reactivacion-del-sector-turistico\/","og_locale":"es_ES","og_type":"article","og_title":"Kicillof presenta el programa de reactivaci\u00f3n del sector tur\u00edstico - Noticias Radio Reflejos","og_description":"El programa ser\u00e1 presentado esta ma\u00f1ana. Contempla beneficios impositivos y medidas crediticias, de inversi\u00f3n y promoci\u00f3n del turismo.","og_url":"https:\/\/www.noticiasradioreflejos.com.ar\/2021\/kicillof-presenta-el-programa-de-reactivacion-del-sector-turistico\/","og_site_name":"Noticias Radio Reflejos","article_published_time":"2021-10-08T13:41:28+00:00","og_image":[{"width":300,"height":200,"url":"https:\/\/www.noticiasradioreflejos.com.ar\/2021\/wp-content\/uploads\/2021\/07\/logosol300x200.png","type":"image\/png"}],"author":"Arnaldo Botto","twitter_card":"summary_large_image","schema":{"@context":"https:\/\/schema.org","@graph":[{"@type":"WebPage","@id":"https:\/\/www.noticiasradioreflejos.com.ar\/2021\/kicillof-presenta-el-programa-de-reactivacion-del-sector-turistico\/","url":"https:\/\/www.noticiasradioreflejos.com.ar\/2021\/kicillof-presenta-el-programa-de-reactivacion-del-sector-turistico\/","name":"Kicillof presenta el programa de reactivaci\u00f3n del sector tur\u00edstico - Noticias Radio Reflejos","isPartOf":{"@id":"https:\/\/www.noticiasradioreflejos.com.ar\/2021\/#website"},"datePublished":"2021-10-08T13:41:28+00:00","author":{"@id":"https:\/\/www.noticiasradioreflejos.com.ar\/2021\/#\/schema\/person\/ad82545263dcc5ec0996818884fd5fb1"},"breadcrumb":{"@id":"https:\/\/www.noticiasradioreflejos.com.ar\/2021\/kicillof-presenta-el-programa-de-reactivacion-del-sector-turistico\/#breadcrumb"},"inLanguage":"es","potentialAction":[{"@type":"ReadAction","target":["https:\/\/www.noticiasradioreflejos.com.ar\/2021\/kicillof-presenta-el-programa-de-reactivacion-del-sector-turistico\/"]}]},{"@type":"BreadcrumbList","@id":"https:\/\/www.noticiasradioreflejos.com.ar\/2021\/kicillof-presenta-el-programa-de-reactivacion-del-sector-turistico\/#breadcrumb","itemListElement":[{"@type":"ListItem","position":1,"name":"Portada","item":"https:\/\/www.noticiasradioreflejos.com.ar\/2021\/"},{"@type":"ListItem","position":2,"name":"Kicillof presenta el programa de reactivaci\u00f3n del sector tur\u00edstico"}]},{"@type":"WebSite","@id":"https:\/\/www.noticiasradioreflejos.com.ar\/2021\/#website","url":"https:\/\/www.noticiasradioreflejos.com.ar\/2021\/","name":"Noticias Radio Reflejos","description":"Las noticias de mi comarca","potentialAction":[{"@type":"SearchAction","target":{"@type":"EntryPoint","urlTemplate":"https:\/\/www.noticiasradioreflejos.com.ar\/2021\/?s={search_term_string}"},"query-input":{"@type":"PropertyValueSpecification","valueRequired":true,"valueName":"search_term_string"}}],"inLanguage":"es"},{"@type":"Person","@id":"https:\/\/www.noticiasradioreflejos.com.ar\/2021\/#\/schema\/person\/ad82545263dcc5ec0996818884fd5fb1","name":"Arnaldo Botto","image":{"@type":"ImageObject","inLanguage":"es","@id":"https:\/\/www.noticiasradioreflejos.com.ar\/2021\/#\/schema\/person\/image\/","url":"https:\/\/secure.gravatar.com\/avatar\/55cb5e37c1efa326397366e6974cb338056df65cb50e7d64d1cf314e87504837?s=96&d=mm&r=g","contentUrl":"https:\/\/secure.gravatar.com\/avatar\/55cb5e37c1efa326397366e6974cb338056df65cb50e7d64d1cf314e87504837?s=96&d=mm&r=g","caption":"Arnaldo Botto"},"url":"https:\/\/www.noticiasradioreflejos.com.ar\/2021\/author\/arnaldo\/"}]}},"_links":{"self":[{"href":"https:\/\/www.noticiasradioreflejos.com.ar\/2021\/wp-json\/wp\/v2\/posts\/63525","targetHints":{"allow":["GET"]}}],"collection":[{"href":"https:\/\/www.noticiasradioreflejos.com.ar\/2021\/wp-json\/wp\/v2\/posts"}],"about":[{"href":"https:\/\/www.noticiasradioreflejos.com.ar\/2021\/wp-json\/wp\/v2\/types\/post"}],"author":[{"embeddable":true,"href":"https:\/\/www.noticiasradioreflejos.com.ar\/2021\/wp-json\/wp\/v2\/users\/3"}],"replies":[{"embeddable":true,"href":"https:\/\/www.noticiasradioreflejos.com.ar\/2021\/wp-json\/wp\/v2\/comments?post=63525"}],"version-history":[{"count":2,"href":"https:\/\/www.noticiasradioreflejos.com.ar\/2021\/wp-json\/wp\/v2\/posts\/63525\/revisions"}],"predecessor-version":[{"id":63528,"href":"https:\/\/www.noticiasradioreflejos.com.ar\/2021\/wp-json\/wp\/v2\/posts\/63525\/revisions\/63528"}],"wp:attachment":[{"href":"https:\/\/www.noticiasradioreflejos.com.ar\/2021\/wp-json\/wp\/v2\/media?parent=63525"}],"wp:term":[{"taxonomy":"category","embeddable":true,"href":"https:\/\/www.noticiasradioreflejos.com.ar\/2021\/wp-json\/wp\/v2\/categories?post=63525"},{"taxonomy":"post_tag","embeddable":true,"href":"https:\/\/www.noticiasradioreflejos.com.ar\/2021\/wp-json\/wp\/v2\/tags?post=63525"}],"curies":[{"name":"wp","href":"https:\/\/api.w.org\/{rel}","templated":true}]}}