{"id":6351,"date":"2017-01-27T08:27:17","date_gmt":"2017-01-27T11:27:17","guid":{"rendered":"http:\/\/noticiasradioreflejos.com.ar\/noticias\/?p=6351"},"modified":"2017-01-27T08:27:17","modified_gmt":"2017-01-27T11:27:17","slug":"comenzo-el-ano-para-el-voley-del-club-union","status":"publish","type":"post","link":"https:\/\/www.noticiasradioreflejos.com.ar\/2021\/comenzo-el-ano-para-el-voley-del-club-union\/","title":{"rendered":"Comenz\u00f3 el a\u00f1o para el v\u00f3ley del Club Uni\u00f3n"},"content":{"rendered":"<p>Comenz\u00f3 con su actividad el voley del Club Uni\u00f3n. Desde hace unos dias, bajo las \u00f3rdenes del entrenador Bernardo Temps, los equipos del Verde entrenan de cara al desarrollo del a\u00f1o que acaba de comenzar.<br \/>\nLas pr\u00e1cticas, para ambos sexos a partir de los 12 a\u00f1os, son los lunes, mi\u00e9rcoles y viernes, de 19 a 21 hs en el gimnasio cerrado de la instituci\u00f3n.<br \/>\n\u00bfTe quer\u00e9s sumar? \u00a1Te esperamos!<!--more--><br \/>\nPrensa Club Uni\u00f3n<br \/>\nwww.uniondetornquist.com &#8211; clubuniondetornquist@gmail.com &#8211; \/ClubUnionDeTornquist &#8211; @UnionTornquist<\/p>\n","protected":false},"excerpt":{"rendered":"<p>Comenz\u00f3 con su actividad el voley del Club Uni\u00f3n. Desde hace unos dias, bajo las \u00f3rdenes del entrenador Bernardo Temps, los equipos del Verde entrenan de cara al desarrollo del a\u00f1o que acaba de comenzar. Las pr\u00e1cticas, para ambos sexos a partir de los 12 a\u00f1os, son los lunes, mi\u00e9rcoles y viernes, de 19 a [&hellip;]<\/p>\n","protected":false},"author":3,"featured_media":0,"comment_status":"closed","ping_status":"open","sticky":false,"template":"","format":"standard","meta":{"footnotes":""},"categories":[27],"tags":[],"class_list":["post-6351","post","type-post","status-publish","format-standard","hentry","category-deportes"],"yoast_head":"<!-- This site is optimized with the Yoast SEO plugin v25.9 - https:\/\/yoast.com\/wordpress\/plugins\/seo\/ -->\n<title>Comenz\u00f3 el a\u00f1o para el v\u00f3ley del Club Uni\u00f3n - Noticias Radio Reflejos<\/title>\n<meta name=\"robots\" content=\"index, follow, max-snippet:-1, max-image-preview:large, max-video-preview:-1\" \/>\n<link rel=\"canonical\" href=\"https:\/\/www.noticiasradioreflejos.com.ar\/2021\/comenzo-el-ano-para-el-voley-del-club-union\/\" \/>\n<meta property=\"og:locale\" content=\"es_ES\" \/>\n<meta property=\"og:type\" content=\"article\" \/>\n<meta property=\"og:title\" content=\"Comenz\u00f3 el a\u00f1o para el v\u00f3ley del Club Uni\u00f3n - Noticias Radio Reflejos\" \/>\n<meta property=\"og:description\" content=\"Comenz\u00f3 con su actividad el voley del Club Uni\u00f3n. Desde hace unos dias, bajo las \u00f3rdenes del entrenador Bernardo Temps, los equipos del Verde entrenan de cara al desarrollo del a\u00f1o que acaba de comenzar. Las pr\u00e1cticas, para ambos sexos a partir de los 12 a\u00f1os, son los lunes, mi\u00e9rcoles y viernes, de 19 a [&hellip;]\" \/>\n<meta property=\"og:url\" content=\"https:\/\/www.noticiasradioreflejos.com.ar\/2021\/comenzo-el-ano-para-el-voley-del-club-union\/\" \/>\n<meta property=\"og:site_name\" content=\"Noticias Radio Reflejos\" \/>\n<meta property=\"article:published_time\" content=\"2017-01-27T11:27:17+00:00\" \/>\n<meta property=\"og:image\" content=\"https:\/\/www.noticiasradioreflejos.com.ar\/2021\/wp-content\/uploads\/2021\/07\/logosol300x200.png\" \/>\n\t<meta property=\"og:image:width\" content=\"300\" \/>\n\t<meta property=\"og:image:height\" content=\"200\" \/>\n\t<meta property=\"og:image:type\" content=\"image\/png\" \/>\n<meta name=\"author\" content=\"Arnaldo Botto\" \/>\n<meta name=\"twitter:card\" content=\"summary_large_image\" \/>\n<script type=\"application\/ld+json\" class=\"yoast-schema-graph\">{\"@context\":\"https:\/\/schema.org\",\"@graph\":[{\"@type\":\"WebPage\",\"@id\":\"https:\/\/www.noticiasradioreflejos.com.ar\/2021\/comenzo-el-ano-para-el-voley-del-club-union\/\",\"url\":\"https:\/\/www.noticiasradioreflejos.com.ar\/2021\/comenzo-el-ano-para-el-voley-del-club-union\/\",\"name\":\"Comenz\u00f3 el a\u00f1o para el v\u00f3ley del Club Uni\u00f3n - Noticias Radio Reflejos\",\"isPartOf\":{\"@id\":\"https:\/\/www.noticiasradioreflejos.com.ar\/2021\/#website\"},\"datePublished\":\"2017-01-27T11:27:17+00:00\",\"author\":{\"@id\":\"https:\/\/www.noticiasradioreflejos.com.ar\/2021\/#\/schema\/person\/ad82545263dcc5ec0996818884fd5fb1\"},\"breadcrumb\":{\"@id\":\"https:\/\/www.noticiasradioreflejos.com.ar\/2021\/comenzo-el-ano-para-el-voley-del-club-union\/#breadcrumb\"},\"inLanguage\":\"es\",\"potentialAction\":[{\"@type\":\"ReadAction\",\"target\":[\"https:\/\/www.noticiasradioreflejos.com.ar\/2021\/comenzo-el-ano-para-el-voley-del-club-union\/\"]}]},{\"@type\":\"BreadcrumbList\",\"@id\":\"https:\/\/www.noticiasradioreflejos.com.ar\/2021\/comenzo-el-ano-para-el-voley-del-club-union\/#breadcrumb\",\"itemListElement\":[{\"@type\":\"ListItem\",\"position\":1,\"name\":\"Portada\",\"item\":\"https:\/\/www.noticiasradioreflejos.com.ar\/2021\/\"},{\"@type\":\"ListItem\",\"position\":2,\"name\":\"Comenz\u00f3 el a\u00f1o para el v\u00f3ley del Club Uni\u00f3n\"}]},{\"@type\":\"WebSite\",\"@id\":\"https:\/\/www.noticiasradioreflejos.com.ar\/2021\/#website\",\"url\":\"https:\/\/www.noticiasradioreflejos.com.ar\/2021\/\",\"name\":\"Noticias Radio Reflejos\",\"description\":\"Las noticias de mi comarca\",\"potentialAction\":[{\"@type\":\"SearchAction\",\"target\":{\"@type\":\"EntryPoint\",\"urlTemplate\":\"https:\/\/www.noticiasradioreflejos.com.ar\/2021\/?s={search_term_string}\"},\"query-input\":{\"@type\":\"PropertyValueSpecification\",\"valueRequired\":true,\"valueName\":\"search_term_string\"}}],\"inLanguage\":\"es\"},{\"@type\":\"Person\",\"@id\":\"https:\/\/www.noticiasradioreflejos.com.ar\/2021\/#\/schema\/person\/ad82545263dcc5ec0996818884fd5fb1\",\"name\":\"Arnaldo Botto\",\"image\":{\"@type\":\"ImageObject\",\"inLanguage\":\"es\",\"@id\":\"https:\/\/www.noticiasradioreflejos.com.ar\/2021\/#\/schema\/person\/image\/\",\"url\":\"https:\/\/secure.gravatar.com\/avatar\/55cb5e37c1efa326397366e6974cb338056df65cb50e7d64d1cf314e87504837?s=96&d=mm&r=g\",\"contentUrl\":\"https:\/\/secure.gravatar.com\/avatar\/55cb5e37c1efa326397366e6974cb338056df65cb50e7d64d1cf314e87504837?s=96&d=mm&r=g\",\"caption\":\"Arnaldo Botto\"},\"url\":\"https:\/\/www.noticiasradioreflejos.com.ar\/2021\/author\/arnaldo\/\"}]}<\/script>\n<!-- \/ Yoast SEO plugin. -->","yoast_head_json":{"title":"Comenz\u00f3 el a\u00f1o para el v\u00f3ley del Club Uni\u00f3n - Noticias Radio Reflejos","robots":{"index":"index","follow":"follow","max-snippet":"max-snippet:-1","max-image-preview":"max-image-preview:large","max-video-preview":"max-video-preview:-1"},"canonical":"https:\/\/www.noticiasradioreflejos.com.ar\/2021\/comenzo-el-ano-para-el-voley-del-club-union\/","og_locale":"es_ES","og_type":"article","og_title":"Comenz\u00f3 el a\u00f1o para el v\u00f3ley del Club Uni\u00f3n - Noticias Radio Reflejos","og_description":"Comenz\u00f3 con su actividad el voley del Club Uni\u00f3n. Desde hace unos dias, bajo las \u00f3rdenes del entrenador Bernardo Temps, los equipos del Verde entrenan de cara al desarrollo del a\u00f1o que acaba de comenzar. Las pr\u00e1cticas, para ambos sexos a partir de los 12 a\u00f1os, son los lunes, mi\u00e9rcoles y viernes, de 19 a [&hellip;]","og_url":"https:\/\/www.noticiasradioreflejos.com.ar\/2021\/comenzo-el-ano-para-el-voley-del-club-union\/","og_site_name":"Noticias Radio Reflejos","article_published_time":"2017-01-27T11:27:17+00:00","og_image":[{"width":300,"height":200,"url":"https:\/\/www.noticiasradioreflejos.com.ar\/2021\/wp-content\/uploads\/2021\/07\/logosol300x200.png","type":"image\/png"}],"author":"Arnaldo Botto","twitter_card":"summary_large_image","schema":{"@context":"https:\/\/schema.org","@graph":[{"@type":"WebPage","@id":"https:\/\/www.noticiasradioreflejos.com.ar\/2021\/comenzo-el-ano-para-el-voley-del-club-union\/","url":"https:\/\/www.noticiasradioreflejos.com.ar\/2021\/comenzo-el-ano-para-el-voley-del-club-union\/","name":"Comenz\u00f3 el a\u00f1o para el v\u00f3ley del Club Uni\u00f3n - Noticias Radio Reflejos","isPartOf":{"@id":"https:\/\/www.noticiasradioreflejos.com.ar\/2021\/#website"},"datePublished":"2017-01-27T11:27:17+00:00","author":{"@id":"https:\/\/www.noticiasradioreflejos.com.ar\/2021\/#\/schema\/person\/ad82545263dcc5ec0996818884fd5fb1"},"breadcrumb":{"@id":"https:\/\/www.noticiasradioreflejos.com.ar\/2021\/comenzo-el-ano-para-el-voley-del-club-union\/#breadcrumb"},"inLanguage":"es","potentialAction":[{"@type":"ReadAction","target":["https:\/\/www.noticiasradioreflejos.com.ar\/2021\/comenzo-el-ano-para-el-voley-del-club-union\/"]}]},{"@type":"BreadcrumbList","@id":"https:\/\/www.noticiasradioreflejos.com.ar\/2021\/comenzo-el-ano-para-el-voley-del-club-union\/#breadcrumb","itemListElement":[{"@type":"ListItem","position":1,"name":"Portada","item":"https:\/\/www.noticiasradioreflejos.com.ar\/2021\/"},{"@type":"ListItem","position":2,"name":"Comenz\u00f3 el a\u00f1o para el v\u00f3ley del Club Uni\u00f3n"}]},{"@type":"WebSite","@id":"https:\/\/www.noticiasradioreflejos.com.ar\/2021\/#website","url":"https:\/\/www.noticiasradioreflejos.com.ar\/2021\/","name":"Noticias Radio Reflejos","description":"Las noticias de mi comarca","potentialAction":[{"@type":"SearchAction","target":{"@type":"EntryPoint","urlTemplate":"https:\/\/www.noticiasradioreflejos.com.ar\/2021\/?s={search_term_string}"},"query-input":{"@type":"PropertyValueSpecification","valueRequired":true,"valueName":"search_term_string"}}],"inLanguage":"es"},{"@type":"Person","@id":"https:\/\/www.noticiasradioreflejos.com.ar\/2021\/#\/schema\/person\/ad82545263dcc5ec0996818884fd5fb1","name":"Arnaldo Botto","image":{"@type":"ImageObject","inLanguage":"es","@id":"https:\/\/www.noticiasradioreflejos.com.ar\/2021\/#\/schema\/person\/image\/","url":"https:\/\/secure.gravatar.com\/avatar\/55cb5e37c1efa326397366e6974cb338056df65cb50e7d64d1cf314e87504837?s=96&d=mm&r=g","contentUrl":"https:\/\/secure.gravatar.com\/avatar\/55cb5e37c1efa326397366e6974cb338056df65cb50e7d64d1cf314e87504837?s=96&d=mm&r=g","caption":"Arnaldo Botto"},"url":"https:\/\/www.noticiasradioreflejos.com.ar\/2021\/author\/arnaldo\/"}]}},"_links":{"self":[{"href":"https:\/\/www.noticiasradioreflejos.com.ar\/2021\/wp-json\/wp\/v2\/posts\/6351","targetHints":{"allow":["GET"]}}],"collection":[{"href":"https:\/\/www.noticiasradioreflejos.com.ar\/2021\/wp-json\/wp\/v2\/posts"}],"about":[{"href":"https:\/\/www.noticiasradioreflejos.com.ar\/2021\/wp-json\/wp\/v2\/types\/post"}],"author":[{"embeddable":true,"href":"https:\/\/www.noticiasradioreflejos.com.ar\/2021\/wp-json\/wp\/v2\/users\/3"}],"replies":[{"embeddable":true,"href":"https:\/\/www.noticiasradioreflejos.com.ar\/2021\/wp-json\/wp\/v2\/comments?post=6351"}],"version-history":[{"count":0,"href":"https:\/\/www.noticiasradioreflejos.com.ar\/2021\/wp-json\/wp\/v2\/posts\/6351\/revisions"}],"wp:attachment":[{"href":"https:\/\/www.noticiasradioreflejos.com.ar\/2021\/wp-json\/wp\/v2\/media?parent=6351"}],"wp:term":[{"taxonomy":"category","embeddable":true,"href":"https:\/\/www.noticiasradioreflejos.com.ar\/2021\/wp-json\/wp\/v2\/categories?post=6351"},{"taxonomy":"post_tag","embeddable":true,"href":"https:\/\/www.noticiasradioreflejos.com.ar\/2021\/wp-json\/wp\/v2\/tags?post=6351"}],"curies":[{"name":"wp","href":"https:\/\/api.w.org\/{rel}","templated":true}]}}