{"id":6348,"date":"2017-01-27T08:25:28","date_gmt":"2017-01-27T11:25:28","guid":{"rendered":"http:\/\/noticiasradioreflejos.com.ar\/noticias\/?p=6348"},"modified":"2017-01-27T08:25:28","modified_gmt":"2017-01-27T11:25:28","slug":"actividades-en-la-biblioteca-de-villa-ventana-2","status":"publish","type":"post","link":"https:\/\/www.noticiasradioreflejos.com.ar\/2021\/actividades-en-la-biblioteca-de-villa-ventana-2\/","title":{"rendered":"Actividades en la biblioteca de Villa Ventana"},"content":{"rendered":"<p><a title=\"Maria_llena_eres_de_gracia (1)\" href=\"http:\/\/farm1.staticflickr.com\/621\/32509576466_918ce64791.jpg\" rel=\"\"><img loading=\"lazy\" decoding=\"async\" class=\"alignleft\" style=\"float: left;\" title=\"Maria_llena_eres_de_gracia (1)\" src=\"http:\/\/farm1.staticflickr.com\/621\/32509576466_918ce64791.jpg\" alt=\"Maria_llena_eres_de_gracia (1)\" width=\"350\" height=\"500\" \/><\/a>Este viernes 27 y s\u00e1bado 28 de enero la Biblioteca Popular Macedonio Fern\u00e1ndez de Villa Ventana ofrece un variado men\u00fa de propuestas.<!--more--><br \/>\nViernes 27: &#8211; 9:30 a 12 hs -Euton\u00eda y pr\u00e1cticas de conciencia corporal en espacios de arte \u2013 profesora Ver\u00f3nica Jorge\u2013 traer colchoneta o mantita &#8211; *$200 \u2013 Socios $170<br \/>\n&#8211; 17.30 hs \u2013 SEPTENIO: un espacio para ni\u00f1os en la Villa \u2013 juego y creatividad \u2013 coordina Carmen Costilla \u2013 *gratis<br \/>\n<a title=\"16298532_1450206204997856_8965601721624804740_n\" href=\"http:\/\/farm1.staticflickr.com\/703\/31738398153_5ca6ef3899.jpg\" rel=\"\"><img loading=\"lazy\" decoding=\"async\" class=\"aligncenter\" title=\"16298532_1450206204997856_8965601721624804740_n\" src=\"http:\/\/farm1.staticflickr.com\/703\/31738398153_5ca6ef3899.jpg\" alt=\"16298532_1450206204997856_8965601721624804740_n\" width=\"383\" height=\"500\" \/><\/a><br \/>\n&#8211; 20 hs. Cine, caf\u00e9 y debate, \u00abMar\u00eda llena eres de gracia\u00bb &#8211; 2004, dirigida por Joshua Marston.<br \/>\nMar\u00eda, llena eres de gracia es una pel\u00edcula en coproducci\u00f3n entre Colombia y Estados Unidos dirigida por Joshua Marston que aborda el tema del drama vivido por las llamadas mula del narcotr\u00e1fico.<br \/>\n*gratis<br \/>\nS\u00e1bado 28: &#8211; 21-hs NOCHE DE TANGO: CLASE \u2013 MILONGA \u2013 SHOW \u2013 CANTINA. Coordina: Chino Avellaneda \u2013 Ventana Tango -Ven\u00ed a bailar tu Tango &#8211; *entrada $100<br \/>\nLos esperamos, gracias por difundir,<br \/>\natte,<br \/>\nComisi\u00f3n Directiva Biblioteca<\/p>\n","protected":false},"excerpt":{"rendered":"<p>Este viernes 27 y s\u00e1bado 28 de enero la Biblioteca Popular Macedonio Fern\u00e1ndez de Villa Ventana ofrece un variado men\u00fa de propuestas.<\/p>\n","protected":false},"author":3,"featured_media":0,"comment_status":"closed","ping_status":"open","sticky":false,"template":"","format":"standard","meta":{"footnotes":""},"categories":[35],"tags":[],"class_list":["post-6348","post","type-post","status-publish","format-standard","hentry","category-cultura"],"yoast_head":"<!-- This site is optimized with the Yoast SEO plugin v25.9 - https:\/\/yoast.com\/wordpress\/plugins\/seo\/ -->\n<title>Actividades en la biblioteca de Villa Ventana - Noticias Radio Reflejos<\/title>\n<meta name=\"robots\" content=\"index, follow, max-snippet:-1, max-image-preview:large, max-video-preview:-1\" \/>\n<link rel=\"canonical\" href=\"https:\/\/www.noticiasradioreflejos.com.ar\/2021\/actividades-en-la-biblioteca-de-villa-ventana-2\/\" \/>\n<meta property=\"og:locale\" content=\"es_ES\" \/>\n<meta property=\"og:type\" content=\"article\" \/>\n<meta property=\"og:title\" content=\"Actividades en la biblioteca de Villa Ventana - Noticias Radio Reflejos\" \/>\n<meta property=\"og:description\" content=\"Este viernes 27 y s\u00e1bado 28 de enero la Biblioteca Popular Macedonio Fern\u00e1ndez de Villa Ventana ofrece un variado men\u00fa de propuestas.\" \/>\n<meta property=\"og:url\" content=\"https:\/\/www.noticiasradioreflejos.com.ar\/2021\/actividades-en-la-biblioteca-de-villa-ventana-2\/\" \/>\n<meta property=\"og:site_name\" content=\"Noticias Radio Reflejos\" \/>\n<meta property=\"article:published_time\" content=\"2017-01-27T11:25:28+00:00\" \/>\n<meta property=\"og:image\" content=\"http:\/\/farm1.staticflickr.com\/621\/32509576466_918ce64791.jpg\" \/>\n<meta name=\"author\" content=\"Arnaldo Botto\" \/>\n<meta name=\"twitter:card\" content=\"summary_large_image\" \/>\n<script type=\"application\/ld+json\" class=\"yoast-schema-graph\">{\"@context\":\"https:\/\/schema.org\",\"@graph\":[{\"@type\":\"WebPage\",\"@id\":\"https:\/\/www.noticiasradioreflejos.com.ar\/2021\/actividades-en-la-biblioteca-de-villa-ventana-2\/\",\"url\":\"https:\/\/www.noticiasradioreflejos.com.ar\/2021\/actividades-en-la-biblioteca-de-villa-ventana-2\/\",\"name\":\"Actividades en la biblioteca de Villa Ventana - Noticias Radio Reflejos\",\"isPartOf\":{\"@id\":\"https:\/\/www.noticiasradioreflejos.com.ar\/2021\/#website\"},\"primaryImageOfPage\":{\"@id\":\"https:\/\/www.noticiasradioreflejos.com.ar\/2021\/actividades-en-la-biblioteca-de-villa-ventana-2\/#primaryimage\"},\"image\":{\"@id\":\"https:\/\/www.noticiasradioreflejos.com.ar\/2021\/actividades-en-la-biblioteca-de-villa-ventana-2\/#primaryimage\"},\"thumbnailUrl\":\"http:\/\/farm1.staticflickr.com\/621\/32509576466_918ce64791.jpg\",\"datePublished\":\"2017-01-27T11:25:28+00:00\",\"author\":{\"@id\":\"https:\/\/www.noticiasradioreflejos.com.ar\/2021\/#\/schema\/person\/ad82545263dcc5ec0996818884fd5fb1\"},\"breadcrumb\":{\"@id\":\"https:\/\/www.noticiasradioreflejos.com.ar\/2021\/actividades-en-la-biblioteca-de-villa-ventana-2\/#breadcrumb\"},\"inLanguage\":\"es\",\"potentialAction\":[{\"@type\":\"ReadAction\",\"target\":[\"https:\/\/www.noticiasradioreflejos.com.ar\/2021\/actividades-en-la-biblioteca-de-villa-ventana-2\/\"]}]},{\"@type\":\"ImageObject\",\"inLanguage\":\"es\",\"@id\":\"https:\/\/www.noticiasradioreflejos.com.ar\/2021\/actividades-en-la-biblioteca-de-villa-ventana-2\/#primaryimage\",\"url\":\"http:\/\/farm1.staticflickr.com\/621\/32509576466_918ce64791.jpg\",\"contentUrl\":\"http:\/\/farm1.staticflickr.com\/621\/32509576466_918ce64791.jpg\"},{\"@type\":\"BreadcrumbList\",\"@id\":\"https:\/\/www.noticiasradioreflejos.com.ar\/2021\/actividades-en-la-biblioteca-de-villa-ventana-2\/#breadcrumb\",\"itemListElement\":[{\"@type\":\"ListItem\",\"position\":1,\"name\":\"Portada\",\"item\":\"https:\/\/www.noticiasradioreflejos.com.ar\/2021\/\"},{\"@type\":\"ListItem\",\"position\":2,\"name\":\"Actividades en la biblioteca de Villa Ventana\"}]},{\"@type\":\"WebSite\",\"@id\":\"https:\/\/www.noticiasradioreflejos.com.ar\/2021\/#website\",\"url\":\"https:\/\/www.noticiasradioreflejos.com.ar\/2021\/\",\"name\":\"Noticias Radio Reflejos\",\"description\":\"Las noticias de mi comarca\",\"potentialAction\":[{\"@type\":\"SearchAction\",\"target\":{\"@type\":\"EntryPoint\",\"urlTemplate\":\"https:\/\/www.noticiasradioreflejos.com.ar\/2021\/?s={search_term_string}\"},\"query-input\":{\"@type\":\"PropertyValueSpecification\",\"valueRequired\":true,\"valueName\":\"search_term_string\"}}],\"inLanguage\":\"es\"},{\"@type\":\"Person\",\"@id\":\"https:\/\/www.noticiasradioreflejos.com.ar\/2021\/#\/schema\/person\/ad82545263dcc5ec0996818884fd5fb1\",\"name\":\"Arnaldo Botto\",\"image\":{\"@type\":\"ImageObject\",\"inLanguage\":\"es\",\"@id\":\"https:\/\/www.noticiasradioreflejos.com.ar\/2021\/#\/schema\/person\/image\/\",\"url\":\"https:\/\/secure.gravatar.com\/avatar\/55cb5e37c1efa326397366e6974cb338056df65cb50e7d64d1cf314e87504837?s=96&d=mm&r=g\",\"contentUrl\":\"https:\/\/secure.gravatar.com\/avatar\/55cb5e37c1efa326397366e6974cb338056df65cb50e7d64d1cf314e87504837?s=96&d=mm&r=g\",\"caption\":\"Arnaldo Botto\"},\"url\":\"https:\/\/www.noticiasradioreflejos.com.ar\/2021\/author\/arnaldo\/\"}]}<\/script>\n<!-- \/ Yoast SEO plugin. -->","yoast_head_json":{"title":"Actividades en la biblioteca de Villa Ventana - Noticias Radio Reflejos","robots":{"index":"index","follow":"follow","max-snippet":"max-snippet:-1","max-image-preview":"max-image-preview:large","max-video-preview":"max-video-preview:-1"},"canonical":"https:\/\/www.noticiasradioreflejos.com.ar\/2021\/actividades-en-la-biblioteca-de-villa-ventana-2\/","og_locale":"es_ES","og_type":"article","og_title":"Actividades en la biblioteca de Villa Ventana - Noticias Radio Reflejos","og_description":"Este viernes 27 y s\u00e1bado 28 de enero la Biblioteca Popular Macedonio Fern\u00e1ndez de Villa Ventana ofrece un variado men\u00fa de propuestas.","og_url":"https:\/\/www.noticiasradioreflejos.com.ar\/2021\/actividades-en-la-biblioteca-de-villa-ventana-2\/","og_site_name":"Noticias Radio Reflejos","article_published_time":"2017-01-27T11:25:28+00:00","og_image":[{"url":"http:\/\/farm1.staticflickr.com\/621\/32509576466_918ce64791.jpg","type":"","width":"","height":""}],"author":"Arnaldo Botto","twitter_card":"summary_large_image","schema":{"@context":"https:\/\/schema.org","@graph":[{"@type":"WebPage","@id":"https:\/\/www.noticiasradioreflejos.com.ar\/2021\/actividades-en-la-biblioteca-de-villa-ventana-2\/","url":"https:\/\/www.noticiasradioreflejos.com.ar\/2021\/actividades-en-la-biblioteca-de-villa-ventana-2\/","name":"Actividades en la biblioteca de Villa Ventana - Noticias Radio Reflejos","isPartOf":{"@id":"https:\/\/www.noticiasradioreflejos.com.ar\/2021\/#website"},"primaryImageOfPage":{"@id":"https:\/\/www.noticiasradioreflejos.com.ar\/2021\/actividades-en-la-biblioteca-de-villa-ventana-2\/#primaryimage"},"image":{"@id":"https:\/\/www.noticiasradioreflejos.com.ar\/2021\/actividades-en-la-biblioteca-de-villa-ventana-2\/#primaryimage"},"thumbnailUrl":"http:\/\/farm1.staticflickr.com\/621\/32509576466_918ce64791.jpg","datePublished":"2017-01-27T11:25:28+00:00","author":{"@id":"https:\/\/www.noticiasradioreflejos.com.ar\/2021\/#\/schema\/person\/ad82545263dcc5ec0996818884fd5fb1"},"breadcrumb":{"@id":"https:\/\/www.noticiasradioreflejos.com.ar\/2021\/actividades-en-la-biblioteca-de-villa-ventana-2\/#breadcrumb"},"inLanguage":"es","potentialAction":[{"@type":"ReadAction","target":["https:\/\/www.noticiasradioreflejos.com.ar\/2021\/actividades-en-la-biblioteca-de-villa-ventana-2\/"]}]},{"@type":"ImageObject","inLanguage":"es","@id":"https:\/\/www.noticiasradioreflejos.com.ar\/2021\/actividades-en-la-biblioteca-de-villa-ventana-2\/#primaryimage","url":"http:\/\/farm1.staticflickr.com\/621\/32509576466_918ce64791.jpg","contentUrl":"http:\/\/farm1.staticflickr.com\/621\/32509576466_918ce64791.jpg"},{"@type":"BreadcrumbList","@id":"https:\/\/www.noticiasradioreflejos.com.ar\/2021\/actividades-en-la-biblioteca-de-villa-ventana-2\/#breadcrumb","itemListElement":[{"@type":"ListItem","position":1,"name":"Portada","item":"https:\/\/www.noticiasradioreflejos.com.ar\/2021\/"},{"@type":"ListItem","position":2,"name":"Actividades en la biblioteca de Villa Ventana"}]},{"@type":"WebSite","@id":"https:\/\/www.noticiasradioreflejos.com.ar\/2021\/#website","url":"https:\/\/www.noticiasradioreflejos.com.ar\/2021\/","name":"Noticias Radio Reflejos","description":"Las noticias de mi comarca","potentialAction":[{"@type":"SearchAction","target":{"@type":"EntryPoint","urlTemplate":"https:\/\/www.noticiasradioreflejos.com.ar\/2021\/?s={search_term_string}"},"query-input":{"@type":"PropertyValueSpecification","valueRequired":true,"valueName":"search_term_string"}}],"inLanguage":"es"},{"@type":"Person","@id":"https:\/\/www.noticiasradioreflejos.com.ar\/2021\/#\/schema\/person\/ad82545263dcc5ec0996818884fd5fb1","name":"Arnaldo Botto","image":{"@type":"ImageObject","inLanguage":"es","@id":"https:\/\/www.noticiasradioreflejos.com.ar\/2021\/#\/schema\/person\/image\/","url":"https:\/\/secure.gravatar.com\/avatar\/55cb5e37c1efa326397366e6974cb338056df65cb50e7d64d1cf314e87504837?s=96&d=mm&r=g","contentUrl":"https:\/\/secure.gravatar.com\/avatar\/55cb5e37c1efa326397366e6974cb338056df65cb50e7d64d1cf314e87504837?s=96&d=mm&r=g","caption":"Arnaldo Botto"},"url":"https:\/\/www.noticiasradioreflejos.com.ar\/2021\/author\/arnaldo\/"}]}},"_links":{"self":[{"href":"https:\/\/www.noticiasradioreflejos.com.ar\/2021\/wp-json\/wp\/v2\/posts\/6348","targetHints":{"allow":["GET"]}}],"collection":[{"href":"https:\/\/www.noticiasradioreflejos.com.ar\/2021\/wp-json\/wp\/v2\/posts"}],"about":[{"href":"https:\/\/www.noticiasradioreflejos.com.ar\/2021\/wp-json\/wp\/v2\/types\/post"}],"author":[{"embeddable":true,"href":"https:\/\/www.noticiasradioreflejos.com.ar\/2021\/wp-json\/wp\/v2\/users\/3"}],"replies":[{"embeddable":true,"href":"https:\/\/www.noticiasradioreflejos.com.ar\/2021\/wp-json\/wp\/v2\/comments?post=6348"}],"version-history":[{"count":0,"href":"https:\/\/www.noticiasradioreflejos.com.ar\/2021\/wp-json\/wp\/v2\/posts\/6348\/revisions"}],"wp:attachment":[{"href":"https:\/\/www.noticiasradioreflejos.com.ar\/2021\/wp-json\/wp\/v2\/media?parent=6348"}],"wp:term":[{"taxonomy":"category","embeddable":true,"href":"https:\/\/www.noticiasradioreflejos.com.ar\/2021\/wp-json\/wp\/v2\/categories?post=6348"},{"taxonomy":"post_tag","embeddable":true,"href":"https:\/\/www.noticiasradioreflejos.com.ar\/2021\/wp-json\/wp\/v2\/tags?post=6348"}],"curies":[{"name":"wp","href":"https:\/\/api.w.org\/{rel}","templated":true}]}}