{"id":6338,"date":"2017-01-26T21:58:30","date_gmt":"2017-01-27T00:58:30","guid":{"rendered":"http:\/\/noticiasradioreflejos.com.ar\/noticias\/?p=6338"},"modified":"2017-01-26T21:58:30","modified_gmt":"2017-01-27T00:58:30","slug":"el-club-ventana-recibio-un-tractor-nuevo-para-mantenimiento-de-sus-canchas","status":"publish","type":"post","link":"https:\/\/www.noticiasradioreflejos.com.ar\/2021\/el-club-ventana-recibio-un-tractor-nuevo-para-mantenimiento-de-sus-canchas\/","title":{"rendered":"El Club Ventana recibi\u00f3 un tractor nuevo para mantenimiento de sus canchas."},"content":{"rendered":"<p><a title=\"11430057\" href=\"http:\/\/farm1.staticflickr.com\/556\/32421503941_fcda5919a9.jpg\" rel=\"\"><img loading=\"lazy\" decoding=\"async\" class=\"alignleft\" style=\"float: left;\" title=\"11430057\" src=\"http:\/\/farm1.staticflickr.com\/556\/32421503941_fcda5919a9.jpg\" alt=\"11430057\" width=\"500\" height=\"281\" \/><\/a>El compromiso lo hab\u00eda asumido en su vista a la instituci\u00f3n el Secretario General Gobierno de la Provincia de Buenos Aires Lic. Fabi\u00e1n Perechodnik, hace 10 d\u00edas.<br \/>\nEl Intendente de Tornquist Sergio Bordoni, entreg\u00f3 un moderno tractor para el corte y mantenimiento de las canchas del Club Atl\u00e9tico Ventana. El presidente de la instituci\u00f3n serrana Gonzalo Reyes, se mostr\u00f3 muy contento por la adquisici\u00f3n que lleg\u00f3 a un monto de $ 94.500.-<br \/>\nDel acto participaron junto a Bordoni, la Concejal Graciela Bag\u00fa, el Secretario de Deportes Sebasti\u00e1n Bassi e integrantes del Club Ventana.<!--more--><br \/>\n<a title=\"11430054\" href=\"http:\/\/farm1.staticflickr.com\/750\/32421504571_6dac95ab24_z.jpg\" rel=\"\"><img loading=\"lazy\" decoding=\"async\" class=\"aligncenter\" title=\"11430054\" src=\"http:\/\/farm1.staticflickr.com\/750\/32421504571_6dac95ab24_z.jpg\" alt=\"11430054\" width=\"640\" height=\"360\" \/><\/a><br \/>\nEl nuevo tractor es americano, marca Cub Cadet y posee un motor John Deere de 26 caballos de fuerza, con tres cuchillas de corte con un ancho de 1,48 Mts.<br \/>\n\u00abAl club le resume el trabajo en tiempo y costo de combustible debido a que su potencia le permite trabajar mas holgado al motor y lo que antes tard\u00e1bamos 4 horas ahora se hace en 1 hora y cuarto\u00bb asegura Reyes.<br \/>\nPor su parte el intendente sum\u00f3 el compromiso de ayudar con otro importe de dinero a la instituci\u00f3n para la finalizaci\u00f3n de la obra de riego autom\u00e1tico en la cancha de f\u00fatbol principal. \u00abEl objetivo es colaborar con las instituciones que trabajan con un compromiso social donde el estado no puede llegar\u00bb manifest\u00f3 Bordoni.<br \/>\n<a href=\"https:\/\/www.facebook.com\/reflejosfm\/media_set?set=a.10211935405489290.1073742018.1496587978&amp;type=3&amp;uploaded=21\">M\u00e1s Fotos:<\/a><br \/>\n<iframe loading=\"lazy\" src=\"https:\/\/w.soundcloud.com\/player\/?url=https%3A\/\/api.soundcloud.com\/tracks\/304716588&amp;color=ff5500&amp;auto_play=false&amp;hide_related=false&amp;show_comments=true&amp;show_user=true&amp;show_reposts=false\" width=\"100%\" height=\"166\" frameborder=\"no\" scrolling=\"no\"><\/iframe><br \/>\n<iframe loading=\"lazy\" src=\"https:\/\/w.soundcloud.com\/player\/?url=https%3A\/\/api.soundcloud.com\/tracks\/304717524&amp;color=ff5500&amp;auto_play=false&amp;hide_related=false&amp;show_comments=true&amp;show_user=true&amp;show_reposts=false\" width=\"100%\" height=\"166\" frameborder=\"no\" scrolling=\"no\"><\/iframe><br \/>\n&nbsp;<br \/>\n<a title=\"11430065\" href=\"http:\/\/farm1.staticflickr.com\/694\/31732054213_30017f88b8_z.jpg\" rel=\"\"><img loading=\"lazy\" decoding=\"async\" class=\"aligncenter\" title=\"11430065\" src=\"http:\/\/farm1.staticflickr.com\/694\/31732054213_30017f88b8_z.jpg\" alt=\"11430065\" width=\"640\" height=\"360\" \/><\/a><br \/>\n<a title=\"11430062\" href=\"http:\/\/farm1.staticflickr.com\/322\/31732055163_9eb74b9b0b_z.jpg\" rel=\"\"><img loading=\"lazy\" decoding=\"async\" class=\"aligncenter\" title=\"11430062\" src=\"http:\/\/farm1.staticflickr.com\/322\/31732055163_9eb74b9b0b_z.jpg\" alt=\"11430062\" width=\"640\" height=\"360\" \/><\/a><\/p>\n","protected":false},"excerpt":{"rendered":"<p>El compromiso lo hab\u00eda asumido en su vista a la instituci\u00f3n el Secretario General Gobierno de la Provincia de Buenos Aires Lic. Fabi\u00e1n Perechodnik, hace 10 d\u00edas. El Intendente de Tornquist Sergio Bordoni, entreg\u00f3 un moderno tractor para el corte y mantenimiento de las canchas del Club Atl\u00e9tico Ventana. El presidente de la instituci\u00f3n serrana [&hellip;]<\/p>\n","protected":false},"author":3,"featured_media":0,"comment_status":"closed","ping_status":"open","sticky":false,"template":"","format":"standard","meta":{"footnotes":""},"categories":[27],"tags":[],"class_list":["post-6338","post","type-post","status-publish","format-standard","hentry","category-deportes"],"yoast_head":"<!-- This site is optimized with the Yoast SEO plugin v25.9 - https:\/\/yoast.com\/wordpress\/plugins\/seo\/ -->\n<title>El Club Ventana recibi\u00f3 un tractor nuevo para mantenimiento de sus canchas. - Noticias Radio Reflejos<\/title>\n<meta name=\"robots\" content=\"index, follow, max-snippet:-1, max-image-preview:large, max-video-preview:-1\" \/>\n<link rel=\"canonical\" href=\"https:\/\/www.noticiasradioreflejos.com.ar\/2021\/el-club-ventana-recibio-un-tractor-nuevo-para-mantenimiento-de-sus-canchas\/\" \/>\n<meta property=\"og:locale\" content=\"es_ES\" \/>\n<meta property=\"og:type\" content=\"article\" \/>\n<meta property=\"og:title\" content=\"El Club Ventana recibi\u00f3 un tractor nuevo para mantenimiento de sus canchas. - Noticias Radio Reflejos\" \/>\n<meta property=\"og:description\" content=\"El compromiso lo hab\u00eda asumido en su vista a la instituci\u00f3n el Secretario General Gobierno de la Provincia de Buenos Aires Lic. Fabi\u00e1n Perechodnik, hace 10 d\u00edas. El Intendente de Tornquist Sergio Bordoni, entreg\u00f3 un moderno tractor para el corte y mantenimiento de las canchas del Club Atl\u00e9tico Ventana. El presidente de la instituci\u00f3n serrana [&hellip;]\" \/>\n<meta property=\"og:url\" content=\"https:\/\/www.noticiasradioreflejos.com.ar\/2021\/el-club-ventana-recibio-un-tractor-nuevo-para-mantenimiento-de-sus-canchas\/\" \/>\n<meta property=\"og:site_name\" content=\"Noticias Radio Reflejos\" \/>\n<meta property=\"article:published_time\" content=\"2017-01-27T00:58:30+00:00\" \/>\n<meta property=\"og:image\" content=\"http:\/\/farm1.staticflickr.com\/556\/32421503941_fcda5919a9.jpg\" \/>\n<meta name=\"author\" content=\"Arnaldo Botto\" \/>\n<meta name=\"twitter:card\" content=\"summary_large_image\" \/>\n<script type=\"application\/ld+json\" class=\"yoast-schema-graph\">{\"@context\":\"https:\/\/schema.org\",\"@graph\":[{\"@type\":\"WebPage\",\"@id\":\"https:\/\/www.noticiasradioreflejos.com.ar\/2021\/el-club-ventana-recibio-un-tractor-nuevo-para-mantenimiento-de-sus-canchas\/\",\"url\":\"https:\/\/www.noticiasradioreflejos.com.ar\/2021\/el-club-ventana-recibio-un-tractor-nuevo-para-mantenimiento-de-sus-canchas\/\",\"name\":\"El Club Ventana recibi\u00f3 un tractor nuevo para mantenimiento de sus canchas. - Noticias Radio Reflejos\",\"isPartOf\":{\"@id\":\"https:\/\/www.noticiasradioreflejos.com.ar\/2021\/#website\"},\"primaryImageOfPage\":{\"@id\":\"https:\/\/www.noticiasradioreflejos.com.ar\/2021\/el-club-ventana-recibio-un-tractor-nuevo-para-mantenimiento-de-sus-canchas\/#primaryimage\"},\"image\":{\"@id\":\"https:\/\/www.noticiasradioreflejos.com.ar\/2021\/el-club-ventana-recibio-un-tractor-nuevo-para-mantenimiento-de-sus-canchas\/#primaryimage\"},\"thumbnailUrl\":\"http:\/\/farm1.staticflickr.com\/556\/32421503941_fcda5919a9.jpg\",\"datePublished\":\"2017-01-27T00:58:30+00:00\",\"author\":{\"@id\":\"https:\/\/www.noticiasradioreflejos.com.ar\/2021\/#\/schema\/person\/ad82545263dcc5ec0996818884fd5fb1\"},\"breadcrumb\":{\"@id\":\"https:\/\/www.noticiasradioreflejos.com.ar\/2021\/el-club-ventana-recibio-un-tractor-nuevo-para-mantenimiento-de-sus-canchas\/#breadcrumb\"},\"inLanguage\":\"es\",\"potentialAction\":[{\"@type\":\"ReadAction\",\"target\":[\"https:\/\/www.noticiasradioreflejos.com.ar\/2021\/el-club-ventana-recibio-un-tractor-nuevo-para-mantenimiento-de-sus-canchas\/\"]}]},{\"@type\":\"ImageObject\",\"inLanguage\":\"es\",\"@id\":\"https:\/\/www.noticiasradioreflejos.com.ar\/2021\/el-club-ventana-recibio-un-tractor-nuevo-para-mantenimiento-de-sus-canchas\/#primaryimage\",\"url\":\"http:\/\/farm1.staticflickr.com\/556\/32421503941_fcda5919a9.jpg\",\"contentUrl\":\"http:\/\/farm1.staticflickr.com\/556\/32421503941_fcda5919a9.jpg\"},{\"@type\":\"BreadcrumbList\",\"@id\":\"https:\/\/www.noticiasradioreflejos.com.ar\/2021\/el-club-ventana-recibio-un-tractor-nuevo-para-mantenimiento-de-sus-canchas\/#breadcrumb\",\"itemListElement\":[{\"@type\":\"ListItem\",\"position\":1,\"name\":\"Portada\",\"item\":\"https:\/\/www.noticiasradioreflejos.com.ar\/2021\/\"},{\"@type\":\"ListItem\",\"position\":2,\"name\":\"El Club Ventana recibi\u00f3 un tractor nuevo para mantenimiento de sus canchas.\"}]},{\"@type\":\"WebSite\",\"@id\":\"https:\/\/www.noticiasradioreflejos.com.ar\/2021\/#website\",\"url\":\"https:\/\/www.noticiasradioreflejos.com.ar\/2021\/\",\"name\":\"Noticias Radio Reflejos\",\"description\":\"Las noticias de mi comarca\",\"potentialAction\":[{\"@type\":\"SearchAction\",\"target\":{\"@type\":\"EntryPoint\",\"urlTemplate\":\"https:\/\/www.noticiasradioreflejos.com.ar\/2021\/?s={search_term_string}\"},\"query-input\":{\"@type\":\"PropertyValueSpecification\",\"valueRequired\":true,\"valueName\":\"search_term_string\"}}],\"inLanguage\":\"es\"},{\"@type\":\"Person\",\"@id\":\"https:\/\/www.noticiasradioreflejos.com.ar\/2021\/#\/schema\/person\/ad82545263dcc5ec0996818884fd5fb1\",\"name\":\"Arnaldo Botto\",\"image\":{\"@type\":\"ImageObject\",\"inLanguage\":\"es\",\"@id\":\"https:\/\/www.noticiasradioreflejos.com.ar\/2021\/#\/schema\/person\/image\/\",\"url\":\"https:\/\/secure.gravatar.com\/avatar\/55cb5e37c1efa326397366e6974cb338056df65cb50e7d64d1cf314e87504837?s=96&d=mm&r=g\",\"contentUrl\":\"https:\/\/secure.gravatar.com\/avatar\/55cb5e37c1efa326397366e6974cb338056df65cb50e7d64d1cf314e87504837?s=96&d=mm&r=g\",\"caption\":\"Arnaldo Botto\"},\"url\":\"https:\/\/www.noticiasradioreflejos.com.ar\/2021\/author\/arnaldo\/\"}]}<\/script>\n<!-- \/ Yoast SEO plugin. -->","yoast_head_json":{"title":"El Club Ventana recibi\u00f3 un tractor nuevo para mantenimiento de sus canchas. - Noticias Radio Reflejos","robots":{"index":"index","follow":"follow","max-snippet":"max-snippet:-1","max-image-preview":"max-image-preview:large","max-video-preview":"max-video-preview:-1"},"canonical":"https:\/\/www.noticiasradioreflejos.com.ar\/2021\/el-club-ventana-recibio-un-tractor-nuevo-para-mantenimiento-de-sus-canchas\/","og_locale":"es_ES","og_type":"article","og_title":"El Club Ventana recibi\u00f3 un tractor nuevo para mantenimiento de sus canchas. - Noticias Radio Reflejos","og_description":"El compromiso lo hab\u00eda asumido en su vista a la instituci\u00f3n el Secretario General Gobierno de la Provincia de Buenos Aires Lic. Fabi\u00e1n Perechodnik, hace 10 d\u00edas. El Intendente de Tornquist Sergio Bordoni, entreg\u00f3 un moderno tractor para el corte y mantenimiento de las canchas del Club Atl\u00e9tico Ventana. El presidente de la instituci\u00f3n serrana [&hellip;]","og_url":"https:\/\/www.noticiasradioreflejos.com.ar\/2021\/el-club-ventana-recibio-un-tractor-nuevo-para-mantenimiento-de-sus-canchas\/","og_site_name":"Noticias Radio Reflejos","article_published_time":"2017-01-27T00:58:30+00:00","og_image":[{"url":"http:\/\/farm1.staticflickr.com\/556\/32421503941_fcda5919a9.jpg","type":"","width":"","height":""}],"author":"Arnaldo Botto","twitter_card":"summary_large_image","schema":{"@context":"https:\/\/schema.org","@graph":[{"@type":"WebPage","@id":"https:\/\/www.noticiasradioreflejos.com.ar\/2021\/el-club-ventana-recibio-un-tractor-nuevo-para-mantenimiento-de-sus-canchas\/","url":"https:\/\/www.noticiasradioreflejos.com.ar\/2021\/el-club-ventana-recibio-un-tractor-nuevo-para-mantenimiento-de-sus-canchas\/","name":"El Club Ventana recibi\u00f3 un tractor nuevo para mantenimiento de sus canchas. - Noticias Radio Reflejos","isPartOf":{"@id":"https:\/\/www.noticiasradioreflejos.com.ar\/2021\/#website"},"primaryImageOfPage":{"@id":"https:\/\/www.noticiasradioreflejos.com.ar\/2021\/el-club-ventana-recibio-un-tractor-nuevo-para-mantenimiento-de-sus-canchas\/#primaryimage"},"image":{"@id":"https:\/\/www.noticiasradioreflejos.com.ar\/2021\/el-club-ventana-recibio-un-tractor-nuevo-para-mantenimiento-de-sus-canchas\/#primaryimage"},"thumbnailUrl":"http:\/\/farm1.staticflickr.com\/556\/32421503941_fcda5919a9.jpg","datePublished":"2017-01-27T00:58:30+00:00","author":{"@id":"https:\/\/www.noticiasradioreflejos.com.ar\/2021\/#\/schema\/person\/ad82545263dcc5ec0996818884fd5fb1"},"breadcrumb":{"@id":"https:\/\/www.noticiasradioreflejos.com.ar\/2021\/el-club-ventana-recibio-un-tractor-nuevo-para-mantenimiento-de-sus-canchas\/#breadcrumb"},"inLanguage":"es","potentialAction":[{"@type":"ReadAction","target":["https:\/\/www.noticiasradioreflejos.com.ar\/2021\/el-club-ventana-recibio-un-tractor-nuevo-para-mantenimiento-de-sus-canchas\/"]}]},{"@type":"ImageObject","inLanguage":"es","@id":"https:\/\/www.noticiasradioreflejos.com.ar\/2021\/el-club-ventana-recibio-un-tractor-nuevo-para-mantenimiento-de-sus-canchas\/#primaryimage","url":"http:\/\/farm1.staticflickr.com\/556\/32421503941_fcda5919a9.jpg","contentUrl":"http:\/\/farm1.staticflickr.com\/556\/32421503941_fcda5919a9.jpg"},{"@type":"BreadcrumbList","@id":"https:\/\/www.noticiasradioreflejos.com.ar\/2021\/el-club-ventana-recibio-un-tractor-nuevo-para-mantenimiento-de-sus-canchas\/#breadcrumb","itemListElement":[{"@type":"ListItem","position":1,"name":"Portada","item":"https:\/\/www.noticiasradioreflejos.com.ar\/2021\/"},{"@type":"ListItem","position":2,"name":"El Club Ventana recibi\u00f3 un tractor nuevo para mantenimiento de sus canchas."}]},{"@type":"WebSite","@id":"https:\/\/www.noticiasradioreflejos.com.ar\/2021\/#website","url":"https:\/\/www.noticiasradioreflejos.com.ar\/2021\/","name":"Noticias Radio Reflejos","description":"Las noticias de mi comarca","potentialAction":[{"@type":"SearchAction","target":{"@type":"EntryPoint","urlTemplate":"https:\/\/www.noticiasradioreflejos.com.ar\/2021\/?s={search_term_string}"},"query-input":{"@type":"PropertyValueSpecification","valueRequired":true,"valueName":"search_term_string"}}],"inLanguage":"es"},{"@type":"Person","@id":"https:\/\/www.noticiasradioreflejos.com.ar\/2021\/#\/schema\/person\/ad82545263dcc5ec0996818884fd5fb1","name":"Arnaldo Botto","image":{"@type":"ImageObject","inLanguage":"es","@id":"https:\/\/www.noticiasradioreflejos.com.ar\/2021\/#\/schema\/person\/image\/","url":"https:\/\/secure.gravatar.com\/avatar\/55cb5e37c1efa326397366e6974cb338056df65cb50e7d64d1cf314e87504837?s=96&d=mm&r=g","contentUrl":"https:\/\/secure.gravatar.com\/avatar\/55cb5e37c1efa326397366e6974cb338056df65cb50e7d64d1cf314e87504837?s=96&d=mm&r=g","caption":"Arnaldo Botto"},"url":"https:\/\/www.noticiasradioreflejos.com.ar\/2021\/author\/arnaldo\/"}]}},"_links":{"self":[{"href":"https:\/\/www.noticiasradioreflejos.com.ar\/2021\/wp-json\/wp\/v2\/posts\/6338","targetHints":{"allow":["GET"]}}],"collection":[{"href":"https:\/\/www.noticiasradioreflejos.com.ar\/2021\/wp-json\/wp\/v2\/posts"}],"about":[{"href":"https:\/\/www.noticiasradioreflejos.com.ar\/2021\/wp-json\/wp\/v2\/types\/post"}],"author":[{"embeddable":true,"href":"https:\/\/www.noticiasradioreflejos.com.ar\/2021\/wp-json\/wp\/v2\/users\/3"}],"replies":[{"embeddable":true,"href":"https:\/\/www.noticiasradioreflejos.com.ar\/2021\/wp-json\/wp\/v2\/comments?post=6338"}],"version-history":[{"count":0,"href":"https:\/\/www.noticiasradioreflejos.com.ar\/2021\/wp-json\/wp\/v2\/posts\/6338\/revisions"}],"wp:attachment":[{"href":"https:\/\/www.noticiasradioreflejos.com.ar\/2021\/wp-json\/wp\/v2\/media?parent=6338"}],"wp:term":[{"taxonomy":"category","embeddable":true,"href":"https:\/\/www.noticiasradioreflejos.com.ar\/2021\/wp-json\/wp\/v2\/categories?post=6338"},{"taxonomy":"post_tag","embeddable":true,"href":"https:\/\/www.noticiasradioreflejos.com.ar\/2021\/wp-json\/wp\/v2\/tags?post=6338"}],"curies":[{"name":"wp","href":"https:\/\/api.w.org\/{rel}","templated":true}]}}