{"id":63250,"date":"2021-10-01T10:56:22","date_gmt":"2021-10-01T10:56:22","guid":{"rendered":"http:\/\/www.noticiasradioreflejos.com.ar\/2021\/?p=63250"},"modified":"2021-10-01T10:56:22","modified_gmt":"2021-10-01T10:56:22","slug":"cuales-son-las-nuevas-flexibilizaciones-que-entran-en-vigencia-y-rigen-hasta-fin-de-ano","status":"publish","type":"post","link":"https:\/\/www.noticiasradioreflejos.com.ar\/2021\/cuales-son-las-nuevas-flexibilizaciones-que-entran-en-vigencia-y-rigen-hasta-fin-de-ano\/","title":{"rendered":"Cu\u00e1les son las nuevas flexibilizaciones que entran en vigencia y rigen hasta fin de a\u00f1o"},"content":{"rendered":"<div class=\"head-content\">\n<p>Entre otros puntos, eliminan la obligatoriedad del uso tapabocas en espacios p\u00fablicos y se permite el retorno del p\u00fablico a los estadios de f\u00fatbol. A partir del 1 de noviembre se restablece el ingreso al pa\u00eds de turismo extranjero.<\/p>\n<\/div>\n<p><!--more--><\/p>\n<div class=\"main-content-block\">\n<div class=\"main-box clearfix\">\n<div class=\"wrapper-main-section clearfix\">\n<div class=\"wrapper-editable-content\">\n<div class=\"editable-content clearfix\">El Gobierno nacional emiti\u00f3 este jueves un Decreto de Necesidad y Urgencia (DNU) para flexibilizar algunas restricciones derivadas de la pandemia de coronavirus y regular la realizaci\u00f3n de las actividades de mayor riesgo epidemiol\u00f3gico y sanitario desde este viernes y hasta el 31 de diciembre pr\u00f3ximo.<\/p>\n<p>Seg\u00fan el DNU 678, al que accesd\u00f3 T\u00e9lam, \u00ab<strong>sigue vigente la necesidad de mantener distancia social (de al menos dos metros entre las personas) y el uso de tapabocas en espacios compartidos cerrados y abiertos, pero ya no ser\u00e1 necesario cuando se circule al aire libre a m\u00e1s de dos metros de distancia de otras personas<\/strong>\u00ab.<\/p>\n<p>Asimismo, para reducir la circulaci\u00f3n del coronavirus, contin\u00faa siendo necesario\u00a0<strong>ventilar los ambientes\u00a0<\/strong>en forma adecuada y constante e higienizarse las manos frecuentemente.<\/p>\n<p>\u00abTodas las actividades deber\u00e1n realizarse seg\u00fan los protocolos y las recomendaciones e instrucciones de las autoridades sanitarias nacional, provinciales y de la Ciudad Aut\u00f3noma de Buenos Aires\u00bb, establece el DNU, y en \u00abning\u00fan caso podr\u00e1n circular las personas que revistan la condici\u00f3n de &#8216;caso confirmado&#8217;, &#8216;caso sospechoso&#8217; o &#8216;contacto estrecho&#8217; de COVID-19\u00bb.<\/p>\n<p>La resoluci\u00f3n establece adem\u00e1s\u00a0<strong>la realizaci\u00f3n de actividades de mayor riesgo epidemiol\u00f3gico y sanitario pero con \u00abciertas condiciones<\/strong>\u00ab, como la \u00abautorizaci\u00f3n de las jurisdicciones provinciales de destino y permanencia\u00bb y el \u00abtest de ant\u00edgeno negativo\u00bb, entre otras.<\/p>\n<div id=\"image\" class=\"image\"><img decoding=\"async\" title=\"\" src=\"https:\/\/www.telam.com.ar\/advf\/imagenes\/2021\/09\/61561cb321611_1004x1106.jpg\" alt=\"\" \/><\/div>\n<p>Adem\u00e1s, los gobiernos provinciales y de la Ciudad Aut\u00f3noma de Buenos Aires podr\u00e1n establecer medidas sanitarias temporarias y focalizadas adicionales con la finalidad de contener los contagios por coronavirus.<\/p>\n<p>Las actividades econ\u00f3micas, industriales, comerciales, de servicios, tur\u00edsticas, religiosas, culturales, deportivas, recreativas y sociales deber\u00e1n realizarse cumpliendo un protocolo de funcionamiento aprobado por la autoridad sanitaria nacional, provincial o de la Ciudad Aut\u00f3noma de Buenos Aires, y los empleadores deber\u00e1n garantizar las condiciones de higiene y seguridad establecidas por la autoridad sanitaria para preservar la salud de los trabajadores y las trabajadoras.<\/p>\n<div class=\"js-code\">\n<p><a title=\"View Decreto n\u00famero 678\/21 on Scribd\" href=\"https:\/\/www.scribd.com\/document\/528793889\/Decreto-numero-678-21#from_embed\">Decreto n\u00famero 678\/21<\/a>\u00a0by\u00a0<a title=\"View T\u00e9lam's profile on Scribd\" href=\"https:\/\/www.scribd.com\/user\/276843644\/Telam#from_embed\">T\u00e9lam<\/a>\u00a0on Scribd<\/p>\n<p><iframe loading=\"lazy\" id=\"doc_20812\" class=\"scribd_iframe_embed\" title=\"Decreto n\u00famero 678\/21\" src=\"https:\/\/es.scribd.com\/embeds\/528793889\/content?start_page=1&amp;view_mode=scroll&amp;access_key=key-y5nDNnx6kh0NQ2szlNuu\" width=\"100%\" height=\"600\" frameborder=\"0\" scrolling=\"no\" data-auto-height=\"true\" data-aspect-ratio=\"0.7068965517241379\" data-mce-fragment=\"1\"><\/iframe><\/div>\n<p><strong>\u00abS\u00f3lo estar\u00e1n dispensados del deber de asistencia al lugar de tareas, con car\u00e1cter excepcional, los trabajadores y las trabajadoras<\/strong>\u00a0a los que comprende el art\u00edculo 3\u00b0, incisos V y VI, de la Resoluci\u00f3n 627\/20 del Ministerio de Salud, es decir, personas\u00a0<strong>con inmunodeficiencias: cong\u00e9nita, asplenia funcional o anat\u00f3mica (incluida anemia drepanoc\u00edtica) y desnutrici\u00f3n grave, VIH dependiendo del status y personas con medicaci\u00f3n inmunosupresora o corticoides en altas dosis; pacientes oncol\u00f3gicos y trasplantados: con enfermedad oncohematol\u00f3gica hasta seis meses posteriores a la remisi\u00f3n completa, con tumor de \u00f3rgano s\u00f3lido en tratamiento y trasplantados de \u00f3rganos s\u00f3lidos o de precursores hematopoy\u00e9ticos\u00bb<\/strong>, indic\u00f3 el texto del DNU.<\/p>\n<div id=\"image\" class=\"image\"><img decoding=\"async\" title=\"\" src=\"https:\/\/www.telam.com.ar\/advf\/imagenes\/2021\/09\/61561b30119af_1004x1032.jpg\" alt=\"\" \/><\/div>\n<p>Tambi\u00e9n se establece la \u00abpresencialidad en el trabajo para los agentes de todas las jurisdicciones, organismos y entidades de la administraci\u00f3n p\u00fablica nacional\u00bb.<\/p>\n<p>Las provincias y la Ciudad Aut\u00f3noma, en tanto, \u00abdeber\u00e1n realizar, en forma conjunta con el Ministerio de Salud de la Naci\u00f3n, el monitoreo de la evoluci\u00f3n epidemiol\u00f3gica y de las condiciones sanitarias\u00bb.<\/p>\n<p><strong>A partir del 1\u00b0 de noviembre se restablece el ingreso al territorio nacional de extranjeros no residentes<\/strong>, siempre que cumplan con los requisitos migratorios y sanitarios vigentes o que se establezcan en el futuro, y que se realizar\u00e1 por los corredores seguros establecidos en los t\u00e9rminos del art\u00edculo 16 del Decreto N\u00b0 260\/20.<\/p>\n<p><a href=\"https:\/\/www.telam.com.ar\/notas\/202109\/570261-manzur-pandemia-coronavirus-covid-19-jefe-gabinete.html\" target=\"_blank\" rel=\"noopener\">Las nuevas medidas hab\u00edan sido adelantadas por el jefe de Gabinete, Juan Manzur, y la ministra de Salud, Carla Vizzotti, en una conferencia de prensa que ofrecieron el martes de la semana pasada en la Casa de Gobierno<\/a>, cuando anunciaron que finalizar\u00e1n una serie de restricciones establecidas por la pandemia de coronavirus, fundamentalmente por la mejora de la situaci\u00f3n sanitaria y el avance del plan de vacunaci\u00f3n en el pa\u00eds.<\/p>\n<\/div>\n<\/div>\n<\/div>\n<\/div>\n<\/div>\n","protected":false},"excerpt":{"rendered":"<p>Entre otros puntos, eliminan la obligatoriedad del uso tapabocas en espacios p\u00fablicos y se permite el retorno del p\u00fablico a los estadios de f\u00fatbol. A partir del 1 de noviembre se restablece el ingreso al pa\u00eds de turismo extranjero.<\/p>\n","protected":false},"author":3,"featured_media":0,"comment_status":"closed","ping_status":"closed","sticky":false,"template":"","format":"standard","meta":{"footnotes":""},"categories":[24,26],"tags":[],"class_list":["post-63250","post","type-post","status-publish","format-standard","hentry","category-politica","category-sociedad"],"yoast_head":"<!-- This site is optimized with the Yoast SEO plugin v25.9 - https:\/\/yoast.com\/wordpress\/plugins\/seo\/ -->\n<title>Cu\u00e1les son las nuevas flexibilizaciones que entran en vigencia y rigen hasta fin de a\u00f1o - Noticias Radio Reflejos<\/title>\n<meta name=\"robots\" content=\"index, follow, max-snippet:-1, max-image-preview:large, max-video-preview:-1\" \/>\n<link rel=\"canonical\" href=\"https:\/\/www.noticiasradioreflejos.com.ar\/2021\/cuales-son-las-nuevas-flexibilizaciones-que-entran-en-vigencia-y-rigen-hasta-fin-de-ano\/\" \/>\n<meta property=\"og:locale\" content=\"es_ES\" \/>\n<meta property=\"og:type\" content=\"article\" \/>\n<meta property=\"og:title\" content=\"Cu\u00e1les son las nuevas flexibilizaciones que entran en vigencia y rigen hasta fin de a\u00f1o - Noticias Radio Reflejos\" \/>\n<meta property=\"og:description\" content=\"Entre otros puntos, eliminan la obligatoriedad del uso tapabocas en espacios p\u00fablicos y se permite el retorno del p\u00fablico a los estadios de f\u00fatbol. A partir del 1 de noviembre se restablece el ingreso al pa\u00eds de turismo extranjero.\" \/>\n<meta property=\"og:url\" content=\"https:\/\/www.noticiasradioreflejos.com.ar\/2021\/cuales-son-las-nuevas-flexibilizaciones-que-entran-en-vigencia-y-rigen-hasta-fin-de-ano\/\" \/>\n<meta property=\"og:site_name\" content=\"Noticias Radio Reflejos\" \/>\n<meta property=\"article:published_time\" content=\"2021-10-01T10:56:22+00:00\" \/>\n<meta property=\"og:image\" content=\"https:\/\/www.telam.com.ar\/advf\/imagenes\/2021\/09\/61561cb321611_1004x1106.jpg\" \/>\n<meta name=\"author\" content=\"Arnaldo Botto\" \/>\n<meta name=\"twitter:card\" content=\"summary_large_image\" \/>\n<script type=\"application\/ld+json\" class=\"yoast-schema-graph\">{\"@context\":\"https:\/\/schema.org\",\"@graph\":[{\"@type\":\"WebPage\",\"@id\":\"https:\/\/www.noticiasradioreflejos.com.ar\/2021\/cuales-son-las-nuevas-flexibilizaciones-que-entran-en-vigencia-y-rigen-hasta-fin-de-ano\/\",\"url\":\"https:\/\/www.noticiasradioreflejos.com.ar\/2021\/cuales-son-las-nuevas-flexibilizaciones-que-entran-en-vigencia-y-rigen-hasta-fin-de-ano\/\",\"name\":\"Cu\u00e1les son las nuevas flexibilizaciones que entran en vigencia y rigen hasta fin de a\u00f1o - Noticias Radio Reflejos\",\"isPartOf\":{\"@id\":\"https:\/\/www.noticiasradioreflejos.com.ar\/2021\/#website\"},\"primaryImageOfPage\":{\"@id\":\"https:\/\/www.noticiasradioreflejos.com.ar\/2021\/cuales-son-las-nuevas-flexibilizaciones-que-entran-en-vigencia-y-rigen-hasta-fin-de-ano\/#primaryimage\"},\"image\":{\"@id\":\"https:\/\/www.noticiasradioreflejos.com.ar\/2021\/cuales-son-las-nuevas-flexibilizaciones-que-entran-en-vigencia-y-rigen-hasta-fin-de-ano\/#primaryimage\"},\"thumbnailUrl\":\"https:\/\/www.telam.com.ar\/advf\/imagenes\/2021\/09\/61561cb321611_1004x1106.jpg\",\"datePublished\":\"2021-10-01T10:56:22+00:00\",\"author\":{\"@id\":\"https:\/\/www.noticiasradioreflejos.com.ar\/2021\/#\/schema\/person\/ad82545263dcc5ec0996818884fd5fb1\"},\"breadcrumb\":{\"@id\":\"https:\/\/www.noticiasradioreflejos.com.ar\/2021\/cuales-son-las-nuevas-flexibilizaciones-que-entran-en-vigencia-y-rigen-hasta-fin-de-ano\/#breadcrumb\"},\"inLanguage\":\"es\",\"potentialAction\":[{\"@type\":\"ReadAction\",\"target\":[\"https:\/\/www.noticiasradioreflejos.com.ar\/2021\/cuales-son-las-nuevas-flexibilizaciones-que-entran-en-vigencia-y-rigen-hasta-fin-de-ano\/\"]}]},{\"@type\":\"ImageObject\",\"inLanguage\":\"es\",\"@id\":\"https:\/\/www.noticiasradioreflejos.com.ar\/2021\/cuales-son-las-nuevas-flexibilizaciones-que-entran-en-vigencia-y-rigen-hasta-fin-de-ano\/#primaryimage\",\"url\":\"https:\/\/www.telam.com.ar\/advf\/imagenes\/2021\/09\/61561cb321611_1004x1106.jpg\",\"contentUrl\":\"https:\/\/www.telam.com.ar\/advf\/imagenes\/2021\/09\/61561cb321611_1004x1106.jpg\"},{\"@type\":\"BreadcrumbList\",\"@id\":\"https:\/\/www.noticiasradioreflejos.com.ar\/2021\/cuales-son-las-nuevas-flexibilizaciones-que-entran-en-vigencia-y-rigen-hasta-fin-de-ano\/#breadcrumb\",\"itemListElement\":[{\"@type\":\"ListItem\",\"position\":1,\"name\":\"Portada\",\"item\":\"https:\/\/www.noticiasradioreflejos.com.ar\/2021\/\"},{\"@type\":\"ListItem\",\"position\":2,\"name\":\"Cu\u00e1les son las nuevas flexibilizaciones que entran en vigencia y rigen hasta fin de a\u00f1o\"}]},{\"@type\":\"WebSite\",\"@id\":\"https:\/\/www.noticiasradioreflejos.com.ar\/2021\/#website\",\"url\":\"https:\/\/www.noticiasradioreflejos.com.ar\/2021\/\",\"name\":\"Noticias Radio Reflejos\",\"description\":\"Las noticias de mi comarca\",\"potentialAction\":[{\"@type\":\"SearchAction\",\"target\":{\"@type\":\"EntryPoint\",\"urlTemplate\":\"https:\/\/www.noticiasradioreflejos.com.ar\/2021\/?s={search_term_string}\"},\"query-input\":{\"@type\":\"PropertyValueSpecification\",\"valueRequired\":true,\"valueName\":\"search_term_string\"}}],\"inLanguage\":\"es\"},{\"@type\":\"Person\",\"@id\":\"https:\/\/www.noticiasradioreflejos.com.ar\/2021\/#\/schema\/person\/ad82545263dcc5ec0996818884fd5fb1\",\"name\":\"Arnaldo Botto\",\"image\":{\"@type\":\"ImageObject\",\"inLanguage\":\"es\",\"@id\":\"https:\/\/www.noticiasradioreflejos.com.ar\/2021\/#\/schema\/person\/image\/\",\"url\":\"https:\/\/secure.gravatar.com\/avatar\/55cb5e37c1efa326397366e6974cb338056df65cb50e7d64d1cf314e87504837?s=96&d=mm&r=g\",\"contentUrl\":\"https:\/\/secure.gravatar.com\/avatar\/55cb5e37c1efa326397366e6974cb338056df65cb50e7d64d1cf314e87504837?s=96&d=mm&r=g\",\"caption\":\"Arnaldo Botto\"},\"url\":\"https:\/\/www.noticiasradioreflejos.com.ar\/2021\/author\/arnaldo\/\"}]}<\/script>\n<!-- \/ Yoast SEO plugin. -->","yoast_head_json":{"title":"Cu\u00e1les son las nuevas flexibilizaciones que entran en vigencia y rigen hasta fin de a\u00f1o - Noticias Radio Reflejos","robots":{"index":"index","follow":"follow","max-snippet":"max-snippet:-1","max-image-preview":"max-image-preview:large","max-video-preview":"max-video-preview:-1"},"canonical":"https:\/\/www.noticiasradioreflejos.com.ar\/2021\/cuales-son-las-nuevas-flexibilizaciones-que-entran-en-vigencia-y-rigen-hasta-fin-de-ano\/","og_locale":"es_ES","og_type":"article","og_title":"Cu\u00e1les son las nuevas flexibilizaciones que entran en vigencia y rigen hasta fin de a\u00f1o - Noticias Radio Reflejos","og_description":"Entre otros puntos, eliminan la obligatoriedad del uso tapabocas en espacios p\u00fablicos y se permite el retorno del p\u00fablico a los estadios de f\u00fatbol. A partir del 1 de noviembre se restablece el ingreso al pa\u00eds de turismo extranjero.","og_url":"https:\/\/www.noticiasradioreflejos.com.ar\/2021\/cuales-son-las-nuevas-flexibilizaciones-que-entran-en-vigencia-y-rigen-hasta-fin-de-ano\/","og_site_name":"Noticias Radio Reflejos","article_published_time":"2021-10-01T10:56:22+00:00","og_image":[{"url":"https:\/\/www.telam.com.ar\/advf\/imagenes\/2021\/09\/61561cb321611_1004x1106.jpg","type":"","width":"","height":""}],"author":"Arnaldo Botto","twitter_card":"summary_large_image","schema":{"@context":"https:\/\/schema.org","@graph":[{"@type":"WebPage","@id":"https:\/\/www.noticiasradioreflejos.com.ar\/2021\/cuales-son-las-nuevas-flexibilizaciones-que-entran-en-vigencia-y-rigen-hasta-fin-de-ano\/","url":"https:\/\/www.noticiasradioreflejos.com.ar\/2021\/cuales-son-las-nuevas-flexibilizaciones-que-entran-en-vigencia-y-rigen-hasta-fin-de-ano\/","name":"Cu\u00e1les son las nuevas flexibilizaciones que entran en vigencia y rigen hasta fin de a\u00f1o - Noticias Radio Reflejos","isPartOf":{"@id":"https:\/\/www.noticiasradioreflejos.com.ar\/2021\/#website"},"primaryImageOfPage":{"@id":"https:\/\/www.noticiasradioreflejos.com.ar\/2021\/cuales-son-las-nuevas-flexibilizaciones-que-entran-en-vigencia-y-rigen-hasta-fin-de-ano\/#primaryimage"},"image":{"@id":"https:\/\/www.noticiasradioreflejos.com.ar\/2021\/cuales-son-las-nuevas-flexibilizaciones-que-entran-en-vigencia-y-rigen-hasta-fin-de-ano\/#primaryimage"},"thumbnailUrl":"https:\/\/www.telam.com.ar\/advf\/imagenes\/2021\/09\/61561cb321611_1004x1106.jpg","datePublished":"2021-10-01T10:56:22+00:00","author":{"@id":"https:\/\/www.noticiasradioreflejos.com.ar\/2021\/#\/schema\/person\/ad82545263dcc5ec0996818884fd5fb1"},"breadcrumb":{"@id":"https:\/\/www.noticiasradioreflejos.com.ar\/2021\/cuales-son-las-nuevas-flexibilizaciones-que-entran-en-vigencia-y-rigen-hasta-fin-de-ano\/#breadcrumb"},"inLanguage":"es","potentialAction":[{"@type":"ReadAction","target":["https:\/\/www.noticiasradioreflejos.com.ar\/2021\/cuales-son-las-nuevas-flexibilizaciones-que-entran-en-vigencia-y-rigen-hasta-fin-de-ano\/"]}]},{"@type":"ImageObject","inLanguage":"es","@id":"https:\/\/www.noticiasradioreflejos.com.ar\/2021\/cuales-son-las-nuevas-flexibilizaciones-que-entran-en-vigencia-y-rigen-hasta-fin-de-ano\/#primaryimage","url":"https:\/\/www.telam.com.ar\/advf\/imagenes\/2021\/09\/61561cb321611_1004x1106.jpg","contentUrl":"https:\/\/www.telam.com.ar\/advf\/imagenes\/2021\/09\/61561cb321611_1004x1106.jpg"},{"@type":"BreadcrumbList","@id":"https:\/\/www.noticiasradioreflejos.com.ar\/2021\/cuales-son-las-nuevas-flexibilizaciones-que-entran-en-vigencia-y-rigen-hasta-fin-de-ano\/#breadcrumb","itemListElement":[{"@type":"ListItem","position":1,"name":"Portada","item":"https:\/\/www.noticiasradioreflejos.com.ar\/2021\/"},{"@type":"ListItem","position":2,"name":"Cu\u00e1les son las nuevas flexibilizaciones que entran en vigencia y rigen hasta fin de a\u00f1o"}]},{"@type":"WebSite","@id":"https:\/\/www.noticiasradioreflejos.com.ar\/2021\/#website","url":"https:\/\/www.noticiasradioreflejos.com.ar\/2021\/","name":"Noticias Radio Reflejos","description":"Las noticias de mi comarca","potentialAction":[{"@type":"SearchAction","target":{"@type":"EntryPoint","urlTemplate":"https:\/\/www.noticiasradioreflejos.com.ar\/2021\/?s={search_term_string}"},"query-input":{"@type":"PropertyValueSpecification","valueRequired":true,"valueName":"search_term_string"}}],"inLanguage":"es"},{"@type":"Person","@id":"https:\/\/www.noticiasradioreflejos.com.ar\/2021\/#\/schema\/person\/ad82545263dcc5ec0996818884fd5fb1","name":"Arnaldo Botto","image":{"@type":"ImageObject","inLanguage":"es","@id":"https:\/\/www.noticiasradioreflejos.com.ar\/2021\/#\/schema\/person\/image\/","url":"https:\/\/secure.gravatar.com\/avatar\/55cb5e37c1efa326397366e6974cb338056df65cb50e7d64d1cf314e87504837?s=96&d=mm&r=g","contentUrl":"https:\/\/secure.gravatar.com\/avatar\/55cb5e37c1efa326397366e6974cb338056df65cb50e7d64d1cf314e87504837?s=96&d=mm&r=g","caption":"Arnaldo Botto"},"url":"https:\/\/www.noticiasradioreflejos.com.ar\/2021\/author\/arnaldo\/"}]}},"_links":{"self":[{"href":"https:\/\/www.noticiasradioreflejos.com.ar\/2021\/wp-json\/wp\/v2\/posts\/63250","targetHints":{"allow":["GET"]}}],"collection":[{"href":"https:\/\/www.noticiasradioreflejos.com.ar\/2021\/wp-json\/wp\/v2\/posts"}],"about":[{"href":"https:\/\/www.noticiasradioreflejos.com.ar\/2021\/wp-json\/wp\/v2\/types\/post"}],"author":[{"embeddable":true,"href":"https:\/\/www.noticiasradioreflejos.com.ar\/2021\/wp-json\/wp\/v2\/users\/3"}],"replies":[{"embeddable":true,"href":"https:\/\/www.noticiasradioreflejos.com.ar\/2021\/wp-json\/wp\/v2\/comments?post=63250"}],"version-history":[{"count":1,"href":"https:\/\/www.noticiasradioreflejos.com.ar\/2021\/wp-json\/wp\/v2\/posts\/63250\/revisions"}],"predecessor-version":[{"id":63252,"href":"https:\/\/www.noticiasradioreflejos.com.ar\/2021\/wp-json\/wp\/v2\/posts\/63250\/revisions\/63252"}],"wp:attachment":[{"href":"https:\/\/www.noticiasradioreflejos.com.ar\/2021\/wp-json\/wp\/v2\/media?parent=63250"}],"wp:term":[{"taxonomy":"category","embeddable":true,"href":"https:\/\/www.noticiasradioreflejos.com.ar\/2021\/wp-json\/wp\/v2\/categories?post=63250"},{"taxonomy":"post_tag","embeddable":true,"href":"https:\/\/www.noticiasradioreflejos.com.ar\/2021\/wp-json\/wp\/v2\/tags?post=63250"}],"curies":[{"name":"wp","href":"https:\/\/api.w.org\/{rel}","templated":true}]}}