{"id":63243,"date":"2021-10-01T00:11:13","date_gmt":"2021-10-01T00:11:13","guid":{"rendered":"http:\/\/www.noticiasradioreflejos.com.ar\/2021\/?p=63243"},"modified":"2021-10-01T00:11:13","modified_gmt":"2021-10-01T00:11:13","slug":"el-previaje-supero-las-expectativas-y-vendio-40-mas-que-el-ano-pasado","status":"publish","type":"post","link":"https:\/\/www.noticiasradioreflejos.com.ar\/2021\/el-previaje-supero-las-expectativas-y-vendio-40-mas-que-el-ano-pasado\/","title":{"rendered":"El PreViaje super\u00f3 las expectativas y vendi\u00f3 40% m\u00e1s que el a\u00f1o pasado"},"content":{"rendered":"<div class=\"head-content\">\n<p>El ministro tambi\u00e9n se\u00f1al\u00f3 que la reapertura de fronteras \u00abtiene entusiasmados\u00bb a funcionarios y empresarios porque, \u00abva a ser uno de los grandes puntales de la recuperaci\u00f3n econ\u00f3mica de la Argentina\u00bb.<\/p>\n<\/div>\n<p><!--more--><\/p>\n<div class=\"main-content-block\">\n<div class=\"main-box clearfix\">\n<div class=\"wrapper-main-section clearfix\">\n<div class=\"wrapper-editable-content\">\n<div class=\"editable-content clearfix\">\n<div id=\"image\" class=\"image\"><img decoding=\"async\" title=\"Lammens explic\u00f3 que &quot;el turismo implica 10 puntos del PBI del pa\u00eds y genera un mill\u00f3n de empleos&quot; (Foto archivo)\" src=\"https:\/\/www.telam.com.ar\/advf\/imagenes\/2021\/01\/5ff8b33360e0a_1004x564.jpg\" alt=\"Lammens explic\u00f3 que &quot;el turismo implica 10 puntos del PBI del pa\u00eds y genera un mill\u00f3n de empleos&quot; (Foto archivo)\" \/><\/p>\n<div class=\"epigrafe\">Lammens explic\u00f3 que \u00abel turismo implica 10 puntos del PBI del pa\u00eds y genera un mill\u00f3n de empleos\u00bb (Foto archivo)<\/div>\n<\/div>\n<p>El ministro de Turismo y Deportes de la Naci\u00f3n, Mat\u00edas Lammens, destac\u00f3 este jueves que la segunda etapa del programa PreViaje \u00abha superado nuestras expectativas\u00bb dado que, afirm\u00f3, \u00aben dos semanas se vendi\u00f3 el 40% m\u00e1s que todo el a\u00f1o pasado\u00bb.<\/p>\n<p>En declaraciones que realiz\u00f3 desde la Casa Rosada a los canales 11 de R\u00edo Negro, 10 de Tierra del Fuego y 10 de Salta, apunt\u00f3 que\u00a0<strong>\u00abel \u00e9xito de este programa demuestra la reactivaci\u00f3n que est\u00e1 viviendo nuestro pa\u00eds, empezando a salir de la pandemia, por supuesto que no termin\u00f3 y hay que seguir cuid\u00e1ndose\u00bb.<\/strong><\/p>\n<p>Adem\u00e1s, se\u00f1al\u00f3 que la inminente reapertura de fronteras \u00abcon pa\u00edses lim\u00edtrofes a partir de ma\u00f1ana\u00bb y desde el 1 de noviembre con el turismo internacional los \u00abtiene entusiasmados\u00bb a los funcionarios y empresarios del sector porque, dijo, \u00abva a ser uno de los grandes puntales de la recuperaci\u00f3n econ\u00f3mica de la Argentina\u00bb.<\/p>\n<p>\u00abTenemos una apuesta muy grande en este sentido. Creemos que se va a llenar la Argentina de turistas extranjeros y estamos trabajando para que eso suceda\u00bb, a\u00f1adi\u00f3 Lammens y apunt\u00f3 que los requisitos para el ingreso de turistas extranjeros \u00abvan a estar establecidos en el DNU de ma\u00f1ana pero va a tener que ver con el tema de la vacunaci\u00f3n completa, ya que van a estar eximidos de la cuarentena quienes as\u00ed lo tengan, y algunos otros detalles\u00bb.<\/p>\n<blockquote><p>\u00abCreemos que se va a llenar la Argentina de turistas extranjeros y estamos trabajando para que eso suceda\u00bb<\/p>\n<div class=\"sign\">MAT\u00cdAS LAMMENS<\/div>\n<\/blockquote>\n<p><strong>\u00abEl DNU de ma\u00f1ana es importante porque empieza a ordenar y a dar un marco de previsibilidad a las aerol\u00edneas\u00bb<\/strong>, detall\u00f3 y adelant\u00f3 que luego van \u00aba trabajar para que haya vuelos internacionales directos a las provincias que lo ten\u00edan\u00bb e incluso anticip\u00f3 que se gestiona con \u00abalgunas aerol\u00edneas nuevas que van a venir a la Argentina\u00bb.<\/p>\n<p>El funcionario resalt\u00f3 que \u00abaunque reci\u00e9n van solo dos semanas de que se est\u00e1 implementando esta segunda etapa del PreViaje, nuestras expectativas eran buenas, pero esta segunda etapa ha superado nuestras expectativas\u00bb.<\/p>\n<p>\u00abAl d\u00eda de hoy ya llevamos vendidos m\u00e1s de 14 mil millones de pesos y en todo el a\u00f1o pasado se vendieron 10 mil millones de pesos, es decir, en dos semanas se vendi\u00f3 el 40% m\u00e1s que todo el a\u00f1o pasado\u00bb, asegur\u00f3 el ministro.<\/p>\n<p>Y, resalt\u00f3 que\u00a0<strong>se anotaron \u00abm\u00e1s de 750 mil turistas de los cuales Bariloche concentra casi el 20 % del total.<\/strong>\u00a0Obviamente es la ciudad m\u00e1s elegida como tambi\u00e9n lo fue el a\u00f1o pasado y para R\u00edo Negro es un impacto econ\u00f3mico enorme este Pre-viaje\u00bb.<\/p>\n<div class=\"auth\">PreViaje PAMI<\/div>\n<p>Con respecto al \u00abPreViaje PAMI\u00bb por el cual los afiliados\u00a0<strong>podr\u00e1n acceder a un reintegro del 70% de los gastos\u00a0<\/strong>que tengan en sus vacaciones, Lammens sostuvo que, \u00abfue un pedido del Presidente (Alberto Fern\u00e1ndez) en pensar en una cuesti\u00f3n puntual para nuestros adultos mayores\u00bb dado que, dijo, \u00abfue uno de los sectores que m\u00e1s sufri\u00f3 la pandemia, al ser considerado grupo de riesgo fueron quienes tuvieron que extremar los cuidados\u00bb.<\/p>\n<p>Respecto del \u00e9xito del PreViaje, se\u00f1al\u00f3 tambi\u00e9n que \u00aba modo de ejemplo, son 750 mil personas las que ya usaron el programa este a\u00f1o, cuando en 2020 hab\u00edan sido 600 mil y todav\u00eda nos quedan tres meses de venta\u00bb.<\/p>\n<p>En ese sentido, vaticin\u00f3 que\u00a0<strong>el pa\u00eds tendr\u00e1 una temporada de verano \u00abmuy por encima de los valores hist\u00f3ricos\u00bb.<\/strong><\/p>\n<p>\u00abLo que est\u00e1 sucediendo con este programa en todo el pa\u00eds nos sorprende hasta a nosotros mismos. Tenemos una expectativa enorme y lo mismo le sucede con los operadores privados\u00bb, remarc\u00f3 Lammens.<\/p>\n<div class=\"auth\">Importancia de la actividad tur\u00edstica<\/div>\n<p>Tambi\u00e9n destac\u00f3 que el turismo es una actividad \u00ababsolutamente transversal\u00bb que no solo beneficia a negocios del sector, sino tambi\u00e9n al comercio y a empresas de servicios dado que es<strong>\u00a0\u00abuna de las actividades m\u00e1s importantes del pa\u00eds que implica 10 puntos del Producto Bruto Interno (PBI) y genera un mill\u00f3n de empleos\u00bb.<\/strong><\/p>\n<p>\u00abEstamos generando un movimiento de la cadena econ\u00f3mica que est\u00e1 en l\u00ednea con el camino de recuperaci\u00f3n en que se encuentra el pa\u00eds\u00bb, se\u00f1al\u00f3 el ministro.<\/p>\n<div class=\"auth\">Ushuaia<\/div>\n<p>Por otra parte, apunt\u00f3 que la ciudad de Ushuaia era el\u00a0<strong>segundo destino m\u00e1s elegido de la primera edici\u00f3n del Pre-Viaje y uno de los tres preferidos en esta segunda etapa.<\/strong><\/p>\n<p>\u00abUshuaia viene recibiendo muy buenas noticias en estos d\u00edas por la reanudaci\u00f3n de los vuelos a C\u00f3rdoba, el incremento de frecuencias \u00e1reas con Buenos Aires y El Calafate y la autorizaci\u00f3n para recibir turismo extranjero para la actividad de cruceros\u00bb, enumer\u00f3.<\/p>\n<p>Asimismo, agreg\u00f3 que \u00abpara cuando termine diciembre, creemos que vamos a cuadriplicar y hasta quintuplicar el importe que se vendi\u00f3 el a\u00f1o pasado\u00bb y destac\u00f3 que los beneficios del programa \u00abse pueden usar durante todo 2022\u00bb.<\/p>\n<p><strong>\u00abVenimos trabajando con la ministra de Salud (Carla Vizzotti) en la reapertura de fronteras porque entendemos que tiene un impacto econ\u00f3mico enorme en toda la Argentina\u00bb,<\/strong>\u00a0a\u00f1adi\u00f3.<\/p>\n<p>Lammens se\u00f1al\u00f3 que \u00aben muchas ciudades y provincias, el turismo receptivo es uno de los principales ingresos. Salta es una de ellas, porque recibe much\u00edsimo turismo de todos lados e inclusive est\u00e1n entre los destinos preferidos de los europeos\u00bb.<\/p>\n<p>\u00abPor suerte pudimos anunciar la semana pasada la reapertura de fronteras con pa\u00edses lim\u00edtrofes a partir de ma\u00f1ana y a partir del 1 de noviembre la idea es abrir para todos los turistas de diferente procedencia, as\u00ed que esto es algo que nos tiene entusiasmados\u00bb, acot\u00f3.<\/p><\/div>\n<\/div>\n<\/div>\n<\/div>\n<\/div>\n","protected":false},"excerpt":{"rendered":"<p>El ministro tambi\u00e9n se\u00f1al\u00f3 que la reapertura de fronteras \u00abtiene entusiasmados\u00bb a funcionarios y empresarios porque, \u00abva a ser uno de los grandes puntales de la recuperaci\u00f3n econ\u00f3mica de la Argentina\u00bb.<\/p>\n","protected":false},"author":3,"featured_media":0,"comment_status":"closed","ping_status":"closed","sticky":false,"template":"","format":"standard","meta":{"footnotes":""},"categories":[24,33],"tags":[],"class_list":["post-63243","post","type-post","status-publish","format-standard","hentry","category-politica","category-turismo"],"yoast_head":"<!-- This site is optimized with the Yoast SEO plugin v25.9 - https:\/\/yoast.com\/wordpress\/plugins\/seo\/ -->\n<title>El PreViaje super\u00f3 las expectativas y vendi\u00f3 40% m\u00e1s que el a\u00f1o pasado - Noticias Radio Reflejos<\/title>\n<meta name=\"robots\" content=\"index, follow, max-snippet:-1, max-image-preview:large, max-video-preview:-1\" \/>\n<link rel=\"canonical\" href=\"https:\/\/www.noticiasradioreflejos.com.ar\/2021\/el-previaje-supero-las-expectativas-y-vendio-40-mas-que-el-ano-pasado\/\" \/>\n<meta property=\"og:locale\" content=\"es_ES\" \/>\n<meta property=\"og:type\" content=\"article\" \/>\n<meta property=\"og:title\" content=\"El PreViaje super\u00f3 las expectativas y vendi\u00f3 40% m\u00e1s que el a\u00f1o pasado - Noticias Radio Reflejos\" \/>\n<meta property=\"og:description\" content=\"El ministro tambi\u00e9n se\u00f1al\u00f3 que la reapertura de fronteras \u00abtiene entusiasmados\u00bb a funcionarios y empresarios porque, \u00abva a ser uno de los grandes puntales de la recuperaci\u00f3n econ\u00f3mica de la Argentina\u00bb.\" \/>\n<meta property=\"og:url\" content=\"https:\/\/www.noticiasradioreflejos.com.ar\/2021\/el-previaje-supero-las-expectativas-y-vendio-40-mas-que-el-ano-pasado\/\" \/>\n<meta property=\"og:site_name\" content=\"Noticias Radio Reflejos\" \/>\n<meta property=\"article:published_time\" content=\"2021-10-01T00:11:13+00:00\" \/>\n<meta property=\"og:image\" content=\"https:\/\/www.telam.com.ar\/advf\/imagenes\/2021\/01\/5ff8b33360e0a_1004x564.jpg\" \/>\n<meta name=\"author\" content=\"Arnaldo Botto\" \/>\n<meta name=\"twitter:card\" content=\"summary_large_image\" \/>\n<script type=\"application\/ld+json\" class=\"yoast-schema-graph\">{\"@context\":\"https:\/\/schema.org\",\"@graph\":[{\"@type\":\"WebPage\",\"@id\":\"https:\/\/www.noticiasradioreflejos.com.ar\/2021\/el-previaje-supero-las-expectativas-y-vendio-40-mas-que-el-ano-pasado\/\",\"url\":\"https:\/\/www.noticiasradioreflejos.com.ar\/2021\/el-previaje-supero-las-expectativas-y-vendio-40-mas-que-el-ano-pasado\/\",\"name\":\"El PreViaje super\u00f3 las expectativas y vendi\u00f3 40% m\u00e1s que el a\u00f1o pasado - Noticias Radio Reflejos\",\"isPartOf\":{\"@id\":\"https:\/\/www.noticiasradioreflejos.com.ar\/2021\/#website\"},\"primaryImageOfPage\":{\"@id\":\"https:\/\/www.noticiasradioreflejos.com.ar\/2021\/el-previaje-supero-las-expectativas-y-vendio-40-mas-que-el-ano-pasado\/#primaryimage\"},\"image\":{\"@id\":\"https:\/\/www.noticiasradioreflejos.com.ar\/2021\/el-previaje-supero-las-expectativas-y-vendio-40-mas-que-el-ano-pasado\/#primaryimage\"},\"thumbnailUrl\":\"https:\/\/www.telam.com.ar\/advf\/imagenes\/2021\/01\/5ff8b33360e0a_1004x564.jpg\",\"datePublished\":\"2021-10-01T00:11:13+00:00\",\"author\":{\"@id\":\"https:\/\/www.noticiasradioreflejos.com.ar\/2021\/#\/schema\/person\/ad82545263dcc5ec0996818884fd5fb1\"},\"breadcrumb\":{\"@id\":\"https:\/\/www.noticiasradioreflejos.com.ar\/2021\/el-previaje-supero-las-expectativas-y-vendio-40-mas-que-el-ano-pasado\/#breadcrumb\"},\"inLanguage\":\"es\",\"potentialAction\":[{\"@type\":\"ReadAction\",\"target\":[\"https:\/\/www.noticiasradioreflejos.com.ar\/2021\/el-previaje-supero-las-expectativas-y-vendio-40-mas-que-el-ano-pasado\/\"]}]},{\"@type\":\"ImageObject\",\"inLanguage\":\"es\",\"@id\":\"https:\/\/www.noticiasradioreflejos.com.ar\/2021\/el-previaje-supero-las-expectativas-y-vendio-40-mas-que-el-ano-pasado\/#primaryimage\",\"url\":\"https:\/\/www.telam.com.ar\/advf\/imagenes\/2021\/01\/5ff8b33360e0a_1004x564.jpg\",\"contentUrl\":\"https:\/\/www.telam.com.ar\/advf\/imagenes\/2021\/01\/5ff8b33360e0a_1004x564.jpg\"},{\"@type\":\"BreadcrumbList\",\"@id\":\"https:\/\/www.noticiasradioreflejos.com.ar\/2021\/el-previaje-supero-las-expectativas-y-vendio-40-mas-que-el-ano-pasado\/#breadcrumb\",\"itemListElement\":[{\"@type\":\"ListItem\",\"position\":1,\"name\":\"Portada\",\"item\":\"https:\/\/www.noticiasradioreflejos.com.ar\/2021\/\"},{\"@type\":\"ListItem\",\"position\":2,\"name\":\"El PreViaje super\u00f3 las expectativas y vendi\u00f3 40% m\u00e1s que el a\u00f1o pasado\"}]},{\"@type\":\"WebSite\",\"@id\":\"https:\/\/www.noticiasradioreflejos.com.ar\/2021\/#website\",\"url\":\"https:\/\/www.noticiasradioreflejos.com.ar\/2021\/\",\"name\":\"Noticias Radio Reflejos\",\"description\":\"Las noticias de mi comarca\",\"potentialAction\":[{\"@type\":\"SearchAction\",\"target\":{\"@type\":\"EntryPoint\",\"urlTemplate\":\"https:\/\/www.noticiasradioreflejos.com.ar\/2021\/?s={search_term_string}\"},\"query-input\":{\"@type\":\"PropertyValueSpecification\",\"valueRequired\":true,\"valueName\":\"search_term_string\"}}],\"inLanguage\":\"es\"},{\"@type\":\"Person\",\"@id\":\"https:\/\/www.noticiasradioreflejos.com.ar\/2021\/#\/schema\/person\/ad82545263dcc5ec0996818884fd5fb1\",\"name\":\"Arnaldo Botto\",\"image\":{\"@type\":\"ImageObject\",\"inLanguage\":\"es\",\"@id\":\"https:\/\/www.noticiasradioreflejos.com.ar\/2021\/#\/schema\/person\/image\/\",\"url\":\"https:\/\/secure.gravatar.com\/avatar\/55cb5e37c1efa326397366e6974cb338056df65cb50e7d64d1cf314e87504837?s=96&d=mm&r=g\",\"contentUrl\":\"https:\/\/secure.gravatar.com\/avatar\/55cb5e37c1efa326397366e6974cb338056df65cb50e7d64d1cf314e87504837?s=96&d=mm&r=g\",\"caption\":\"Arnaldo Botto\"},\"url\":\"https:\/\/www.noticiasradioreflejos.com.ar\/2021\/author\/arnaldo\/\"}]}<\/script>\n<!-- \/ Yoast SEO plugin. -->","yoast_head_json":{"title":"El PreViaje super\u00f3 las expectativas y vendi\u00f3 40% m\u00e1s que el a\u00f1o pasado - Noticias Radio Reflejos","robots":{"index":"index","follow":"follow","max-snippet":"max-snippet:-1","max-image-preview":"max-image-preview:large","max-video-preview":"max-video-preview:-1"},"canonical":"https:\/\/www.noticiasradioreflejos.com.ar\/2021\/el-previaje-supero-las-expectativas-y-vendio-40-mas-que-el-ano-pasado\/","og_locale":"es_ES","og_type":"article","og_title":"El PreViaje super\u00f3 las expectativas y vendi\u00f3 40% m\u00e1s que el a\u00f1o pasado - Noticias Radio Reflejos","og_description":"El ministro tambi\u00e9n se\u00f1al\u00f3 que la reapertura de fronteras \u00abtiene entusiasmados\u00bb a funcionarios y empresarios porque, \u00abva a ser uno de los grandes puntales de la recuperaci\u00f3n econ\u00f3mica de la Argentina\u00bb.","og_url":"https:\/\/www.noticiasradioreflejos.com.ar\/2021\/el-previaje-supero-las-expectativas-y-vendio-40-mas-que-el-ano-pasado\/","og_site_name":"Noticias Radio Reflejos","article_published_time":"2021-10-01T00:11:13+00:00","og_image":[{"url":"https:\/\/www.telam.com.ar\/advf\/imagenes\/2021\/01\/5ff8b33360e0a_1004x564.jpg","type":"","width":"","height":""}],"author":"Arnaldo Botto","twitter_card":"summary_large_image","schema":{"@context":"https:\/\/schema.org","@graph":[{"@type":"WebPage","@id":"https:\/\/www.noticiasradioreflejos.com.ar\/2021\/el-previaje-supero-las-expectativas-y-vendio-40-mas-que-el-ano-pasado\/","url":"https:\/\/www.noticiasradioreflejos.com.ar\/2021\/el-previaje-supero-las-expectativas-y-vendio-40-mas-que-el-ano-pasado\/","name":"El PreViaje super\u00f3 las expectativas y vendi\u00f3 40% m\u00e1s que el a\u00f1o pasado - Noticias Radio Reflejos","isPartOf":{"@id":"https:\/\/www.noticiasradioreflejos.com.ar\/2021\/#website"},"primaryImageOfPage":{"@id":"https:\/\/www.noticiasradioreflejos.com.ar\/2021\/el-previaje-supero-las-expectativas-y-vendio-40-mas-que-el-ano-pasado\/#primaryimage"},"image":{"@id":"https:\/\/www.noticiasradioreflejos.com.ar\/2021\/el-previaje-supero-las-expectativas-y-vendio-40-mas-que-el-ano-pasado\/#primaryimage"},"thumbnailUrl":"https:\/\/www.telam.com.ar\/advf\/imagenes\/2021\/01\/5ff8b33360e0a_1004x564.jpg","datePublished":"2021-10-01T00:11:13+00:00","author":{"@id":"https:\/\/www.noticiasradioreflejos.com.ar\/2021\/#\/schema\/person\/ad82545263dcc5ec0996818884fd5fb1"},"breadcrumb":{"@id":"https:\/\/www.noticiasradioreflejos.com.ar\/2021\/el-previaje-supero-las-expectativas-y-vendio-40-mas-que-el-ano-pasado\/#breadcrumb"},"inLanguage":"es","potentialAction":[{"@type":"ReadAction","target":["https:\/\/www.noticiasradioreflejos.com.ar\/2021\/el-previaje-supero-las-expectativas-y-vendio-40-mas-que-el-ano-pasado\/"]}]},{"@type":"ImageObject","inLanguage":"es","@id":"https:\/\/www.noticiasradioreflejos.com.ar\/2021\/el-previaje-supero-las-expectativas-y-vendio-40-mas-que-el-ano-pasado\/#primaryimage","url":"https:\/\/www.telam.com.ar\/advf\/imagenes\/2021\/01\/5ff8b33360e0a_1004x564.jpg","contentUrl":"https:\/\/www.telam.com.ar\/advf\/imagenes\/2021\/01\/5ff8b33360e0a_1004x564.jpg"},{"@type":"BreadcrumbList","@id":"https:\/\/www.noticiasradioreflejos.com.ar\/2021\/el-previaje-supero-las-expectativas-y-vendio-40-mas-que-el-ano-pasado\/#breadcrumb","itemListElement":[{"@type":"ListItem","position":1,"name":"Portada","item":"https:\/\/www.noticiasradioreflejos.com.ar\/2021\/"},{"@type":"ListItem","position":2,"name":"El PreViaje super\u00f3 las expectativas y vendi\u00f3 40% m\u00e1s que el a\u00f1o pasado"}]},{"@type":"WebSite","@id":"https:\/\/www.noticiasradioreflejos.com.ar\/2021\/#website","url":"https:\/\/www.noticiasradioreflejos.com.ar\/2021\/","name":"Noticias Radio Reflejos","description":"Las noticias de mi comarca","potentialAction":[{"@type":"SearchAction","target":{"@type":"EntryPoint","urlTemplate":"https:\/\/www.noticiasradioreflejos.com.ar\/2021\/?s={search_term_string}"},"query-input":{"@type":"PropertyValueSpecification","valueRequired":true,"valueName":"search_term_string"}}],"inLanguage":"es"},{"@type":"Person","@id":"https:\/\/www.noticiasradioreflejos.com.ar\/2021\/#\/schema\/person\/ad82545263dcc5ec0996818884fd5fb1","name":"Arnaldo Botto","image":{"@type":"ImageObject","inLanguage":"es","@id":"https:\/\/www.noticiasradioreflejos.com.ar\/2021\/#\/schema\/person\/image\/","url":"https:\/\/secure.gravatar.com\/avatar\/55cb5e37c1efa326397366e6974cb338056df65cb50e7d64d1cf314e87504837?s=96&d=mm&r=g","contentUrl":"https:\/\/secure.gravatar.com\/avatar\/55cb5e37c1efa326397366e6974cb338056df65cb50e7d64d1cf314e87504837?s=96&d=mm&r=g","caption":"Arnaldo Botto"},"url":"https:\/\/www.noticiasradioreflejos.com.ar\/2021\/author\/arnaldo\/"}]}},"_links":{"self":[{"href":"https:\/\/www.noticiasradioreflejos.com.ar\/2021\/wp-json\/wp\/v2\/posts\/63243","targetHints":{"allow":["GET"]}}],"collection":[{"href":"https:\/\/www.noticiasradioreflejos.com.ar\/2021\/wp-json\/wp\/v2\/posts"}],"about":[{"href":"https:\/\/www.noticiasradioreflejos.com.ar\/2021\/wp-json\/wp\/v2\/types\/post"}],"author":[{"embeddable":true,"href":"https:\/\/www.noticiasradioreflejos.com.ar\/2021\/wp-json\/wp\/v2\/users\/3"}],"replies":[{"embeddable":true,"href":"https:\/\/www.noticiasradioreflejos.com.ar\/2021\/wp-json\/wp\/v2\/comments?post=63243"}],"version-history":[{"count":1,"href":"https:\/\/www.noticiasradioreflejos.com.ar\/2021\/wp-json\/wp\/v2\/posts\/63243\/revisions"}],"predecessor-version":[{"id":63245,"href":"https:\/\/www.noticiasradioreflejos.com.ar\/2021\/wp-json\/wp\/v2\/posts\/63243\/revisions\/63245"}],"wp:attachment":[{"href":"https:\/\/www.noticiasradioreflejos.com.ar\/2021\/wp-json\/wp\/v2\/media?parent=63243"}],"wp:term":[{"taxonomy":"category","embeddable":true,"href":"https:\/\/www.noticiasradioreflejos.com.ar\/2021\/wp-json\/wp\/v2\/categories?post=63243"},{"taxonomy":"post_tag","embeddable":true,"href":"https:\/\/www.noticiasradioreflejos.com.ar\/2021\/wp-json\/wp\/v2\/tags?post=63243"}],"curies":[{"name":"wp","href":"https:\/\/api.w.org\/{rel}","templated":true}]}}