{"id":63234,"date":"2021-10-01T00:06:04","date_gmt":"2021-10-01T00:06:04","guid":{"rendered":"http:\/\/www.noticiasradioreflejos.com.ar\/2021\/?p=63234"},"modified":"2021-10-01T00:07:27","modified_gmt":"2021-10-01T00:07:27","slug":"la-comuna-de-cnel-suarez-dio-marcha-atras-con-la-tasa-de-alumbrado-al-barrio-cerro-ceferino","status":"publish","type":"post","link":"https:\/\/www.noticiasradioreflejos.com.ar\/2021\/la-comuna-de-cnel-suarez-dio-marcha-atras-con-la-tasa-de-alumbrado-al-barrio-cerro-ceferino\/","title":{"rendered":"La comuna de Cnel. Suarez dio marcha atr\u00e1s con el cobro de la tasa de alumbrado al Barrio Cerro Ceferino."},"content":{"rendered":"<p>Vecinos del barrio \u00abCerro Ceferino\u00bb, partido de Coronel Su\u00e1rez, llevaron adelante un reclamo por el cobro de una doble tasa de Alumbrado P\u00fablico. La consideran desproporcionada y abusiva por tratarse de un sector que todav\u00eda no tiene regularidad catastral para considerarlos como \u00abResidencial\u00bb. Esta ma\u00f1ana, mediante una nota firmada por el Secretario de Hacienda municipal se dio marcha atr\u00e1s con el \u00abImpuestazo\u00bb y se instruy\u00f3 a la Cooperativa El\u00e9ctrica Coopersive, que devuelva el total de lo cobrado en Agosto a los vecinos y deje sin efecto la facturaci\u00f3n a futuro de dicha tasa. <!--more--><\/p>\n<p>\u00abNosotros nos enteramos de esto, cuando nos vino la boleta de la luz\u00bb comenz\u00f3 Marta a explicar el origen de su queja. \u00abVimos que nos cobraban 30.24 % de alumbrado p\u00fablico adem\u00e1s del consumo particular nuestro de COOPERSIVE, y nos pareci\u00f3 muy injusto\u00bb.<\/p>\n<p>Marta coment\u00f3 que, luego de contactarse con varias autoridades y no poder encontrar una soluci\u00f3n concreta al reclamo que estaban presentando, el pasado viernes se presentaron en la Municipalidad para hablar personalmente. \u00abHicimos como 5 cartas a distintos Secretarios y pedimos audiencia\u00bb.<\/p>\n<p>\u00abNosotros reclamamos como indebido el cobro del monto y del m\u00e9todo\u00bb expres\u00f3 H\u00e9ctor indignado.<\/p>\n<p>\u00abEl B\u00b0 Ceferino todav\u00eda no est\u00e1 consolidado como barrio, todav\u00eda no tenemos los planos y no hay tendido el\u00e9ctrico. El secretario de obras p\u00fablicas nos dice que no pueden ponernos m\u00e1s luces porque todav\u00eda no somos considerados un barrio\u00bb continu\u00f3 Marta haciendo su descargo. \u00abEs contradictorio que nos digan que no pueden ponernos luces y a la vez nos cobren el 30.24 %\u00bb.<\/p>\n<p>Marta aclar\u00f3 que la intenci\u00f3n de los vecinos no es no pagar los impuestos municipales, pero menciona que hay servicios que no se est\u00e1n brindando.<\/p>\n<p><a title=\"Retro al impuestazo\" href=\"https:\/\/www.flickr.com\/photos\/182279889@N02\/51537594029\/in\/dateposted-public\/\" data-flickr-embed=\"true\"><img loading=\"lazy\" decoding=\"async\" src=\"https:\/\/live.staticflickr.com\/65535\/51537594029_d928cced51_c.jpg\" alt=\"Retro al impuestazo\" width=\"513\" height=\"800\" \/><\/a><script async src=\"\/\/embedr.flickr.com\/assets\/client-code.js\" charset=\"utf-8\"><\/script><\/p>\n<p><span style=\"color: #ff9900;\"><em><strong>La nota firmada por el Cr. Claudio Diez, Secretario de Hacienda municipal dejando sin efecto el cobro de la tasa motivo del reclamo<\/strong><\/em><\/span><\/p>\n<p>&nbsp;<\/p>\n<p>\u00abLo que tambi\u00e9n reclamamos es que la municipalidad controle al fideicomiso. Tienen que definir si somos un campo dividido o si somos un barrio urbano\u00bb coment\u00f3 H\u00e9ctor. \u00abNosotros en la comisi\u00f3n tenemos un funcionamiento muy democr\u00e1tico, con el sistema de mail nos informamos en cada movimiento que hacemos\u00bb mencion\u00f3 el funcionamiento de la Comisi\u00f3n del barrio.<\/p>\n<p>\u00abEs la segunda vez que intentan cobrarnos esta tasa. Suponemos que tiene que ver con las irregularidades de nuestro barrio\u00bb opin\u00f3 Marta.<\/p>\n<p>Los entrevistados nos comentaron que, desde la pandemia, son cerca de 160 o 180 vecinos viviendo ya en el barrio. \u00abSe deben haber sumado unos 80, f\u00e1cil\u00bb mencion\u00f3 Marta.<\/p>\n<p>\u00abNosotros queremos aportar para los que quieren venir a vivir, pero tambi\u00e9n para el turista. Tambi\u00e9n nos damos cuenta de que hay que hacer inversi\u00f3n\u00bb expres\u00f3 H\u00e9ctor finalmente.<\/p>\n<p>Nota completa a continuaci\u00f3n:<br \/>\n<iframe loading=\"lazy\" src=\"https:\/\/w.soundcloud.com\/player\/?url=https%3A\/\/api.soundcloud.com\/tracks\/1133665000&amp;color=%23ff5500&amp;auto_play=false&amp;hide_related=false&amp;show_comments=true&amp;show_user=true&amp;show_reposts=false&amp;show_teaser=true\" width=\"100%\" height=\"166\" frameborder=\"no\" scrolling=\"no\"><\/iframe><\/p>\n<div style=\"font-size: 10px; color: #cccccc; line-break: anywhere; word-break: normal; overflow: hidden; white-space: nowrap; text-overflow: ellipsis; font-family: Interstate,Lucida Grande,Lucida Sans Unicode,Lucida Sans,Garuda,Verdana,Tahoma,sans-serif; font-weight: 100;\"><a style=\"color: #cccccc; text-decoration: none;\" title=\"fmreflejos 103.7\" href=\"https:\/\/soundcloud.com\/fmreflejos-103-7\" target=\"_blank\" rel=\"noopener\">fmreflejos 103.7<\/a> \u00b7 <a style=\"color: #cccccc; text-decoration: none;\" title=\"Nota Barrio Del Cerro\" href=\"https:\/\/soundcloud.com\/fmreflejos-103-7\/nota-barrio-del-cerro\" target=\"_blank\" rel=\"noopener\">Nota Barrio Del Cerro<\/a><\/div>\n","protected":false},"excerpt":{"rendered":"<p>Vecinos del barrio \u00abCerro Ceferino\u00bb, partido de Coronel Su\u00e1rez, llevaron adelante un reclamo por el cobro de una doble tasa de Alumbrado P\u00fablico. La consideran desproporcionada y abusiva por tratarse de un sector que todav\u00eda no tiene regularidad catastral para considerarlos como \u00abResidencial\u00bb. Esta ma\u00f1ana, mediante una nota firmada por el Secretario de Hacienda municipal [&hellip;]<\/p>\n","protected":false},"author":3,"featured_media":0,"comment_status":"closed","ping_status":"closed","sticky":false,"template":"","format":"standard","meta":{"footnotes":""},"categories":[28,24,26],"tags":[48],"class_list":["post-63234","post","type-post","status-publish","format-standard","hentry","category-municipales","category-politica","category-sociedad","tag-destacada"],"yoast_head":"<!-- This site is optimized with the Yoast SEO plugin v25.9 - https:\/\/yoast.com\/wordpress\/plugins\/seo\/ -->\n<title>La comuna de Cnel. Suarez dio marcha atr\u00e1s con el cobro de la tasa de alumbrado al Barrio Cerro Ceferino. - Noticias Radio Reflejos<\/title>\n<meta name=\"robots\" content=\"index, follow, max-snippet:-1, max-image-preview:large, max-video-preview:-1\" \/>\n<link rel=\"canonical\" href=\"https:\/\/www.noticiasradioreflejos.com.ar\/2021\/la-comuna-de-cnel-suarez-dio-marcha-atras-con-la-tasa-de-alumbrado-al-barrio-cerro-ceferino\/\" \/>\n<meta property=\"og:locale\" content=\"es_ES\" \/>\n<meta property=\"og:type\" content=\"article\" \/>\n<meta property=\"og:title\" content=\"La comuna de Cnel. Suarez dio marcha atr\u00e1s con el cobro de la tasa de alumbrado al Barrio Cerro Ceferino. - Noticias Radio Reflejos\" \/>\n<meta property=\"og:description\" content=\"Vecinos del barrio \u00abCerro Ceferino\u00bb, partido de Coronel Su\u00e1rez, llevaron adelante un reclamo por el cobro de una doble tasa de Alumbrado P\u00fablico. La consideran desproporcionada y abusiva por tratarse de un sector que todav\u00eda no tiene regularidad catastral para considerarlos como \u00abResidencial\u00bb. Esta ma\u00f1ana, mediante una nota firmada por el Secretario de Hacienda municipal [&hellip;]\" \/>\n<meta property=\"og:url\" content=\"https:\/\/www.noticiasradioreflejos.com.ar\/2021\/la-comuna-de-cnel-suarez-dio-marcha-atras-con-la-tasa-de-alumbrado-al-barrio-cerro-ceferino\/\" \/>\n<meta property=\"og:site_name\" content=\"Noticias Radio Reflejos\" \/>\n<meta property=\"article:published_time\" content=\"2021-10-01T00:06:04+00:00\" \/>\n<meta property=\"article:modified_time\" content=\"2021-10-01T00:07:27+00:00\" \/>\n<meta property=\"og:image\" content=\"https:\/\/live.staticflickr.com\/65535\/51537594029_d928cced51_c.jpg\" \/>\n<meta name=\"author\" content=\"Arnaldo Botto\" \/>\n<meta name=\"twitter:card\" content=\"summary_large_image\" \/>\n<script type=\"application\/ld+json\" class=\"yoast-schema-graph\">{\"@context\":\"https:\/\/schema.org\",\"@graph\":[{\"@type\":\"WebPage\",\"@id\":\"https:\/\/www.noticiasradioreflejos.com.ar\/2021\/la-comuna-de-cnel-suarez-dio-marcha-atras-con-la-tasa-de-alumbrado-al-barrio-cerro-ceferino\/\",\"url\":\"https:\/\/www.noticiasradioreflejos.com.ar\/2021\/la-comuna-de-cnel-suarez-dio-marcha-atras-con-la-tasa-de-alumbrado-al-barrio-cerro-ceferino\/\",\"name\":\"La comuna de Cnel. Suarez dio marcha atr\u00e1s con el cobro de la tasa de alumbrado al Barrio Cerro Ceferino. - Noticias Radio Reflejos\",\"isPartOf\":{\"@id\":\"https:\/\/www.noticiasradioreflejos.com.ar\/2021\/#website\"},\"primaryImageOfPage\":{\"@id\":\"https:\/\/www.noticiasradioreflejos.com.ar\/2021\/la-comuna-de-cnel-suarez-dio-marcha-atras-con-la-tasa-de-alumbrado-al-barrio-cerro-ceferino\/#primaryimage\"},\"image\":{\"@id\":\"https:\/\/www.noticiasradioreflejos.com.ar\/2021\/la-comuna-de-cnel-suarez-dio-marcha-atras-con-la-tasa-de-alumbrado-al-barrio-cerro-ceferino\/#primaryimage\"},\"thumbnailUrl\":\"https:\/\/live.staticflickr.com\/65535\/51537594029_d928cced51_c.jpg\",\"datePublished\":\"2021-10-01T00:06:04+00:00\",\"dateModified\":\"2021-10-01T00:07:27+00:00\",\"author\":{\"@id\":\"https:\/\/www.noticiasradioreflejos.com.ar\/2021\/#\/schema\/person\/ad82545263dcc5ec0996818884fd5fb1\"},\"breadcrumb\":{\"@id\":\"https:\/\/www.noticiasradioreflejos.com.ar\/2021\/la-comuna-de-cnel-suarez-dio-marcha-atras-con-la-tasa-de-alumbrado-al-barrio-cerro-ceferino\/#breadcrumb\"},\"inLanguage\":\"es\",\"potentialAction\":[{\"@type\":\"ReadAction\",\"target\":[\"https:\/\/www.noticiasradioreflejos.com.ar\/2021\/la-comuna-de-cnel-suarez-dio-marcha-atras-con-la-tasa-de-alumbrado-al-barrio-cerro-ceferino\/\"]}]},{\"@type\":\"ImageObject\",\"inLanguage\":\"es\",\"@id\":\"https:\/\/www.noticiasradioreflejos.com.ar\/2021\/la-comuna-de-cnel-suarez-dio-marcha-atras-con-la-tasa-de-alumbrado-al-barrio-cerro-ceferino\/#primaryimage\",\"url\":\"https:\/\/live.staticflickr.com\/65535\/51537594029_d928cced51_c.jpg\",\"contentUrl\":\"https:\/\/live.staticflickr.com\/65535\/51537594029_d928cced51_c.jpg\"},{\"@type\":\"BreadcrumbList\",\"@id\":\"https:\/\/www.noticiasradioreflejos.com.ar\/2021\/la-comuna-de-cnel-suarez-dio-marcha-atras-con-la-tasa-de-alumbrado-al-barrio-cerro-ceferino\/#breadcrumb\",\"itemListElement\":[{\"@type\":\"ListItem\",\"position\":1,\"name\":\"Portada\",\"item\":\"https:\/\/www.noticiasradioreflejos.com.ar\/2021\/\"},{\"@type\":\"ListItem\",\"position\":2,\"name\":\"La comuna de Cnel. Suarez dio marcha atr\u00e1s con el cobro de la tasa de alumbrado al Barrio Cerro Ceferino.\"}]},{\"@type\":\"WebSite\",\"@id\":\"https:\/\/www.noticiasradioreflejos.com.ar\/2021\/#website\",\"url\":\"https:\/\/www.noticiasradioreflejos.com.ar\/2021\/\",\"name\":\"Noticias Radio Reflejos\",\"description\":\"Las noticias de mi comarca\",\"potentialAction\":[{\"@type\":\"SearchAction\",\"target\":{\"@type\":\"EntryPoint\",\"urlTemplate\":\"https:\/\/www.noticiasradioreflejos.com.ar\/2021\/?s={search_term_string}\"},\"query-input\":{\"@type\":\"PropertyValueSpecification\",\"valueRequired\":true,\"valueName\":\"search_term_string\"}}],\"inLanguage\":\"es\"},{\"@type\":\"Person\",\"@id\":\"https:\/\/www.noticiasradioreflejos.com.ar\/2021\/#\/schema\/person\/ad82545263dcc5ec0996818884fd5fb1\",\"name\":\"Arnaldo Botto\",\"image\":{\"@type\":\"ImageObject\",\"inLanguage\":\"es\",\"@id\":\"https:\/\/www.noticiasradioreflejos.com.ar\/2021\/#\/schema\/person\/image\/\",\"url\":\"https:\/\/secure.gravatar.com\/avatar\/55cb5e37c1efa326397366e6974cb338056df65cb50e7d64d1cf314e87504837?s=96&d=mm&r=g\",\"contentUrl\":\"https:\/\/secure.gravatar.com\/avatar\/55cb5e37c1efa326397366e6974cb338056df65cb50e7d64d1cf314e87504837?s=96&d=mm&r=g\",\"caption\":\"Arnaldo Botto\"},\"url\":\"https:\/\/www.noticiasradioreflejos.com.ar\/2021\/author\/arnaldo\/\"}]}<\/script>\n<!-- \/ Yoast SEO plugin. -->","yoast_head_json":{"title":"La comuna de Cnel. Suarez dio marcha atr\u00e1s con el cobro de la tasa de alumbrado al Barrio Cerro Ceferino. - Noticias Radio Reflejos","robots":{"index":"index","follow":"follow","max-snippet":"max-snippet:-1","max-image-preview":"max-image-preview:large","max-video-preview":"max-video-preview:-1"},"canonical":"https:\/\/www.noticiasradioreflejos.com.ar\/2021\/la-comuna-de-cnel-suarez-dio-marcha-atras-con-la-tasa-de-alumbrado-al-barrio-cerro-ceferino\/","og_locale":"es_ES","og_type":"article","og_title":"La comuna de Cnel. Suarez dio marcha atr\u00e1s con el cobro de la tasa de alumbrado al Barrio Cerro Ceferino. - Noticias Radio Reflejos","og_description":"Vecinos del barrio \u00abCerro Ceferino\u00bb, partido de Coronel Su\u00e1rez, llevaron adelante un reclamo por el cobro de una doble tasa de Alumbrado P\u00fablico. La consideran desproporcionada y abusiva por tratarse de un sector que todav\u00eda no tiene regularidad catastral para considerarlos como \u00abResidencial\u00bb. Esta ma\u00f1ana, mediante una nota firmada por el Secretario de Hacienda municipal [&hellip;]","og_url":"https:\/\/www.noticiasradioreflejos.com.ar\/2021\/la-comuna-de-cnel-suarez-dio-marcha-atras-con-la-tasa-de-alumbrado-al-barrio-cerro-ceferino\/","og_site_name":"Noticias Radio Reflejos","article_published_time":"2021-10-01T00:06:04+00:00","article_modified_time":"2021-10-01T00:07:27+00:00","og_image":[{"url":"https:\/\/live.staticflickr.com\/65535\/51537594029_d928cced51_c.jpg","type":"","width":"","height":""}],"author":"Arnaldo Botto","twitter_card":"summary_large_image","schema":{"@context":"https:\/\/schema.org","@graph":[{"@type":"WebPage","@id":"https:\/\/www.noticiasradioreflejos.com.ar\/2021\/la-comuna-de-cnel-suarez-dio-marcha-atras-con-la-tasa-de-alumbrado-al-barrio-cerro-ceferino\/","url":"https:\/\/www.noticiasradioreflejos.com.ar\/2021\/la-comuna-de-cnel-suarez-dio-marcha-atras-con-la-tasa-de-alumbrado-al-barrio-cerro-ceferino\/","name":"La comuna de Cnel. Suarez dio marcha atr\u00e1s con el cobro de la tasa de alumbrado al Barrio Cerro Ceferino. - Noticias Radio Reflejos","isPartOf":{"@id":"https:\/\/www.noticiasradioreflejos.com.ar\/2021\/#website"},"primaryImageOfPage":{"@id":"https:\/\/www.noticiasradioreflejos.com.ar\/2021\/la-comuna-de-cnel-suarez-dio-marcha-atras-con-la-tasa-de-alumbrado-al-barrio-cerro-ceferino\/#primaryimage"},"image":{"@id":"https:\/\/www.noticiasradioreflejos.com.ar\/2021\/la-comuna-de-cnel-suarez-dio-marcha-atras-con-la-tasa-de-alumbrado-al-barrio-cerro-ceferino\/#primaryimage"},"thumbnailUrl":"https:\/\/live.staticflickr.com\/65535\/51537594029_d928cced51_c.jpg","datePublished":"2021-10-01T00:06:04+00:00","dateModified":"2021-10-01T00:07:27+00:00","author":{"@id":"https:\/\/www.noticiasradioreflejos.com.ar\/2021\/#\/schema\/person\/ad82545263dcc5ec0996818884fd5fb1"},"breadcrumb":{"@id":"https:\/\/www.noticiasradioreflejos.com.ar\/2021\/la-comuna-de-cnel-suarez-dio-marcha-atras-con-la-tasa-de-alumbrado-al-barrio-cerro-ceferino\/#breadcrumb"},"inLanguage":"es","potentialAction":[{"@type":"ReadAction","target":["https:\/\/www.noticiasradioreflejos.com.ar\/2021\/la-comuna-de-cnel-suarez-dio-marcha-atras-con-la-tasa-de-alumbrado-al-barrio-cerro-ceferino\/"]}]},{"@type":"ImageObject","inLanguage":"es","@id":"https:\/\/www.noticiasradioreflejos.com.ar\/2021\/la-comuna-de-cnel-suarez-dio-marcha-atras-con-la-tasa-de-alumbrado-al-barrio-cerro-ceferino\/#primaryimage","url":"https:\/\/live.staticflickr.com\/65535\/51537594029_d928cced51_c.jpg","contentUrl":"https:\/\/live.staticflickr.com\/65535\/51537594029_d928cced51_c.jpg"},{"@type":"BreadcrumbList","@id":"https:\/\/www.noticiasradioreflejos.com.ar\/2021\/la-comuna-de-cnel-suarez-dio-marcha-atras-con-la-tasa-de-alumbrado-al-barrio-cerro-ceferino\/#breadcrumb","itemListElement":[{"@type":"ListItem","position":1,"name":"Portada","item":"https:\/\/www.noticiasradioreflejos.com.ar\/2021\/"},{"@type":"ListItem","position":2,"name":"La comuna de Cnel. Suarez dio marcha atr\u00e1s con el cobro de la tasa de alumbrado al Barrio Cerro Ceferino."}]},{"@type":"WebSite","@id":"https:\/\/www.noticiasradioreflejos.com.ar\/2021\/#website","url":"https:\/\/www.noticiasradioreflejos.com.ar\/2021\/","name":"Noticias Radio Reflejos","description":"Las noticias de mi comarca","potentialAction":[{"@type":"SearchAction","target":{"@type":"EntryPoint","urlTemplate":"https:\/\/www.noticiasradioreflejos.com.ar\/2021\/?s={search_term_string}"},"query-input":{"@type":"PropertyValueSpecification","valueRequired":true,"valueName":"search_term_string"}}],"inLanguage":"es"},{"@type":"Person","@id":"https:\/\/www.noticiasradioreflejos.com.ar\/2021\/#\/schema\/person\/ad82545263dcc5ec0996818884fd5fb1","name":"Arnaldo Botto","image":{"@type":"ImageObject","inLanguage":"es","@id":"https:\/\/www.noticiasradioreflejos.com.ar\/2021\/#\/schema\/person\/image\/","url":"https:\/\/secure.gravatar.com\/avatar\/55cb5e37c1efa326397366e6974cb338056df65cb50e7d64d1cf314e87504837?s=96&d=mm&r=g","contentUrl":"https:\/\/secure.gravatar.com\/avatar\/55cb5e37c1efa326397366e6974cb338056df65cb50e7d64d1cf314e87504837?s=96&d=mm&r=g","caption":"Arnaldo Botto"},"url":"https:\/\/www.noticiasradioreflejos.com.ar\/2021\/author\/arnaldo\/"}]}},"_links":{"self":[{"href":"https:\/\/www.noticiasradioreflejos.com.ar\/2021\/wp-json\/wp\/v2\/posts\/63234","targetHints":{"allow":["GET"]}}],"collection":[{"href":"https:\/\/www.noticiasradioreflejos.com.ar\/2021\/wp-json\/wp\/v2\/posts"}],"about":[{"href":"https:\/\/www.noticiasradioreflejos.com.ar\/2021\/wp-json\/wp\/v2\/types\/post"}],"author":[{"embeddable":true,"href":"https:\/\/www.noticiasradioreflejos.com.ar\/2021\/wp-json\/wp\/v2\/users\/3"}],"replies":[{"embeddable":true,"href":"https:\/\/www.noticiasradioreflejos.com.ar\/2021\/wp-json\/wp\/v2\/comments?post=63234"}],"version-history":[{"count":3,"href":"https:\/\/www.noticiasradioreflejos.com.ar\/2021\/wp-json\/wp\/v2\/posts\/63234\/revisions"}],"predecessor-version":[{"id":63242,"href":"https:\/\/www.noticiasradioreflejos.com.ar\/2021\/wp-json\/wp\/v2\/posts\/63234\/revisions\/63242"}],"wp:attachment":[{"href":"https:\/\/www.noticiasradioreflejos.com.ar\/2021\/wp-json\/wp\/v2\/media?parent=63234"}],"wp:term":[{"taxonomy":"category","embeddable":true,"href":"https:\/\/www.noticiasradioreflejos.com.ar\/2021\/wp-json\/wp\/v2\/categories?post=63234"},{"taxonomy":"post_tag","embeddable":true,"href":"https:\/\/www.noticiasradioreflejos.com.ar\/2021\/wp-json\/wp\/v2\/tags?post=63234"}],"curies":[{"name":"wp","href":"https:\/\/api.w.org\/{rel}","templated":true}]}}