{"id":63231,"date":"2021-09-30T23:45:03","date_gmt":"2021-09-30T23:45:03","guid":{"rendered":"http:\/\/www.noticiasradioreflejos.com.ar\/2021\/?p=63231"},"modified":"2021-09-30T23:52:17","modified_gmt":"2021-09-30T23:52:17","slug":"despidos-masivos-a-trabajadores-que-no-quieran-vacunarse-es-posible-en-argentina","status":"publish","type":"post","link":"https:\/\/www.noticiasradioreflejos.com.ar\/2021\/despidos-masivos-a-trabajadores-que-no-quieran-vacunarse-es-posible-en-argentina\/","title":{"rendered":"Despidos masivos a trabajadores que no quieran vacunarse: Es posible en Argentina..?"},"content":{"rendered":"<p>El<strong> Dr. Leandro Picardi, <\/strong>abogado, nos explica la relaci\u00f3n que hay entre la vacuna contra el Covid-19 y el derecho laboral.<!--more--><\/p>\n<p>\u00abSi vos queres contratar a una persona, vos sos el que pones los requisitos\u00bb respondi\u00f3 Leandro cuando le consultamos acerca de qu\u00e9 sucede cuando un empleador quiere contratar a una persona bajo la condici\u00f3n de que est\u00e9 vacunada, es decir, c\u00f3mo incide esta nueva tendencia en el derecho laboral.<\/p>\n<p>La gran inc\u00f3gnita que propone Leandro a partir de tocar el tema, es: \u00ab\u00bfQu\u00e9 pasa cuando vos ya est\u00e1s trabajando en un lugar y te piden vacunarte?\u00bb. El abogado explica que, en Argentina, con las leyes que hay ahora, despedir a alguien porque no quiera aplicarse las dosis ser\u00eda infringir la ley. \u00abHoy en d\u00eda es imposible que te despidan en Argentina por no querer vacunarte, es sencillo, porque el tratamiento no es obligatorio\u00bb argument\u00f3.<\/p>\n<p>Durante la nota, el abogado hace referencia al caso de American Airlines, la gran empresa de vuelos que despidi\u00f3 a m\u00e1s de 260 empleados por no querer aplicarse las dosis contra el Covid-19.<\/p>\n<p>Con respecto a las ART, Leandro explic\u00f3 la cuesti\u00f3n de coberturas. Es posible que las ART no se hagan responsables de los sueldos a pagar en el caso de que la persona se contagie de Covid en el trabajo y no pueda asistir durante 10\/15 d\u00edas. \u00abEsto todo en base a supuestos, porque ac\u00e1 en Argentina todav\u00eda no est\u00e1 sucediendo\u00bb aclar\u00f3.<\/p>\n<p><strong>Nota completa a continuaci\u00f3n:<\/strong><br \/>\n<iframe loading=\"lazy\" src=\"https:\/\/w.soundcloud.com\/player\/?url=https%3A\/\/api.soundcloud.com\/tracks\/1133641222&amp;color=%23ff5500&amp;auto_play=false&amp;hide_related=false&amp;show_comments=true&amp;show_user=true&amp;show_reposts=false&amp;show_teaser=true\" width=\"100%\" height=\"166\" frameborder=\"no\" scrolling=\"no\"><\/iframe><\/p>\n<div style=\"font-size: 10px; color: #cccccc; line-break: anywhere; word-break: normal; overflow: hidden; white-space: nowrap; text-overflow: ellipsis; font-family: Interstate,Lucida Grande,Lucida Sans Unicode,Lucida Sans,Garuda,Verdana,Tahoma,sans-serif; font-weight: 100;\"><a style=\"color: #cccccc; text-decoration: none;\" title=\"fmreflejos 103.7\" href=\"https:\/\/soundcloud.com\/fmreflejos-103-7\" target=\"_blank\" rel=\"noopener\">fmreflejos 103.7<\/a> \u00b7 <a style=\"color: #cccccc; text-decoration: none;\" title=\"Leonardo Picardi\" href=\"https:\/\/soundcloud.com\/fmreflejos-103-7\/leonardo-picardi\" target=\"_blank\" rel=\"noopener\">Leonardo Picardi<\/a><\/div>\n","protected":false},"excerpt":{"rendered":"<p>El Dr. Leandro Picardi, abogado, nos explica la relaci\u00f3n que hay entre la vacuna contra el Covid-19 y el derecho laboral.<\/p>\n","protected":false},"author":3,"featured_media":0,"comment_status":"closed","ping_status":"closed","sticky":false,"template":"","format":"standard","meta":{"footnotes":""},"categories":[36,26],"tags":[48],"class_list":["post-63231","post","type-post","status-publish","format-standard","hentry","category-economia","category-sociedad","tag-destacada"],"yoast_head":"<!-- This site is optimized with the Yoast SEO plugin v25.9 - https:\/\/yoast.com\/wordpress\/plugins\/seo\/ -->\n<title>Despidos masivos a trabajadores que no quieran vacunarse: Es posible en Argentina..? - Noticias Radio Reflejos<\/title>\n<meta name=\"robots\" content=\"index, follow, max-snippet:-1, max-image-preview:large, max-video-preview:-1\" \/>\n<link rel=\"canonical\" href=\"https:\/\/www.noticiasradioreflejos.com.ar\/2021\/despidos-masivos-a-trabajadores-que-no-quieran-vacunarse-es-posible-en-argentina\/\" \/>\n<meta property=\"og:locale\" content=\"es_ES\" \/>\n<meta property=\"og:type\" content=\"article\" \/>\n<meta property=\"og:title\" content=\"Despidos masivos a trabajadores que no quieran vacunarse: Es posible en Argentina..? - Noticias Radio Reflejos\" \/>\n<meta property=\"og:description\" content=\"El Dr. Leandro Picardi, abogado, nos explica la relaci\u00f3n que hay entre la vacuna contra el Covid-19 y el derecho laboral.\" \/>\n<meta property=\"og:url\" content=\"https:\/\/www.noticiasradioreflejos.com.ar\/2021\/despidos-masivos-a-trabajadores-que-no-quieran-vacunarse-es-posible-en-argentina\/\" \/>\n<meta property=\"og:site_name\" content=\"Noticias Radio Reflejos\" \/>\n<meta property=\"article:published_time\" content=\"2021-09-30T23:45:03+00:00\" \/>\n<meta property=\"article:modified_time\" content=\"2021-09-30T23:52:17+00:00\" \/>\n<meta property=\"og:image\" content=\"https:\/\/www.noticiasradioreflejos.com.ar\/2021\/wp-content\/uploads\/2021\/07\/logosol300x200.png\" \/>\n\t<meta property=\"og:image:width\" content=\"300\" \/>\n\t<meta property=\"og:image:height\" content=\"200\" \/>\n\t<meta property=\"og:image:type\" content=\"image\/png\" \/>\n<meta name=\"author\" content=\"Arnaldo Botto\" \/>\n<meta name=\"twitter:card\" content=\"summary_large_image\" \/>\n<script type=\"application\/ld+json\" class=\"yoast-schema-graph\">{\"@context\":\"https:\/\/schema.org\",\"@graph\":[{\"@type\":\"WebPage\",\"@id\":\"https:\/\/www.noticiasradioreflejos.com.ar\/2021\/despidos-masivos-a-trabajadores-que-no-quieran-vacunarse-es-posible-en-argentina\/\",\"url\":\"https:\/\/www.noticiasradioreflejos.com.ar\/2021\/despidos-masivos-a-trabajadores-que-no-quieran-vacunarse-es-posible-en-argentina\/\",\"name\":\"Despidos masivos a trabajadores que no quieran vacunarse: Es posible en Argentina..? - Noticias Radio Reflejos\",\"isPartOf\":{\"@id\":\"https:\/\/www.noticiasradioreflejos.com.ar\/2021\/#website\"},\"datePublished\":\"2021-09-30T23:45:03+00:00\",\"dateModified\":\"2021-09-30T23:52:17+00:00\",\"author\":{\"@id\":\"https:\/\/www.noticiasradioreflejos.com.ar\/2021\/#\/schema\/person\/ad82545263dcc5ec0996818884fd5fb1\"},\"breadcrumb\":{\"@id\":\"https:\/\/www.noticiasradioreflejos.com.ar\/2021\/despidos-masivos-a-trabajadores-que-no-quieran-vacunarse-es-posible-en-argentina\/#breadcrumb\"},\"inLanguage\":\"es\",\"potentialAction\":[{\"@type\":\"ReadAction\",\"target\":[\"https:\/\/www.noticiasradioreflejos.com.ar\/2021\/despidos-masivos-a-trabajadores-que-no-quieran-vacunarse-es-posible-en-argentina\/\"]}]},{\"@type\":\"BreadcrumbList\",\"@id\":\"https:\/\/www.noticiasradioreflejos.com.ar\/2021\/despidos-masivos-a-trabajadores-que-no-quieran-vacunarse-es-posible-en-argentina\/#breadcrumb\",\"itemListElement\":[{\"@type\":\"ListItem\",\"position\":1,\"name\":\"Portada\",\"item\":\"https:\/\/www.noticiasradioreflejos.com.ar\/2021\/\"},{\"@type\":\"ListItem\",\"position\":2,\"name\":\"Despidos masivos a trabajadores que no quieran vacunarse: Es posible en Argentina..?\"}]},{\"@type\":\"WebSite\",\"@id\":\"https:\/\/www.noticiasradioreflejos.com.ar\/2021\/#website\",\"url\":\"https:\/\/www.noticiasradioreflejos.com.ar\/2021\/\",\"name\":\"Noticias Radio Reflejos\",\"description\":\"Las noticias de mi comarca\",\"potentialAction\":[{\"@type\":\"SearchAction\",\"target\":{\"@type\":\"EntryPoint\",\"urlTemplate\":\"https:\/\/www.noticiasradioreflejos.com.ar\/2021\/?s={search_term_string}\"},\"query-input\":{\"@type\":\"PropertyValueSpecification\",\"valueRequired\":true,\"valueName\":\"search_term_string\"}}],\"inLanguage\":\"es\"},{\"@type\":\"Person\",\"@id\":\"https:\/\/www.noticiasradioreflejos.com.ar\/2021\/#\/schema\/person\/ad82545263dcc5ec0996818884fd5fb1\",\"name\":\"Arnaldo Botto\",\"image\":{\"@type\":\"ImageObject\",\"inLanguage\":\"es\",\"@id\":\"https:\/\/www.noticiasradioreflejos.com.ar\/2021\/#\/schema\/person\/image\/\",\"url\":\"https:\/\/secure.gravatar.com\/avatar\/55cb5e37c1efa326397366e6974cb338056df65cb50e7d64d1cf314e87504837?s=96&d=mm&r=g\",\"contentUrl\":\"https:\/\/secure.gravatar.com\/avatar\/55cb5e37c1efa326397366e6974cb338056df65cb50e7d64d1cf314e87504837?s=96&d=mm&r=g\",\"caption\":\"Arnaldo Botto\"},\"url\":\"https:\/\/www.noticiasradioreflejos.com.ar\/2021\/author\/arnaldo\/\"}]}<\/script>\n<!-- \/ Yoast SEO plugin. -->","yoast_head_json":{"title":"Despidos masivos a trabajadores que no quieran vacunarse: Es posible en Argentina..? - Noticias Radio Reflejos","robots":{"index":"index","follow":"follow","max-snippet":"max-snippet:-1","max-image-preview":"max-image-preview:large","max-video-preview":"max-video-preview:-1"},"canonical":"https:\/\/www.noticiasradioreflejos.com.ar\/2021\/despidos-masivos-a-trabajadores-que-no-quieran-vacunarse-es-posible-en-argentina\/","og_locale":"es_ES","og_type":"article","og_title":"Despidos masivos a trabajadores que no quieran vacunarse: Es posible en Argentina..? - Noticias Radio Reflejos","og_description":"El Dr. Leandro Picardi, abogado, nos explica la relaci\u00f3n que hay entre la vacuna contra el Covid-19 y el derecho laboral.","og_url":"https:\/\/www.noticiasradioreflejos.com.ar\/2021\/despidos-masivos-a-trabajadores-que-no-quieran-vacunarse-es-posible-en-argentina\/","og_site_name":"Noticias Radio Reflejos","article_published_time":"2021-09-30T23:45:03+00:00","article_modified_time":"2021-09-30T23:52:17+00:00","og_image":[{"width":300,"height":200,"url":"https:\/\/www.noticiasradioreflejos.com.ar\/2021\/wp-content\/uploads\/2021\/07\/logosol300x200.png","type":"image\/png"}],"author":"Arnaldo Botto","twitter_card":"summary_large_image","schema":{"@context":"https:\/\/schema.org","@graph":[{"@type":"WebPage","@id":"https:\/\/www.noticiasradioreflejos.com.ar\/2021\/despidos-masivos-a-trabajadores-que-no-quieran-vacunarse-es-posible-en-argentina\/","url":"https:\/\/www.noticiasradioreflejos.com.ar\/2021\/despidos-masivos-a-trabajadores-que-no-quieran-vacunarse-es-posible-en-argentina\/","name":"Despidos masivos a trabajadores que no quieran vacunarse: Es posible en Argentina..? - Noticias Radio Reflejos","isPartOf":{"@id":"https:\/\/www.noticiasradioreflejos.com.ar\/2021\/#website"},"datePublished":"2021-09-30T23:45:03+00:00","dateModified":"2021-09-30T23:52:17+00:00","author":{"@id":"https:\/\/www.noticiasradioreflejos.com.ar\/2021\/#\/schema\/person\/ad82545263dcc5ec0996818884fd5fb1"},"breadcrumb":{"@id":"https:\/\/www.noticiasradioreflejos.com.ar\/2021\/despidos-masivos-a-trabajadores-que-no-quieran-vacunarse-es-posible-en-argentina\/#breadcrumb"},"inLanguage":"es","potentialAction":[{"@type":"ReadAction","target":["https:\/\/www.noticiasradioreflejos.com.ar\/2021\/despidos-masivos-a-trabajadores-que-no-quieran-vacunarse-es-posible-en-argentina\/"]}]},{"@type":"BreadcrumbList","@id":"https:\/\/www.noticiasradioreflejos.com.ar\/2021\/despidos-masivos-a-trabajadores-que-no-quieran-vacunarse-es-posible-en-argentina\/#breadcrumb","itemListElement":[{"@type":"ListItem","position":1,"name":"Portada","item":"https:\/\/www.noticiasradioreflejos.com.ar\/2021\/"},{"@type":"ListItem","position":2,"name":"Despidos masivos a trabajadores que no quieran vacunarse: Es posible en Argentina..?"}]},{"@type":"WebSite","@id":"https:\/\/www.noticiasradioreflejos.com.ar\/2021\/#website","url":"https:\/\/www.noticiasradioreflejos.com.ar\/2021\/","name":"Noticias Radio Reflejos","description":"Las noticias de mi comarca","potentialAction":[{"@type":"SearchAction","target":{"@type":"EntryPoint","urlTemplate":"https:\/\/www.noticiasradioreflejos.com.ar\/2021\/?s={search_term_string}"},"query-input":{"@type":"PropertyValueSpecification","valueRequired":true,"valueName":"search_term_string"}}],"inLanguage":"es"},{"@type":"Person","@id":"https:\/\/www.noticiasradioreflejos.com.ar\/2021\/#\/schema\/person\/ad82545263dcc5ec0996818884fd5fb1","name":"Arnaldo Botto","image":{"@type":"ImageObject","inLanguage":"es","@id":"https:\/\/www.noticiasradioreflejos.com.ar\/2021\/#\/schema\/person\/image\/","url":"https:\/\/secure.gravatar.com\/avatar\/55cb5e37c1efa326397366e6974cb338056df65cb50e7d64d1cf314e87504837?s=96&d=mm&r=g","contentUrl":"https:\/\/secure.gravatar.com\/avatar\/55cb5e37c1efa326397366e6974cb338056df65cb50e7d64d1cf314e87504837?s=96&d=mm&r=g","caption":"Arnaldo Botto"},"url":"https:\/\/www.noticiasradioreflejos.com.ar\/2021\/author\/arnaldo\/"}]}},"_links":{"self":[{"href":"https:\/\/www.noticiasradioreflejos.com.ar\/2021\/wp-json\/wp\/v2\/posts\/63231","targetHints":{"allow":["GET"]}}],"collection":[{"href":"https:\/\/www.noticiasradioreflejos.com.ar\/2021\/wp-json\/wp\/v2\/posts"}],"about":[{"href":"https:\/\/www.noticiasradioreflejos.com.ar\/2021\/wp-json\/wp\/v2\/types\/post"}],"author":[{"embeddable":true,"href":"https:\/\/www.noticiasradioreflejos.com.ar\/2021\/wp-json\/wp\/v2\/users\/3"}],"replies":[{"embeddable":true,"href":"https:\/\/www.noticiasradioreflejos.com.ar\/2021\/wp-json\/wp\/v2\/comments?post=63231"}],"version-history":[{"count":4,"href":"https:\/\/www.noticiasradioreflejos.com.ar\/2021\/wp-json\/wp\/v2\/posts\/63231\/revisions"}],"predecessor-version":[{"id":63239,"href":"https:\/\/www.noticiasradioreflejos.com.ar\/2021\/wp-json\/wp\/v2\/posts\/63231\/revisions\/63239"}],"wp:attachment":[{"href":"https:\/\/www.noticiasradioreflejos.com.ar\/2021\/wp-json\/wp\/v2\/media?parent=63231"}],"wp:term":[{"taxonomy":"category","embeddable":true,"href":"https:\/\/www.noticiasradioreflejos.com.ar\/2021\/wp-json\/wp\/v2\/categories?post=63231"},{"taxonomy":"post_tag","embeddable":true,"href":"https:\/\/www.noticiasradioreflejos.com.ar\/2021\/wp-json\/wp\/v2\/tags?post=63231"}],"curies":[{"name":"wp","href":"https:\/\/api.w.org\/{rel}","templated":true}]}}