{"id":63223,"date":"2021-09-30T15:02:44","date_gmt":"2021-09-30T15:02:44","guid":{"rendered":"http:\/\/www.noticiasradioreflejos.com.ar\/2021\/?p=63223"},"modified":"2021-09-30T15:02:44","modified_gmt":"2021-09-30T15:02:44","slug":"marcelo-gallardo-esta-en-el-radar-de-barcelona-para-reemplazar-a-ronald-koeman","status":"publish","type":"post","link":"https:\/\/www.noticiasradioreflejos.com.ar\/2021\/marcelo-gallardo-esta-en-el-radar-de-barcelona-para-reemplazar-a-ronald-koeman\/","title":{"rendered":"Marcelo Gallardo est\u00e1 en el radar de Barcelona para reemplazar a Ronald Koeman"},"content":{"rendered":"<div class=\"head-content\">\n<p>El entrenador de River, que tambi\u00e9n se lo mencion\u00f3 cuando fue destituido Ernesto Valverde a principios de 2020, integrar\u00eda una lista de candidatos al banco blaugrana junto con los espa\u00f1oles Xavi Hern\u00e1ndez y Roberto Mart\u00ednez.<\/p>\n<\/div>\n<p><!--more--><\/p>\n<div class=\"main-content-block\">\n<div class=\"main-box clearfix\">\n<div class=\"wrapper-main-section clearfix\">\n<div class=\"wrapper-editable-content\">\n<div class=\"editable-content clearfix\">\n<div id=\"image\" class=\"image\">\n<p><img decoding=\"async\" title=\"Gallardo est\u00e1 otra vez en la mira del Barcelona. \" src=\"https:\/\/www.telam.com.ar\/advf\/imagenes\/2021\/09\/612f563ad6057_1004x565.jpg\" alt=\"Gallardo est\u00e1 otra vez en la mira del Barcelona. \" \/><\/p>\n<div class=\"epigrafe\">Gallardo est\u00e1 otra vez en la mira del Barcelona.<\/div>\n<\/div>\n<p>El entrenador de River Plate, Marcelo Gallardo, es seguido de cerca por la comisi\u00f3n directiva del Barcelona como posible reemplazante del neerland\u00e9s Ronald Koeman, quien tiene los d\u00edas contados en el club, seg\u00fan revel\u00f3 este jueves la prensa catalana.<\/p>\n<p>\u00ab<strong>En la lista de nombres sobre la mesa del presidente cul\u00e9 Joan Laporta aparece el argentino Marcelo Gallardo, junto a los de Xavi Hern\u00e1ndez y Roberto Mart\u00ednez<\/strong>\u00bb destac\u00f3 el peri\u00f3dico catal\u00e1n Mundo Deportivo que sigue el d\u00eda a d\u00eda del Barcelona, en una informaci\u00f3n que hab\u00eda circulado tambi\u00e9n en el programa \u00abEl M\u00f3n\u00bb de RAC1.<\/p>\n<p><strong>El actual DT de River \u00abno es la primera vez que suena como posible t\u00e9cnico azulgrana\u00bb\u00a0<\/strong>recuerda Mundo Deportivo.<\/p>\n<p>Para Gallardo no se trata de la primera vez que lo observa el Barcelona, que tambi\u00e9n lo hab\u00eda seguido de cerca cuando destituy\u00f3 a Ernesto Valverde a principios de 2020.<\/p>\n<blockquote class=\"twitter-tweet\" data-width=\"500\" data-dnt=\"true\">\n<p lang=\"es\" dir=\"ltr\">\ud83d\udde3 <a href=\"https:\/\/twitter.com\/RonaldKoeman?ref_src=twsrc%5Etfw\">@RonaldKoeman<\/a> analiza la derrota ante el Benfica <a href=\"https:\/\/t.co\/R1oakSHJNf\">pic.twitter.com\/R1oakSHJNf<\/a><\/p>\n<p>&mdash; FC Barcelona (@FCBarcelona_es) <a href=\"https:\/\/twitter.com\/FCBarcelona_es\/status\/1443332190385971203?ref_src=twsrc%5Etfw\">September 29, 2021<\/a><\/p><\/blockquote>\n<p><script async src=\"https:\/\/platform.twitter.com\/widgets.js\" charset=\"utf-8\"><\/script><\/p>\n<p>El mal presente del Barcelona y\u00a0<strong>la derrota por goleada en la Liga de Campeones ante el Benfica (3-0) motivaron en las \u00faltimas horas largas reuniones entre los dirigentes del Barcelona para debatir la salida de Koeman.<\/strong><\/p>\n<p>Tras la derrota ante el Benfica, el DT neerland\u00e9s sembr\u00f3 dudas respecto de su continuidad en el club: \u00abMe siento respaldado por los jugadores y por mi trabajo, pero por el resto no lo s\u00e9\u00bb.<\/p>\n<\/div>\n<\/div>\n<\/div>\n<\/div>\n<\/div>\n","protected":false},"excerpt":{"rendered":"<p>El entrenador de River, que tambi\u00e9n se lo mencion\u00f3 cuando fue destituido Ernesto Valverde a principios de 2020, integrar\u00eda una lista de candidatos al banco blaugrana junto con los espa\u00f1oles Xavi Hern\u00e1ndez y Roberto Mart\u00ednez.<\/p>\n","protected":false},"author":3,"featured_media":0,"comment_status":"closed","ping_status":"closed","sticky":false,"template":"","format":"standard","meta":{"footnotes":""},"categories":[1],"tags":[],"class_list":["post-63223","post","type-post","status-publish","format-standard","hentry","category-sin-categoria"],"yoast_head":"<!-- This site is optimized with the Yoast SEO plugin v25.9 - https:\/\/yoast.com\/wordpress\/plugins\/seo\/ -->\n<title>Marcelo Gallardo est\u00e1 en el radar de Barcelona para reemplazar a Ronald Koeman - Noticias Radio Reflejos<\/title>\n<meta name=\"robots\" content=\"index, follow, max-snippet:-1, max-image-preview:large, max-video-preview:-1\" \/>\n<link rel=\"canonical\" href=\"https:\/\/www.noticiasradioreflejos.com.ar\/2021\/marcelo-gallardo-esta-en-el-radar-de-barcelona-para-reemplazar-a-ronald-koeman\/\" \/>\n<meta property=\"og:locale\" content=\"es_ES\" \/>\n<meta property=\"og:type\" content=\"article\" \/>\n<meta property=\"og:title\" content=\"Marcelo Gallardo est\u00e1 en el radar de Barcelona para reemplazar a Ronald Koeman - Noticias Radio Reflejos\" \/>\n<meta property=\"og:description\" content=\"El entrenador de River, que tambi\u00e9n se lo mencion\u00f3 cuando fue destituido Ernesto Valverde a principios de 2020, integrar\u00eda una lista de candidatos al banco blaugrana junto con los espa\u00f1oles Xavi Hern\u00e1ndez y Roberto Mart\u00ednez.\" \/>\n<meta property=\"og:url\" content=\"https:\/\/www.noticiasradioreflejos.com.ar\/2021\/marcelo-gallardo-esta-en-el-radar-de-barcelona-para-reemplazar-a-ronald-koeman\/\" \/>\n<meta property=\"og:site_name\" content=\"Noticias Radio Reflejos\" \/>\n<meta property=\"article:published_time\" content=\"2021-09-30T15:02:44+00:00\" \/>\n<meta property=\"og:image\" content=\"https:\/\/www.telam.com.ar\/advf\/imagenes\/2021\/09\/612f563ad6057_1004x565.jpg\" \/>\n<meta name=\"author\" content=\"Arnaldo Botto\" \/>\n<meta name=\"twitter:card\" content=\"summary_large_image\" \/>\n<script type=\"application\/ld+json\" class=\"yoast-schema-graph\">{\"@context\":\"https:\/\/schema.org\",\"@graph\":[{\"@type\":\"WebPage\",\"@id\":\"https:\/\/www.noticiasradioreflejos.com.ar\/2021\/marcelo-gallardo-esta-en-el-radar-de-barcelona-para-reemplazar-a-ronald-koeman\/\",\"url\":\"https:\/\/www.noticiasradioreflejos.com.ar\/2021\/marcelo-gallardo-esta-en-el-radar-de-barcelona-para-reemplazar-a-ronald-koeman\/\",\"name\":\"Marcelo Gallardo est\u00e1 en el radar de Barcelona para reemplazar a Ronald Koeman - Noticias Radio Reflejos\",\"isPartOf\":{\"@id\":\"https:\/\/www.noticiasradioreflejos.com.ar\/2021\/#website\"},\"primaryImageOfPage\":{\"@id\":\"https:\/\/www.noticiasradioreflejos.com.ar\/2021\/marcelo-gallardo-esta-en-el-radar-de-barcelona-para-reemplazar-a-ronald-koeman\/#primaryimage\"},\"image\":{\"@id\":\"https:\/\/www.noticiasradioreflejos.com.ar\/2021\/marcelo-gallardo-esta-en-el-radar-de-barcelona-para-reemplazar-a-ronald-koeman\/#primaryimage\"},\"thumbnailUrl\":\"https:\/\/www.telam.com.ar\/advf\/imagenes\/2021\/09\/612f563ad6057_1004x565.jpg\",\"datePublished\":\"2021-09-30T15:02:44+00:00\",\"author\":{\"@id\":\"https:\/\/www.noticiasradioreflejos.com.ar\/2021\/#\/schema\/person\/ad82545263dcc5ec0996818884fd5fb1\"},\"breadcrumb\":{\"@id\":\"https:\/\/www.noticiasradioreflejos.com.ar\/2021\/marcelo-gallardo-esta-en-el-radar-de-barcelona-para-reemplazar-a-ronald-koeman\/#breadcrumb\"},\"inLanguage\":\"es\",\"potentialAction\":[{\"@type\":\"ReadAction\",\"target\":[\"https:\/\/www.noticiasradioreflejos.com.ar\/2021\/marcelo-gallardo-esta-en-el-radar-de-barcelona-para-reemplazar-a-ronald-koeman\/\"]}]},{\"@type\":\"ImageObject\",\"inLanguage\":\"es\",\"@id\":\"https:\/\/www.noticiasradioreflejos.com.ar\/2021\/marcelo-gallardo-esta-en-el-radar-de-barcelona-para-reemplazar-a-ronald-koeman\/#primaryimage\",\"url\":\"https:\/\/www.telam.com.ar\/advf\/imagenes\/2021\/09\/612f563ad6057_1004x565.jpg\",\"contentUrl\":\"https:\/\/www.telam.com.ar\/advf\/imagenes\/2021\/09\/612f563ad6057_1004x565.jpg\"},{\"@type\":\"BreadcrumbList\",\"@id\":\"https:\/\/www.noticiasradioreflejos.com.ar\/2021\/marcelo-gallardo-esta-en-el-radar-de-barcelona-para-reemplazar-a-ronald-koeman\/#breadcrumb\",\"itemListElement\":[{\"@type\":\"ListItem\",\"position\":1,\"name\":\"Portada\",\"item\":\"https:\/\/www.noticiasradioreflejos.com.ar\/2021\/\"},{\"@type\":\"ListItem\",\"position\":2,\"name\":\"Marcelo Gallardo est\u00e1 en el radar de Barcelona para reemplazar a Ronald Koeman\"}]},{\"@type\":\"WebSite\",\"@id\":\"https:\/\/www.noticiasradioreflejos.com.ar\/2021\/#website\",\"url\":\"https:\/\/www.noticiasradioreflejos.com.ar\/2021\/\",\"name\":\"Noticias Radio Reflejos\",\"description\":\"Las noticias de mi comarca\",\"potentialAction\":[{\"@type\":\"SearchAction\",\"target\":{\"@type\":\"EntryPoint\",\"urlTemplate\":\"https:\/\/www.noticiasradioreflejos.com.ar\/2021\/?s={search_term_string}\"},\"query-input\":{\"@type\":\"PropertyValueSpecification\",\"valueRequired\":true,\"valueName\":\"search_term_string\"}}],\"inLanguage\":\"es\"},{\"@type\":\"Person\",\"@id\":\"https:\/\/www.noticiasradioreflejos.com.ar\/2021\/#\/schema\/person\/ad82545263dcc5ec0996818884fd5fb1\",\"name\":\"Arnaldo Botto\",\"image\":{\"@type\":\"ImageObject\",\"inLanguage\":\"es\",\"@id\":\"https:\/\/www.noticiasradioreflejos.com.ar\/2021\/#\/schema\/person\/image\/\",\"url\":\"https:\/\/secure.gravatar.com\/avatar\/55cb5e37c1efa326397366e6974cb338056df65cb50e7d64d1cf314e87504837?s=96&d=mm&r=g\",\"contentUrl\":\"https:\/\/secure.gravatar.com\/avatar\/55cb5e37c1efa326397366e6974cb338056df65cb50e7d64d1cf314e87504837?s=96&d=mm&r=g\",\"caption\":\"Arnaldo Botto\"},\"url\":\"https:\/\/www.noticiasradioreflejos.com.ar\/2021\/author\/arnaldo\/\"}]}<\/script>\n<!-- \/ Yoast SEO plugin. -->","yoast_head_json":{"title":"Marcelo Gallardo est\u00e1 en el radar de Barcelona para reemplazar a Ronald Koeman - Noticias Radio Reflejos","robots":{"index":"index","follow":"follow","max-snippet":"max-snippet:-1","max-image-preview":"max-image-preview:large","max-video-preview":"max-video-preview:-1"},"canonical":"https:\/\/www.noticiasradioreflejos.com.ar\/2021\/marcelo-gallardo-esta-en-el-radar-de-barcelona-para-reemplazar-a-ronald-koeman\/","og_locale":"es_ES","og_type":"article","og_title":"Marcelo Gallardo est\u00e1 en el radar de Barcelona para reemplazar a Ronald Koeman - Noticias Radio Reflejos","og_description":"El entrenador de River, que tambi\u00e9n se lo mencion\u00f3 cuando fue destituido Ernesto Valverde a principios de 2020, integrar\u00eda una lista de candidatos al banco blaugrana junto con los espa\u00f1oles Xavi Hern\u00e1ndez y Roberto Mart\u00ednez.","og_url":"https:\/\/www.noticiasradioreflejos.com.ar\/2021\/marcelo-gallardo-esta-en-el-radar-de-barcelona-para-reemplazar-a-ronald-koeman\/","og_site_name":"Noticias Radio Reflejos","article_published_time":"2021-09-30T15:02:44+00:00","og_image":[{"url":"https:\/\/www.telam.com.ar\/advf\/imagenes\/2021\/09\/612f563ad6057_1004x565.jpg","type":"","width":"","height":""}],"author":"Arnaldo Botto","twitter_card":"summary_large_image","schema":{"@context":"https:\/\/schema.org","@graph":[{"@type":"WebPage","@id":"https:\/\/www.noticiasradioreflejos.com.ar\/2021\/marcelo-gallardo-esta-en-el-radar-de-barcelona-para-reemplazar-a-ronald-koeman\/","url":"https:\/\/www.noticiasradioreflejos.com.ar\/2021\/marcelo-gallardo-esta-en-el-radar-de-barcelona-para-reemplazar-a-ronald-koeman\/","name":"Marcelo Gallardo est\u00e1 en el radar de Barcelona para reemplazar a Ronald Koeman - Noticias Radio Reflejos","isPartOf":{"@id":"https:\/\/www.noticiasradioreflejos.com.ar\/2021\/#website"},"primaryImageOfPage":{"@id":"https:\/\/www.noticiasradioreflejos.com.ar\/2021\/marcelo-gallardo-esta-en-el-radar-de-barcelona-para-reemplazar-a-ronald-koeman\/#primaryimage"},"image":{"@id":"https:\/\/www.noticiasradioreflejos.com.ar\/2021\/marcelo-gallardo-esta-en-el-radar-de-barcelona-para-reemplazar-a-ronald-koeman\/#primaryimage"},"thumbnailUrl":"https:\/\/www.telam.com.ar\/advf\/imagenes\/2021\/09\/612f563ad6057_1004x565.jpg","datePublished":"2021-09-30T15:02:44+00:00","author":{"@id":"https:\/\/www.noticiasradioreflejos.com.ar\/2021\/#\/schema\/person\/ad82545263dcc5ec0996818884fd5fb1"},"breadcrumb":{"@id":"https:\/\/www.noticiasradioreflejos.com.ar\/2021\/marcelo-gallardo-esta-en-el-radar-de-barcelona-para-reemplazar-a-ronald-koeman\/#breadcrumb"},"inLanguage":"es","potentialAction":[{"@type":"ReadAction","target":["https:\/\/www.noticiasradioreflejos.com.ar\/2021\/marcelo-gallardo-esta-en-el-radar-de-barcelona-para-reemplazar-a-ronald-koeman\/"]}]},{"@type":"ImageObject","inLanguage":"es","@id":"https:\/\/www.noticiasradioreflejos.com.ar\/2021\/marcelo-gallardo-esta-en-el-radar-de-barcelona-para-reemplazar-a-ronald-koeman\/#primaryimage","url":"https:\/\/www.telam.com.ar\/advf\/imagenes\/2021\/09\/612f563ad6057_1004x565.jpg","contentUrl":"https:\/\/www.telam.com.ar\/advf\/imagenes\/2021\/09\/612f563ad6057_1004x565.jpg"},{"@type":"BreadcrumbList","@id":"https:\/\/www.noticiasradioreflejos.com.ar\/2021\/marcelo-gallardo-esta-en-el-radar-de-barcelona-para-reemplazar-a-ronald-koeman\/#breadcrumb","itemListElement":[{"@type":"ListItem","position":1,"name":"Portada","item":"https:\/\/www.noticiasradioreflejos.com.ar\/2021\/"},{"@type":"ListItem","position":2,"name":"Marcelo Gallardo est\u00e1 en el radar de Barcelona para reemplazar a Ronald Koeman"}]},{"@type":"WebSite","@id":"https:\/\/www.noticiasradioreflejos.com.ar\/2021\/#website","url":"https:\/\/www.noticiasradioreflejos.com.ar\/2021\/","name":"Noticias Radio Reflejos","description":"Las noticias de mi comarca","potentialAction":[{"@type":"SearchAction","target":{"@type":"EntryPoint","urlTemplate":"https:\/\/www.noticiasradioreflejos.com.ar\/2021\/?s={search_term_string}"},"query-input":{"@type":"PropertyValueSpecification","valueRequired":true,"valueName":"search_term_string"}}],"inLanguage":"es"},{"@type":"Person","@id":"https:\/\/www.noticiasradioreflejos.com.ar\/2021\/#\/schema\/person\/ad82545263dcc5ec0996818884fd5fb1","name":"Arnaldo Botto","image":{"@type":"ImageObject","inLanguage":"es","@id":"https:\/\/www.noticiasradioreflejos.com.ar\/2021\/#\/schema\/person\/image\/","url":"https:\/\/secure.gravatar.com\/avatar\/55cb5e37c1efa326397366e6974cb338056df65cb50e7d64d1cf314e87504837?s=96&d=mm&r=g","contentUrl":"https:\/\/secure.gravatar.com\/avatar\/55cb5e37c1efa326397366e6974cb338056df65cb50e7d64d1cf314e87504837?s=96&d=mm&r=g","caption":"Arnaldo Botto"},"url":"https:\/\/www.noticiasradioreflejos.com.ar\/2021\/author\/arnaldo\/"}]}},"_links":{"self":[{"href":"https:\/\/www.noticiasradioreflejos.com.ar\/2021\/wp-json\/wp\/v2\/posts\/63223","targetHints":{"allow":["GET"]}}],"collection":[{"href":"https:\/\/www.noticiasradioreflejos.com.ar\/2021\/wp-json\/wp\/v2\/posts"}],"about":[{"href":"https:\/\/www.noticiasradioreflejos.com.ar\/2021\/wp-json\/wp\/v2\/types\/post"}],"author":[{"embeddable":true,"href":"https:\/\/www.noticiasradioreflejos.com.ar\/2021\/wp-json\/wp\/v2\/users\/3"}],"replies":[{"embeddable":true,"href":"https:\/\/www.noticiasradioreflejos.com.ar\/2021\/wp-json\/wp\/v2\/comments?post=63223"}],"version-history":[{"count":1,"href":"https:\/\/www.noticiasradioreflejos.com.ar\/2021\/wp-json\/wp\/v2\/posts\/63223\/revisions"}],"predecessor-version":[{"id":63224,"href":"https:\/\/www.noticiasradioreflejos.com.ar\/2021\/wp-json\/wp\/v2\/posts\/63223\/revisions\/63224"}],"wp:attachment":[{"href":"https:\/\/www.noticiasradioreflejos.com.ar\/2021\/wp-json\/wp\/v2\/media?parent=63223"}],"wp:term":[{"taxonomy":"category","embeddable":true,"href":"https:\/\/www.noticiasradioreflejos.com.ar\/2021\/wp-json\/wp\/v2\/categories?post=63223"},{"taxonomy":"post_tag","embeddable":true,"href":"https:\/\/www.noticiasradioreflejos.com.ar\/2021\/wp-json\/wp\/v2\/tags?post=63223"}],"curies":[{"name":"wp","href":"https:\/\/api.w.org\/{rel}","templated":true}]}}