{"id":6313,"date":"2017-01-26T13:00:16","date_gmt":"2017-01-26T16:00:16","guid":{"rendered":"http:\/\/noticiasradioreflejos.com.ar\/noticias\/?p=6313"},"modified":"2017-01-26T13:00:16","modified_gmt":"2017-01-26T16:00:16","slug":"es-un-lugar-sonado-lo-vi-lo-conoci-y-me-quise-quedar-no-me-quiero-ir-pero-tampoco-quiero-que-cambie","status":"publish","type":"post","link":"https:\/\/www.noticiasradioreflejos.com.ar\/2021\/es-un-lugar-sonado-lo-vi-lo-conoci-y-me-quise-quedar-no-me-quiero-ir-pero-tampoco-quiero-que-cambie\/","title":{"rendered":"&quot;Es un lugar so\u00f1ado, lo vi, lo conoc\u00ed y me quise quedar, no me quiero ir pero tampoco quiero que cambie&quot;"},"content":{"rendered":"<p>\u00abVine de vacaciones a este lugar, fue de casualidad, lo hab\u00eda escuchado nombrar y cuando lo conoc\u00ed, me gusto me vine de vacaciones y me termine quedando\u00bb.<!--more--><br \/>\nEl due\u00f1o de esa frase es Denis \u00c1lvarez que vive hace 11 a\u00f1os en villa ventana y si bien es oriundo de Bah\u00eda Blanca asegura haber quedado impactado con estas tierras.<br \/>\n&nbsp;<br \/>\n\u00abLa vegetaci\u00f3n, el verde, la naturaleza fue lo que me impact\u00f3 y no me cost\u00f3 adaptarme m\u00e1s all\u00e1 que Bah\u00eda Blanca no me gustaba, esto es impresionante, la naturaleza, este es mi lugar\u00bb destaca Denis.<br \/>\n\u00c1lvarez es empleado Municipal en la delegaci\u00f3n desde hace 7 a\u00f1os y en sus tiempos libres se dedica a realizar deportes pero tiene un pensamiento determinante sobre este lugar y cuenta: \u00abHoy est\u00e1 muy poblada se est\u00e1 formando en pueblo com\u00fan, cuando vine hab\u00eda poca gente, era m\u00e1s verde y si bien est\u00e1 creciendo al ver tanta gente se pierde la magia que me atrapo. Tengo la teor\u00eda que hay m\u00e1s construcciones y se tiran \u00e1rboles.\u00bb<br \/>\nDenis siente que a la Villa le hace falta algo m\u00e1s un poco m\u00e1s de comodidad y comenta: \u00abPara mi una estaci\u00f3n de servicio, una gomer\u00eda, m\u00e1s servicio a la gente\u00bb.<br \/>\n\u00abVuelvo a Bah\u00eda porque tengo mis padres all\u00e1 pero en el d\u00eda regreso, puedo estar un fin de semana pero nada m\u00e1s\u00bb.<br \/>\n&nbsp;<br \/>\n<iframe loading=\"lazy\" src=\"https:\/\/w.soundcloud.com\/player\/?url=https%3A\/\/api.soundcloud.com\/tracks\/304622530&amp;color=ff5500&amp;auto_play=false&amp;hide_related=false&amp;show_comments=true&amp;show_user=true&amp;show_reposts=false\" width=\"100%\" height=\"166\" frameborder=\"no\" scrolling=\"no\"><\/iframe><\/p>\n","protected":false},"excerpt":{"rendered":"<p>\u00abVine de vacaciones a este lugar, fue de casualidad, lo hab\u00eda escuchado nombrar y cuando lo conoc\u00ed, me gusto me vine de vacaciones y me termine quedando\u00bb.<\/p>\n","protected":false},"author":3,"featured_media":0,"comment_status":"closed","ping_status":"open","sticky":false,"template":"","format":"standard","meta":{"footnotes":""},"categories":[26],"tags":[],"class_list":["post-6313","post","type-post","status-publish","format-standard","hentry","category-sociedad"],"yoast_head":"<!-- This site is optimized with the Yoast SEO plugin v25.9 - https:\/\/yoast.com\/wordpress\/plugins\/seo\/ -->\n<title>&quot;Es un lugar so\u00f1ado, lo vi, lo conoc\u00ed y me quise quedar, no me quiero ir pero tampoco quiero que cambie&quot; - Noticias Radio Reflejos<\/title>\n<meta name=\"robots\" content=\"index, follow, max-snippet:-1, max-image-preview:large, max-video-preview:-1\" \/>\n<link rel=\"canonical\" href=\"https:\/\/www.noticiasradioreflejos.com.ar\/2021\/es-un-lugar-sonado-lo-vi-lo-conoci-y-me-quise-quedar-no-me-quiero-ir-pero-tampoco-quiero-que-cambie\/\" \/>\n<meta property=\"og:locale\" content=\"es_ES\" \/>\n<meta property=\"og:type\" content=\"article\" \/>\n<meta property=\"og:title\" content=\"&quot;Es un lugar so\u00f1ado, lo vi, lo conoc\u00ed y me quise quedar, no me quiero ir pero tampoco quiero que cambie&quot; - Noticias Radio Reflejos\" \/>\n<meta property=\"og:description\" content=\"\u00abVine de vacaciones a este lugar, fue de casualidad, lo hab\u00eda escuchado nombrar y cuando lo conoc\u00ed, me gusto me vine de vacaciones y me termine quedando\u00bb.\" \/>\n<meta property=\"og:url\" content=\"https:\/\/www.noticiasradioreflejos.com.ar\/2021\/es-un-lugar-sonado-lo-vi-lo-conoci-y-me-quise-quedar-no-me-quiero-ir-pero-tampoco-quiero-que-cambie\/\" \/>\n<meta property=\"og:site_name\" content=\"Noticias Radio Reflejos\" \/>\n<meta property=\"article:published_time\" content=\"2017-01-26T16:00:16+00:00\" \/>\n<meta property=\"og:image\" content=\"https:\/\/www.noticiasradioreflejos.com.ar\/2021\/wp-content\/uploads\/2021\/07\/logosol300x200.png\" \/>\n\t<meta property=\"og:image:width\" content=\"300\" \/>\n\t<meta property=\"og:image:height\" content=\"200\" \/>\n\t<meta property=\"og:image:type\" content=\"image\/png\" \/>\n<meta name=\"author\" content=\"Arnaldo Botto\" \/>\n<meta name=\"twitter:card\" content=\"summary_large_image\" \/>\n<script type=\"application\/ld+json\" class=\"yoast-schema-graph\">{\"@context\":\"https:\/\/schema.org\",\"@graph\":[{\"@type\":\"WebPage\",\"@id\":\"https:\/\/www.noticiasradioreflejos.com.ar\/2021\/es-un-lugar-sonado-lo-vi-lo-conoci-y-me-quise-quedar-no-me-quiero-ir-pero-tampoco-quiero-que-cambie\/\",\"url\":\"https:\/\/www.noticiasradioreflejos.com.ar\/2021\/es-un-lugar-sonado-lo-vi-lo-conoci-y-me-quise-quedar-no-me-quiero-ir-pero-tampoco-quiero-que-cambie\/\",\"name\":\"&quot;Es un lugar so\u00f1ado, lo vi, lo conoc\u00ed y me quise quedar, no me quiero ir pero tampoco quiero que cambie&quot; - Noticias Radio Reflejos\",\"isPartOf\":{\"@id\":\"https:\/\/www.noticiasradioreflejos.com.ar\/2021\/#website\"},\"datePublished\":\"2017-01-26T16:00:16+00:00\",\"author\":{\"@id\":\"https:\/\/www.noticiasradioreflejos.com.ar\/2021\/#\/schema\/person\/ad82545263dcc5ec0996818884fd5fb1\"},\"breadcrumb\":{\"@id\":\"https:\/\/www.noticiasradioreflejos.com.ar\/2021\/es-un-lugar-sonado-lo-vi-lo-conoci-y-me-quise-quedar-no-me-quiero-ir-pero-tampoco-quiero-que-cambie\/#breadcrumb\"},\"inLanguage\":\"es\",\"potentialAction\":[{\"@type\":\"ReadAction\",\"target\":[\"https:\/\/www.noticiasradioreflejos.com.ar\/2021\/es-un-lugar-sonado-lo-vi-lo-conoci-y-me-quise-quedar-no-me-quiero-ir-pero-tampoco-quiero-que-cambie\/\"]}]},{\"@type\":\"BreadcrumbList\",\"@id\":\"https:\/\/www.noticiasradioreflejos.com.ar\/2021\/es-un-lugar-sonado-lo-vi-lo-conoci-y-me-quise-quedar-no-me-quiero-ir-pero-tampoco-quiero-que-cambie\/#breadcrumb\",\"itemListElement\":[{\"@type\":\"ListItem\",\"position\":1,\"name\":\"Portada\",\"item\":\"https:\/\/www.noticiasradioreflejos.com.ar\/2021\/\"},{\"@type\":\"ListItem\",\"position\":2,\"name\":\"&quot;Es un lugar so\u00f1ado, lo vi, lo conoc\u00ed y me quise quedar, no me quiero ir pero tampoco quiero que cambie&quot;\"}]},{\"@type\":\"WebSite\",\"@id\":\"https:\/\/www.noticiasradioreflejos.com.ar\/2021\/#website\",\"url\":\"https:\/\/www.noticiasradioreflejos.com.ar\/2021\/\",\"name\":\"Noticias Radio Reflejos\",\"description\":\"Las noticias de mi comarca\",\"potentialAction\":[{\"@type\":\"SearchAction\",\"target\":{\"@type\":\"EntryPoint\",\"urlTemplate\":\"https:\/\/www.noticiasradioreflejos.com.ar\/2021\/?s={search_term_string}\"},\"query-input\":{\"@type\":\"PropertyValueSpecification\",\"valueRequired\":true,\"valueName\":\"search_term_string\"}}],\"inLanguage\":\"es\"},{\"@type\":\"Person\",\"@id\":\"https:\/\/www.noticiasradioreflejos.com.ar\/2021\/#\/schema\/person\/ad82545263dcc5ec0996818884fd5fb1\",\"name\":\"Arnaldo Botto\",\"image\":{\"@type\":\"ImageObject\",\"inLanguage\":\"es\",\"@id\":\"https:\/\/www.noticiasradioreflejos.com.ar\/2021\/#\/schema\/person\/image\/\",\"url\":\"https:\/\/secure.gravatar.com\/avatar\/55cb5e37c1efa326397366e6974cb338056df65cb50e7d64d1cf314e87504837?s=96&d=mm&r=g\",\"contentUrl\":\"https:\/\/secure.gravatar.com\/avatar\/55cb5e37c1efa326397366e6974cb338056df65cb50e7d64d1cf314e87504837?s=96&d=mm&r=g\",\"caption\":\"Arnaldo Botto\"},\"url\":\"https:\/\/www.noticiasradioreflejos.com.ar\/2021\/author\/arnaldo\/\"}]}<\/script>\n<!-- \/ Yoast SEO plugin. -->","yoast_head_json":{"title":"&quot;Es un lugar so\u00f1ado, lo vi, lo conoc\u00ed y me quise quedar, no me quiero ir pero tampoco quiero que cambie&quot; - Noticias Radio Reflejos","robots":{"index":"index","follow":"follow","max-snippet":"max-snippet:-1","max-image-preview":"max-image-preview:large","max-video-preview":"max-video-preview:-1"},"canonical":"https:\/\/www.noticiasradioreflejos.com.ar\/2021\/es-un-lugar-sonado-lo-vi-lo-conoci-y-me-quise-quedar-no-me-quiero-ir-pero-tampoco-quiero-que-cambie\/","og_locale":"es_ES","og_type":"article","og_title":"&quot;Es un lugar so\u00f1ado, lo vi, lo conoc\u00ed y me quise quedar, no me quiero ir pero tampoco quiero que cambie&quot; - Noticias Radio Reflejos","og_description":"\u00abVine de vacaciones a este lugar, fue de casualidad, lo hab\u00eda escuchado nombrar y cuando lo conoc\u00ed, me gusto me vine de vacaciones y me termine quedando\u00bb.","og_url":"https:\/\/www.noticiasradioreflejos.com.ar\/2021\/es-un-lugar-sonado-lo-vi-lo-conoci-y-me-quise-quedar-no-me-quiero-ir-pero-tampoco-quiero-que-cambie\/","og_site_name":"Noticias Radio Reflejos","article_published_time":"2017-01-26T16:00:16+00:00","og_image":[{"width":300,"height":200,"url":"https:\/\/www.noticiasradioreflejos.com.ar\/2021\/wp-content\/uploads\/2021\/07\/logosol300x200.png","type":"image\/png"}],"author":"Arnaldo Botto","twitter_card":"summary_large_image","schema":{"@context":"https:\/\/schema.org","@graph":[{"@type":"WebPage","@id":"https:\/\/www.noticiasradioreflejos.com.ar\/2021\/es-un-lugar-sonado-lo-vi-lo-conoci-y-me-quise-quedar-no-me-quiero-ir-pero-tampoco-quiero-que-cambie\/","url":"https:\/\/www.noticiasradioreflejos.com.ar\/2021\/es-un-lugar-sonado-lo-vi-lo-conoci-y-me-quise-quedar-no-me-quiero-ir-pero-tampoco-quiero-que-cambie\/","name":"&quot;Es un lugar so\u00f1ado, lo vi, lo conoc\u00ed y me quise quedar, no me quiero ir pero tampoco quiero que cambie&quot; - Noticias Radio Reflejos","isPartOf":{"@id":"https:\/\/www.noticiasradioreflejos.com.ar\/2021\/#website"},"datePublished":"2017-01-26T16:00:16+00:00","author":{"@id":"https:\/\/www.noticiasradioreflejos.com.ar\/2021\/#\/schema\/person\/ad82545263dcc5ec0996818884fd5fb1"},"breadcrumb":{"@id":"https:\/\/www.noticiasradioreflejos.com.ar\/2021\/es-un-lugar-sonado-lo-vi-lo-conoci-y-me-quise-quedar-no-me-quiero-ir-pero-tampoco-quiero-que-cambie\/#breadcrumb"},"inLanguage":"es","potentialAction":[{"@type":"ReadAction","target":["https:\/\/www.noticiasradioreflejos.com.ar\/2021\/es-un-lugar-sonado-lo-vi-lo-conoci-y-me-quise-quedar-no-me-quiero-ir-pero-tampoco-quiero-que-cambie\/"]}]},{"@type":"BreadcrumbList","@id":"https:\/\/www.noticiasradioreflejos.com.ar\/2021\/es-un-lugar-sonado-lo-vi-lo-conoci-y-me-quise-quedar-no-me-quiero-ir-pero-tampoco-quiero-que-cambie\/#breadcrumb","itemListElement":[{"@type":"ListItem","position":1,"name":"Portada","item":"https:\/\/www.noticiasradioreflejos.com.ar\/2021\/"},{"@type":"ListItem","position":2,"name":"&quot;Es un lugar so\u00f1ado, lo vi, lo conoc\u00ed y me quise quedar, no me quiero ir pero tampoco quiero que cambie&quot;"}]},{"@type":"WebSite","@id":"https:\/\/www.noticiasradioreflejos.com.ar\/2021\/#website","url":"https:\/\/www.noticiasradioreflejos.com.ar\/2021\/","name":"Noticias Radio Reflejos","description":"Las noticias de mi comarca","potentialAction":[{"@type":"SearchAction","target":{"@type":"EntryPoint","urlTemplate":"https:\/\/www.noticiasradioreflejos.com.ar\/2021\/?s={search_term_string}"},"query-input":{"@type":"PropertyValueSpecification","valueRequired":true,"valueName":"search_term_string"}}],"inLanguage":"es"},{"@type":"Person","@id":"https:\/\/www.noticiasradioreflejos.com.ar\/2021\/#\/schema\/person\/ad82545263dcc5ec0996818884fd5fb1","name":"Arnaldo Botto","image":{"@type":"ImageObject","inLanguage":"es","@id":"https:\/\/www.noticiasradioreflejos.com.ar\/2021\/#\/schema\/person\/image\/","url":"https:\/\/secure.gravatar.com\/avatar\/55cb5e37c1efa326397366e6974cb338056df65cb50e7d64d1cf314e87504837?s=96&d=mm&r=g","contentUrl":"https:\/\/secure.gravatar.com\/avatar\/55cb5e37c1efa326397366e6974cb338056df65cb50e7d64d1cf314e87504837?s=96&d=mm&r=g","caption":"Arnaldo Botto"},"url":"https:\/\/www.noticiasradioreflejos.com.ar\/2021\/author\/arnaldo\/"}]}},"_links":{"self":[{"href":"https:\/\/www.noticiasradioreflejos.com.ar\/2021\/wp-json\/wp\/v2\/posts\/6313","targetHints":{"allow":["GET"]}}],"collection":[{"href":"https:\/\/www.noticiasradioreflejos.com.ar\/2021\/wp-json\/wp\/v2\/posts"}],"about":[{"href":"https:\/\/www.noticiasradioreflejos.com.ar\/2021\/wp-json\/wp\/v2\/types\/post"}],"author":[{"embeddable":true,"href":"https:\/\/www.noticiasradioreflejos.com.ar\/2021\/wp-json\/wp\/v2\/users\/3"}],"replies":[{"embeddable":true,"href":"https:\/\/www.noticiasradioreflejos.com.ar\/2021\/wp-json\/wp\/v2\/comments?post=6313"}],"version-history":[{"count":0,"href":"https:\/\/www.noticiasradioreflejos.com.ar\/2021\/wp-json\/wp\/v2\/posts\/6313\/revisions"}],"wp:attachment":[{"href":"https:\/\/www.noticiasradioreflejos.com.ar\/2021\/wp-json\/wp\/v2\/media?parent=6313"}],"wp:term":[{"taxonomy":"category","embeddable":true,"href":"https:\/\/www.noticiasradioreflejos.com.ar\/2021\/wp-json\/wp\/v2\/categories?post=6313"},{"taxonomy":"post_tag","embeddable":true,"href":"https:\/\/www.noticiasradioreflejos.com.ar\/2021\/wp-json\/wp\/v2\/tags?post=6313"}],"curies":[{"name":"wp","href":"https:\/\/api.w.org\/{rel}","templated":true}]}}