{"id":63097,"date":"2021-09-28T13:27:19","date_gmt":"2021-09-28T13:27:19","guid":{"rendered":"http:\/\/www.noticiasradioreflejos.com.ar\/2021\/?p=63097"},"modified":"2021-09-28T13:27:19","modified_gmt":"2021-09-28T13:27:19","slug":"berlin-aprobo-la-expropiacion-de-240-mil-viviendas-para-bajar-el-precio-de-los-alquileres","status":"publish","type":"post","link":"https:\/\/www.noticiasradioreflejos.com.ar\/2021\/berlin-aprobo-la-expropiacion-de-240-mil-viviendas-para-bajar-el-precio-de-los-alquileres\/","title":{"rendered":"Berl\u00edn aprob\u00f3 la expropiaci\u00f3n de 240 mil viviendas para bajar el precio de los alquileres"},"content":{"rendered":"<p>Berl\u00edn aprob\u00f3 este domingo en un refer\u00e9ndum la\u00a0expropiaci\u00f3n de 240.000 viviendas para que el Estado pueda regular el mercado inmobiliario, un sector altamente concentrado donde reina la especulaci\u00f3n.\u00a0<!--more--><\/p>\n<p>Se espera que la medida, que se suma a la\u00a0<a href=\"https:\/\/www.pagina12.com.ar\/370226-la-ciudad-berlin-compro-14-750-viviendas-para-bajar-el-preci\">compra por parte del gobierno de 14.750 viviendas<\/a>, tenga un fuerte impacto dado que el 80% de la poblaci\u00f3n de Berl\u00edn alquila sus hogares.<\/p>\n<div id=\"talkFireEvent\"><\/div>\n<p>El refer\u00e9ndum se llev\u00f3 a cabo junto a las\u00a0<a href=\"https:\/\/www.pagina12.com.ar\/370984-elecciones-en-alemania-ajustado-triunfo-de-los-socialdemocra\">elecciones generales que definieron el espacio pol\u00edtico que suceder\u00e1 a \u00c1ngela Merkel<\/a>, quien abandona el poder luego de 16 a\u00f1os. Con un total de 3.763 mesas escrutadas,\u00a0<b>el 56% vot\u00f3 a favor de la expropiaci\u00f3n mientras que el 38% vot\u00f3 en contra.\u00a0<\/b><\/p>\n<p>Ahora,\u00a0<b>la iniciativa pasar\u00e1 al Senado, que deber\u00e1 ratificar si avanza o no en la expropiaci\u00f3n<\/b>, que est\u00e1 amparada en el art\u00edculo 15 de la constituci\u00f3n de Alemania, que habilita la posibilidad de disponer del \u201csuelo, los recursos naturales y los medios de producci\u00f3n, que pueden ser situados bajo un r\u00e9gimen de propiedad colectiva o de otras formas de gesti\u00f3n colectiva por una ley que fije el modo y el monto de la indemnizaci\u00f3n\u201d.<\/p>\n<p><b>La medida alcanzar\u00eda a las empresas que tengan en su poder m\u00e1s de 3.000 propiedades<\/b>, como<b>\u00a0<\/b>la inmobiliaria Deutsche Wohnen, que tiene alrededor de 113.000 inmuebles. Sin embargo, seg\u00fan advirtieron algunos medios internacionales, existe la posibilidad de presentaciones judiciales para evitar que se haga efectiva la expropiaci\u00f3n.<\/p>\n<p>En el \u00faltimo tiempo,\u00a0<b>Berl\u00edn pas\u00f3 de ser una de las ciudades m\u00e1s baratas de la regi\u00f3n a observar s\u00fabitos incrementos en los alquileres<\/b>, fen\u00f3meno que la ciudadan\u00eda atribuye a la concentraci\u00f3n que existe en el mercado. Este mes, tras largas negociaciones, el Estado en Berl\u00edn compr\u00f3 14.750 viviendas y 450 locales por 2.500 millones de euros, mientras que en 2019 ya hab\u00eda comprado 6.000 casas a la inmobiliaria Aldo Properties.<\/p>\n","protected":false},"excerpt":{"rendered":"<p>Berl\u00edn aprob\u00f3 este domingo en un refer\u00e9ndum la\u00a0expropiaci\u00f3n de 240.000 viviendas para que el Estado pueda regular el mercado inmobiliario, un sector altamente concentrado donde reina la especulaci\u00f3n.\u00a0<\/p>\n","protected":false},"author":3,"featured_media":0,"comment_status":"closed","ping_status":"closed","sticky":false,"template":"","format":"standard","meta":{"footnotes":""},"categories":[24,26],"tags":[],"class_list":["post-63097","post","type-post","status-publish","format-standard","hentry","category-politica","category-sociedad"],"yoast_head":"<!-- This site is optimized with the Yoast SEO plugin v25.9 - https:\/\/yoast.com\/wordpress\/plugins\/seo\/ -->\n<title>Berl\u00edn aprob\u00f3 la expropiaci\u00f3n de 240 mil viviendas para bajar el precio de los alquileres - Noticias Radio Reflejos<\/title>\n<meta name=\"robots\" content=\"index, follow, max-snippet:-1, max-image-preview:large, max-video-preview:-1\" \/>\n<link rel=\"canonical\" href=\"https:\/\/www.noticiasradioreflejos.com.ar\/2021\/berlin-aprobo-la-expropiacion-de-240-mil-viviendas-para-bajar-el-precio-de-los-alquileres\/\" \/>\n<meta property=\"og:locale\" content=\"es_ES\" \/>\n<meta property=\"og:type\" content=\"article\" \/>\n<meta property=\"og:title\" content=\"Berl\u00edn aprob\u00f3 la expropiaci\u00f3n de 240 mil viviendas para bajar el precio de los alquileres - Noticias Radio Reflejos\" \/>\n<meta property=\"og:description\" content=\"Berl\u00edn aprob\u00f3 este domingo en un refer\u00e9ndum la\u00a0expropiaci\u00f3n de 240.000 viviendas para que el Estado pueda regular el mercado inmobiliario, un sector altamente concentrado donde reina la especulaci\u00f3n.\u00a0\" \/>\n<meta property=\"og:url\" content=\"https:\/\/www.noticiasradioreflejos.com.ar\/2021\/berlin-aprobo-la-expropiacion-de-240-mil-viviendas-para-bajar-el-precio-de-los-alquileres\/\" \/>\n<meta property=\"og:site_name\" content=\"Noticias Radio Reflejos\" \/>\n<meta property=\"article:published_time\" content=\"2021-09-28T13:27:19+00:00\" \/>\n<meta property=\"og:image\" content=\"https:\/\/www.noticiasradioreflejos.com.ar\/2021\/wp-content\/uploads\/2021\/07\/logosol300x200.png\" \/>\n\t<meta property=\"og:image:width\" content=\"300\" \/>\n\t<meta property=\"og:image:height\" content=\"200\" \/>\n\t<meta property=\"og:image:type\" content=\"image\/png\" \/>\n<meta name=\"author\" content=\"Arnaldo Botto\" \/>\n<meta name=\"twitter:card\" content=\"summary_large_image\" \/>\n<script type=\"application\/ld+json\" class=\"yoast-schema-graph\">{\"@context\":\"https:\/\/schema.org\",\"@graph\":[{\"@type\":\"WebPage\",\"@id\":\"https:\/\/www.noticiasradioreflejos.com.ar\/2021\/berlin-aprobo-la-expropiacion-de-240-mil-viviendas-para-bajar-el-precio-de-los-alquileres\/\",\"url\":\"https:\/\/www.noticiasradioreflejos.com.ar\/2021\/berlin-aprobo-la-expropiacion-de-240-mil-viviendas-para-bajar-el-precio-de-los-alquileres\/\",\"name\":\"Berl\u00edn aprob\u00f3 la expropiaci\u00f3n de 240 mil viviendas para bajar el precio de los alquileres - Noticias Radio Reflejos\",\"isPartOf\":{\"@id\":\"https:\/\/www.noticiasradioreflejos.com.ar\/2021\/#website\"},\"datePublished\":\"2021-09-28T13:27:19+00:00\",\"author\":{\"@id\":\"https:\/\/www.noticiasradioreflejos.com.ar\/2021\/#\/schema\/person\/ad82545263dcc5ec0996818884fd5fb1\"},\"breadcrumb\":{\"@id\":\"https:\/\/www.noticiasradioreflejos.com.ar\/2021\/berlin-aprobo-la-expropiacion-de-240-mil-viviendas-para-bajar-el-precio-de-los-alquileres\/#breadcrumb\"},\"inLanguage\":\"es\",\"potentialAction\":[{\"@type\":\"ReadAction\",\"target\":[\"https:\/\/www.noticiasradioreflejos.com.ar\/2021\/berlin-aprobo-la-expropiacion-de-240-mil-viviendas-para-bajar-el-precio-de-los-alquileres\/\"]}]},{\"@type\":\"BreadcrumbList\",\"@id\":\"https:\/\/www.noticiasradioreflejos.com.ar\/2021\/berlin-aprobo-la-expropiacion-de-240-mil-viviendas-para-bajar-el-precio-de-los-alquileres\/#breadcrumb\",\"itemListElement\":[{\"@type\":\"ListItem\",\"position\":1,\"name\":\"Portada\",\"item\":\"https:\/\/www.noticiasradioreflejos.com.ar\/2021\/\"},{\"@type\":\"ListItem\",\"position\":2,\"name\":\"Berl\u00edn aprob\u00f3 la expropiaci\u00f3n de 240 mil viviendas para bajar el precio de los alquileres\"}]},{\"@type\":\"WebSite\",\"@id\":\"https:\/\/www.noticiasradioreflejos.com.ar\/2021\/#website\",\"url\":\"https:\/\/www.noticiasradioreflejos.com.ar\/2021\/\",\"name\":\"Noticias Radio Reflejos\",\"description\":\"Las noticias de mi comarca\",\"potentialAction\":[{\"@type\":\"SearchAction\",\"target\":{\"@type\":\"EntryPoint\",\"urlTemplate\":\"https:\/\/www.noticiasradioreflejos.com.ar\/2021\/?s={search_term_string}\"},\"query-input\":{\"@type\":\"PropertyValueSpecification\",\"valueRequired\":true,\"valueName\":\"search_term_string\"}}],\"inLanguage\":\"es\"},{\"@type\":\"Person\",\"@id\":\"https:\/\/www.noticiasradioreflejos.com.ar\/2021\/#\/schema\/person\/ad82545263dcc5ec0996818884fd5fb1\",\"name\":\"Arnaldo Botto\",\"image\":{\"@type\":\"ImageObject\",\"inLanguage\":\"es\",\"@id\":\"https:\/\/www.noticiasradioreflejos.com.ar\/2021\/#\/schema\/person\/image\/\",\"url\":\"https:\/\/secure.gravatar.com\/avatar\/55cb5e37c1efa326397366e6974cb338056df65cb50e7d64d1cf314e87504837?s=96&d=mm&r=g\",\"contentUrl\":\"https:\/\/secure.gravatar.com\/avatar\/55cb5e37c1efa326397366e6974cb338056df65cb50e7d64d1cf314e87504837?s=96&d=mm&r=g\",\"caption\":\"Arnaldo Botto\"},\"url\":\"https:\/\/www.noticiasradioreflejos.com.ar\/2021\/author\/arnaldo\/\"}]}<\/script>\n<!-- \/ Yoast SEO plugin. -->","yoast_head_json":{"title":"Berl\u00edn aprob\u00f3 la expropiaci\u00f3n de 240 mil viviendas para bajar el precio de los alquileres - Noticias Radio Reflejos","robots":{"index":"index","follow":"follow","max-snippet":"max-snippet:-1","max-image-preview":"max-image-preview:large","max-video-preview":"max-video-preview:-1"},"canonical":"https:\/\/www.noticiasradioreflejos.com.ar\/2021\/berlin-aprobo-la-expropiacion-de-240-mil-viviendas-para-bajar-el-precio-de-los-alquileres\/","og_locale":"es_ES","og_type":"article","og_title":"Berl\u00edn aprob\u00f3 la expropiaci\u00f3n de 240 mil viviendas para bajar el precio de los alquileres - Noticias Radio Reflejos","og_description":"Berl\u00edn aprob\u00f3 este domingo en un refer\u00e9ndum la\u00a0expropiaci\u00f3n de 240.000 viviendas para que el Estado pueda regular el mercado inmobiliario, un sector altamente concentrado donde reina la especulaci\u00f3n.\u00a0","og_url":"https:\/\/www.noticiasradioreflejos.com.ar\/2021\/berlin-aprobo-la-expropiacion-de-240-mil-viviendas-para-bajar-el-precio-de-los-alquileres\/","og_site_name":"Noticias Radio Reflejos","article_published_time":"2021-09-28T13:27:19+00:00","og_image":[{"width":300,"height":200,"url":"https:\/\/www.noticiasradioreflejos.com.ar\/2021\/wp-content\/uploads\/2021\/07\/logosol300x200.png","type":"image\/png"}],"author":"Arnaldo Botto","twitter_card":"summary_large_image","schema":{"@context":"https:\/\/schema.org","@graph":[{"@type":"WebPage","@id":"https:\/\/www.noticiasradioreflejos.com.ar\/2021\/berlin-aprobo-la-expropiacion-de-240-mil-viviendas-para-bajar-el-precio-de-los-alquileres\/","url":"https:\/\/www.noticiasradioreflejos.com.ar\/2021\/berlin-aprobo-la-expropiacion-de-240-mil-viviendas-para-bajar-el-precio-de-los-alquileres\/","name":"Berl\u00edn aprob\u00f3 la expropiaci\u00f3n de 240 mil viviendas para bajar el precio de los alquileres - Noticias Radio Reflejos","isPartOf":{"@id":"https:\/\/www.noticiasradioreflejos.com.ar\/2021\/#website"},"datePublished":"2021-09-28T13:27:19+00:00","author":{"@id":"https:\/\/www.noticiasradioreflejos.com.ar\/2021\/#\/schema\/person\/ad82545263dcc5ec0996818884fd5fb1"},"breadcrumb":{"@id":"https:\/\/www.noticiasradioreflejos.com.ar\/2021\/berlin-aprobo-la-expropiacion-de-240-mil-viviendas-para-bajar-el-precio-de-los-alquileres\/#breadcrumb"},"inLanguage":"es","potentialAction":[{"@type":"ReadAction","target":["https:\/\/www.noticiasradioreflejos.com.ar\/2021\/berlin-aprobo-la-expropiacion-de-240-mil-viviendas-para-bajar-el-precio-de-los-alquileres\/"]}]},{"@type":"BreadcrumbList","@id":"https:\/\/www.noticiasradioreflejos.com.ar\/2021\/berlin-aprobo-la-expropiacion-de-240-mil-viviendas-para-bajar-el-precio-de-los-alquileres\/#breadcrumb","itemListElement":[{"@type":"ListItem","position":1,"name":"Portada","item":"https:\/\/www.noticiasradioreflejos.com.ar\/2021\/"},{"@type":"ListItem","position":2,"name":"Berl\u00edn aprob\u00f3 la expropiaci\u00f3n de 240 mil viviendas para bajar el precio de los alquileres"}]},{"@type":"WebSite","@id":"https:\/\/www.noticiasradioreflejos.com.ar\/2021\/#website","url":"https:\/\/www.noticiasradioreflejos.com.ar\/2021\/","name":"Noticias Radio Reflejos","description":"Las noticias de mi comarca","potentialAction":[{"@type":"SearchAction","target":{"@type":"EntryPoint","urlTemplate":"https:\/\/www.noticiasradioreflejos.com.ar\/2021\/?s={search_term_string}"},"query-input":{"@type":"PropertyValueSpecification","valueRequired":true,"valueName":"search_term_string"}}],"inLanguage":"es"},{"@type":"Person","@id":"https:\/\/www.noticiasradioreflejos.com.ar\/2021\/#\/schema\/person\/ad82545263dcc5ec0996818884fd5fb1","name":"Arnaldo Botto","image":{"@type":"ImageObject","inLanguage":"es","@id":"https:\/\/www.noticiasradioreflejos.com.ar\/2021\/#\/schema\/person\/image\/","url":"https:\/\/secure.gravatar.com\/avatar\/55cb5e37c1efa326397366e6974cb338056df65cb50e7d64d1cf314e87504837?s=96&d=mm&r=g","contentUrl":"https:\/\/secure.gravatar.com\/avatar\/55cb5e37c1efa326397366e6974cb338056df65cb50e7d64d1cf314e87504837?s=96&d=mm&r=g","caption":"Arnaldo Botto"},"url":"https:\/\/www.noticiasradioreflejos.com.ar\/2021\/author\/arnaldo\/"}]}},"_links":{"self":[{"href":"https:\/\/www.noticiasradioreflejos.com.ar\/2021\/wp-json\/wp\/v2\/posts\/63097","targetHints":{"allow":["GET"]}}],"collection":[{"href":"https:\/\/www.noticiasradioreflejos.com.ar\/2021\/wp-json\/wp\/v2\/posts"}],"about":[{"href":"https:\/\/www.noticiasradioreflejos.com.ar\/2021\/wp-json\/wp\/v2\/types\/post"}],"author":[{"embeddable":true,"href":"https:\/\/www.noticiasradioreflejos.com.ar\/2021\/wp-json\/wp\/v2\/users\/3"}],"replies":[{"embeddable":true,"href":"https:\/\/www.noticiasradioreflejos.com.ar\/2021\/wp-json\/wp\/v2\/comments?post=63097"}],"version-history":[{"count":1,"href":"https:\/\/www.noticiasradioreflejos.com.ar\/2021\/wp-json\/wp\/v2\/posts\/63097\/revisions"}],"predecessor-version":[{"id":63099,"href":"https:\/\/www.noticiasradioreflejos.com.ar\/2021\/wp-json\/wp\/v2\/posts\/63097\/revisions\/63099"}],"wp:attachment":[{"href":"https:\/\/www.noticiasradioreflejos.com.ar\/2021\/wp-json\/wp\/v2\/media?parent=63097"}],"wp:term":[{"taxonomy":"category","embeddable":true,"href":"https:\/\/www.noticiasradioreflejos.com.ar\/2021\/wp-json\/wp\/v2\/categories?post=63097"},{"taxonomy":"post_tag","embeddable":true,"href":"https:\/\/www.noticiasradioreflejos.com.ar\/2021\/wp-json\/wp\/v2\/tags?post=63097"}],"curies":[{"name":"wp","href":"https:\/\/api.w.org\/{rel}","templated":true}]}}