{"id":63086,"date":"2021-09-27T23:56:08","date_gmt":"2021-09-27T23:56:08","guid":{"rendered":"http:\/\/www.noticiasradioreflejos.com.ar\/2021\/?p=63086"},"modified":"2021-09-27T23:56:08","modified_gmt":"2021-09-27T23:56:08","slug":"sierra-de-la-ventana-el-hospital-tendra-guardias-activas-durante-las-24-horas","status":"publish","type":"post","link":"https:\/\/www.noticiasradioreflejos.com.ar\/2021\/sierra-de-la-ventana-el-hospital-tendra-guardias-activas-durante-las-24-horas\/","title":{"rendered":"Sierra de la Ventana: El hospital tendr\u00e1 guardias activas durante las 24 horas."},"content":{"rendered":"<p>Recientes reclamos expresados por vecinos a trav\u00e9s de las redes sociales por deficiencias en el \u00e1rea de salud en Sierra de la Ventana hicieron tomar determinaciones al jefe comunal. Esta ma\u00f1ana, durante una conferencia de prensa asegur\u00f3 que el Hospital menor Dr. Emilio Aldaya tendr\u00e1 guardias activas por 24 horas.<!--more--><\/p>\n<p>\u00abEl reclamo que dec\u00eds, solamente lo vi por redes sociales. Yo le digo a la gente que, ante una mala atenci\u00f3n, lo que tienen que hacer es denunciarlo por escrito. Oficialmente, no tengo nada, pero lo vi en redes sociales y lo llam\u00e9 al Secretario de Salud, Daniel Barca, para que hiciera las averiguaciones pertinentes\u00bb explic\u00f3 Sergio cu\u00e1l fue su intervenci\u00f3n luego de enterarse de los reclamos.<\/p>\n<p>\u00abLa \u00fanica soluci\u00f3n que se me vino a la mente esta ma\u00f1ana es tener guardias activas, aunque eso implique un gasto de 500 mil pesos mensuales. Ya le di directivas al Secretario de Salud para que se comunique con el Director del Hospital de Sierra de la Ventana y les proponga a los m\u00e9dicos hacer guardias activas. Vamos a ver cu\u00e1ntos m\u00e9dicos se comprometen a hacer ese trabajo\u00bb present\u00f3 Sergio su respuesta a los reclamos.<\/p>\n<p><strong>Nota de audio de la conferencia:<\/strong><br \/>\n<iframe loading=\"lazy\" src=\"https:\/\/w.soundcloud.com\/player\/?url=https%3A\/\/api.soundcloud.com\/tracks\/1131889807&amp;color=%23ff5500&amp;auto_play=false&amp;hide_related=false&amp;show_comments=true&amp;show_user=true&amp;show_reposts=false&amp;show_teaser=true\" width=\"100%\" height=\"166\" frameborder=\"no\" scrolling=\"no\"><\/iframe><\/p>\n<div style=\"font-size: 10px; color: #cccccc; line-break: anywhere; word-break: normal; overflow: hidden; white-space: nowrap; text-overflow: ellipsis; font-family: Interstate,Lucida Grande,Lucida Sans Unicode,Lucida Sans,Garuda,Verdana,Tahoma,sans-serif; font-weight: 100;\"><a style=\"color: #cccccc; text-decoration: none;\" title=\"fmreflejos 103.7\" href=\"https:\/\/soundcloud.com\/fmreflejos-103-7\" target=\"_blank\" rel=\"noopener\">fmreflejos 103.7<\/a> \u00b7 <a style=\"color: #cccccc; text-decoration: none;\" title=\"Reclamos en Sierra X Salud\" href=\"https:\/\/soundcloud.com\/fmreflejos-103-7\/reclamos-en-sierra-x-salud\" target=\"_blank\" rel=\"noopener\">Reclamos en Sierra X Salud<\/a><\/div>\n","protected":false},"excerpt":{"rendered":"<p>Recientes reclamos expresados por vecinos a trav\u00e9s de las redes sociales por deficiencias en el \u00e1rea de salud en Sierra de la Ventana hicieron tomar determinaciones al jefe comunal. Esta ma\u00f1ana, durante una conferencia de prensa asegur\u00f3 que el Hospital menor Dr. Emilio Aldaya tendr\u00e1 guardias activas por 24 horas.<\/p>\n","protected":false},"author":3,"featured_media":59305,"comment_status":"closed","ping_status":"closed","sticky":false,"template":"","format":"standard","meta":{"footnotes":""},"categories":[28,24,30],"tags":[48],"class_list":["post-63086","post","type-post","status-publish","format-standard","has-post-thumbnail","hentry","category-municipales","category-politica","category-salud","tag-destacada"],"yoast_head":"<!-- This site is optimized with the Yoast SEO plugin v25.9 - https:\/\/yoast.com\/wordpress\/plugins\/seo\/ -->\n<title>Sierra de la Ventana: El hospital tendr\u00e1 guardias activas durante las 24 horas. - Noticias Radio Reflejos<\/title>\n<meta name=\"robots\" content=\"index, follow, max-snippet:-1, max-image-preview:large, max-video-preview:-1\" \/>\n<link rel=\"canonical\" href=\"https:\/\/www.noticiasradioreflejos.com.ar\/2021\/sierra-de-la-ventana-el-hospital-tendra-guardias-activas-durante-las-24-horas\/\" \/>\n<meta property=\"og:locale\" content=\"es_ES\" \/>\n<meta property=\"og:type\" content=\"article\" \/>\n<meta property=\"og:title\" content=\"Sierra de la Ventana: El hospital tendr\u00e1 guardias activas durante las 24 horas. - Noticias Radio Reflejos\" \/>\n<meta property=\"og:description\" content=\"Recientes reclamos expresados por vecinos a trav\u00e9s de las redes sociales por deficiencias en el \u00e1rea de salud en Sierra de la Ventana hicieron tomar determinaciones al jefe comunal. Esta ma\u00f1ana, durante una conferencia de prensa asegur\u00f3 que el Hospital menor Dr. Emilio Aldaya tendr\u00e1 guardias activas por 24 horas.\" \/>\n<meta property=\"og:url\" content=\"https:\/\/www.noticiasradioreflejos.com.ar\/2021\/sierra-de-la-ventana-el-hospital-tendra-guardias-activas-durante-las-24-horas\/\" \/>\n<meta property=\"og:site_name\" content=\"Noticias Radio Reflejos\" \/>\n<meta property=\"article:published_time\" content=\"2021-09-27T23:56:08+00:00\" \/>\n<meta property=\"og:image\" content=\"https:\/\/www.noticiasradioreflejos.com.ar\/2021\/wp-content\/uploads\/2021\/06\/Hospital-menor-E.-Aldaya-8.jpeg\" \/>\n\t<meta property=\"og:image:width\" content=\"1160\" \/>\n\t<meta property=\"og:image:height\" content=\"653\" \/>\n\t<meta property=\"og:image:type\" content=\"image\/jpeg\" \/>\n<meta name=\"author\" content=\"Arnaldo Botto\" \/>\n<meta name=\"twitter:card\" content=\"summary_large_image\" \/>\n<script type=\"application\/ld+json\" class=\"yoast-schema-graph\">{\"@context\":\"https:\/\/schema.org\",\"@graph\":[{\"@type\":\"WebPage\",\"@id\":\"https:\/\/www.noticiasradioreflejos.com.ar\/2021\/sierra-de-la-ventana-el-hospital-tendra-guardias-activas-durante-las-24-horas\/\",\"url\":\"https:\/\/www.noticiasradioreflejos.com.ar\/2021\/sierra-de-la-ventana-el-hospital-tendra-guardias-activas-durante-las-24-horas\/\",\"name\":\"Sierra de la Ventana: El hospital tendr\u00e1 guardias activas durante las 24 horas. - Noticias Radio Reflejos\",\"isPartOf\":{\"@id\":\"https:\/\/www.noticiasradioreflejos.com.ar\/2021\/#website\"},\"primaryImageOfPage\":{\"@id\":\"https:\/\/www.noticiasradioreflejos.com.ar\/2021\/sierra-de-la-ventana-el-hospital-tendra-guardias-activas-durante-las-24-horas\/#primaryimage\"},\"image\":{\"@id\":\"https:\/\/www.noticiasradioreflejos.com.ar\/2021\/sierra-de-la-ventana-el-hospital-tendra-guardias-activas-durante-las-24-horas\/#primaryimage\"},\"thumbnailUrl\":\"https:\/\/www.noticiasradioreflejos.com.ar\/2021\/wp-content\/uploads\/2021\/06\/Hospital-menor-E.-Aldaya-8.jpeg\",\"datePublished\":\"2021-09-27T23:56:08+00:00\",\"author\":{\"@id\":\"https:\/\/www.noticiasradioreflejos.com.ar\/2021\/#\/schema\/person\/ad82545263dcc5ec0996818884fd5fb1\"},\"breadcrumb\":{\"@id\":\"https:\/\/www.noticiasradioreflejos.com.ar\/2021\/sierra-de-la-ventana-el-hospital-tendra-guardias-activas-durante-las-24-horas\/#breadcrumb\"},\"inLanguage\":\"es\",\"potentialAction\":[{\"@type\":\"ReadAction\",\"target\":[\"https:\/\/www.noticiasradioreflejos.com.ar\/2021\/sierra-de-la-ventana-el-hospital-tendra-guardias-activas-durante-las-24-horas\/\"]}]},{\"@type\":\"ImageObject\",\"inLanguage\":\"es\",\"@id\":\"https:\/\/www.noticiasradioreflejos.com.ar\/2021\/sierra-de-la-ventana-el-hospital-tendra-guardias-activas-durante-las-24-horas\/#primaryimage\",\"url\":\"https:\/\/www.noticiasradioreflejos.com.ar\/2021\/wp-content\/uploads\/2021\/06\/Hospital-menor-E.-Aldaya-8.jpeg\",\"contentUrl\":\"https:\/\/www.noticiasradioreflejos.com.ar\/2021\/wp-content\/uploads\/2021\/06\/Hospital-menor-E.-Aldaya-8.jpeg\",\"width\":1160,\"height\":653},{\"@type\":\"BreadcrumbList\",\"@id\":\"https:\/\/www.noticiasradioreflejos.com.ar\/2021\/sierra-de-la-ventana-el-hospital-tendra-guardias-activas-durante-las-24-horas\/#breadcrumb\",\"itemListElement\":[{\"@type\":\"ListItem\",\"position\":1,\"name\":\"Portada\",\"item\":\"https:\/\/www.noticiasradioreflejos.com.ar\/2021\/\"},{\"@type\":\"ListItem\",\"position\":2,\"name\":\"Sierra de la Ventana: El hospital tendr\u00e1 guardias activas durante las 24 horas.\"}]},{\"@type\":\"WebSite\",\"@id\":\"https:\/\/www.noticiasradioreflejos.com.ar\/2021\/#website\",\"url\":\"https:\/\/www.noticiasradioreflejos.com.ar\/2021\/\",\"name\":\"Noticias Radio Reflejos\",\"description\":\"Las noticias de mi comarca\",\"potentialAction\":[{\"@type\":\"SearchAction\",\"target\":{\"@type\":\"EntryPoint\",\"urlTemplate\":\"https:\/\/www.noticiasradioreflejos.com.ar\/2021\/?s={search_term_string}\"},\"query-input\":{\"@type\":\"PropertyValueSpecification\",\"valueRequired\":true,\"valueName\":\"search_term_string\"}}],\"inLanguage\":\"es\"},{\"@type\":\"Person\",\"@id\":\"https:\/\/www.noticiasradioreflejos.com.ar\/2021\/#\/schema\/person\/ad82545263dcc5ec0996818884fd5fb1\",\"name\":\"Arnaldo Botto\",\"image\":{\"@type\":\"ImageObject\",\"inLanguage\":\"es\",\"@id\":\"https:\/\/www.noticiasradioreflejos.com.ar\/2021\/#\/schema\/person\/image\/\",\"url\":\"https:\/\/secure.gravatar.com\/avatar\/55cb5e37c1efa326397366e6974cb338056df65cb50e7d64d1cf314e87504837?s=96&d=mm&r=g\",\"contentUrl\":\"https:\/\/secure.gravatar.com\/avatar\/55cb5e37c1efa326397366e6974cb338056df65cb50e7d64d1cf314e87504837?s=96&d=mm&r=g\",\"caption\":\"Arnaldo Botto\"},\"url\":\"https:\/\/www.noticiasradioreflejos.com.ar\/2021\/author\/arnaldo\/\"}]}<\/script>\n<!-- \/ Yoast SEO plugin. -->","yoast_head_json":{"title":"Sierra de la Ventana: El hospital tendr\u00e1 guardias activas durante las 24 horas. - Noticias Radio Reflejos","robots":{"index":"index","follow":"follow","max-snippet":"max-snippet:-1","max-image-preview":"max-image-preview:large","max-video-preview":"max-video-preview:-1"},"canonical":"https:\/\/www.noticiasradioreflejos.com.ar\/2021\/sierra-de-la-ventana-el-hospital-tendra-guardias-activas-durante-las-24-horas\/","og_locale":"es_ES","og_type":"article","og_title":"Sierra de la Ventana: El hospital tendr\u00e1 guardias activas durante las 24 horas. - Noticias Radio Reflejos","og_description":"Recientes reclamos expresados por vecinos a trav\u00e9s de las redes sociales por deficiencias en el \u00e1rea de salud en Sierra de la Ventana hicieron tomar determinaciones al jefe comunal. Esta ma\u00f1ana, durante una conferencia de prensa asegur\u00f3 que el Hospital menor Dr. Emilio Aldaya tendr\u00e1 guardias activas por 24 horas.","og_url":"https:\/\/www.noticiasradioreflejos.com.ar\/2021\/sierra-de-la-ventana-el-hospital-tendra-guardias-activas-durante-las-24-horas\/","og_site_name":"Noticias Radio Reflejos","article_published_time":"2021-09-27T23:56:08+00:00","og_image":[{"width":1160,"height":653,"url":"https:\/\/www.noticiasradioreflejos.com.ar\/2021\/wp-content\/uploads\/2021\/06\/Hospital-menor-E.-Aldaya-8.jpeg","type":"image\/jpeg"}],"author":"Arnaldo Botto","twitter_card":"summary_large_image","schema":{"@context":"https:\/\/schema.org","@graph":[{"@type":"WebPage","@id":"https:\/\/www.noticiasradioreflejos.com.ar\/2021\/sierra-de-la-ventana-el-hospital-tendra-guardias-activas-durante-las-24-horas\/","url":"https:\/\/www.noticiasradioreflejos.com.ar\/2021\/sierra-de-la-ventana-el-hospital-tendra-guardias-activas-durante-las-24-horas\/","name":"Sierra de la Ventana: El hospital tendr\u00e1 guardias activas durante las 24 horas. - Noticias Radio Reflejos","isPartOf":{"@id":"https:\/\/www.noticiasradioreflejos.com.ar\/2021\/#website"},"primaryImageOfPage":{"@id":"https:\/\/www.noticiasradioreflejos.com.ar\/2021\/sierra-de-la-ventana-el-hospital-tendra-guardias-activas-durante-las-24-horas\/#primaryimage"},"image":{"@id":"https:\/\/www.noticiasradioreflejos.com.ar\/2021\/sierra-de-la-ventana-el-hospital-tendra-guardias-activas-durante-las-24-horas\/#primaryimage"},"thumbnailUrl":"https:\/\/www.noticiasradioreflejos.com.ar\/2021\/wp-content\/uploads\/2021\/06\/Hospital-menor-E.-Aldaya-8.jpeg","datePublished":"2021-09-27T23:56:08+00:00","author":{"@id":"https:\/\/www.noticiasradioreflejos.com.ar\/2021\/#\/schema\/person\/ad82545263dcc5ec0996818884fd5fb1"},"breadcrumb":{"@id":"https:\/\/www.noticiasradioreflejos.com.ar\/2021\/sierra-de-la-ventana-el-hospital-tendra-guardias-activas-durante-las-24-horas\/#breadcrumb"},"inLanguage":"es","potentialAction":[{"@type":"ReadAction","target":["https:\/\/www.noticiasradioreflejos.com.ar\/2021\/sierra-de-la-ventana-el-hospital-tendra-guardias-activas-durante-las-24-horas\/"]}]},{"@type":"ImageObject","inLanguage":"es","@id":"https:\/\/www.noticiasradioreflejos.com.ar\/2021\/sierra-de-la-ventana-el-hospital-tendra-guardias-activas-durante-las-24-horas\/#primaryimage","url":"https:\/\/www.noticiasradioreflejos.com.ar\/2021\/wp-content\/uploads\/2021\/06\/Hospital-menor-E.-Aldaya-8.jpeg","contentUrl":"https:\/\/www.noticiasradioreflejos.com.ar\/2021\/wp-content\/uploads\/2021\/06\/Hospital-menor-E.-Aldaya-8.jpeg","width":1160,"height":653},{"@type":"BreadcrumbList","@id":"https:\/\/www.noticiasradioreflejos.com.ar\/2021\/sierra-de-la-ventana-el-hospital-tendra-guardias-activas-durante-las-24-horas\/#breadcrumb","itemListElement":[{"@type":"ListItem","position":1,"name":"Portada","item":"https:\/\/www.noticiasradioreflejos.com.ar\/2021\/"},{"@type":"ListItem","position":2,"name":"Sierra de la Ventana: El hospital tendr\u00e1 guardias activas durante las 24 horas."}]},{"@type":"WebSite","@id":"https:\/\/www.noticiasradioreflejos.com.ar\/2021\/#website","url":"https:\/\/www.noticiasradioreflejos.com.ar\/2021\/","name":"Noticias Radio Reflejos","description":"Las noticias de mi comarca","potentialAction":[{"@type":"SearchAction","target":{"@type":"EntryPoint","urlTemplate":"https:\/\/www.noticiasradioreflejos.com.ar\/2021\/?s={search_term_string}"},"query-input":{"@type":"PropertyValueSpecification","valueRequired":true,"valueName":"search_term_string"}}],"inLanguage":"es"},{"@type":"Person","@id":"https:\/\/www.noticiasradioreflejos.com.ar\/2021\/#\/schema\/person\/ad82545263dcc5ec0996818884fd5fb1","name":"Arnaldo Botto","image":{"@type":"ImageObject","inLanguage":"es","@id":"https:\/\/www.noticiasradioreflejos.com.ar\/2021\/#\/schema\/person\/image\/","url":"https:\/\/secure.gravatar.com\/avatar\/55cb5e37c1efa326397366e6974cb338056df65cb50e7d64d1cf314e87504837?s=96&d=mm&r=g","contentUrl":"https:\/\/secure.gravatar.com\/avatar\/55cb5e37c1efa326397366e6974cb338056df65cb50e7d64d1cf314e87504837?s=96&d=mm&r=g","caption":"Arnaldo Botto"},"url":"https:\/\/www.noticiasradioreflejos.com.ar\/2021\/author\/arnaldo\/"}]}},"_links":{"self":[{"href":"https:\/\/www.noticiasradioreflejos.com.ar\/2021\/wp-json\/wp\/v2\/posts\/63086","targetHints":{"allow":["GET"]}}],"collection":[{"href":"https:\/\/www.noticiasradioreflejos.com.ar\/2021\/wp-json\/wp\/v2\/posts"}],"about":[{"href":"https:\/\/www.noticiasradioreflejos.com.ar\/2021\/wp-json\/wp\/v2\/types\/post"}],"author":[{"embeddable":true,"href":"https:\/\/www.noticiasradioreflejos.com.ar\/2021\/wp-json\/wp\/v2\/users\/3"}],"replies":[{"embeddable":true,"href":"https:\/\/www.noticiasradioreflejos.com.ar\/2021\/wp-json\/wp\/v2\/comments?post=63086"}],"version-history":[{"count":1,"href":"https:\/\/www.noticiasradioreflejos.com.ar\/2021\/wp-json\/wp\/v2\/posts\/63086\/revisions"}],"predecessor-version":[{"id":63087,"href":"https:\/\/www.noticiasradioreflejos.com.ar\/2021\/wp-json\/wp\/v2\/posts\/63086\/revisions\/63087"}],"wp:featuredmedia":[{"embeddable":true,"href":"https:\/\/www.noticiasradioreflejos.com.ar\/2021\/wp-json\/wp\/v2\/media\/59305"}],"wp:attachment":[{"href":"https:\/\/www.noticiasradioreflejos.com.ar\/2021\/wp-json\/wp\/v2\/media?parent=63086"}],"wp:term":[{"taxonomy":"category","embeddable":true,"href":"https:\/\/www.noticiasradioreflejos.com.ar\/2021\/wp-json\/wp\/v2\/categories?post=63086"},{"taxonomy":"post_tag","embeddable":true,"href":"https:\/\/www.noticiasradioreflejos.com.ar\/2021\/wp-json\/wp\/v2\/tags?post=63086"}],"curies":[{"name":"wp","href":"https:\/\/api.w.org\/{rel}","templated":true}]}}