{"id":63084,"date":"2021-09-28T00:18:03","date_gmt":"2021-09-28T00:18:03","guid":{"rendered":"http:\/\/www.noticiasradioreflejos.com.ar\/2021\/?p=63084"},"modified":"2021-09-28T00:18:03","modified_gmt":"2021-09-28T00:18:03","slug":"saldungaray-desarrollo-variadas-actividades-para-celebrar-el-dia-internacional-del-turismo","status":"publish","type":"post","link":"https:\/\/www.noticiasradioreflejos.com.ar\/2021\/saldungaray-desarrollo-variadas-actividades-para-celebrar-el-dia-internacional-del-turismo\/","title":{"rendered":"Saldungaray desarroll\u00f3 variadas actividades para celebrar el Dia Internacional del Turismo"},"content":{"rendered":"<p>Guiadas en el Fort\u00edn Pav\u00f3n, caminatas en el sendero del Sauce Grande, feria de artesanos con\u00a0 m\u00fasica, muestras y exposiciones fueron las actividades desarrolladas hoy, en el D\u00eda Internacional del Turismo en Saldungaray, desde donde\u00a0 cubrimos la celebraci\u00f3n organizada por la Secretar\u00eda de Turismo y ATUCOS.<!--more--><br \/>\n<a title=\"Saldungaray dia del turismo (3)\" href=\"https:\/\/www.flickr.com\/photos\/182279889@N02\/51525746358\/in\/dateposted-public\/\" data-flickr-embed=\"true\"><img loading=\"lazy\" decoding=\"async\" src=\"https:\/\/live.staticflickr.com\/65535\/51525746358_aafce82768_c.jpg\" alt=\"Saldungaray dia del turismo (3)\" width=\"800\" height=\"450\" \/><\/a><script async src=\"\/\/embedr.flickr.com\/assets\/client-code.js\" charset=\"utf-8\"><\/script><br \/>\n\u00abYa hay muchos turistas disfrutando de la guiada en el Fort\u00edn Pav\u00f3n, actividad que comenz\u00f3 a las 10 y que se va a estar extendiendo hasta horas de la tarde\u00bb contextualiz\u00f3 Rodrigo Sgammini, quien posteriormente entrevist\u00f3 a Gustavo Sandobal.<\/p>\n<p>\u00abLa asociaci\u00f3n viene trabajando desde hace mucho tiempo y en conjunto. Esta es una iniciativa que tomamos en conjunto hace m\u00e1s o menos 15 d\u00edas para festejar el D\u00eda Internacional del Turismo\u00bb comparti\u00f3 el Secretario de Turismo.<\/p>\n<p><a title=\"Saldungaray dia del turismo (1)\" href=\"https:\/\/www.flickr.com\/photos\/182279889@N02\/51526427445\/in\/dateposted-public\/\" data-flickr-embed=\"true\"><img loading=\"lazy\" decoding=\"async\" src=\"https:\/\/live.staticflickr.com\/65535\/51526427445_6613815b6a_c.jpg\" alt=\"Saldungaray dia del turismo (1)\" width=\"800\" height=\"370\" \/><\/a><script async src=\"\/\/embedr.flickr.com\/assets\/client-code.js\" charset=\"utf-8\"><\/script><\/p>\n<p>Rodrigo le pregunt\u00f3 a Gustavo cu\u00e1l es el lugar que ocupa Saldungaray dentro de la gesti\u00f3n de la Secretar\u00eda. \u00abSaldungaray es uno de los lugares que tiene much\u00edsimos atractivos, estamos relevando y para nosotros es muy importante. La idea es poder visualizar la Comarca en su conjunto. Saldungaray tiene un potencial tur\u00edstico y le queremos dar una impronta muy fuerte\u00bb.<\/p>\n<p><a title=\"Saldungaray DIT (2)\" href=\"https:\/\/www.flickr.com\/photos\/182279889@N02\/51526427395\/in\/dateposted-public\/\" data-flickr-embed=\"true\"><img loading=\"lazy\" decoding=\"async\" src=\"https:\/\/live.staticflickr.com\/65535\/51526427395_66e424049b_c.jpg\" alt=\"Saldungaray DIT (2)\" width=\"800\" height=\"370\" \/><\/a><script async src=\"\/\/embedr.flickr.com\/assets\/client-code.js\" charset=\"utf-8\"><\/script><\/p>\n<p>\u00abLa idea es que podamos hacer una vez al mes o cada 45 d\u00edas, durante los 12 meses, que la gente del partido pueda disfrutar de estos atractivos. No solamente para ver como est\u00e1n los predios sino tambi\u00e9n, para conocer la historia\u00bb present\u00f3 Gustavo una de las ideas que se est\u00e1n trabajando.<\/p>\n<p>Nota completa a continuaci\u00f3n:<br \/>\n<iframe loading=\"lazy\" src=\"https:\/\/w.soundcloud.com\/player\/?url=https%3A\/\/api.soundcloud.com\/tracks\/1131897199&amp;color=%23ff5500&amp;auto_play=false&amp;hide_related=false&amp;show_comments=true&amp;show_user=true&amp;show_reposts=false&amp;show_teaser=true\" width=\"100%\" height=\"166\" frameborder=\"no\" scrolling=\"no\"><\/iframe><\/p>\n<div style=\"font-size: 10px; color: #cccccc; line-break: anywhere; word-break: normal; overflow: hidden; white-space: nowrap; text-overflow: ellipsis; font-family: Interstate,Lucida Grande,Lucida Sans Unicode,Lucida Sans,Garuda,Verdana,Tahoma,sans-serif; font-weight: 100;\"><a style=\"color: #cccccc; text-decoration: none;\" title=\"fmreflejos 103.7\" href=\"https:\/\/soundcloud.com\/fmreflejos-103-7\" target=\"_blank\" rel=\"noopener\">fmreflejos 103.7<\/a> \u00b7 <a style=\"color: #cccccc; text-decoration: none;\" title=\"D\u00eca Internacional del Turismo desde el Fort\u00ecn Pav\u00f2n\" href=\"https:\/\/soundcloud.com\/fmreflejos-103-7\/dia-internacional-del-turismo-desde-el-fortin-pavon\" target=\"_blank\" rel=\"noopener\">D\u00eca Internacional del Turismo desde el Fort\u00ecn Pav\u00f2n<\/a><\/div>\n<p><a title=\"Saldungaray DIT (3)\" href=\"https:\/\/www.flickr.com\/photos\/182279889@N02\/51526227474\/in\/dateposted-public\/\" data-flickr-embed=\"true\"><img loading=\"lazy\" decoding=\"async\" src=\"https:\/\/live.staticflickr.com\/65535\/51526227474_7fbf031841_c.jpg\" alt=\"Saldungaray DIT (3)\" width=\"800\" height=\"599\" \/><\/a><script async src=\"\/\/embedr.flickr.com\/assets\/client-code.js\" charset=\"utf-8\"><\/script><\/p>\n<p><a title=\"Saldungaray dia del turismo (2)\" href=\"https:\/\/www.flickr.com\/photos\/182279889@N02\/51524703687\/in\/dateposted-public\/\" data-flickr-embed=\"true\"><img loading=\"lazy\" decoding=\"async\" src=\"https:\/\/live.staticflickr.com\/65535\/51524703687_1cd937e3b0_c.jpg\" alt=\"Saldungaray dia del turismo (2)\" width=\"800\" height=\"369\" \/><\/a><script async src=\"\/\/embedr.flickr.com\/assets\/client-code.js\" charset=\"utf-8\"><\/script><\/p>\n","protected":false},"excerpt":{"rendered":"<p>Guiadas en el Fort\u00edn Pav\u00f3n, caminatas en el sendero del Sauce Grande, feria de artesanos con\u00a0 m\u00fasica, muestras y exposiciones fueron las actividades desarrolladas hoy, en el D\u00eda Internacional del Turismo en Saldungaray, desde donde\u00a0 cubrimos la celebraci\u00f3n organizada por la Secretar\u00eda de Turismo y ATUCOS.<\/p>\n","protected":false},"author":3,"featured_media":63091,"comment_status":"closed","ping_status":"closed","sticky":false,"template":"","format":"standard","meta":{"footnotes":""},"categories":[35,26,33],"tags":[48],"class_list":["post-63084","post","type-post","status-publish","format-standard","has-post-thumbnail","hentry","category-cultura","category-sociedad","category-turismo","tag-destacada"],"yoast_head":"<!-- This site is optimized with the Yoast SEO plugin v25.9 - https:\/\/yoast.com\/wordpress\/plugins\/seo\/ -->\n<title>Saldungaray desarroll\u00f3 variadas actividades para celebrar el Dia Internacional del Turismo - Noticias Radio Reflejos<\/title>\n<meta name=\"robots\" content=\"index, follow, max-snippet:-1, max-image-preview:large, max-video-preview:-1\" \/>\n<link rel=\"canonical\" href=\"https:\/\/www.noticiasradioreflejos.com.ar\/2021\/saldungaray-desarrollo-variadas-actividades-para-celebrar-el-dia-internacional-del-turismo\/\" \/>\n<meta property=\"og:locale\" content=\"es_ES\" \/>\n<meta property=\"og:type\" content=\"article\" \/>\n<meta property=\"og:title\" content=\"Saldungaray desarroll\u00f3 variadas actividades para celebrar el Dia Internacional del Turismo - Noticias Radio Reflejos\" \/>\n<meta property=\"og:description\" content=\"Guiadas en el Fort\u00edn Pav\u00f3n, caminatas en el sendero del Sauce Grande, feria de artesanos con\u00a0 m\u00fasica, muestras y exposiciones fueron las actividades desarrolladas hoy, en el D\u00eda Internacional del Turismo en Saldungaray, desde donde\u00a0 cubrimos la celebraci\u00f3n organizada por la Secretar\u00eda de Turismo y ATUCOS.\" \/>\n<meta property=\"og:url\" content=\"https:\/\/www.noticiasradioreflejos.com.ar\/2021\/saldungaray-desarrollo-variadas-actividades-para-celebrar-el-dia-internacional-del-turismo\/\" \/>\n<meta property=\"og:site_name\" content=\"Noticias Radio Reflejos\" \/>\n<meta property=\"article:published_time\" content=\"2021-09-28T00:18:03+00:00\" \/>\n<meta property=\"og:image\" content=\"https:\/\/www.noticiasradioreflejos.com.ar\/2021\/wp-content\/uploads\/2021\/09\/Saldungaray-DIT-1.jpg\" \/>\n\t<meta property=\"og:image:width\" content=\"1079\" \/>\n\t<meta property=\"og:image:height\" content=\"564\" \/>\n\t<meta property=\"og:image:type\" content=\"image\/jpeg\" \/>\n<meta name=\"author\" content=\"Arnaldo Botto\" \/>\n<meta name=\"twitter:card\" content=\"summary_large_image\" \/>\n<script type=\"application\/ld+json\" class=\"yoast-schema-graph\">{\"@context\":\"https:\/\/schema.org\",\"@graph\":[{\"@type\":\"WebPage\",\"@id\":\"https:\/\/www.noticiasradioreflejos.com.ar\/2021\/saldungaray-desarrollo-variadas-actividades-para-celebrar-el-dia-internacional-del-turismo\/\",\"url\":\"https:\/\/www.noticiasradioreflejos.com.ar\/2021\/saldungaray-desarrollo-variadas-actividades-para-celebrar-el-dia-internacional-del-turismo\/\",\"name\":\"Saldungaray desarroll\u00f3 variadas actividades para celebrar el Dia Internacional del Turismo - Noticias Radio Reflejos\",\"isPartOf\":{\"@id\":\"https:\/\/www.noticiasradioreflejos.com.ar\/2021\/#website\"},\"primaryImageOfPage\":{\"@id\":\"https:\/\/www.noticiasradioreflejos.com.ar\/2021\/saldungaray-desarrollo-variadas-actividades-para-celebrar-el-dia-internacional-del-turismo\/#primaryimage\"},\"image\":{\"@id\":\"https:\/\/www.noticiasradioreflejos.com.ar\/2021\/saldungaray-desarrollo-variadas-actividades-para-celebrar-el-dia-internacional-del-turismo\/#primaryimage\"},\"thumbnailUrl\":\"https:\/\/www.noticiasradioreflejos.com.ar\/2021\/wp-content\/uploads\/2021\/09\/Saldungaray-DIT-1.jpg\",\"datePublished\":\"2021-09-28T00:18:03+00:00\",\"author\":{\"@id\":\"https:\/\/www.noticiasradioreflejos.com.ar\/2021\/#\/schema\/person\/ad82545263dcc5ec0996818884fd5fb1\"},\"breadcrumb\":{\"@id\":\"https:\/\/www.noticiasradioreflejos.com.ar\/2021\/saldungaray-desarrollo-variadas-actividades-para-celebrar-el-dia-internacional-del-turismo\/#breadcrumb\"},\"inLanguage\":\"es\",\"potentialAction\":[{\"@type\":\"ReadAction\",\"target\":[\"https:\/\/www.noticiasradioreflejos.com.ar\/2021\/saldungaray-desarrollo-variadas-actividades-para-celebrar-el-dia-internacional-del-turismo\/\"]}]},{\"@type\":\"ImageObject\",\"inLanguage\":\"es\",\"@id\":\"https:\/\/www.noticiasradioreflejos.com.ar\/2021\/saldungaray-desarrollo-variadas-actividades-para-celebrar-el-dia-internacional-del-turismo\/#primaryimage\",\"url\":\"https:\/\/www.noticiasradioreflejos.com.ar\/2021\/wp-content\/uploads\/2021\/09\/Saldungaray-DIT-1.jpg\",\"contentUrl\":\"https:\/\/www.noticiasradioreflejos.com.ar\/2021\/wp-content\/uploads\/2021\/09\/Saldungaray-DIT-1.jpg\",\"width\":1079,\"height\":564},{\"@type\":\"BreadcrumbList\",\"@id\":\"https:\/\/www.noticiasradioreflejos.com.ar\/2021\/saldungaray-desarrollo-variadas-actividades-para-celebrar-el-dia-internacional-del-turismo\/#breadcrumb\",\"itemListElement\":[{\"@type\":\"ListItem\",\"position\":1,\"name\":\"Portada\",\"item\":\"https:\/\/www.noticiasradioreflejos.com.ar\/2021\/\"},{\"@type\":\"ListItem\",\"position\":2,\"name\":\"Saldungaray desarroll\u00f3 variadas actividades para celebrar el Dia Internacional del Turismo\"}]},{\"@type\":\"WebSite\",\"@id\":\"https:\/\/www.noticiasradioreflejos.com.ar\/2021\/#website\",\"url\":\"https:\/\/www.noticiasradioreflejos.com.ar\/2021\/\",\"name\":\"Noticias Radio Reflejos\",\"description\":\"Las noticias de mi comarca\",\"potentialAction\":[{\"@type\":\"SearchAction\",\"target\":{\"@type\":\"EntryPoint\",\"urlTemplate\":\"https:\/\/www.noticiasradioreflejos.com.ar\/2021\/?s={search_term_string}\"},\"query-input\":{\"@type\":\"PropertyValueSpecification\",\"valueRequired\":true,\"valueName\":\"search_term_string\"}}],\"inLanguage\":\"es\"},{\"@type\":\"Person\",\"@id\":\"https:\/\/www.noticiasradioreflejos.com.ar\/2021\/#\/schema\/person\/ad82545263dcc5ec0996818884fd5fb1\",\"name\":\"Arnaldo Botto\",\"image\":{\"@type\":\"ImageObject\",\"inLanguage\":\"es\",\"@id\":\"https:\/\/www.noticiasradioreflejos.com.ar\/2021\/#\/schema\/person\/image\/\",\"url\":\"https:\/\/secure.gravatar.com\/avatar\/55cb5e37c1efa326397366e6974cb338056df65cb50e7d64d1cf314e87504837?s=96&d=mm&r=g\",\"contentUrl\":\"https:\/\/secure.gravatar.com\/avatar\/55cb5e37c1efa326397366e6974cb338056df65cb50e7d64d1cf314e87504837?s=96&d=mm&r=g\",\"caption\":\"Arnaldo Botto\"},\"url\":\"https:\/\/www.noticiasradioreflejos.com.ar\/2021\/author\/arnaldo\/\"}]}<\/script>\n<!-- \/ Yoast SEO plugin. -->","yoast_head_json":{"title":"Saldungaray desarroll\u00f3 variadas actividades para celebrar el Dia Internacional del Turismo - Noticias Radio Reflejos","robots":{"index":"index","follow":"follow","max-snippet":"max-snippet:-1","max-image-preview":"max-image-preview:large","max-video-preview":"max-video-preview:-1"},"canonical":"https:\/\/www.noticiasradioreflejos.com.ar\/2021\/saldungaray-desarrollo-variadas-actividades-para-celebrar-el-dia-internacional-del-turismo\/","og_locale":"es_ES","og_type":"article","og_title":"Saldungaray desarroll\u00f3 variadas actividades para celebrar el Dia Internacional del Turismo - Noticias Radio Reflejos","og_description":"Guiadas en el Fort\u00edn Pav\u00f3n, caminatas en el sendero del Sauce Grande, feria de artesanos con\u00a0 m\u00fasica, muestras y exposiciones fueron las actividades desarrolladas hoy, en el D\u00eda Internacional del Turismo en Saldungaray, desde donde\u00a0 cubrimos la celebraci\u00f3n organizada por la Secretar\u00eda de Turismo y ATUCOS.","og_url":"https:\/\/www.noticiasradioreflejos.com.ar\/2021\/saldungaray-desarrollo-variadas-actividades-para-celebrar-el-dia-internacional-del-turismo\/","og_site_name":"Noticias Radio Reflejos","article_published_time":"2021-09-28T00:18:03+00:00","og_image":[{"width":1079,"height":564,"url":"https:\/\/www.noticiasradioreflejos.com.ar\/2021\/wp-content\/uploads\/2021\/09\/Saldungaray-DIT-1.jpg","type":"image\/jpeg"}],"author":"Arnaldo Botto","twitter_card":"summary_large_image","schema":{"@context":"https:\/\/schema.org","@graph":[{"@type":"WebPage","@id":"https:\/\/www.noticiasradioreflejos.com.ar\/2021\/saldungaray-desarrollo-variadas-actividades-para-celebrar-el-dia-internacional-del-turismo\/","url":"https:\/\/www.noticiasradioreflejos.com.ar\/2021\/saldungaray-desarrollo-variadas-actividades-para-celebrar-el-dia-internacional-del-turismo\/","name":"Saldungaray desarroll\u00f3 variadas actividades para celebrar el Dia Internacional del Turismo - Noticias Radio Reflejos","isPartOf":{"@id":"https:\/\/www.noticiasradioreflejos.com.ar\/2021\/#website"},"primaryImageOfPage":{"@id":"https:\/\/www.noticiasradioreflejos.com.ar\/2021\/saldungaray-desarrollo-variadas-actividades-para-celebrar-el-dia-internacional-del-turismo\/#primaryimage"},"image":{"@id":"https:\/\/www.noticiasradioreflejos.com.ar\/2021\/saldungaray-desarrollo-variadas-actividades-para-celebrar-el-dia-internacional-del-turismo\/#primaryimage"},"thumbnailUrl":"https:\/\/www.noticiasradioreflejos.com.ar\/2021\/wp-content\/uploads\/2021\/09\/Saldungaray-DIT-1.jpg","datePublished":"2021-09-28T00:18:03+00:00","author":{"@id":"https:\/\/www.noticiasradioreflejos.com.ar\/2021\/#\/schema\/person\/ad82545263dcc5ec0996818884fd5fb1"},"breadcrumb":{"@id":"https:\/\/www.noticiasradioreflejos.com.ar\/2021\/saldungaray-desarrollo-variadas-actividades-para-celebrar-el-dia-internacional-del-turismo\/#breadcrumb"},"inLanguage":"es","potentialAction":[{"@type":"ReadAction","target":["https:\/\/www.noticiasradioreflejos.com.ar\/2021\/saldungaray-desarrollo-variadas-actividades-para-celebrar-el-dia-internacional-del-turismo\/"]}]},{"@type":"ImageObject","inLanguage":"es","@id":"https:\/\/www.noticiasradioreflejos.com.ar\/2021\/saldungaray-desarrollo-variadas-actividades-para-celebrar-el-dia-internacional-del-turismo\/#primaryimage","url":"https:\/\/www.noticiasradioreflejos.com.ar\/2021\/wp-content\/uploads\/2021\/09\/Saldungaray-DIT-1.jpg","contentUrl":"https:\/\/www.noticiasradioreflejos.com.ar\/2021\/wp-content\/uploads\/2021\/09\/Saldungaray-DIT-1.jpg","width":1079,"height":564},{"@type":"BreadcrumbList","@id":"https:\/\/www.noticiasradioreflejos.com.ar\/2021\/saldungaray-desarrollo-variadas-actividades-para-celebrar-el-dia-internacional-del-turismo\/#breadcrumb","itemListElement":[{"@type":"ListItem","position":1,"name":"Portada","item":"https:\/\/www.noticiasradioreflejos.com.ar\/2021\/"},{"@type":"ListItem","position":2,"name":"Saldungaray desarroll\u00f3 variadas actividades para celebrar el Dia Internacional del Turismo"}]},{"@type":"WebSite","@id":"https:\/\/www.noticiasradioreflejos.com.ar\/2021\/#website","url":"https:\/\/www.noticiasradioreflejos.com.ar\/2021\/","name":"Noticias Radio Reflejos","description":"Las noticias de mi comarca","potentialAction":[{"@type":"SearchAction","target":{"@type":"EntryPoint","urlTemplate":"https:\/\/www.noticiasradioreflejos.com.ar\/2021\/?s={search_term_string}"},"query-input":{"@type":"PropertyValueSpecification","valueRequired":true,"valueName":"search_term_string"}}],"inLanguage":"es"},{"@type":"Person","@id":"https:\/\/www.noticiasradioreflejos.com.ar\/2021\/#\/schema\/person\/ad82545263dcc5ec0996818884fd5fb1","name":"Arnaldo Botto","image":{"@type":"ImageObject","inLanguage":"es","@id":"https:\/\/www.noticiasradioreflejos.com.ar\/2021\/#\/schema\/person\/image\/","url":"https:\/\/secure.gravatar.com\/avatar\/55cb5e37c1efa326397366e6974cb338056df65cb50e7d64d1cf314e87504837?s=96&d=mm&r=g","contentUrl":"https:\/\/secure.gravatar.com\/avatar\/55cb5e37c1efa326397366e6974cb338056df65cb50e7d64d1cf314e87504837?s=96&d=mm&r=g","caption":"Arnaldo Botto"},"url":"https:\/\/www.noticiasradioreflejos.com.ar\/2021\/author\/arnaldo\/"}]}},"_links":{"self":[{"href":"https:\/\/www.noticiasradioreflejos.com.ar\/2021\/wp-json\/wp\/v2\/posts\/63084","targetHints":{"allow":["GET"]}}],"collection":[{"href":"https:\/\/www.noticiasradioreflejos.com.ar\/2021\/wp-json\/wp\/v2\/posts"}],"about":[{"href":"https:\/\/www.noticiasradioreflejos.com.ar\/2021\/wp-json\/wp\/v2\/types\/post"}],"author":[{"embeddable":true,"href":"https:\/\/www.noticiasradioreflejos.com.ar\/2021\/wp-json\/wp\/v2\/users\/3"}],"replies":[{"embeddable":true,"href":"https:\/\/www.noticiasradioreflejos.com.ar\/2021\/wp-json\/wp\/v2\/comments?post=63084"}],"version-history":[{"count":2,"href":"https:\/\/www.noticiasradioreflejos.com.ar\/2021\/wp-json\/wp\/v2\/posts\/63084\/revisions"}],"predecessor-version":[{"id":63092,"href":"https:\/\/www.noticiasradioreflejos.com.ar\/2021\/wp-json\/wp\/v2\/posts\/63084\/revisions\/63092"}],"wp:featuredmedia":[{"embeddable":true,"href":"https:\/\/www.noticiasradioreflejos.com.ar\/2021\/wp-json\/wp\/v2\/media\/63091"}],"wp:attachment":[{"href":"https:\/\/www.noticiasradioreflejos.com.ar\/2021\/wp-json\/wp\/v2\/media?parent=63084"}],"wp:term":[{"taxonomy":"category","embeddable":true,"href":"https:\/\/www.noticiasradioreflejos.com.ar\/2021\/wp-json\/wp\/v2\/categories?post=63084"},{"taxonomy":"post_tag","embeddable":true,"href":"https:\/\/www.noticiasradioreflejos.com.ar\/2021\/wp-json\/wp\/v2\/tags?post=63084"}],"curies":[{"name":"wp","href":"https:\/\/api.w.org\/{rel}","templated":true}]}}